{"id":211174,"date":"2018-03-22T09:36:36","date_gmt":"2018-03-22T09:36:36","guid":{"rendered":"https:\/\/www.fundacionyuste.org\/?p=211174"},"modified":"2021-01-21T11:37:45","modified_gmt":"2021-01-21T11:37:45","slug":"fotoextremadura-2015","status":"publish","type":"post","link":"https:\/\/www.fundacionyuste.org\/en\/fotoextremadura-2015\/","title":{"rendered":"FOTOEXTREMADURA 2015"},"content":{"rendered":"<p>[et_pb_section fb_built=&#8221;1&#8243; fullwidth=&#8221;on&#8221; _builder_version=&#8221;3.22&#8243; background_image=&#8221;https:\/\/www.fundacionyuste.org\/wp-content\/uploads\/2018\/03\/seleccion26.jpg&#8221; module_alignment=&#8221;center&#8221; custom_margin=&#8221;-5px|||&#8221; custom_padding=&#8221;10%||10%|&#8221; animation_style=&#8221;fade&#8221; animation_direction=&#8221;top&#8221; animation_duration=&#8221;1700ms&#8221; custom_css_main_element=&#8221;background-size: cover;&#8221;][et_pb_fullwidth_post_title meta=&#8221;off&#8221; featured_image=&#8221;off&#8221; text_color=&#8221;light&#8221; admin_label=&#8221;T\u00cdTULO DE LA EXPOSICI\u00d3N (Autom\u00e1tico)&#8221; _builder_version=&#8221;3.0.85&#8243; title_level=&#8221;h3&#8243; title_font=&#8221;Muli|600||on|||||&#8221; title_text_align=&#8221;center&#8221; title_text_color=&#8221;#ffffff&#8221; title_font_size=&#8221;40px&#8221; custom_margin=&#8221;-6%|||&#8221; animation_style=&#8221;zoom&#8221; animation_duration=&#8221;1650ms&#8221; animation_delay=&#8221;2250ms&#8221; animation_intensity_zoom=&#8221;0%&#8221; custom_css_main_element=&#8221;color:#fff !important;&#8221; title_text_shadow_style=&#8221;preset3&#8243; title_text_shadow_blur_strength=&#8221;0.22em&#8221; title_text_shadow_color=&#8221;rgba(25,25,25,0.4)&#8221;][\/et_pb_fullwidth_post_title][\/et_pb_section][et_pb_section fb_built=&#8221;1&#8243; _builder_version=&#8221;3.22&#8243;][et_pb_row _builder_version=&#8221;3.25&#8243; background_size=&#8221;initial&#8221; background_position=&#8221;top_left&#8221; background_repeat=&#8221;repeat&#8221; custom_padding=&#8221;|10%||10%&#8221;][et_pb_column type=&#8221;4_4&#8243; _builder_version=&#8221;3.25&#8243; custom_padding=&#8221;|||&#8221; custom_padding__hover=&#8221;|||&#8221;][et_pb_text admin_label=&#8221;TEXTO&#8221; _builder_version=&#8221;3.27.4&#8243; text_font=&#8221;Muli||||||||&#8221; header_font=&#8221;Muli||||||||&#8221; header_font_size=&#8221;14px&#8221; header_2_font=&#8221;Muli||||||||&#8221; header_2_font_size=&#8221;25px&#8221; header_4_font=&#8221;Muli||||||||&#8221; header_4_font_size=&#8221;17px&#8221; header_4_line_height=&#8221;1.1em&#8221; text_orientation=&#8221;center&#8221; module_alignment=&#8221;center&#8221; custom_padding=&#8221;|10%||10%&#8221;]&nbsp;<\/p>\n<h4 style=\"text-align: center;\">En esta tercera edici\u00f3n del concurso se pretende promocionar la forma de ver Iberoam\u00e9rica a trav\u00e9s del arte fotogr\u00e1fico y dar a conocer a ambas partes del Oc\u00e9ano a sus artistas y sus miradas sobre el \u00e1mbito cultural que compartimos.\u00a0La tem\u00e1tica de esta edici\u00f3n es \u201cSombras y Contraluz\u201d.<\/h4>\n<p>&nbsp;<\/p>\n<p align=\"justify\">El jurado encargado de seleccionar las obras galardonadas de FotoExtremadura ha estado formado por profesionales de reconocida trayectoria: Ouka Leele, Ceferino L\u00f3pez, Juan Santos y Pedro Bola\u00f1o.<\/p>\n<p align=\"justify\">Aqu\u00ed recogemos toda la documentaci\u00f3n relativa al concurso as\u00ed como las fotograf\u00edas ganadoras finalistas en forma de exposici\u00f3n virtual.\u00a0Las fotograf\u00edas ganadoras son:\u00a0 Dafne absorta, de MIRIAM GARLO, Primer premio;\u00a0Cadenas, de TAMARA WASSAF, Segundo premio;\u00a0Mundos paralelos, de ALBERTO MART\u00cdNEZ LORENZO, Acc\u00e9sit y, Bajo el puente, de URBANO SU\u00c1REZ, Acc\u00e9sit<\/p>\n<p>&nbsp;<br \/>\n[\/et_pb_text][\/et_pb_column][\/et_pb_row][et_pb_row _builder_version=&#8221;3.25&#8243; background_size=&#8221;initial&#8221; background_position=&#8221;top_left&#8221; background_repeat=&#8221;repeat&#8221;][et_pb_column type=&#8221;4_4&#8243; _builder_version=&#8221;3.25&#8243; custom_padding=&#8221;|||&#8221; custom_padding__hover=&#8221;|||&#8221;][et_pb_gallery gallery_ids=&#8221;208991,208993,208994,208995,208996,208997,208998,208999,209000,209001,209002,209003,209004,209005,209006,209007,209008,209009,209010,209011,209012,209013,209014,209015,209016,209017,209018,209019&#8243; show_title_and_caption=&#8221;off&#8221; zoom_icon_color=&#8221;rgba(0,168,255,0)&#8221; hover_overlay_color=&#8221;rgba(255,255,255,0.21)&#8221; admin_label=&#8221;GALER\u00cdA&#8221; _builder_version=&#8221;3.0.85&#8243; title_font=&#8221;Muli||||||||&#8221; title_text_align=&#8221;left&#8221; title_font_size=&#8221;13px&#8221; animation_style=&#8221;fade&#8221; animation_direction=&#8221;bottom&#8221; animation_duration=&#8221;1950ms&#8221; pagination_font_size_tablet=&#8221;51&#8243; pagination_line_height_tablet=&#8221;2&#8243; custom_css_gallery_item=&#8221;border-radius: 0 0 4px 4px!important;&#8221; custom_css_gallery_item_title=&#8221;background: #2b339b!important;border-radius: 0 0 4px 4px!important;padding: 6px 10px!important;color: #fff!important;display: inline!important; margin-top:-6px; margin-left: 6px;&#8221; title_text_shadow_style=&#8221;preset3&#8243; title_text_shadow_vertical_length=&#8221;0.09em&#8221; title_text_shadow_blur_strength=&#8221;0.16em&#8221; title_text_shadow_color=&#8221;rgba(142,142,142,0.4)&#8221; db_image_max_width_tablet=&#8221;51&#8243; db_image_max_height_tablet=&#8221;501&#8243; db_image_row_spacing_tablet=&#8221;51&#8243;][\/et_pb_gallery][\/et_pb_column][\/et_pb_row][\/et_pb_section]<\/p>\n","protected":false},"excerpt":{"rendered":"<p>&nbsp; En esta tercera edici\u00f3n del concurso se pretende promocionar la forma de ver Iberoam\u00e9rica a trav\u00e9s del arte fotogr\u00e1fico y dar a conocer a ambas partes del Oc\u00e9ano a sus artistas y sus miradas sobre el \u00e1mbito cultural que compartimos.\u00a0La tem\u00e1tica de esta edici\u00f3n es \u201cSombras y Contraluz\u201d. &nbsp; El jurado encargado de seleccionar [&hellip;]<\/p>\n","protected":false},"author":1,"featured_media":223075,"comment_status":"closed","ping_status":"closed","sticky":false,"template":"","format":"standard","meta":{"_et_pb_use_builder":"on","_et_pb_old_content":"<p>[et_pb_section bb_built=\"1\" fullwidth=\"on\" _builder_version=\"3.0.85\" background_image=\"https:\/\/www.fundacionyuste.org\/wp-content\/uploads\/2018\/03\/seleccion26.jpg\" module_alignment=\"center\" custom_margin=\"-5px|||\" custom_padding=\"10%||10%|\" animation_style=\"fade\" animation_direction=\"top\" animation_duration=\"1700ms\" custom_css_main_element=\"background-size: cover;\"][et_pb_fullwidth_post_title admin_label=\"T\u00cdTULO DE LA EXPOSICI\u00d3N (Autom\u00e1tico)\" meta=\"off\" featured_image=\"off\" text_color=\"light\" _builder_version=\"3.0.85\" title_level=\"h3\" title_font=\"Muli|600||on|||||\" title_text_align=\"center\" title_font_size=\"40px\" title_text_color=\"#ffffff\" title_text_shadow_style=\"preset3\" title_text_shadow_blur_strength=\"0.22em\" title_text_shadow_color=\"rgba(25,25,25,0.4)\" custom_margin=\"-6%|||\" animation_style=\"zoom\" animation_duration=\"1650ms\" animation_delay=\"2250ms\" animation_intensity_zoom=\"0%\" custom_css_main_element=\"color:#fff !important;\" \/][\/et_pb_section][et_pb_section bb_built=\"1\" _builder_version=\"3.0.47\"][et_pb_row custom_padding=\"|10%||10%\" _builder_version=\"3.0.85\" background_size=\"initial\" background_position=\"top_left\" background_repeat=\"repeat\"][et_pb_column type=\"4_4\"][et_pb_text admin_label=\"TEXTO\" _builder_version=\"3.0.85\" text_font=\"Muli||||||||\" header_font=\"Muli||||||||\" header_font_size=\"14px\" header_2_font=\"Muli||||||||\" header_2_font_size=\"25px\" header_4_font=\"Muli||||||||\" header_4_font_size=\"17px\" header_4_line_height=\"1.1em\" text_orientation=\"center\" module_alignment=\"center\" custom_padding=\"|10%||10%\"]<\/p><p>\u00a0<\/p><h4 style=\"text-align: center;\">En esta tercera edici\u00f3n del concurso se pretende promocionar la forma de ver Iberoam\u00e9rica a trav\u00e9s del arte fotogr\u00e1fico y dar a conocer a ambas partes del Oc\u00e9ano a sus artistas y sus miradas sobre el \u00e1mbito cultural que compartimos.\u00a0La tem\u00e1tica de esta edici\u00f3n es \u201cSombras y Contraluz\u201d.<\/h4><p>\u00a0<\/p><p align=\"justify\">El jurado encargado de seleccionar las obras galardonadas de FotoExtremadura ha estado formado por profesionales de reconocida trayectoria: Ouka Leele, Ceferino L\u00f3pez, Juan Santos y Pedro Bola\u00f1o.<\/p><p align=\"justify\">Aqu\u00ed recogemos toda la documentaci\u00f3n relativa al concurso as\u00ed como las fotograf\u00edas ganadoras finalistas en forma de exposici\u00f3n virtual.\u00a0Las fotograf\u00edas ganadoras son:\u00a0 Dafne absorta, de MIRIAM GARLO, Primer premio;\u00a0Cadenas, de TAMARA WASSAF, Segundo premio;\u00a0Mundos paralelos, de ALBERTO MART\u00cdNEZ LORENZO, Acc\u00e9sit y, Bajo el puente, de URBANO SU\u00c1REZ, Acc\u00e9sit<\/p><p>\u00a0<\/p><p>[\/et_pb_text][\/et_pb_column][\/et_pb_row][et_pb_row _builder_version=\"3.0.47\" background_size=\"initial\" background_position=\"top_left\" background_repeat=\"repeat\"][et_pb_column type=\"4_4\"][et_pb_gallery admin_label=\"GALER\u00cdA\" gallery_ids=\"208991,208993,208994,208995,208996,208997,208998,208999,209000,209001,209002,209003,209004,209005,209006,209007,209008,209009,209010,209011,209012,209013,209014,209015,209016,209017,209018,209019\" posts_number=\"4\" db_image_max_width_tablet=\"51\" db_image_max_height_tablet=\"501\" db_image_row_spacing=\"1px\" db_image_row_spacing_tablet=\"51\" db_image_center_titles=\"left\" db_image_object_fit=\"initial\" show_title_and_caption=\"off\" zoom_icon_color=\"rgba(0,168,255,0)\" hover_overlay_color=\"rgba(255,255,255,0.21)\" _builder_version=\"3.0.85\" title_font=\"Muli||||||||\" title_text_align=\"left\" title_font_size=\"13px\" title_text_shadow_style=\"preset3\" title_text_shadow_vertical_length=\"0.09em\" title_text_shadow_blur_strength=\"0.16em\" title_text_shadow_color=\"rgba(142,142,142,0.4)\" pagination_font_size_tablet=\"51\" pagination_line_height_tablet=\"2\" animation_style=\"fade\" animation_direction=\"bottom\" animation_duration=\"1950ms\" custom_css_gallery_item=\"border-radius: 0 0 4px 4px!important;\" custom_css_gallery_item_title=\"background: #2b339b!important;border-radius: 0 0 4px 4px!important;padding: 6px 10px!important;color: #fff!important;display: inline!important; margin-top:-6px; margin-left: 6px;\" \/][\/et_pb_column][\/et_pb_row][\/et_pb_section]<\/p>","_et_gb_content_width":"","_links_to":"","_links_to_target":""},"categories":[179,186],"tags":[],"_links":{"self":[{"href":"https:\/\/www.fundacionyuste.org\/en\/wp-json\/wp\/v2\/posts\/211174"}],"collection":[{"href":"https:\/\/www.fundacionyuste.org\/en\/wp-json\/wp\/v2\/posts"}],"about":[{"href":"https:\/\/www.fundacionyuste.org\/en\/wp-json\/wp\/v2\/types\/post"}],"author":[{"embeddable":true,"href":"https:\/\/www.fundacionyuste.org\/en\/wp-json\/wp\/v2\/users\/1"}],"replies":[{"embeddable":true,"href":"https:\/\/www.fundacionyuste.org\/en\/wp-json\/wp\/v2\/comments?post=211174"}],"version-history":[{"count":0,"href":"https:\/\/www.fundacionyuste.org\/en\/wp-json\/wp\/v2\/posts\/211174\/revisions"}],"wp:featuredmedia":[{"embeddable":true,"href":"https:\/\/www.fundacionyuste.org\/en\/wp-json\/wp\/v2\/media\/223075"}],"wp:attachment":[{"href":"https:\/\/www.fundacionyuste.org\/en\/wp-json\/wp\/v2\/media?parent=211174"}],"wp:term":[{"taxonomy":"category","embeddable":true,"href":"https:\/\/www.fundacionyuste.org\/en\/wp-json\/wp\/v2\/categories?post=211174"},{"taxonomy":"post_tag","embeddable":true,"href":"https:\/\/www.fundacionyuste.org\/en\/wp-json\/wp\/v2\/tags?post=211174"}],"curies":[{"name":"wp","href":"https:\/\/api.w.org\/{rel}","templated":true}]}}