{"id":211193,"date":"2018-05-04T10:28:31","date_gmt":"2018-05-04T10:28:31","guid":{"rendered":"https:\/\/www.fundacionyuste.org\/?p=211193"},"modified":"2021-02-10T12:16:03","modified_gmt":"2021-02-10T12:16:03","slug":"la-movilidad-internacional-de-los-estudiantes-universitarios-erasmus-y-erasmus-plus","status":"publish","type":"post","link":"https:\/\/www.fundacionyuste.org\/en\/la-movilidad-internacional-de-los-estudiantes-universitarios-erasmus-y-erasmus-plus\/","title":{"rendered":"LA MOVILIDAD INTERNACIONAL  DE LOS ESTUDIANTES UNIVERSITARIOS. ERASMUS Y ERASMUS PLUS"},"content":{"rendered":"<p>[et_pb_section fb_built=&#8221;1&#8243; _builder_version=&#8221;3.22&#8243;][et_pb_row column_structure=&#8221;1_4,3_4&#8243; admin_label=&#8221;ENCABEZADOS&#8221; _builder_version=&#8221;3.25&#8243; background_size=&#8221;initial&#8221; background_position=&#8221;top_left&#8221; background_repeat=&#8221;repeat&#8221;][et_pb_column type=&#8221;1_4&#8243; _builder_version=&#8221;3.0.47&#8243; custom_padding=&#8221;|||&#8221; custom_padding__hover=&#8221;|||&#8221;][et_pb_text admin_label=&#8221;TITULO SECCI\u00d3N&#8221; _builder_version=&#8221;3.27.4&#8243; text_font=&#8221;Muli|600|||||||&#8221; text_text_color=&#8221;#7cda24&#8243; text_font_size=&#8221;33px&#8221; header_font=&#8221;Muli||||||||&#8221; header_font_size=&#8221;1.5rem&#8221; text_orientation=&#8221;right&#8221; module_alignment=&#8221;right&#8221; custom_padding=&#8221;|20px||&#8221; text_text_shadow_style=&#8221;preset3&#8243; text_text_shadow_color=&#8221;rgba(0,0,0,0.28)&#8221; header_text_shadow_style=&#8221;preset3&#8243;]<\/p>\n<h1>PUBLICACIONES<\/h1>\n<p>[\/et_pb_text][\/et_pb_column][et_pb_column type=&#8221;3_4&#8243; _builder_version=&#8221;3.0.47&#8243; custom_padding=&#8221;|||&#8221; custom_padding__hover=&#8221;|||&#8221;][et_pb_text admin_label=&#8221;TITULO COLECCI\u00d3N&#8221; _builder_version=&#8221;3.27.4&#8243; text_font=&#8221;Muli|600|||||||&#8221; text_text_color=&#8221;#7cda24&#8243; text_font_size=&#8221;33px&#8221; header_font_size=&#8221;31px&#8221; header_2_font=&#8221;Muli||||||||&#8221; module_alignment=&#8221;right&#8221; custom_margin=&#8221;5px|||&#8221; custom_padding=&#8221;|20px||&#8221; text_text_shadow_style=&#8221;preset3&#8243; text_text_shadow_color=&#8221;rgba(0,0,0,0.28)&#8221; header_text_shadow_style=&#8221;preset3&#8243;]<\/p>\n<h2>OTRAS PUBLICACIONES<\/h2>\n<p>[\/et_pb_text][\/et_pb_column][\/et_pb_row][et_pb_row column_structure=&#8221;1_4,1_4,1_2&#8243; _builder_version=&#8221;3.25&#8243; background_size=&#8221;initial&#8221; background_position=&#8221;top_left&#8221; background_repeat=&#8221;repeat&#8221;][et_pb_column type=&#8221;1_4&#8243; _builder_version=&#8221;3.0.47&#8243; custom_padding=&#8221;|||&#8221; custom_padding__hover=&#8221;|||&#8221;][et_pb_sidebar area=&#8221;et_pb_widget_area_7&#8243; _builder_version=&#8221;4.8.2&#8243; header_font=&#8221;|700||on|||||&#8221; body_font=&#8221;Muli||||||||&#8221; z_index_tablet=&#8221;500&#8243; header_text_shadow_horizontal_length_tablet=&#8221;0px&#8221; header_text_shadow_vertical_length_tablet=&#8221;0px&#8221; header_text_shadow_blur_strength_tablet=&#8221;1px&#8221; body_text_shadow_horizontal_length_tablet=&#8221;0px&#8221; body_text_shadow_vertical_length_tablet=&#8221;0px&#8221; body_text_shadow_blur_strength_tablet=&#8221;1px&#8221; box_shadow_horizontal_tablet=&#8221;0px&#8221; box_shadow_vertical_tablet=&#8221;0px&#8221; box_shadow_blur_tablet=&#8221;40px&#8221; box_shadow_spread_tablet=&#8221;0px&#8221; text_shadow_horizontal_length_tablet=&#8221;0px&#8221; text_shadow_vertical_length_tablet=&#8221;0px&#8221; text_shadow_blur_strength_tablet=&#8221;1px&#8221;]<\/p>\n<p>\n&nbsp;<\/p>\n<p>[\/et_pb_sidebar][\/et_pb_column][et_pb_column type=&#8221;1_4&#8243; _builder_version=&#8221;3.0.47&#8243; custom_padding=&#8221;|||&#8221; custom_padding__hover=&#8221;|||&#8221;][et_pb_image src=&#8221;https:\/\/www.fundacionyuste.org\/wp-content\/uploads\/2018\/04\/Libro-Sofia-Corradi_P\u00e1gina_001.jpg&#8221; align=&#8221;center&#8221; force_fullwidth=&#8221;on&#8221; align_tablet=&#8221;center&#8221; align_phone=&#8221;&#8221; align_last_edited=&#8221;on|desktop&#8221; _builder_version=&#8221;3.23&#8243; custom_margin=&#8221;0px|0px|0px|0px&#8221; animation_style=&#8221;flip&#8221; animation_direction=&#8221;left&#8221; custom_css_main_element=&#8221;border-radius:4px !important;&#8221; border_width_all=&#8221;0px&#8221; border_color_all=&#8221;#ffffff&#8221; border_style_all=&#8221;solid&#8221; box_shadow_style=&#8221;preset1&#8243; box_shadow_vertical=&#8221;0px&#8221; box_shadow_blur=&#8221;61px&#8221; box_shadow_spread=&#8221;4px&#8221; box_shadow_color=&#8221;rgba(0,0,0,0.15)&#8221; use_border_color=&#8221;on&#8221; border_width=&#8221;0px&#8221; always_center_on_mobile=&#8221;on&#8221;]<\/p>\n<p>\n&nbsp;<\/p>\n<p>[\/et_pb_image][\/et_pb_column][et_pb_column type=&#8221;1_2&#8243; _builder_version=&#8221;3.0.47&#8243; custom_padding=&#8221;|||&#8221; custom_padding__hover=&#8221;|||&#8221;][et_pb_post_title meta=&#8221;off&#8221; featured_image=&#8221;off&#8221; admin_label=&#8221;T\u00cdTULO DE LA P\u00c1GINA (Autom\u00e1tico)&#8221; _builder_version=&#8221;3.0.85&#8243; title_level=&#8221;h2&#8243; title_font=&#8221;Muli|700||on|||||&#8221; title_font_size=&#8221;18px&#8221; title_line_height=&#8221;1.1em&#8221; custom_margin=&#8221;6px|||&#8221;]<\/p>\n<p>\n&nbsp;<\/p>\n<p>[\/et_pb_post_title][et_pb_text _builder_version=&#8221;4.8.2&#8243; text_font=&#8221;Muli||||||||&#8221; header_font_size=&#8221;20px&#8221; header_2_font=&#8221;Muli||||||||&#8221; header_2_font_size=&#8221;22px&#8221; header_3_font=&#8221;Muli||||||||&#8221; header_3_font_size=&#8221;19px&#8221; header_4_font=&#8221;Muli||||||||&#8221; header_4_font_size=&#8221;16px&#8221; header_5_font=&#8221;Muli||||||||&#8221; header_5_font_size=&#8221;15px&#8221;]<\/p>\n<p><strong><b>Author:<\/b><\/strong>\u00a0Sof\u00eda Corradi<br \/><strong>Prologue<\/strong> by Silvia Costa<br \/><strong>Date of publication:<\/strong>\u00a02018<br \/><strong>Editorial:<\/strong>\u00a0European and Ibero-American Academy of Yuste Foundation<br \/><strong>ISBN:<\/strong>\u00a0978-84-948078-2-4<\/p>\n<p>&nbsp;<\/p>\n<p>Erasmus (officially known since 2014 as \u00abErasmus Plus\u00bb) is a large-scale programme created in 1987 by the European Union. Until 2017, thanks to the Erasmus programme, five million students have been able to carry out exchanges during one or two semesters of study abroad in four thousand European higher education institutions, with full recognition of credits obtained abroad as a necessary part of obtaining the diploma in their home institutions. The Erasmus Plus programme also provides for the possibility of granting a certain degree of mobility to teachers, professionals, employers and workers. This will be possible thanks to the fact that in the period 2014-2020 the European Union increased by 45% the budget of the programme, which currently has a total of 15 thousand million euros, approximately the equivalent of almost 16 thousand million US dollars. It also aims to extend the programme to non-EU countries. This book reveals some of the secrets of how Erasmus came about even before it was Erasmus, and gives us clues for the programme to continue to expand in the future. One of the dreams that Sofia Corradi, Mamma Erasmus, confessed to us is that she would like the Programme to become a reality in Ibero-America as well.<\/p>\n<p>[\/et_pb_text][\/et_pb_column][\/et_pb_row][et_pb_row column_structure=&#8221;1_4,3_4&#8243; _builder_version=&#8221;3.25&#8243;][et_pb_column type=&#8221;1_4&#8243; _builder_version=&#8221;3.0.47&#8243; custom_padding=&#8221;|||&#8221; custom_padding__hover=&#8221;|||&#8221;][\/et_pb_column][et_pb_column type=&#8221;3_4&#8243; _builder_version=&#8221;3.0.47&#8243; custom_padding=&#8221;|||&#8221; custom_padding__hover=&#8221;|||&#8221;][et_pb_tabs _builder_version=&#8221;4.8.2&#8243; width=&#8221;90%&#8221; max_width=&#8221;1080px&#8221; hover_enabled=&#8221;0&#8243; sticky_enabled=&#8221;0&#8243;][et_pb_tab title=&#8221;DOWNLOAD PUBLICATION&#8221; _builder_version=&#8221;4.8.2&#8243; body_font=&#8221;||||||||&#8221; tab_font=&#8221;||||||||&#8221; hover_enabled=&#8221;0&#8243; sticky_enabled=&#8221;0&#8243;]<\/p>\n<p><a href=\"https:\/\/www.fundacionyuste.org\/wp-content\/uploads\/2018\/04\/Libro-Sofia-Corradi.pdf\">Download\u00a0 PDF (in spanish)<\/a><\/p>\n<p>[\/et_pb_tab][\/et_pb_tabs][\/et_pb_column][\/et_pb_row][\/et_pb_section]<\/p>\n","protected":false},"excerpt":{"rendered":"<p>PUBLICACIONES OTRAS PUBLICACIONES &nbsp; &nbsp; &nbsp; Author:\u00a0Sof\u00eda CorradiPrologue by Silvia CostaDate of publication:\u00a02018Editorial:\u00a0European and Ibero-American Academy of Yuste FoundationISBN:\u00a0978-84-948078-2-4 &nbsp; Erasmus (officially known since 2014 as \u00abErasmus Plus\u00bb) is a large-scale programme created in 1987 by the European Union. Until 2017, thanks to the Erasmus programme, five million students have been able to carry out [&hellip;]<\/p>\n","protected":false},"author":1,"featured_media":210177,"comment_status":"closed","ping_status":"closed","sticky":false,"template":"","format":"standard","meta":{"_et_pb_use_builder":"on","_et_pb_old_content":"<p>[et_pb_section bb_built=\"1\" _builder_version=\"3.0.47\"][et_pb_row admin_label=\"ENCABEZADOS\" _builder_version=\"3.0.85\" background_size=\"initial\" background_position=\"top_left\" background_repeat=\"repeat\"][et_pb_column type=\"1_4\"][et_pb_text admin_label=\"TITULO SECCI\u00d3N\" _builder_version=\"3.0.85\" text_font=\"Muli|600|||||||\" text_font_size=\"33px\" text_text_color=\"#7cda24\" text_text_shadow_style=\"preset3\" text_text_shadow_color=\"rgba(0,0,0,0.28)\" header_font_size=\"1.5rem\" header_text_shadow_style=\"preset3\" text_orientation=\"right\" module_alignment=\"right\" custom_padding=\"|20px||\" header_font=\"Muli||||||||\" background_layout=\"light\"]<\/p><h1>PUBLICACIONES<\/h1><p>[\/et_pb_text][\/et_pb_column][et_pb_column type=\"3_4\"][et_pb_text admin_label=\"TITULO COLECCI\u00d3N\" _builder_version=\"3.0.85\" text_font=\"Muli|600|||||||\" text_font_size=\"33px\" text_text_color=\"#7cda24\" text_text_shadow_style=\"preset3\" text_text_shadow_color=\"rgba(0,0,0,0.28)\" header_font_size=\"31px\" header_text_shadow_style=\"preset3\" module_alignment=\"right\" custom_padding=\"|20px||\" header_2_font=\"Muli||||||||\" custom_margin=\"5px|||\" background_layout=\"light\"]<\/p><h2>OTRAS PUBLICACIONES<\/h2><p>[\/et_pb_text][\/et_pb_column][\/et_pb_row][et_pb_row _builder_version=\"3.0.47\" background_size=\"initial\" background_position=\"top_left\" background_repeat=\"repeat\"][et_pb_column type=\"1_4\"][et_pb_sidebar area=\"et_pb_widget_area_8\" _builder_version=\"3.0.85\" header_font=\"|700||on|||||\" body_font=\"Muli||||||||\"]<\/p><p>\u00a0<\/p><p>[\/et_pb_sidebar][\/et_pb_column][et_pb_column type=\"1_4\"][et_pb_image src=\"https:\/\/www.fundacionyuste.org\/wp-content\/uploads\/2018\/04\/Libro-Sofia-Corradi_P\u00e1gina_001.jpg\" align=\"center\" _builder_version=\"3.0.85\" use_border_color=\"on\" border_width=\"0px\" custom_margin=\"0px|0px|0px|0px\" animation_style=\"flip\" animation_direction=\"left\" box_shadow_style=\"preset1\" box_shadow_vertical=\"0px\" box_shadow_blur=\"61px\" box_shadow_spread=\"4px\" box_shadow_color=\"rgba(0,0,0,0.15)\" custom_css_main_element=\"border-radius:4px !important;\" force_fullwidth=\"on\" show_in_lightbox=\"off\" url_new_window=\"off\" use_overlay=\"off\" always_center_on_mobile=\"on\" show_bottom_space=\"on\"]<\/p><p>\u00a0<\/p><p>[\/et_pb_image][\/et_pb_column][et_pb_column type=\"1_2\"][et_pb_post_title admin_label=\"T\u00cdTULO DE LA P\u00c1GINA (Autom\u00e1tico)\" meta=\"off\" featured_image=\"off\" _builder_version=\"3.0.85\" title_level=\"h2\" title_font=\"Muli|700||on|||||\" title_font_size=\"18px\" custom_margin=\"6px|||\" title_line_height=\"1.1em\"]<\/p><p>\u00a0<\/p><p>[\/et_pb_post_title][et_pb_text _builder_version=\"3.0.85\" text_font=\"Muli||||||||\" header_font_size=\"20px\" header_2_font=\"Muli||||||||\" header_3_font=\"Muli||||||||\" header_4_font=\"Muli||||||||\" header_4_font_size=\"16px\" header_3_font_size=\"19px\" header_2_font_size=\"22px\" header_5_font=\"Muli||||||||\" header_5_font_size=\"15px\" background_layout=\"light\"]<\/p><p><strong><b>Autora:<\/b><\/strong>\u00a0Sof\u00eda Corradi<br \/> Pr\u00f3logo de Silvia Costa<\/p><p><strong>Fecha de publicaci\u00f3n:<\/strong>\u00a02018<br \/> <strong>Editorial:<\/strong>\u00a0Fundaci\u00f3n Academia Europea e Iberoamericana de Yuste<br \/> <strong>ISBN:<\/strong>\u00a0978-84-948078-2-4<br \/> <strong>Precio: xx<\/strong><\/p><p align=\"justify\">Erasmus (denominado oficialmente desde 2014 como \u00abErasmus Plus\u00bb) es un programa a gran escala creado en 1987 por la Uni\u00f3n Europea. Hasta el a\u00f1o 2017, gracias al programa Erasmus, cinco millones de estudiantes han podido realizar intercambios durante uno o dos semestres de estudio en el extranjero en cuatro mil instituciones europeas de educaci\u00f3n superior, con pleno reconocimiento de los cr\u00e9ditos obtenidos en el extranjero como parte\u00a0necesaria para obtener el t\u00edtulo en sus instituciones de origen. El programa Erasmus Plus tambi\u00e9n contempla la posibilidad de conceder cierto grado de movilidad para profesores, profesionales, empresarios y trabajadores. Esto ser\u00e1 posible gracias a que en el periodo 2014-2020 la Uni\u00f3n Europea aument\u00f3 un 45% el presupuesto del programa, que actualmente cuenta con un total de 15 mil millones de euros, aproximadamente el equivalente a casi 16 millones de d\u00f3lares estadounidenses. Adem\u00e1s, tiene el objetivo de ampliar el programa a pa\u00edses no pertenecientes a la Uni\u00f3n Europea. Este libro nos desvela parte de los secretos de c\u00f3mo se gest\u00f3 Erasmus incluso antes de ser Erasmus, y nos da pistas para que el programa se siga ampliando en el futuro. Uno de los sue\u00f1os que nos confes\u00f3 Sof\u00eda Corradi, Mamma Erasmus, es que le gustar\u00eda que el Programa fuera tambi\u00e9n una realidad en Iberoam\u00e9rica.<\/p><p>[\/et_pb_text][\/et_pb_column][\/et_pb_row][et_pb_row _builder_version=\"3.0.85\"][et_pb_column type=\"1_4\"][\/et_pb_column][et_pb_column type=\"3_4\"][et_pb_tabs _builder_version=\"3.0.85\"] [et_pb_tab _builder_version=\"3.0.85\" title=\"LA AUTORA\" use_background_color_gradient=\"off\" background_color_gradient_start=\"#2b87da\" background_color_gradient_end=\"#29c4a9\" background_color_gradient_type=\"linear\" background_color_gradient_direction=\"180deg\" background_color_gradient_direction_radial=\"center\" background_color_gradient_start_position=\"0%\" background_color_gradient_end_position=\"100%\" parallax=\"off\" parallax_method=\"on\" background_size=\"cover\" background_position=\"center\" background_repeat=\"no-repeat\" background_blend=\"normal\" allow_player_pause=\"off\" tab_font=\"||||||||\" tab_text_shadow_style=\"none\" tab_text_shadow_color=\"rgba(0,0,0,0.4)\" body_font=\"||||||||\" body_text_shadow_style=\"none\" body_text_shadow_color=\"rgba(0,0,0,0.4)\"]<\/p><p align=\"justify\"><strong><a href=\"https:\/\/www.fundacionyuste.org\/wp-content\/uploads\/2018\/04\/Libro-Sofia-Corradi_P\u00e1gina_030.jpg\"><img class=\"wp-image-210178 alignleft\" src=\"https:\/\/www.fundacionyuste.org\/wp-content\/uploads\/2018\/04\/Libro-Sofia-Corradi_P\u00e1gina_030.jpg\" alt=\"\" width=\"185\" height=\"234\" \/><\/a>Sofia Corradi<\/strong> ha sido catedr\u00e1tica de ense\u00f1anza para adultos (lifelong learning) en la Facultad de Educaci\u00f3n y formaci\u00f3n en la Universidad Estatal \u00abRoma Tre\u00bb en Roma, Italia, donde fue directora de su \u00abLaboratorio de Formaci\u00f3n Continua\u00bb y de su \u00abCurso de posgrado en la Teor\u00eda y Praxis de la Formaci\u00f3n Continua (lifelong learning)\u00bb. En 2016 fue galardonada con el Premio Europeo Carlos V, <em>en<\/em> su d\u00e9cima edici\u00f3n, otorgado por la Fundaci\u00f3n Academia Europea e Iberoamericana de Yuste por ser la impulsora, en 1969, del Programa Erasmus de la Uni\u00f3n Europea, lanzado en 1987 y luego ampliado y refinanciado en 2014 como Erasmus Plus.<\/p><p>\u00a0<\/p><p>[\/et_pb_tab][et_pb_tab _builder_version=\"3.0.85\" title=\"DESCARGAR PUBLICACI\u00d3N\" use_background_color_gradient=\"off\" background_color_gradient_start=\"#2b87da\" background_color_gradient_end=\"#29c4a9\" background_color_gradient_type=\"linear\" background_color_gradient_direction=\"180deg\" background_color_gradient_direction_radial=\"center\" background_color_gradient_start_position=\"0%\" background_color_gradient_end_position=\"100%\" parallax=\"off\" parallax_method=\"on\" background_size=\"cover\" background_position=\"center\" background_repeat=\"no-repeat\" background_blend=\"normal\" allow_player_pause=\"off\" tab_font=\"||||||||\" tab_text_shadow_style=\"none\" tab_text_shadow_color=\"rgba(0,0,0,0.4)\" body_font=\"||||||||\" body_text_shadow_style=\"none\" body_text_shadow_color=\"rgba(0,0,0,0.4)\"]<\/p><p><a href=\"https:\/\/www.fundacionyuste.org\/wp-content\/uploads\/2018\/04\/Libro-Sofia-Corradi.pdf\">Descargar PDF<\/a><\/p><p>[\/et_pb_tab] [\/et_pb_tabs][\/et_pb_column][\/et_pb_row][\/et_pb_section]<\/p>","_et_gb_content_width":"","_links_to":"","_links_to_target":""},"categories":[198,192],"tags":[],"_links":{"self":[{"href":"https:\/\/www.fundacionyuste.org\/en\/wp-json\/wp\/v2\/posts\/211193"}],"collection":[{"href":"https:\/\/www.fundacionyuste.org\/en\/wp-json\/wp\/v2\/posts"}],"about":[{"href":"https:\/\/www.fundacionyuste.org\/en\/wp-json\/wp\/v2\/types\/post"}],"author":[{"embeddable":true,"href":"https:\/\/www.fundacionyuste.org\/en\/wp-json\/wp\/v2\/users\/1"}],"replies":[{"embeddable":true,"href":"https:\/\/www.fundacionyuste.org\/en\/wp-json\/wp\/v2\/comments?post=211193"}],"version-history":[{"count":3,"href":"https:\/\/www.fundacionyuste.org\/en\/wp-json\/wp\/v2\/posts\/211193\/revisions"}],"predecessor-version":[{"id":223645,"href":"https:\/\/www.fundacionyuste.org\/en\/wp-json\/wp\/v2\/posts\/211193\/revisions\/223645"}],"wp:featuredmedia":[{"embeddable":true,"href":"https:\/\/www.fundacionyuste.org\/en\/wp-json\/wp\/v2\/media\/210177"}],"wp:attachment":[{"href":"https:\/\/www.fundacionyuste.org\/en\/wp-json\/wp\/v2\/media?parent=211193"}],"wp:term":[{"taxonomy":"category","embeddable":true,"href":"https:\/\/www.fundacionyuste.org\/en\/wp-json\/wp\/v2\/categories?post=211193"},{"taxonomy":"post_tag","embeddable":true,"href":"https:\/\/www.fundacionyuste.org\/en\/wp-json\/wp\/v2\/tags?post=211193"}],"curies":[{"name":"wp","href":"https:\/\/api.w.org\/{rel}","templated":true}]}}