{"id":211226,"date":"2018-05-07T15:56:10","date_gmt":"2018-05-07T15:56:10","guid":{"rendered":"https:\/\/www.fundacionyuste.org\/?p=211226"},"modified":"2018-05-22T12:08:27","modified_gmt":"2018-05-22T12:08:27","slug":"king-felipe-vi","status":"publish","type":"post","link":"https:\/\/www.fundacionyuste.org\/en\/king-felipe-vi\/","title":{"rendered":"King Felipe VI presides over the Carlos V European Award ceremony. This prize is granted to the President of the European Parliament, Antonio Tajani, by the European and Ibero-American Academy of Yuste Foundation"},"content":{"rendered":"<p>[et_pb_section bb_built=&#8221;1&#8243; _builder_version=&#8221;3.0.47&#8243;][et_pb_row admin_label=&#8221;ENCABEZADOS&#8221; _builder_version=&#8221;3.0.85&#8243; background_size=&#8221;initial&#8221; background_position=&#8221;top_left&#8221; background_repeat=&#8221;repeat&#8221;][et_pb_column type=&#8221;1_4&#8243;][et_pb_text admin_label=&#8221;TITULO SECCI\u00d3N&#8221; _builder_version=&#8221;3.0.85&#8243; text_font=&#8221;Muli|600|||||||&#8221; text_font_size=&#8221;33px&#8221; text_text_color=&#8221;#7cda24&#8243; text_text_shadow_style=&#8221;preset3&#8243; text_text_shadow_color=&#8221;rgba(0,0,0,0.28)&#8221; header_font=&#8221;Muli||||||||&#8221; header_font_size=&#8221;31px&#8221; header_text_shadow_style=&#8221;preset3&#8243; text_orientation=&#8221;right&#8221; module_alignment=&#8221;right&#8221; custom_padding=&#8221;|20px||&#8221;]<\/p>\n<h1>COMUNICACI\u00d3N<\/h1>\n<p>[\/et_pb_text][\/et_pb_column][et_pb_column type=&#8221;3_4&#8243;][et_pb_post_title admin_label=&#8221;T\u00cdTULO DE LA NOTICIA (Autom\u00e1tico)&#8221; meta=&#8221;off&#8221; featured_image=&#8221;off&#8221; _builder_version=&#8221;3.0.85&#8243; title_level=&#8221;h2&#8243; title_font=&#8221;Muli|700||on|||||&#8221; title_font_size=&#8221;20px&#8221; custom_margin=&#8221;6px|||&#8221;]<\/p>\n<p>&nbsp;<\/p>\n<p>[\/et_pb_post_title][\/et_pb_column][\/et_pb_row][et_pb_row custom_padding=&#8221;3px|0px|0px|0px&#8221; _builder_version=&#8221;3.0.47&#8243; background_size=&#8221;initial&#8221; background_position=&#8221;top_left&#8221; background_repeat=&#8221;repeat&#8221;][et_pb_column type=&#8221;1_4&#8243;][et_pb_sidebar admin_label=&#8221;MENU LATERAL&#8221; area=&#8221;et_pb_widget_area_7&#8243; _builder_version=&#8221;3.0.85&#8243;]<\/p>\n<p>&nbsp;<\/p>\n<p>[\/et_pb_sidebar][\/et_pb_column][et_pb_column type=&#8221;3_4&#8243;][et_pb_text admin_label=&#8221;CONTENIDO DE LA NOTICIA&#8221; _builder_version=&#8221;3.0.85&#8243; text_font=&#8221;Muli||||||||&#8221; text_text_color=&#8221;#262626&#8243; header_font=&#8221;Muli||||||||&#8221; header_font_size=&#8221;22px&#8221; header_2_font=&#8221;Muli||||||||&#8221; header_3_font=&#8221;Muli||||||||&#8221; header_4_font=&#8221;Muli||||||||&#8221; header_5_font=&#8221;Muli||||||||&#8221; header_6_font=&#8221;Muli||||||||&#8221; text_orientation=&#8221;justified&#8221; custom_margin=&#8221;8px|||&#8221; text_line_height=&#8221;1.4em&#8221; background_layout=&#8221;light&#8221;]<\/p>\n<p><img decoding=\"async\" loading=\"lazy\" class=\"alignleft wp-image-211233 size-medium\" src=\"https:\/\/www.fundacionyuste.org\/wp-content\/uploads\/2018\/05\/RGC6106-300x200.jpg\" alt=\"\" width=\"300\" height=\"200\" srcset=\"https:\/\/www.fundacionyuste.org\/wp-content\/uploads\/2018\/05\/RGC6106-300x200.jpg 300w, https:\/\/www.fundacionyuste.org\/wp-content\/uploads\/2018\/05\/RGC6106-768x511.jpg 768w, https:\/\/www.fundacionyuste.org\/wp-content\/uploads\/2018\/05\/RGC6106-1024x681.jpg 1024w, https:\/\/www.fundacionyuste.org\/wp-content\/uploads\/2018\/05\/RGC6106-1080x719.jpg 1080w\" sizes=\"(max-width: 300px) 100vw, 300px\" \/><\/p>\n<p align=\"justify\">His Majesty the King will preside over the Carlos V European Award ceremony on the 9<sup>th<\/sup> of May, coinciding with Europe Day, at the Royal Monastery of Yuste, in Cuacos de Yuste. This award is granted by the European and Ibero-American Academy of Yuste Foundation to the President of the European Parliament, Antonio Tajani.<\/p>\n<p align=\"justify\">Among other personalities, the ceremony will be attended by the Ibero-American Secretary General, Rebeca Grynspan; the Foreign Minister, Alfonso Mar\u00eda Dastis Quecedo; the Minister of Education, Culture and Sport, I\u00f1igo M\u00e9ndez de Vigo y Montojo; the Minister do Mar of the Government of Portugal, Ana Paula Vitorino and Carlos V Award winners of previous editions, such as Felipe Gonz\u00e1lez, Jorge Sampaio, Sofia Corradi and Marcelino Oreja. The President of the Regional Government of Extremadura, Guillermo Fern\u00e1ndez Vara, and the former President of the European Parliament, Jos\u00e9 Mar\u00eda Gil-Robles, will also attend the event.<\/p>\n<p align=\"justify\">Fifteen ambassadors from European and Ibero-American countries: Poland, Ireland, Slovenia, Latvia, Estonia, United Kingdom, Finland, Brazil, Peru, Costa Rica, Italy, Luxembourg, Hungary, Germany and Portugal, as well as other members of the European and Ibero-American Academy of Yuste, such as Juan Carlos Rodr\u00edguez Ibarra and Manuela Mendo\u00e7a, will attend the ceremony.<\/p>\n<p align=\"justify\">The European and Ibero-American Academy of Yuste Foundation established the Carlos V European Award in order to reward the work of people, organisations, projects or initiatives that have contributed to the enhancement of Europe\u2019s cultural, social, scientific and historical values with their effort and commitment as well as to the process of European construction and integration. This prize represents the spirit of the construction of a united Europe and its delivery coincides with the commemoration of Europe Day; this is thus an opportunity to assert the values of a united, solidary and committed Europe from Extremadura.<\/p>\n<p align=\"justify\">The jury has wanted to give acknowledgement to a political career that spans a period of almost 25 years dedicated to the European Union and its institutions as guarantors of peace, democracy, human rights, equality, solidarity and the values it represents. The jury has also highlighted that in the different posts that Antonio Tajani has held in the European Parliament and in the European Commission, he has worked in favour of a more competitive Europe that guarantees an effective model of sustainable and strategic growth.<\/p>\n<p align=\"justify\">The Carlos V European Award winners up until now have been Jacques Delors (1995), Felipe Gonz\u00e1lez (2000), Mijail Gorbachov (2002), Jorge Sampaio (2004), Helmut Kohl (2006), Simone Veil (2008), Javier Solana (2010), Jos\u00e9 Manuel Durao Barroso (2013), Sofia Corradi (2016) and Marcelino Oreja (2017).<\/p>\n<p align=\"justify\">Twelve previous editions confirm that the Carlos V European Award has a consolidated and contrasted history that reaffirms Extremadura\u00b4s commitment in favour of the process of European construction and the values it promotes, highlighting the importance of such initiatives which originate from the civil society in favour of the union and collaboration of Europe\u2019s people.<\/p>\n<p align=\"justify\">The 12<sup>th<\/sup> Carlos V European Award is the first called by the European and Ibero-American Academy of Yuste Foundation, an entity that originated from the merger between the European Academy of Yuste Foundation and the Extremaduran Centre for Studies and Cooperation with Ibero-America (CEXECI) and whose Presidency of Honour has been accepted by His Majesty the King.<\/p>\n<p align=\"justify\">The ceremony of the 12<sup>th<\/sup> Carlos V European Award is supported by National Heritage and the Regional Government of Extremadura; it is sponsored by Extremadura Avante through its brand Alimentos de Extremadura and Canal Extremadura, and counts with the collaboration of Bodegas Ru\u00edz Torres, Iberdrola and Telef\u00f3nica.<\/p>\n<p><strong><em>Investiture of Rebeca Grynspan as academic of Yuste<\/em><\/strong><\/p>\n<p align=\"justify\">The Ibero-American Secretary General, Rebeca Grynspan, will also become a member of the European and Ibero-American Academy of Yuste during the Carlos V European Award solemn ceremony, which will be presided over by His Majesty the King, who will deliver the medal to her.<\/p>\n<p align=\"justify\">Grynspan, who will hold the Gabriela Mistral Chair, is the first personality from Ibero-America that will become part of the European and Ibero-American Academy of Yuste, thus becoming the ninth academic female of Yuste. This investiture symbolises the conjunction of the Europeanist and Ibero-American vocation of the European and Ibero-American Academy of Yuste Foundation.<\/p>\n<p><strong><em>Live Broadcast<\/em><\/strong><\/p>\n<p align=\"justify\">The Carlos V European Award ceremony will be broadcast live by Canal Extremadura TV, Canal 24 horas of RTVE and by Radio 5 of RNE.<\/p>\n<p>&nbsp;<\/p>\n<p>[\/et_pb_text][et_pb_post_nav admin_label=&#8221;\u2190 NAVEGACION POR NOTICIAS \u2192&#8221; in_same_term=&#8221;on&#8221; prev_text=&#8221;VER NOTICIA ANTERIOR&#8221; next_text=&#8221;VER NOTICIA SIGUIENTE&#8221; _builder_version=&#8221;3.0.85&#8243; custom_margin=&#8221;||3%|&#8221;]<\/p>\n<p>&nbsp;<\/p>\n<p>[\/et_pb_post_nav][\/et_pb_column][\/et_pb_row][\/et_pb_section]<\/p>\n","protected":false},"excerpt":{"rendered":"<p>Cuacos de Yuste, 9 de mayo<\/p>\n<p>His Majesty the King will preside over the Carlos V European Award ceremony on the 9<sup>th<\/sup> of May, coinciding with Europe Day, at the Royal Monastery of Yuste, in Cuacos de Yuste. This award is granted by the European and Ibero-American Academy of Yuste Foundation to the President of the European Parliament, Antonio Tajani.<\/p>\n","protected":false},"author":3,"featured_media":211233,"comment_status":"closed","ping_status":"closed","sticky":false,"template":"","format":"standard","meta":{"_et_pb_use_builder":"on","_et_pb_old_content":"","_et_gb_content_width":"","_links_to":"","_links_to_target":""},"categories":[190,16],"tags":[139],"_links":{"self":[{"href":"https:\/\/www.fundacionyuste.org\/en\/wp-json\/wp\/v2\/posts\/211226"}],"collection":[{"href":"https:\/\/www.fundacionyuste.org\/en\/wp-json\/wp\/v2\/posts"}],"about":[{"href":"https:\/\/www.fundacionyuste.org\/en\/wp-json\/wp\/v2\/types\/post"}],"author":[{"embeddable":true,"href":"https:\/\/www.fundacionyuste.org\/en\/wp-json\/wp\/v2\/users\/3"}],"replies":[{"embeddable":true,"href":"https:\/\/www.fundacionyuste.org\/en\/wp-json\/wp\/v2\/comments?post=211226"}],"version-history":[{"count":0,"href":"https:\/\/www.fundacionyuste.org\/en\/wp-json\/wp\/v2\/posts\/211226\/revisions"}],"wp:featuredmedia":[{"embeddable":true,"href":"https:\/\/www.fundacionyuste.org\/en\/wp-json\/wp\/v2\/media\/211233"}],"wp:attachment":[{"href":"https:\/\/www.fundacionyuste.org\/en\/wp-json\/wp\/v2\/media?parent=211226"}],"wp:term":[{"taxonomy":"category","embeddable":true,"href":"https:\/\/www.fundacionyuste.org\/en\/wp-json\/wp\/v2\/categories?post=211226"},{"taxonomy":"post_tag","embeddable":true,"href":"https:\/\/www.fundacionyuste.org\/en\/wp-json\/wp\/v2\/tags?post=211226"}],"curies":[{"name":"wp","href":"https:\/\/api.w.org\/{rel}","templated":true}]}}