{"id":211357,"date":"2018-05-15T08:24:10","date_gmt":"2018-05-15T08:24:10","guid":{"rendered":"https:\/\/www.fundacionyuste.org\/?p=211357"},"modified":"2018-05-15T11:33:48","modified_gmt":"2018-05-15T11:33:48","slug":"enrique-v-iglesias-former-ibero-american-secretary-general","status":"publish","type":"post","link":"https:\/\/www.fundacionyuste.org\/en\/enrique-v-iglesias-former-ibero-american-secretary-general\/","title":{"rendered":"ENRIQUE V. IGLESIAS, FORMER IBERO-AMERICAN SECRETARY-GENERAL"},"content":{"rendered":"<p>[et_pb_section bb_built=&#8221;1&#8243; _builder_version=&#8221;3.0.85&#8243;][et_pb_row _builder_version=&#8221;3.0.47&#8243; background_size=&#8221;initial&#8221; background_position=&#8221;top_left&#8221; background_repeat=&#8221;repeat&#8221;][et_pb_column type=&#8221;1_4&#8243;][et_pb_text admin_label=&#8221;TITULO SECCI\u00d3N&#8221; _builder_version=&#8221;3.0.85&#8243; text_font=&#8221;Muli||||||||&#8221; text_orientation=&#8221;right&#8221; module_alignment=&#8221;right&#8221; custom_padding=&#8221;|20px||&#8221;]<\/p>\n<h1>ACTIVIDADES<\/h1>\n<p>[\/et_pb_text][\/et_pb_column][et_pb_column type=&#8221;3_4&#8243;][et_pb_post_title admin_label=&#8221;T\u00cdTULO DE LA ACTIVIDAD (Autom\u00e1tico)&#8221; meta=&#8221;off&#8221; featured_image=&#8221;off&#8221; _builder_version=&#8221;3.0.85&#8243; title_level=&#8221;h2&#8243; title_font=&#8221;Muli|700||on|||||&#8221; title_font_size=&#8221;20px&#8221; custom_padding=&#8221;6px|||&#8221;]<\/p>\n<p>&nbsp;<\/p>\n<p>[\/et_pb_post_title][\/et_pb_column][\/et_pb_row][et_pb_row _builder_version=&#8221;3.0.85&#8243; background_size=&#8221;initial&#8221; background_position=&#8221;top_left&#8221; background_repeat=&#8221;repeat&#8221;][et_pb_column type=&#8221;1_4&#8243;][et_pb_sidebar admin_label=&#8221;MEN\u00da LATERAL&#8221; area=&#8221;et_pb_widget_area_6&#8243; _builder_version=&#8221;3.0.85&#8243; orientation=&#8221;left&#8221; show_border=&#8221;on&#8221; background_layout=&#8221;light&#8221;]<\/p>\n<p>&nbsp;<\/p>\n<p>[\/et_pb_sidebar][\/et_pb_column][et_pb_column type=&#8221;3_4&#8243;][et_pb_text admin_label=&#8221;CONTENIDO DE LA ACTIVIDAD&#8221; _builder_version=&#8221;3.0.85&#8243; text_font=&#8221;Muli||||||||&#8221; text_text_color=&#8221;#262626&#8243; header_font=&#8221;Muli||||||||&#8221; header_font_size=&#8221;22px&#8221; header_2_font=&#8221;Muli||||||||&#8221; header_3_font=&#8221;Muli||||||||&#8221; header_4_font=&#8221;Muli||||||||&#8221; header_5_font=&#8221;Muli||||||||&#8221; header_6_font=&#8221;Muli||||||||&#8221; background_layout=&#8221;light&#8221;]<\/p>\n<p><b><span lang=\"EN-GB\">16th March, 2018. Faculty of Economic and Business Sciences (Badajoz)<\/span><\/b><\/p>\n<p><a  href=\"https:\/\/www.fundacionyuste.org\/wp-content\/uploads\/2018\/03\/iglesias-1.jpeg\" data-rel=\"lightbox-gallery-1\" data-rl_title=\"\" data-rl_caption=\"\" title=\"\"><img decoding=\"async\" loading=\"lazy\" class=\"wp-image-208683 alignleft\" src=\"https:\/\/www.fundacionyuste.org\/wp-content\/uploads\/2018\/03\/iglesias-1.jpeg\" alt=\"\" width=\"277\" height=\"208\" srcset=\"https:\/\/www.fundacionyuste.org\/wp-content\/uploads\/2018\/03\/iglesias-1.jpeg 1600w, https:\/\/www.fundacionyuste.org\/wp-content\/uploads\/2018\/03\/iglesias-1-300x225.jpeg 300w, https:\/\/www.fundacionyuste.org\/wp-content\/uploads\/2018\/03\/iglesias-1-768x576.jpeg 768w, https:\/\/www.fundacionyuste.org\/wp-content\/uploads\/2018\/03\/iglesias-1-1024x768.jpeg 1024w, https:\/\/www.fundacionyuste.org\/wp-content\/uploads\/2018\/03\/iglesias-1-1080x810.jpeg 1080w\" sizes=\"(max-width: 277px) 100vw, 277px\" \/><\/a><\/p>\n<h3><b><span lang=\"EN-GB\">CONFERENCE \u201cTHE CHALLENGES OF A CHANGE IN TIME\u201d<\/span><\/b><\/h3>\n<p style=\"font-weight: 400;\"><strong>AN OVERVIEW OF THE CONFERENCE<\/strong><\/p>\n<p align=\"justify\">The conference dealt with the changes in the international juncture and its demands on what to do as well as with national and international policies, and Enrique V. Iglesias has defined the concept of \u201cPax Americana\u201d as the period after Second World War until present time under the Unites States\u2019 geopolitical hegemony.<\/p>\n<p align=\"justify\">This, he assured, has given way to one of humanity\u2019s brightest periods, where an increase in population, a growing life expectancy and an unparalleled democratic and social development at global level has been achieved. He states, however, that there are current forces that are eroding this \u201cPax Americana\u201d so that it may possibly come to an end and thus lead us to a new time for humanity.<\/p>\n<p align=\"justify\">He has pruned down these forces to several factors as the emergence of a new middle class whose expectations are frustrated; the transfer of geopolitical power from West to East; the decline of the United States as a world power in favour of China and the crisis of representative democracy may be.<\/p>\n<p align=\"justify\">In order to face this new time of uncertainty, he has stressed the key role of Education, Equality and Politics as a guarantee to progress in a globalised society.<\/p>\n<p>&nbsp;<\/p>\n<p>[\/et_pb_text][et_pb_tabs admin_label=&#8221;CONTENIDO EN PESTA\u00d1AS &#8221; active_tab_background_color=&#8221;#368e00&#8243; inactive_tab_background_color=&#8221;#e09900&#8243; _builder_version=&#8221;3.0.85&#8243; tab_font=&#8221;Muli|600||on|||||&#8221; custom_margin=&#8221;||40px|&#8221;]<\/p>\n<p>[et_pb_tab _builder_version=&#8221;3.0.85&#8243; title=&#8221;ENRIQUE V. IGLESIAS&#8221; use_background_color_gradient=&#8221;off&#8221; background_color_gradient_start=&#8221;#2b87da&#8221; background_color_gradient_end=&#8221;#29c4a9&#8243; background_color_gradient_type=&#8221;linear&#8221; background_color_gradient_direction=&#8221;180deg&#8221; background_color_gradient_direction_radial=&#8221;center&#8221; background_color_gradient_start_position=&#8221;0%&#8221; background_color_gradient_end_position=&#8221;100%&#8221; parallax=&#8221;off&#8221; parallax_method=&#8221;on&#8221; background_size=&#8221;cover&#8221; background_position=&#8221;center&#8221; background_repeat=&#8221;no-repeat&#8221; background_blend=&#8221;normal&#8221; allow_player_pause=&#8221;off&#8221; tab_font=&#8221;||||||||&#8221; tab_text_shadow_style=&#8221;none&#8221; tab_text_shadow_color=&#8221;rgba(0,0,0,0.4)&#8221; body_font=&#8221;||||||||&#8221; body_text_shadow_style=&#8221;none&#8221; body_text_shadow_color=&#8221;rgba(0,0,0,0.4)&#8221;]<\/p>\n<p>Enrique Valent\u00edn Iglesias naci\u00f3 en Asturias y tiene nacionalidad uruguaya. Graduado en Econom\u00eda y Administraci\u00f3n por la Universidad de la Rep\u00fablica de Uruguay, realiz\u00f3 estudios superiores de especializaci\u00f3n en Estados Unidos y Francia.<\/p>\n<p align=\"justify\">De 1961 a 1965, Iglesias fue director de la Comisi\u00f3n de Inversiones y Desarrollo (CIDE) que prepar\u00f3 el primer Plan Econ\u00f3mico y Social para Uruguay. En 1967 fue elegido primer presidente del Banco Central del Uruguay (1967-1968).<\/p>\n<p align=\"justify\">Ha sido profesor de Desarrollo Econ\u00f3mico y director del Instituto de Econom\u00eda de la Universidad de la Rep\u00fablica de Uruguay y ha escrito numerosos art\u00edculos, ensayos y libros sobre econom\u00eda latinoamericana y uruguaya, mercados de capital, financiaci\u00f3n externa y multilateralismo.<\/p>\n<p align=\"justify\">De 1972 a 1985, fue secretario ejecutivo de la Comisi\u00f3n Econ\u00f3mica para Am\u00e9rica Latina y el Caribe de las Naciones Unidas (CEPAL) y secretario general de la Conferencia de las Naciones Unidas sobre Fuentes de Energ\u00eda Nuevas y Renovables que tuvo lugar en Nairobi (Kenia) en 1981.<\/p>\n<p align=\"justify\">Fue designado ministro de Relaciones Exteriores de Uruguay (1985-1988) por el nuevo gobierno democr\u00e1tico que surgi\u00f3 despu\u00e9s de varios a\u00f1os de dictadura militar en el pa\u00eds, ejerciendo como presidente de la Reuni\u00f3n Ministerial que diera inicio a la Ronda Uruguay del Acuerdo General sobre Aranceles y Comercio (GATT), en Punta del Este (Uruguay) en 1986, negociaciones que llevaron a la creaci\u00f3n de la Organizaci\u00f3n Mundial del Comercio (OMC), sucesora del GATT.<\/p>\n<p align=\"justify\">Entre 1988 y 2005 fue presidente del Banco Interamericano de Desarrollo (BID), el m\u00e1s antiguo y grande entre los bancos regionales de desarrollo. En 2005 fue designado Secretario General Iberoamericano, cargo de nueva creaci\u00f3n que desempe\u00f1\u00f3 hasta 2014.<\/p>\n<p align=\"justify\">En 2003, el secretario general de las Naciones Unidas, Kofi Annan, le design\u00f3 como miembro del Grupo de Alto Nivel que public\u00f3 el informe \u201cUn mundo m\u00e1s seguro: la responsabilidad que compartimos\u201d, tratando los retos de la paz mundial y la seguridad, as\u00ed como la reforma de las Naciones Unidas. Iglesias fue tambi\u00e9n miembro del Grupo de Alto Nivel de Kofi Annan para la Alianza de Civilizaciones.<\/p>\n<p align=\"justify\">En la actualidad, dirige la C\u00e1tedra de Am\u00e9rica Latina de la Universidad Pontificia de Comillas-ICADE, preside el Consejo Iberoamericano para la Productividad y la Competitividad y es director de la Revista Pensamiento Iberoamericano.<\/p>\n<p align=\"justify\">Enrique Iglesias ha sido investido doctor \u2018honoris causa\u2019 por diez universidades de Am\u00e9rica y Europa, y ha recibido numerosas distinciones y reconocimientos internacionales, entre ellos el Premio Pr\u00edncipe de Asturias; la Gran Cruz de la Orden de Isabel la Cat\u00f3lica o la Legi\u00f3n de Honor de Francia, as\u00ed como las m\u00e1s altas condecoraciones de los pa\u00edses latinoamericanos.<\/p>\n<p>&nbsp;<\/p>\n<p>[\/et_pb_tab][et_pb_tab title=&#8221;NEWS&#8221; _builder_version=&#8221;3.0.85&#8243; tab_font=&#8221;||||||||&#8221; body_font=&#8221;Muli||||||||&#8221; use_background_color_gradient=&#8221;off&#8221; background_color_gradient_start=&#8221;#2b87da&#8221; background_color_gradient_end=&#8221;#29c4a9&#8243; background_color_gradient_type=&#8221;linear&#8221; background_color_gradient_direction=&#8221;180deg&#8221; background_color_gradient_direction_radial=&#8221;center&#8221; background_color_gradient_start_position=&#8221;0%&#8221; background_color_gradient_end_position=&#8221;100%&#8221; parallax=&#8221;off&#8221; parallax_method=&#8221;on&#8221; background_size=&#8221;cover&#8221; background_position=&#8221;center&#8221; background_repeat=&#8221;no-repeat&#8221; background_blend=&#8221;normal&#8221; allow_player_pause=&#8221;off&#8221; tab_text_shadow_style=&#8221;none&#8221; tab_text_shadow_color=&#8221;rgba(0,0,0,0.4)&#8221; body_text_shadow_style=&#8221;none&#8221; body_text_shadow_color=&#8221;rgba(0,0,0,0.4)&#8221;]<\/p>\n<p>&nbsp;<\/p>\n<blockquote class=\"wp-embedded-content\" data-secret=\"swWr9p65AZ\"><p><a href=\"https:\/\/www.fundacionyuste.org\/en\/the-former-ibero-american-secretary-general-of-the-segib-enrique-v-iglesias-analyses-the-changes-in-the-international-juncture-during-a-conference-organized-by-the-foundation\/\">El Ex Secretario General de la SEGIB, Enrique V. Iglesias, analiza los cambios en la coyuntura internacional en una charla organizada por la Fundaci\u00f3n<\/a><\/p><\/blockquote>\n<p><iframe class=\"wp-embedded-content\" sandbox=\"allow-scripts\" security=\"restricted\" style=\"position: absolute; clip: rect(1px, 1px, 1px, 1px);\" title=\"&#8220;El Ex Secretario General de la SEGIB, Enrique V. Iglesias, analiza los cambios en la coyuntura internacional en una charla organizada por la Fundaci\u00f3n&#8221; &#8212; FUNDACI\u00d3N YUSTE\" src=\"https:\/\/www.fundacionyuste.org\/en\/the-former-ibero-american-secretary-general-of-the-segib-enrique-v-iglesias-analyses-the-changes-in-the-international-juncture-during-a-conference-organized-by-the-foundation\/embed\/#?secret=swWr9p65AZ\" data-secret=\"swWr9p65AZ\" width=\"600\" height=\"338\" frameborder=\"0\" marginwidth=\"0\" marginheight=\"0\" scrolling=\"no\"><\/iframe><\/p>\n<p>&nbsp;<\/p>\n<p>&nbsp;<\/p>\n<p>[\/et_pb_tab][et_pb_tab title=&#8221;PHOTOGRAPHS&#8221; _builder_version=&#8221;3.0.85&#8243; tab_font=&#8221;||||||||&#8221; body_font=&#8221;||||||||&#8221; use_background_color_gradient=&#8221;off&#8221; background_color_gradient_start=&#8221;#2b87da&#8221; background_color_gradient_end=&#8221;#29c4a9&#8243; background_color_gradient_type=&#8221;linear&#8221; background_color_gradient_direction=&#8221;180deg&#8221; background_color_gradient_direction_radial=&#8221;center&#8221; background_color_gradient_start_position=&#8221;0%&#8221; background_color_gradient_end_position=&#8221;100%&#8221; parallax=&#8221;off&#8221; parallax_method=&#8221;on&#8221; background_size=&#8221;cover&#8221; background_position=&#8221;center&#8221; background_repeat=&#8221;no-repeat&#8221; background_blend=&#8221;normal&#8221; allow_player_pause=&#8221;off&#8221; tab_text_shadow_style=&#8221;none&#8221; tab_text_shadow_color=&#8221;rgba(0,0,0,0.4)&#8221; body_text_shadow_style=&#8221;none&#8221; body_text_shadow_color=&#8221;rgba(0,0,0,0.4)&#8221;]<\/p>\n<p>&nbsp;<\/p>\n\n\t\t<style type=\"text\/css\">\n\t\t\t#gallery-1 {\n\t\t\t\tmargin: auto;\n\t\t\t}\n\t\t\t#gallery-1 .gallery-item {\n\t\t\t\tfloat: left;\n\t\t\t\tmargin-top: 10px;\n\t\t\t\ttext-align: center;\n\t\t\t\twidth: 25%;\n\t\t\t}\n\t\t\t#gallery-1 img {\n\t\t\t\tborder: 2px solid #cfcfcf;\n\t\t\t}\n\t\t\t#gallery-1 .gallery-caption {\n\t\t\t\tmargin-left: 0;\n\t\t\t}\n\t\t\t\/* see gallery_shortcode() in wp-includes\/media.php *\/\n\t\t<\/style>\n\t\t<div id='gallery-1' class='gallery galleryid-211357 gallery-columns-4 gallery-size-thumbnail'><dl class='gallery-item'>\n\t\t\t<dt class='gallery-icon landscape'>\n\t\t\t\t<a href='https:\/\/www.fundacionyuste.org\/wp-content\/uploads\/2018\/03\/enrique-5-1024x576.jpeg' title=\"\" data-rl_title=\"\" class=\"rl-gallery-link\" data-rl_caption=\"\" data-rel=\"lightbox-gallery-1\"><img width=\"150\" height=\"150\" src=\"https:\/\/www.fundacionyuste.org\/wp-content\/uploads\/2018\/03\/enrique-5-150x150.jpeg\" class=\"attachment-thumbnail size-thumbnail\" alt=\"\" decoding=\"async\" loading=\"lazy\" srcset=\"https:\/\/www.fundacionyuste.org\/wp-content\/uploads\/2018\/03\/enrique-5-150x150.jpeg 150w, https:\/\/www.fundacionyuste.org\/wp-content\/uploads\/2018\/03\/enrique-5-440x440.jpeg 440w\" sizes=\"(max-width: 150px) 100vw, 150px\" \/><\/a>\n\t\t\t<\/dt><\/dl><dl class='gallery-item'>\n\t\t\t<dt class='gallery-icon landscape'>\n\t\t\t\t<a href='https:\/\/www.fundacionyuste.org\/wp-content\/uploads\/2018\/03\/iglesias-1-1-1024x768.jpeg' title=\"\" data-rl_title=\"\" class=\"rl-gallery-link\" data-rl_caption=\"\" data-rel=\"lightbox-gallery-1\"><img width=\"150\" height=\"150\" src=\"https:\/\/www.fundacionyuste.org\/wp-content\/uploads\/2018\/03\/iglesias-1-1-150x150.jpeg\" class=\"attachment-thumbnail size-thumbnail\" alt=\"\" decoding=\"async\" loading=\"lazy\" srcset=\"https:\/\/www.fundacionyuste.org\/wp-content\/uploads\/2018\/03\/iglesias-1-1-150x150.jpeg 150w, https:\/\/www.fundacionyuste.org\/wp-content\/uploads\/2018\/03\/iglesias-1-1-440x440.jpeg 440w\" sizes=\"(max-width: 150px) 100vw, 150px\" \/><\/a>\n\t\t\t<\/dt><\/dl><dl class='gallery-item'>\n\t\t\t<dt class='gallery-icon landscape'>\n\t\t\t\t<a href='https:\/\/www.fundacionyuste.org\/wp-content\/uploads\/2018\/03\/iglesias-2-1024x768.jpeg' title=\"\" data-rl_title=\"\" class=\"rl-gallery-link\" data-rl_caption=\"\" data-rel=\"lightbox-gallery-1\"><img width=\"150\" height=\"150\" src=\"https:\/\/www.fundacionyuste.org\/wp-content\/uploads\/2018\/03\/iglesias-2-150x150.jpeg\" class=\"attachment-thumbnail size-thumbnail\" alt=\"\" decoding=\"async\" loading=\"lazy\" srcset=\"https:\/\/www.fundacionyuste.org\/wp-content\/uploads\/2018\/03\/iglesias-2-150x150.jpeg 150w, https:\/\/www.fundacionyuste.org\/wp-content\/uploads\/2018\/03\/iglesias-2-440x440.jpeg 440w\" sizes=\"(max-width: 150px) 100vw, 150px\" \/><\/a>\n\t\t\t<\/dt><\/dl><dl class='gallery-item'>\n\t\t\t<dt class='gallery-icon landscape'>\n\t\t\t\t<a href='https:\/\/www.fundacionyuste.org\/wp-content\/uploads\/2018\/03\/conferencia-1024x768.jpg' title=\"\" data-rl_title=\"\" class=\"rl-gallery-link\" data-rl_caption=\"\" data-rel=\"lightbox-gallery-1\"><img width=\"150\" height=\"150\" src=\"https:\/\/www.fundacionyuste.org\/wp-content\/uploads\/2018\/03\/conferencia-150x150.jpg\" class=\"attachment-thumbnail size-thumbnail\" alt=\"\" decoding=\"async\" loading=\"lazy\" srcset=\"https:\/\/www.fundacionyuste.org\/wp-content\/uploads\/2018\/03\/conferencia-150x150.jpg 150w, https:\/\/www.fundacionyuste.org\/wp-content\/uploads\/2018\/03\/conferencia-440x440.jpg 440w\" sizes=\"(max-width: 150px) 100vw, 150px\" \/><\/a>\n\t\t\t<\/dt><\/dl><br style=\"clear: both\" \/>\n\t\t<\/div>\n\n<p>&nbsp;<\/p>\n<p>[\/et_pb_tab]<\/p>\n<p>[\/et_pb_tabs][\/et_pb_column][\/et_pb_row][\/et_pb_section]<\/p>\n","protected":false},"excerpt":{"rendered":"<p><b><span lang=\"EN-GB\">16th March, 2018. Faculty of Economic and Business Sciences (Badajoz)<\/span><\/b><\/p>\n","protected":false},"author":1,"featured_media":208675,"comment_status":"closed","ping_status":"closed","sticky":false,"template":"","format":"standard","meta":{"_et_pb_use_builder":"on","_et_pb_old_content":"<p>[et_pb_section bb_built=\"1\" _builder_version=\"3.0.85\"][et_pb_row _builder_version=\"3.0.47\" background_size=\"initial\" background_position=\"top_left\" background_repeat=\"repeat\"][et_pb_column type=\"1_4\"][et_pb_text admin_label=\"TITULO SECCI\u00d3N\" _builder_version=\"3.0.85\" text_font=\"Muli||||||||\" text_orientation=\"right\" module_alignment=\"right\" custom_padding=\"|20px||\"]<\/p><h1>ACTIVIDADES<\/h1><p>[\/et_pb_text][\/et_pb_column][et_pb_column type=\"3_4\"][et_pb_post_title admin_label=\"T\u00cdTULO DE LA ACTIVIDAD (Autom\u00e1tico)\" meta=\"off\" featured_image=\"off\" _builder_version=\"3.0.85\" title_level=\"h2\" title_font=\"Muli|700||on|||||\" title_font_size=\"20px\" custom_padding=\"6px|||\"]<\/p><p>\u00a0<\/p><p>[\/et_pb_post_title][\/et_pb_column][\/et_pb_row][et_pb_row _builder_version=\"3.0.85\" background_size=\"initial\" background_position=\"top_left\" background_repeat=\"repeat\"][et_pb_column type=\"1_4\"][et_pb_sidebar admin_label=\"MEN\u00da LATERAL\" area=\"et_pb_widget_area_6\" _builder_version=\"3.0.85\" orientation=\"left\" show_border=\"on\" background_layout=\"light\"]<\/p><p>\u00a0<\/p><p>[\/et_pb_sidebar][\/et_pb_column][et_pb_column type=\"3_4\"][et_pb_text admin_label=\"CONTENIDO DE LA ACTIVIDAD\" _builder_version=\"3.0.85\" text_font=\"Muli||||||||\" text_text_color=\"#262626\" header_font=\"Muli||||||||\" header_font_size=\"22px\" header_2_font=\"Muli||||||||\" header_3_font=\"Muli||||||||\" header_4_font=\"Muli||||||||\" header_5_font=\"Muli||||||||\" header_6_font=\"Muli||||||||\" background_layout=\"light\"]<\/p><p><strong>Facultad de Ciencias Econ\u00f3micas y Empresariales (Badajoz), 16 de marzo de 2018<\/strong><\/p><p><a href=\"https:\/\/www.fundacionyuste.org\/wp-content\/uploads\/2018\/03\/iglesias-1.jpeg\"><img class=\"wp-image-208683 alignleft\" src=\"https:\/\/www.fundacionyuste.org\/wp-content\/uploads\/2018\/03\/iglesias-1.jpeg\" alt=\"\" width=\"277\" height=\"208\" \/><\/a><\/p><h3>CONFERENCIA \u2018LOS DESAF\u00cdOS DE UN CAMBIO DE \u00c9POCA\u2019.<\/h3><p><strong>SINOPSIS DE LA CONFERENCIA<\/strong><\/p><p align=\"justify\">La exposici\u00f3n ha tratado sobre los cambios en la coyuntura internacional y sus demandas sobre qu\u00e9 hacer y las pol\u00edticas nacionales e internacionales y Enrique Valent\u00edn Iglesias ha definido el concepto de \u2018Pax Americana\u2019 como el periodo que nace despu\u00e9s de la Segunda Guerra Mundial y se extiende hasta ahora, bajo la hegemon\u00eda geopol\u00edtica de los Estados Unidos.<\/p><p align=\"justify\">Esto ha permitido, ha dicho, uno de los per\u00edodos de mayor brillantez de la humanidad a trav\u00e9s de un aumento de la poblaci\u00f3n, de la esperanza de vida y de un desarrollo democr\u00e1tico y social sin parang\u00f3n a nivel global y ha defendido que actualmente existen fuerzas que est\u00e1n erosionando esta \u2018Pax Americana\u2019 con la posibilidad que llegue a su fin y entremos en una nueva \u00e9poca para la humanidad.<\/p><p align=\"justify\">Ha resumido estas fuerzas en varios factores como son el surgimiento de una clase media que ve frustradas sus expectativas; el traslado del poder geopol\u00edtico de Occidente a Oriente; el declive de Estados Unidos como potencia mundial en favor de China y la crisis de la democracia representativa.<\/p><p align=\"justify\">Para afrontar esta nueva \u00e9poca de incertidumbre, ha reivindicado el papel clave de la Educaci\u00f3n, la Igualdad y la Pol\u00edtica como garant\u00eda para el progreso en una sociedad globalizada.<\/p><p>[\/et_pb_text][et_pb_tabs admin_label=\"CONTENIDO EN PESTA\u00d1AS \" active_tab_background_color=\"#368e00\" inactive_tab_background_color=\"#e09900\" _builder_version=\"3.0.85\" tab_font=\"Muli|600||on|||||\" custom_margin=\"||40px|\"] [et_pb_tab _builder_version=\"3.0.85\" title=\"SOBRE ENRIQUE V. IGLESIAS\" use_background_color_gradient=\"off\" background_color_gradient_start=\"#2b87da\" background_color_gradient_end=\"#29c4a9\" background_color_gradient_type=\"linear\" background_color_gradient_direction=\"180deg\" background_color_gradient_direction_radial=\"center\" background_color_gradient_start_position=\"0%\" background_color_gradient_end_position=\"100%\" parallax=\"off\" parallax_method=\"on\" background_size=\"cover\" background_position=\"center\" background_repeat=\"no-repeat\" background_blend=\"normal\" allow_player_pause=\"off\" tab_font=\"||||||||\" tab_text_shadow_style=\"none\" tab_text_shadow_color=\"rgba(0,0,0,0.4)\" body_font=\"||||||||\" body_text_shadow_style=\"none\" body_text_shadow_color=\"rgba(0,0,0,0.4)\"]<\/p><p align=\"justify\">Enrique Valent\u00edn Iglesias naci\u00f3 en Asturias y tiene nacionalidad uruguaya. Graduado en Econom\u00eda y Administraci\u00f3n por la Universidad de la Rep\u00fablica de Uruguay, realiz\u00f3 estudios superiores de especializaci\u00f3n en Estados Unidos y Francia.<\/p><p align=\"justify\">De 1961 a 1965, Iglesias fue director de la Comisi\u00f3n de Inversiones y Desarrollo (CIDE) que prepar\u00f3 el primer Plan Econ\u00f3mico y Social para Uruguay. En 1967 fue elegido primer presidente del Banco Central del Uruguay (1967-1968).<\/p><p align=\"justify\">Ha sido profesor de Desarrollo Econ\u00f3mico y director del Instituto de Econom\u00eda de la Universidad de la Rep\u00fablica de Uruguay y ha escrito numerosos art\u00edculos, ensayos y libros sobre econom\u00eda latinoamericana y uruguaya, mercados de capital, financiaci\u00f3n externa y multilateralismo.<\/p><p align=\"justify\">De 1972 a 1985, fue secretario ejecutivo de la Comisi\u00f3n Econ\u00f3mica para Am\u00e9rica Latina y el Caribe de las Naciones Unidas (CEPAL) y secretario general de la Conferencia de las Naciones Unidas sobre Fuentes de Energ\u00eda Nuevas y Renovables que tuvo lugar en Nairobi (Kenia) en 1981.<\/p><p align=\"justify\">Fue designado ministro de Relaciones Exteriores de Uruguay (1985-1988) por el nuevo gobierno democr\u00e1tico que surgi\u00f3 despu\u00e9s de varios a\u00f1os de dictadura militar en el pa\u00eds, ejerciendo como presidente de la Reuni\u00f3n Ministerial que diera inicio a la Ronda Uruguay del Acuerdo General sobre Aranceles y Comercio (GATT), en Punta del Este (Uruguay) en 1986, negociaciones que llevaron a la creaci\u00f3n de la Organizaci\u00f3n Mundial del Comercio (OMC), sucesora del GATT.<\/p><p align=\"justify\">Entre 1988 y 2005 fue presidente del Banco Interamericano de Desarrollo (BID), el m\u00e1s antiguo y grande entre los bancos regionales de desarrollo. En 2005 fue designado Secretario General Iberoamericano, cargo de nueva creaci\u00f3n que desempe\u00f1\u00f3 hasta 2014.<\/p><p align=\"justify\">En 2003, el secretario general de las Naciones Unidas, Kofi Annan, le design\u00f3 como miembro del Grupo de Alto Nivel que public\u00f3 el informe \u201cUn mundo m\u00e1s seguro: la responsabilidad que compartimos\u201d, tratando los retos de la paz mundial y la seguridad, as\u00ed como la reforma de las Naciones Unidas. Iglesias fue tambi\u00e9n miembro del Grupo de Alto Nivel de Kofi Annan para la Alianza de Civilizaciones.<\/p><p align=\"justify\">En la actualidad, dirige la C\u00e1tedra de Am\u00e9rica Latina de la Universidad Pontificia de Comillas-ICADE, preside el Consejo Iberoamericano para la Productividad y la Competitividad y es director de la Revista Pensamiento Iberoamericano.<\/p><p align=\"justify\">Enrique Iglesias ha sido investido doctor \u2018honoris causa\u2019 por diez universidades de Am\u00e9rica y Europa, y ha recibido numerosas distinciones y reconocimientos internacionales, entre ellos el Premio Pr\u00edncipe de Asturias; la Gran Cruz de la Orden de Isabel la Cat\u00f3lica o la Legi\u00f3n de Honor de Francia, as\u00ed como las m\u00e1s altas condecoraciones de los pa\u00edses latinoamericanos.<\/p><p>[\/et_pb_tab][et_pb_tab title=\"NOTICIAS\" _builder_version=\"3.0.85\" tab_font=\"||||||||\" body_font=\"Muli||||||||\" use_background_color_gradient=\"off\" background_color_gradient_start=\"#2b87da\" background_color_gradient_end=\"#29c4a9\" background_color_gradient_type=\"linear\" background_color_gradient_direction=\"180deg\" background_color_gradient_direction_radial=\"center\" background_color_gradient_start_position=\"0%\" background_color_gradient_end_position=\"100%\" parallax=\"off\" parallax_method=\"on\" background_size=\"cover\" background_position=\"center\" background_repeat=\"no-repeat\" background_blend=\"normal\" allow_player_pause=\"off\" tab_text_shadow_style=\"none\" tab_text_shadow_color=\"rgba(0,0,0,0.4)\" body_text_shadow_style=\"none\" body_text_shadow_color=\"rgba(0,0,0,0.4)\"]<\/p><p>https:\/\/www.fundacionyuste.org\/el-ex-secretario-general-de-la-segib-enrique-v-iglesias-analiza-los-cambios-en-la-coyuntura-internacional-en-una-charla-organizada-por-la-fundacion\/<\/p><p>\u00a0<\/p><p>[\/et_pb_tab][et_pb_tab title=\"FOTOGRAF\u00cdAS\" _builder_version=\"3.0.85\" tab_font=\"||||||||\" body_font=\"||||||||\" use_background_color_gradient=\"off\" background_color_gradient_start=\"#2b87da\" background_color_gradient_end=\"#29c4a9\" background_color_gradient_type=\"linear\" background_color_gradient_direction=\"180deg\" background_color_gradient_direction_radial=\"center\" background_color_gradient_start_position=\"0%\" background_color_gradient_end_position=\"100%\" parallax=\"off\" parallax_method=\"on\" background_size=\"cover\" background_position=\"center\" background_repeat=\"no-repeat\" background_blend=\"normal\" allow_player_pause=\"off\" tab_text_shadow_style=\"none\" tab_text_shadow_color=\"rgba(0,0,0,0.4)\" body_text_shadow_style=\"none\" body_text_shadow_color=\"rgba(0,0,0,0.4)\"]<\/p><p>[gallery columns=\"4\" link=\"file\" ids=\"210136,210137,210138,210141\"]<\/p><p>[\/et_pb_tab] [\/et_pb_tabs][\/et_pb_column][\/et_pb_row][\/et_pb_section]<\/p>","_et_gb_content_width":"","_links_to":"","_links_to_target":""},"categories":[179,180],"tags":[],"_links":{"self":[{"href":"https:\/\/www.fundacionyuste.org\/en\/wp-json\/wp\/v2\/posts\/211357"}],"collection":[{"href":"https:\/\/www.fundacionyuste.org\/en\/wp-json\/wp\/v2\/posts"}],"about":[{"href":"https:\/\/www.fundacionyuste.org\/en\/wp-json\/wp\/v2\/types\/post"}],"author":[{"embeddable":true,"href":"https:\/\/www.fundacionyuste.org\/en\/wp-json\/wp\/v2\/users\/1"}],"replies":[{"embeddable":true,"href":"https:\/\/www.fundacionyuste.org\/en\/wp-json\/wp\/v2\/comments?post=211357"}],"version-history":[{"count":0,"href":"https:\/\/www.fundacionyuste.org\/en\/wp-json\/wp\/v2\/posts\/211357\/revisions"}],"wp:featuredmedia":[{"embeddable":true,"href":"https:\/\/www.fundacionyuste.org\/en\/wp-json\/wp\/v2\/media\/208675"}],"wp:attachment":[{"href":"https:\/\/www.fundacionyuste.org\/en\/wp-json\/wp\/v2\/media?parent=211357"}],"wp:term":[{"taxonomy":"category","embeddable":true,"href":"https:\/\/www.fundacionyuste.org\/en\/wp-json\/wp\/v2\/categories?post=211357"},{"taxonomy":"post_tag","embeddable":true,"href":"https:\/\/www.fundacionyuste.org\/en\/wp-json\/wp\/v2\/tags?post=211357"}],"curies":[{"name":"wp","href":"https:\/\/api.w.org\/{rel}","templated":true}]}}