{"id":211376,"date":"2018-05-15T11:24:34","date_gmt":"2018-05-15T11:24:34","guid":{"rendered":"https:\/\/www.fundacionyuste.org\/?p=211376"},"modified":"2018-05-15T11:30:31","modified_gmt":"2018-05-15T11:30:31","slug":"jose-antonio-sanahuja-perales-phd-in-political-science-by-the-complutense-university-and-master-of-arts-m-a-in-international-relations-by-the-united-nations-university-for-peace","status":"publish","type":"post","link":"https:\/\/www.fundacionyuste.org\/en\/jose-antonio-sanahuja-perales-phd-in-political-science-by-the-complutense-university-and-master-of-arts-m-a-in-international-relations-by-the-united-nations-university-for-peace\/","title":{"rendered":"JOS\u00c9 ANTONIO SANAHUJA PERALES. PHD IN POLITICAL SCIENCE BY THE COMPLUTENSE UNIVERSITY AND MASTER OF ARTS (M.A.) IN INTERNATIONAL RELATIONS BY THE UNITED NATIONS&#8217; UNIVERSITY FOR PEACE"},"content":{"rendered":"<p>[et_pb_section bb_built=&#8221;1&#8243; _builder_version=&#8221;3.0.85&#8243;][et_pb_row _builder_version=&#8221;3.0.47&#8243; background_size=&#8221;initial&#8221; background_position=&#8221;top_left&#8221; background_repeat=&#8221;repeat&#8221;][et_pb_column type=&#8221;1_4&#8243;][et_pb_text admin_label=&#8221;TITULO SECCI\u00d3N&#8221; _builder_version=&#8221;3.0.85&#8243; text_font=&#8221;Muli||||||||&#8221; text_orientation=&#8221;right&#8221; module_alignment=&#8221;right&#8221; custom_padding=&#8221;|20px||&#8221; background_layout=&#8221;light&#8221;]<\/p>\n<h1>ACTIVITIES<\/h1>\n<p>[\/et_pb_text][\/et_pb_column][et_pb_column type=&#8221;3_4&#8243;][et_pb_post_title admin_label=&#8221;T\u00cdTULO DE LA ACTIVIDAD (Autom\u00e1tico)&#8221; meta=&#8221;off&#8221; featured_image=&#8221;off&#8221; _builder_version=&#8221;3.0.85&#8243; title_level=&#8221;h2&#8243; title_font=&#8221;Muli|700||on|||||&#8221; title_font_size=&#8221;20px&#8221; custom_padding=&#8221;6px|||&#8221;]<\/p>\n<p>&nbsp;<\/p>\n<p>[\/et_pb_post_title][\/et_pb_column][\/et_pb_row][et_pb_row _builder_version=&#8221;3.0.85&#8243; background_size=&#8221;initial&#8221; background_position=&#8221;top_left&#8221; background_repeat=&#8221;repeat&#8221;][et_pb_column type=&#8221;1_4&#8243;][et_pb_sidebar admin_label=&#8221;MEN\u00da LATERAL&#8221; area=&#8221;et_pb_widget_area_6&#8243; _builder_version=&#8221;3.0.85&#8243; orientation=&#8221;left&#8221; show_border=&#8221;on&#8221; background_layout=&#8221;light&#8221;]<\/p>\n<p>&nbsp;<\/p>\n<p>[\/et_pb_sidebar][\/et_pb_column][et_pb_column type=&#8221;3_4&#8243;][et_pb_text admin_label=&#8221;CONTENIDO DE LA ACTIVIDAD&#8221; _builder_version=&#8221;3.0.85&#8243; text_font=&#8221;Muli||||||||&#8221; text_text_color=&#8221;#262626&#8243; header_font=&#8221;Muli||||||||&#8221; header_font_size=&#8221;22px&#8221; header_2_font=&#8221;Muli||||||||&#8221; header_3_font=&#8221;Muli||||||||&#8221; header_4_font=&#8221;Muli||||||||&#8221; header_5_font=&#8221;Muli||||||||&#8221; header_6_font=&#8221;Muli||||||||&#8221; background_layout=&#8221;light&#8221;]<\/p>\n<p><strong>Faculty of Business, Finance and Tourism at the 15th\u00a0of March, 2017<\/strong><\/p>\n<p><strong><img decoding=\"async\" loading=\"lazy\" class=\"size-medium wp-image-211097 alignleft\" src=\"https:\/\/www.fundacionyuste.org\/wp-content\/uploads\/2018\/04\/20170315_182652-e1524816068891-300x225.jpg\" alt=\"\" width=\"300\" height=\"225\" srcset=\"https:\/\/www.fundacionyuste.org\/wp-content\/uploads\/2018\/04\/20170315_182652-e1524816068891-300x225.jpg 300w, https:\/\/www.fundacionyuste.org\/wp-content\/uploads\/2018\/04\/20170315_182652-e1524816068891-768x576.jpg 768w, https:\/\/www.fundacionyuste.org\/wp-content\/uploads\/2018\/04\/20170315_182652-e1524816068891-1024x768.jpg 1024w, https:\/\/www.fundacionyuste.org\/wp-content\/uploads\/2018\/04\/20170315_182652-e1524816068891-1080x810.jpg 1080w\" sizes=\"(max-width: 300px) 100vw, 300px\" \/><\/strong><\/p>\n<p style=\"font-weight: 400;\"><strong>Conference: Globalisation crisis? Challenges for the European Union and Ibero-America<\/strong><\/p>\n<p align=\"JUSTIFY\">2015 and 2016 could well be described as \u201cannus horribilis\u201d in terms of systematic stability: terrorist attacks, economic stagnation and recession; a European Union experiencing an existential crisis; the Brexit and the victory of Donald Trump have been described as \u201cblack swans\u201d: atypical events alien to rational expectations and disruptive, with the capacity to change the course of history and the collective experience. In this sense, these \u201cblack swans\u201d would mark a change in time in terms of chance and symbolism as they stand as historical milestones or watersheds. The post-Cold War stage would end with them, giving way to a more uncertain and unpredictable period where certainties of the past stage cannot be taken for granted, whether this be the rapid growth of China, the anchor of globalisation and the liberal internationalism in the American hegemony, the continuity of the European Union or the soundness of the party systems and of the ruling elites of the western world. With its particular characteristics, the signs of a change of cycle may also be seen in Latin America with the end of the commodities\u2019 bonanza and the political change. This conference will attempt to shed light on these factors of change and particularly on the situation Latin America faces before a new scenario of globalisation crisis or of \u201cpost globalisation\u201d.<\/p>\n<p>&nbsp;<\/p>\n<p>[\/et_pb_text][et_pb_tabs admin_label=&#8221;CONTENIDO EN PESTA\u00d1AS &#8221; active_tab_background_color=&#8221;#368e00&#8243; inactive_tab_background_color=&#8221;#e09900&#8243; _builder_version=&#8221;3.0.85&#8243; tab_font=&#8221;Muli|600||on|||||&#8221; custom_margin=&#8221;||40px|&#8221;]<\/p>\n<p>[et_pb_tab _builder_version=&#8221;3.0.85&#8243; title=&#8221;JOS\u00c9 ANTONIO SANAHUJA&#8221; use_background_color_gradient=&#8221;off&#8221; background_color_gradient_start=&#8221;#2b87da&#8221; background_color_gradient_end=&#8221;#29c4a9&#8243; background_color_gradient_type=&#8221;linear&#8221; background_color_gradient_direction=&#8221;180deg&#8221; background_color_gradient_direction_radial=&#8221;center&#8221; background_color_gradient_start_position=&#8221;0%&#8221; background_color_gradient_end_position=&#8221;100%&#8221; parallax=&#8221;off&#8221; parallax_method=&#8221;on&#8221; background_size=&#8221;cover&#8221; background_position=&#8221;center&#8221; background_repeat=&#8221;no-repeat&#8221; background_blend=&#8221;normal&#8221; allow_player_pause=&#8221;off&#8221; tab_font=&#8221;||||||||&#8221; tab_text_shadow_style=&#8221;none&#8221; tab_text_shadow_color=&#8221;rgba(0,0,0,0.4)&#8221; body_font=&#8221;||||||||&#8221; body_text_shadow_style=&#8221;none&#8221; body_text_shadow_color=&#8221;rgba(0,0,0,0.4)&#8221;]<\/p>\n<p align=\"justify\">Doctor en Ciencias Pol\u00edticas por la Universidad Complutense y M.A. en Relaciones Internacionales por la Universidad para la Paz de Naciones Unidas. Profesor Titular de relaciones internacionales de la Universidad Complutense (acreditado Catedr\u00e1tico de Universidad), e investigador del Instituto Complutense de Estudios Internacionales (ICEI), donde dirige el \u00e1rea de Relaciones internacionales, cooperaci\u00f3n al desarrollo y gobernanza global. Ha trabajado para la Agencia Espa\u00f1ola de Cooperaci\u00f3n Internacional para el Desarrollo (AECID) y la Federaci\u00f3n Internacional de Cruz Roja, y ha sido investigador o consultor de la Comisi\u00f3n y el Parlamento Europeo, el PNUD, SEGIB, la Fundaci\u00f3n Carolina, la Fundaci\u00f3n EU-LAC, y distintas ONG. En dos periodos distintos ha sido Vocal Experto del Consejo de Cooperaci\u00f3n al Desarrollo. \u00a0Vicepresidente de la Red Espa\u00f1ola de Estudios de Desarrollo (REEDES), miembro del Comit\u00e9 cient\u00edfico de honor de la Coordinadora Regional de Investigaciones Econ\u00f3micas y Sociales (CRIES), y del Patronato de Oxfam Interm\u00f3n. Cuenta con un largo historial de publicaciones, accesibles en <a href=\"http:\/\/ucm.academia.edu\/Jos\u00e9AntonioSanahuja\">http:\/\/ucm.academia.edu\/Jos\u00e9AntonioSanahuja<\/a><\/p>\n<p>&nbsp;<\/p>\n<p>[\/et_pb_tab][et_pb_tab _builder_version=&#8221;3.0.85&#8243; title=&#8221;PHOTOGRAPHS&#8221; use_background_color_gradient=&#8221;off&#8221; background_color_gradient_start=&#8221;#2b87da&#8221; background_color_gradient_end=&#8221;#29c4a9&#8243; background_color_gradient_type=&#8221;linear&#8221; background_color_gradient_direction=&#8221;180deg&#8221; background_color_gradient_direction_radial=&#8221;center&#8221; background_color_gradient_start_position=&#8221;0%&#8221; background_color_gradient_end_position=&#8221;100%&#8221; parallax=&#8221;off&#8221; parallax_method=&#8221;on&#8221; background_size=&#8221;cover&#8221; background_position=&#8221;center&#8221; background_repeat=&#8221;no-repeat&#8221; background_blend=&#8221;normal&#8221; allow_player_pause=&#8221;off&#8221; tab_font=&#8221;||||||||&#8221; tab_text_shadow_style=&#8221;none&#8221; tab_text_shadow_color=&#8221;rgba(0,0,0,0.4)&#8221; body_font=&#8221;||||||||&#8221; body_text_shadow_style=&#8221;none&#8221; body_text_shadow_color=&#8221;rgba(0,0,0,0.4)&#8221;]<\/p>\n<p>&nbsp;<\/p>\n\n\t\t<style type=\"text\/css\">\n\t\t\t#gallery-1 {\n\t\t\t\tmargin: auto;\n\t\t\t}\n\t\t\t#gallery-1 .gallery-item {\n\t\t\t\tfloat: left;\n\t\t\t\tmargin-top: 10px;\n\t\t\t\ttext-align: center;\n\t\t\t\twidth: 25%;\n\t\t\t}\n\t\t\t#gallery-1 img {\n\t\t\t\tborder: 2px solid #cfcfcf;\n\t\t\t}\n\t\t\t#gallery-1 .gallery-caption {\n\t\t\t\tmargin-left: 0;\n\t\t\t}\n\t\t\t\/* see gallery_shortcode() in wp-includes\/media.php *\/\n\t\t<\/style>\n\t\t<div id='gallery-1' class='gallery galleryid-211376 gallery-columns-4 gallery-size-thumbnail'><dl class='gallery-item'>\n\t\t\t<dt class='gallery-icon landscape'>\n\t\t\t\t<a href='https:\/\/www.fundacionyuste.org\/wp-content\/uploads\/2018\/04\/20170315_182702-e1524816402642-1024x768.jpg' title=\"\" data-rl_title=\"\" class=\"rl-gallery-link\" data-rl_caption=\"\" data-rel=\"lightbox-gallery-1\"><img width=\"150\" height=\"150\" src=\"https:\/\/www.fundacionyuste.org\/wp-content\/uploads\/2018\/04\/20170315_182702-e1524816402642-150x150.jpg\" class=\"attachment-thumbnail size-thumbnail\" alt=\"\" decoding=\"async\" loading=\"lazy\" srcset=\"https:\/\/www.fundacionyuste.org\/wp-content\/uploads\/2018\/04\/20170315_182702-e1524816402642-150x150.jpg 150w, https:\/\/www.fundacionyuste.org\/wp-content\/uploads\/2018\/04\/20170315_182702-e1524816402642-440x440.jpg 440w\" sizes=\"(max-width: 150px) 100vw, 150px\" \/><\/a>\n\t\t\t<\/dt><\/dl><dl class='gallery-item'>\n\t\t\t<dt class='gallery-icon portrait'>\n\t\t\t\t<a href='https:\/\/www.fundacionyuste.org\/wp-content\/uploads\/2018\/04\/20170315_194734-e1524816345489-768x1024.jpg' title=\"\" data-rl_title=\"\" class=\"rl-gallery-link\" data-rl_caption=\"\" data-rel=\"lightbox-gallery-1\"><img width=\"150\" height=\"150\" src=\"https:\/\/www.fundacionyuste.org\/wp-content\/uploads\/2018\/04\/20170315_194734-e1524816345489-150x150.jpg\" class=\"attachment-thumbnail size-thumbnail\" alt=\"\" decoding=\"async\" loading=\"lazy\" srcset=\"https:\/\/www.fundacionyuste.org\/wp-content\/uploads\/2018\/04\/20170315_194734-e1524816345489-150x150.jpg 150w, https:\/\/www.fundacionyuste.org\/wp-content\/uploads\/2018\/04\/20170315_194734-e1524816345489-440x440.jpg 440w\" sizes=\"(max-width: 150px) 100vw, 150px\" \/><\/a>\n\t\t\t<\/dt><\/dl><dl class='gallery-item'>\n\t\t\t<dt class='gallery-icon landscape'>\n\t\t\t\t<a href='https:\/\/www.fundacionyuste.org\/wp-content\/uploads\/2018\/04\/20170315_180857-1024x768.jpg' title=\"\" data-rl_title=\"\" class=\"rl-gallery-link\" data-rl_caption=\"\" data-rel=\"lightbox-gallery-1\"><img width=\"150\" height=\"150\" src=\"https:\/\/www.fundacionyuste.org\/wp-content\/uploads\/2018\/04\/20170315_180857-150x150.jpg\" class=\"attachment-thumbnail size-thumbnail\" alt=\"\" decoding=\"async\" loading=\"lazy\" srcset=\"https:\/\/www.fundacionyuste.org\/wp-content\/uploads\/2018\/04\/20170315_180857-150x150.jpg 150w, https:\/\/www.fundacionyuste.org\/wp-content\/uploads\/2018\/04\/20170315_180857-440x440.jpg 440w\" sizes=\"(max-width: 150px) 100vw, 150px\" \/><\/a>\n\t\t\t<\/dt><\/dl><dl class='gallery-item'>\n\t\t\t<dt class='gallery-icon landscape'>\n\t\t\t\t<a href='https:\/\/www.fundacionyuste.org\/wp-content\/uploads\/2018\/04\/20170315_180931-1024x768.jpg' title=\"\" data-rl_title=\"\" class=\"rl-gallery-link\" data-rl_caption=\"\" data-rel=\"lightbox-gallery-1\"><img width=\"150\" height=\"150\" src=\"https:\/\/www.fundacionyuste.org\/wp-content\/uploads\/2018\/04\/20170315_180931-150x150.jpg\" class=\"attachment-thumbnail size-thumbnail\" alt=\"\" decoding=\"async\" loading=\"lazy\" srcset=\"https:\/\/www.fundacionyuste.org\/wp-content\/uploads\/2018\/04\/20170315_180931-150x150.jpg 150w, https:\/\/www.fundacionyuste.org\/wp-content\/uploads\/2018\/04\/20170315_180931-440x440.jpg 440w\" sizes=\"(max-width: 150px) 100vw, 150px\" \/><\/a>\n\t\t\t<\/dt><\/dl><br style=\"clear: both\" \/><dl class='gallery-item'>\n\t\t\t<dt class='gallery-icon landscape'>\n\t\t\t\t<a href='https:\/\/www.fundacionyuste.org\/wp-content\/uploads\/2018\/04\/20170315_182606-e1524816303861-1024x768.jpg' title=\"\" data-rl_title=\"\" class=\"rl-gallery-link\" data-rl_caption=\"\" data-rel=\"lightbox-gallery-1\"><img width=\"150\" height=\"150\" src=\"https:\/\/www.fundacionyuste.org\/wp-content\/uploads\/2018\/04\/20170315_182606-e1524816303861-150x150.jpg\" class=\"attachment-thumbnail size-thumbnail\" alt=\"\" decoding=\"async\" loading=\"lazy\" srcset=\"https:\/\/www.fundacionyuste.org\/wp-content\/uploads\/2018\/04\/20170315_182606-e1524816303861-150x150.jpg 150w, https:\/\/www.fundacionyuste.org\/wp-content\/uploads\/2018\/04\/20170315_182606-e1524816303861-440x440.jpg 440w\" sizes=\"(max-width: 150px) 100vw, 150px\" \/><\/a>\n\t\t\t<\/dt><\/dl><dl class='gallery-item'>\n\t\t\t<dt class='gallery-icon landscape'>\n\t\t\t\t<a href='https:\/\/www.fundacionyuste.org\/wp-content\/uploads\/2018\/04\/20170315_182618-e1524816284653-1024x768.jpg' title=\"\" data-rl_title=\"\" class=\"rl-gallery-link\" data-rl_caption=\"\" data-rel=\"lightbox-gallery-1\"><img width=\"150\" height=\"150\" src=\"https:\/\/www.fundacionyuste.org\/wp-content\/uploads\/2018\/04\/20170315_182618-e1524816284653-150x150.jpg\" class=\"attachment-thumbnail size-thumbnail\" alt=\"\" decoding=\"async\" loading=\"lazy\" srcset=\"https:\/\/www.fundacionyuste.org\/wp-content\/uploads\/2018\/04\/20170315_182618-e1524816284653-150x150.jpg 150w, https:\/\/www.fundacionyuste.org\/wp-content\/uploads\/2018\/04\/20170315_182618-e1524816284653-440x440.jpg 440w\" sizes=\"(max-width: 150px) 100vw, 150px\" \/><\/a>\n\t\t\t<\/dt><\/dl><dl class='gallery-item'>\n\t\t\t<dt class='gallery-icon landscape'>\n\t\t\t\t<a href='https:\/\/www.fundacionyuste.org\/wp-content\/uploads\/2018\/04\/20170315_182652-e1524816068891-1024x768.jpg' title=\"\" data-rl_title=\"\" class=\"rl-gallery-link\" data-rl_caption=\"\" data-rel=\"lightbox-gallery-1\"><img width=\"150\" height=\"150\" src=\"https:\/\/www.fundacionyuste.org\/wp-content\/uploads\/2018\/04\/20170315_182652-e1524816068891-150x150.jpg\" class=\"attachment-thumbnail size-thumbnail\" alt=\"\" decoding=\"async\" loading=\"lazy\" srcset=\"https:\/\/www.fundacionyuste.org\/wp-content\/uploads\/2018\/04\/20170315_182652-e1524816068891-150x150.jpg 150w, https:\/\/www.fundacionyuste.org\/wp-content\/uploads\/2018\/04\/20170315_182652-e1524816068891-440x440.jpg 440w\" sizes=\"(max-width: 150px) 100vw, 150px\" \/><\/a>\n\t\t\t<\/dt><\/dl><dl class='gallery-item'>\n\t\t\t<dt class='gallery-icon portrait'>\n\t\t\t\t<a href='https:\/\/www.fundacionyuste.org\/wp-content\/uploads\/2018\/04\/20170315_194728-e1524816384516-768x1024.jpg' title=\"\" data-rl_title=\"\" class=\"rl-gallery-link\" data-rl_caption=\"\" data-rel=\"lightbox-gallery-1\"><img width=\"150\" height=\"150\" src=\"https:\/\/www.fundacionyuste.org\/wp-content\/uploads\/2018\/04\/20170315_194728-e1524816384516-150x150.jpg\" class=\"attachment-thumbnail size-thumbnail\" alt=\"\" decoding=\"async\" loading=\"lazy\" srcset=\"https:\/\/www.fundacionyuste.org\/wp-content\/uploads\/2018\/04\/20170315_194728-e1524816384516-150x150.jpg 150w, https:\/\/www.fundacionyuste.org\/wp-content\/uploads\/2018\/04\/20170315_194728-e1524816384516-440x440.jpg 440w\" sizes=\"(max-width: 150px) 100vw, 150px\" \/><\/a>\n\t\t\t<\/dt><\/dl><br style=\"clear: both\" \/>\n\t\t<\/div>\n\n<p>&nbsp;<\/p>\n<p>[\/et_pb_tab]<\/p>\n<p>[\/et_pb_tabs][\/et_pb_column][\/et_pb_row][\/et_pb_section]<\/p>\n","protected":false},"excerpt":{"rendered":"<p>Faculty of Business, Finance and Tourism at the 15th\u00a0of March, 2017<\/p>\n","protected":false},"author":3,"featured_media":211096,"comment_status":"closed","ping_status":"closed","sticky":false,"template":"","format":"standard","meta":{"_et_pb_use_builder":"on","_et_pb_old_content":"<p>[et_pb_section bb_built=\"1\" _builder_version=\"3.0.85\"][et_pb_row _builder_version=\"3.0.47\" background_size=\"initial\" background_position=\"top_left\" background_repeat=\"repeat\"][et_pb_column type=\"1_4\"][et_pb_text admin_label=\"TITULO SECCI\u00d3N\" _builder_version=\"3.0.85\" text_font=\"Muli||||||||\" text_orientation=\"right\" module_alignment=\"right\" custom_padding=\"|20px||\"]<\/p><h1>ACTIVIDADES<\/h1><p>[\/et_pb_text][\/et_pb_column][et_pb_column type=\"3_4\"][et_pb_post_title admin_label=\"T\u00cdTULO DE LA ACTIVIDAD (Autom\u00e1tico)\" meta=\"off\" featured_image=\"off\" _builder_version=\"3.0.85\" title_level=\"h2\" title_font=\"Muli|700||on|||||\" title_font_size=\"20px\" custom_padding=\"6px|||\"]<\/p><p>\u00a0<\/p><p>[\/et_pb_post_title][\/et_pb_column][\/et_pb_row][et_pb_row _builder_version=\"3.0.85\" background_size=\"initial\" background_position=\"top_left\" background_repeat=\"repeat\"][et_pb_column type=\"1_4\"][et_pb_sidebar admin_label=\"MEN\u00da LATERAL\" area=\"et_pb_widget_area_6\" _builder_version=\"3.0.85\" orientation=\"left\" show_border=\"on\" background_layout=\"light\"]<\/p><p>\u00a0<\/p><p>[\/et_pb_sidebar][\/et_pb_column][et_pb_column type=\"3_4\"][et_pb_text admin_label=\"CONTENIDO DE LA ACTIVIDAD\" _builder_version=\"3.0.85\" text_font=\"Muli||||||||\" text_text_color=\"#262626\" header_font=\"Muli||||||||\" header_font_size=\"22px\" header_2_font=\"Muli||||||||\" header_3_font=\"Muli||||||||\" header_4_font=\"Muli||||||||\" header_5_font=\"Muli||||||||\" header_6_font=\"Muli||||||||\" background_layout=\"light\"]<\/p><p><strong><img class=\"size-medium wp-image-211097 alignleft\" src=\"https:\/\/www.fundacionyuste.org\/wp-content\/uploads\/2018\/04\/20170315_182652-e1524816068891-300x225.jpg\" alt=\"\" width=\"300\" height=\"225\" \/><\/strong><\/p><p><strong>Facultad de Empresa, Finanzas y Turismo de C\u00e1ceres,\u00a0\u00a0<\/strong><strong>15 de marzo de 2017\u00a0<\/strong><\/p><h3>Conferencia: \u00bfCrisis de la globalizaci\u00f3n? Desaf\u00edos para la Uni\u00f3n Europea e Iberoam\u00e9rica.<\/h3><p align=\"justify\">2015 y 2016 bien podr\u00edan ser calificados como annus horribilis en t\u00e9rminos de estabilidad sist\u00e9mica: atentados terroristas, estancamiento o recesi\u00f3n econ\u00f3mica; una Uni\u00f3n Europea en crisis existencial; el Brexit; y la victoria de Donald Trump han sido calificados como \u201ccisnes negros\u201d: acontecimientos at\u00edpicos, ajenos a las expectativas racionales; y disruptivos, con capacidad de cambiar el curso de la historia y la experiencia colectiva. En ese sentido, estos \u201ccisnes negros\u201d marcar\u00edan cambios de \u00e9poca, tanto en t\u00e9rminos de causalidad como simb\u00f3licos, al erigirse como hitos o parteaguas hist\u00f3ricos. Con ellos se cerrar\u00eda la etapa de la posguerra fr\u00eda, dando paso a un periodo m\u00e1s incierto e impredecible en el que no pueden darse por sentadas las certezas de la etapa anterior, sea el r\u00e1pido crecimiento de China, el anclaje de la globalizaci\u00f3n y el internacionalismo liberal en la hegemon\u00eda estadounidense, la continuidad de la Uni\u00f3n Europea, o la solidez de los sistemas de partidos y de las \u00e9lites dirigentes del mundo Occidental. Con sus particulares caracter\u00edsticas, los indicios de un cambio de ciclo tambi\u00e9n se observan en Am\u00e9rica Latina, con la finalizaci\u00f3n de la bonanza de las commodities, y el cambio pol\u00edtico. Esta conferencia tratar\u00e1 de arrojar luz sobre esos factores de cambio, y en particular, sobre la situaci\u00f3n que enfrenta Am\u00e9rica Latina ante un nuevo escenario de crisis de globalizaci\u00f3n o de \u201cpost-globalizaci\u00f3n\u201d.<\/p><p>[\/et_pb_text][et_pb_tabs admin_label=\"CONTENIDO EN PESTA\u00d1AS \" active_tab_background_color=\"#368e00\" inactive_tab_background_color=\"#e09900\" _builder_version=\"3.0.85\" tab_font=\"Muli|600||on|||||\" custom_margin=\"||40px|\"] [et_pb_tab _builder_version=\"3.0.85\" title=\"SOBRE JOS\u00c9 ANTONIO SANAHUJA\" use_background_color_gradient=\"off\" background_color_gradient_start=\"#2b87da\" background_color_gradient_end=\"#29c4a9\" background_color_gradient_type=\"linear\" background_color_gradient_direction=\"180deg\" background_color_gradient_direction_radial=\"center\" background_color_gradient_start_position=\"0%\" background_color_gradient_end_position=\"100%\" parallax=\"off\" parallax_method=\"on\" background_size=\"cover\" background_position=\"center\" background_repeat=\"no-repeat\" background_blend=\"normal\" allow_player_pause=\"off\" tab_font=\"||||||||\" tab_text_shadow_style=\"none\" tab_text_shadow_color=\"rgba(0,0,0,0.4)\" body_font=\"||||||||\" body_text_shadow_style=\"none\" body_text_shadow_color=\"rgba(0,0,0,0.4)\"]<\/p><p align=\"justify\">Doctor en Ciencias Pol\u00edticas por la Universidad Complutense y M.A. en Relaciones Internacionales por la Universidad para la Paz de Naciones Unidas. Profesor Titular de relaciones internacionales de la Universidad Complutense (acreditado Catedr\u00e1tico de Universidad), e investigador del Instituto Complutense de Estudios Internacionales (ICEI), donde dirige el \u00e1rea de Relaciones internacionales, cooperaci\u00f3n al desarrollo y gobernanza global. Ha trabajado para la Agencia Espa\u00f1ola de Cooperaci\u00f3n Internacional para el Desarrollo (AECID) y la Federaci\u00f3n Internacional de Cruz Roja, y ha sido investigador o consultor de la Comisi\u00f3n y el Parlamento Europeo, el PNUD, SEGIB, la Fundaci\u00f3n Carolina, la Fundaci\u00f3n EU-LAC, y distintas ONG. En dos periodos distintos ha sido Vocal Experto del Consejo de Cooperaci\u00f3n al Desarrollo. \u00a0Vicepresidente de la Red Espa\u00f1ola de Estudios de Desarrollo (REEDES), miembro del Comit\u00e9 cient\u00edfico de honor de la Coordinadora Regional de Investigaciones Econ\u00f3micas y Sociales (CRIES), y del Patronato de Oxfam Interm\u00f3n. Cuenta con un largo historial de publicaciones, accesibles en <a href=\"http:\/\/ucm.academia.edu\/Jos\u00e9AntonioSanahuja\">http:\/\/ucm.academia.edu\/Jos\u00e9AntonioSanahuja<\/a><\/p><p>\u00a0<\/p><p>\u00a0<\/p><p>\u00a0<\/p><p>[\/et_pb_tab][et_pb_tab _builder_version=\"3.0.85\" title=\"FOTOGRAF\u00cdAS\" use_background_color_gradient=\"off\" background_color_gradient_start=\"#2b87da\" background_color_gradient_end=\"#29c4a9\" background_color_gradient_type=\"linear\" background_color_gradient_direction=\"180deg\" background_color_gradient_direction_radial=\"center\" background_color_gradient_start_position=\"0%\" background_color_gradient_end_position=\"100%\" parallax=\"off\" parallax_method=\"on\" background_size=\"cover\" background_position=\"center\" background_repeat=\"no-repeat\" background_blend=\"normal\" allow_player_pause=\"off\" tab_font=\"||||||||\" tab_text_shadow_style=\"none\" tab_text_shadow_color=\"rgba(0,0,0,0.4)\" body_font=\"||||||||\" body_text_shadow_style=\"none\" body_text_shadow_color=\"rgba(0,0,0,0.4)\"]<\/p><p>[gallery columns=\"4\" link=\"file\" ids=\"211098,211100,211101,211102,211103,211104,211097,211099\"]<\/p><p>\u00a0<\/p><p>\u00a0<\/p><p>\u00a0<\/p><p>\u00a0<\/p><p>\u00a0<\/p><p>[\/et_pb_tab]<\/p><p>[\/et_pb_tabs][\/et_pb_column][\/et_pb_row][\/et_pb_section]<\/p>","_et_gb_content_width":"","_links_to":"","_links_to_target":""},"categories":[179,180],"tags":[207],"_links":{"self":[{"href":"https:\/\/www.fundacionyuste.org\/en\/wp-json\/wp\/v2\/posts\/211376"}],"collection":[{"href":"https:\/\/www.fundacionyuste.org\/en\/wp-json\/wp\/v2\/posts"}],"about":[{"href":"https:\/\/www.fundacionyuste.org\/en\/wp-json\/wp\/v2\/types\/post"}],"author":[{"embeddable":true,"href":"https:\/\/www.fundacionyuste.org\/en\/wp-json\/wp\/v2\/users\/3"}],"replies":[{"embeddable":true,"href":"https:\/\/www.fundacionyuste.org\/en\/wp-json\/wp\/v2\/comments?post=211376"}],"version-history":[{"count":0,"href":"https:\/\/www.fundacionyuste.org\/en\/wp-json\/wp\/v2\/posts\/211376\/revisions"}],"wp:featuredmedia":[{"embeddable":true,"href":"https:\/\/www.fundacionyuste.org\/en\/wp-json\/wp\/v2\/media\/211096"}],"wp:attachment":[{"href":"https:\/\/www.fundacionyuste.org\/en\/wp-json\/wp\/v2\/media?parent=211376"}],"wp:term":[{"taxonomy":"category","embeddable":true,"href":"https:\/\/www.fundacionyuste.org\/en\/wp-json\/wp\/v2\/categories?post=211376"},{"taxonomy":"post_tag","embeddable":true,"href":"https:\/\/www.fundacionyuste.org\/en\/wp-json\/wp\/v2\/tags?post=211376"}],"curies":[{"name":"wp","href":"https:\/\/api.w.org\/{rel}","templated":true}]}}