{"id":211391,"date":"2018-05-16T08:07:26","date_gmt":"2018-05-16T08:07:26","guid":{"rendered":"https:\/\/www.fundacionyuste.org\/?p=211391"},"modified":"2018-07-26T09:13:54","modified_gmt":"2018-07-26T09:13:54","slug":"charles-v-war-and-peace-on-both-sides-of-the-atlantic","status":"publish","type":"post","link":"https:\/\/www.fundacionyuste.org\/en\/charles-v-war-and-peace-on-both-sides-of-the-atlantic\/","title":{"rendered":"CHARLES V: WAR AND PEACE ON BOTH SIDES OF THE ATLANTIC"},"content":{"rendered":"<p>[et_pb_section bb_built=&#8221;1&#8243; _builder_version=&#8221;3.0.85&#8243;][et_pb_row _builder_version=&#8221;3.0.47&#8243; background_size=&#8221;initial&#8221; background_position=&#8221;top_left&#8221; background_repeat=&#8221;repeat&#8221;][et_pb_column type=&#8221;1_4&#8243;][et_pb_text admin_label=&#8221;TITULO SECCI\u00d3N&#8221; _builder_version=&#8221;3.0.85&#8243; text_font=&#8221;Muli||||||||&#8221; text_orientation=&#8221;right&#8221; module_alignment=&#8221;right&#8221; custom_padding=&#8221;|20px||&#8221; background_layout=&#8221;light&#8221;]<\/p>\n<h1>ACTIVITIES<\/h1>\n<p>[\/et_pb_text][\/et_pb_column][et_pb_column type=&#8221;3_4&#8243;][et_pb_post_title admin_label=&#8221;T\u00cdTULO DE LA ACTIVIDAD (Autom\u00e1tico)&#8221; meta=&#8221;off&#8221; featured_image=&#8221;off&#8221; _builder_version=&#8221;3.0.85&#8243; title_level=&#8221;h2&#8243; title_font=&#8221;Muli|700||on|||||&#8221; title_font_size=&#8221;20px&#8221; custom_padding=&#8221;6px|||&#8221;]<\/p>\n<p>&nbsp;<\/p>\n<p>[\/et_pb_post_title][\/et_pb_column][\/et_pb_row][et_pb_row _builder_version=&#8221;3.0.47&#8243; background_size=&#8221;initial&#8221; background_position=&#8221;top_left&#8221; background_repeat=&#8221;repeat&#8221;][et_pb_column type=&#8221;1_4&#8243;][et_pb_sidebar admin_label=&#8221;MEN\u00da LATERAL&#8221; area=&#8221;et_pb_widget_area_6&#8243; _builder_version=&#8221;3.0.85&#8243; orientation=&#8221;left&#8221; show_border=&#8221;on&#8221; background_layout=&#8221;light&#8221;]<\/p>\n<p>&nbsp;<\/p>\n<p>[\/et_pb_sidebar][\/et_pb_column][et_pb_column type=&#8221;3_4&#8243;][et_pb_text admin_label=&#8221;CONTENIDO DE LA ACTIVIDAD&#8221; _builder_version=&#8221;3.0.85&#8243; text_font=&#8221;Muli||||||||&#8221; text_text_color=&#8221;#262626&#8243; header_font=&#8221;Muli||||||||&#8221; header_font_size=&#8221;22px&#8221; header_2_font=&#8221;Muli||||||||&#8221; header_3_font=&#8221;Muli||||||||&#8221; header_4_font=&#8221;Muli||||||||&#8221; header_5_font=&#8221;Muli||||||||&#8221; header_6_font=&#8221;Muli||||||||&#8221; background_layout=&#8221;light&#8221;]<\/p>\n<p><strong>From the 4<sup>th<\/sup> to the 6<sup>th<\/sup> of July 2018, at the Royal Monastery of Yuste<\/strong><\/p>\n<p><img decoding=\"async\" loading=\"lazy\" class=\"wp-image-211605 alignleft\" src=\"https:\/\/www.fundacionyuste.org\/wp-content\/uploads\/2018\/05\/CURSO-Carlos-V_2018-300x147.jpg\" alt=\"\" width=\"331\" height=\"162\" srcset=\"https:\/\/www.fundacionyuste.org\/wp-content\/uploads\/2018\/05\/CURSO-Carlos-V_2018-300x147.jpg 300w, https:\/\/www.fundacionyuste.org\/wp-content\/uploads\/2018\/05\/CURSO-Carlos-V_2018-768x377.jpg 768w, https:\/\/www.fundacionyuste.org\/wp-content\/uploads\/2018\/05\/CURSO-Carlos-V_2018-1024x502.jpg 1024w, https:\/\/www.fundacionyuste.org\/wp-content\/uploads\/2018\/05\/CURSO-Carlos-V_2018-1080x530.jpg 1080w\" sizes=\"(max-width: 331px) 100vw, 331px\" \/><\/p>\n<p align=\"justify\">The main aim of this course is to analyse the conflicts that took place on both sides of the Atlantic Ocean during the period of Charles V, the perception that their actors had of them and the consequences they had on the politics of the time.<\/p>\n<p align=\"justify\">The main subject focuses on the binomial WAR-PEACE during the reign of Charles V. The course is structured in three great blocks:<\/p>\n<ul>\n<li>War and peace in the European framework, paying special attention to the conflict with other reigns and with the Turks.<\/li>\n<li>Violence and peace in the conquest on new lands on the other side of the Atlantic. The problem of the \u201cjust war\u201d.<\/li>\n<li>Renaissance humanism in the face of that reality: literature, art, theology, etc.<\/li>\n<\/ul>\n<h2>DIRECTORES<\/h2>\n<p>C\u00e9sar Chaparro G\u00f3mez. Universidad de Extremadura<\/p>\n<p>Rosa M\u00aa Mart\u00ednez de Codes. Complutense University of Madrid.<\/p>\n<p>[\/et_pb_text][et_pb_tabs admin_label=&#8221;CONTENIDO EN PESTA\u00d1AS &#8221; active_tab_background_color=&#8221;#368e00&#8243; inactive_tab_background_color=&#8221;#e09900&#8243; _builder_version=&#8221;3.0.85&#8243; tab_font=&#8221;Muli|600||on|||||&#8221; custom_margin=&#8221;||40px|&#8221;]<\/p>\n<p>[et_pb_tab title=&#8221;Documents&#8221; _builder_version=&#8221;3.0.85&#8243; tab_font=&#8221;||||||||&#8221; body_font=&#8221;Muli||||||||&#8221; use_background_color_gradient=&#8221;off&#8221; background_color_gradient_start=&#8221;#2b87da&#8221; background_color_gradient_end=&#8221;#29c4a9&#8243; background_color_gradient_type=&#8221;linear&#8221; background_color_gradient_direction=&#8221;180deg&#8221; background_color_gradient_direction_radial=&#8221;center&#8221; background_color_gradient_start_position=&#8221;0%&#8221; background_color_gradient_end_position=&#8221;100%&#8221; parallax=&#8221;off&#8221; parallax_method=&#8221;on&#8221; background_size=&#8221;cover&#8221; background_position=&#8221;center&#8221; background_repeat=&#8221;no-repeat&#8221; background_blend=&#8221;normal&#8221; allow_player_pause=&#8221;off&#8221; tab_text_shadow_style=&#8221;none&#8221; tab_text_shadow_color=&#8221;rgba(0,0,0,0.4)&#8221; body_text_shadow_style=&#8221;none&#8221; body_text_shadow_color=&#8221;rgba(0,0,0,0.4)&#8221;]<\/p>\n<div class=\"et_pb_tab_content\">\n<div class=\"et_pb_tab_content\">\n<p><img decoding=\"async\" loading=\"lazy\" class=\"wp-image-206700 alignnone\" src=\"https:\/\/www.fundacionyuste.org\/wp-content\/uploads\/2018\/02\/012-file.png\" alt=\"\" width=\"20\" height=\"20\" \/><a href=\"https:\/\/www.fundacionyuste.org\/wp-content\/uploads\/2018\/07\/PROGRAMACARLOSV2018.pdf\">PROGRAMME<\/a><\/p>\n<p><img decoding=\"async\" loading=\"lazy\" class=\"wp-image-206700 alignnone\" src=\"https:\/\/www.fundacionyuste.org\/wp-content\/uploads\/2018\/02\/012-file.png\" alt=\"\" width=\"20\" height=\"20\" \/> <a href=\"https:\/\/www.fundacionyuste.org\/wp-content\/uploads\/2018\/06\/Resolucion_Ayudas_-Curso_-Carlos_-V.pdf\">RESOLUTION OF THE GRANTS PROCEDURES<\/a><\/p>\n<\/div>\n<\/div>\n<p>[\/et_pb_tab][et_pb_tab title=&#8221;News&#8221; _builder_version=&#8221;3.0.85&#8243; tab_font=&#8221;||||||||&#8221; body_font=&#8221;||||||||&#8221; use_background_color_gradient=&#8221;off&#8221; background_color_gradient_start=&#8221;#2b87da&#8221; background_color_gradient_end=&#8221;#29c4a9&#8243; background_color_gradient_type=&#8221;linear&#8221; background_color_gradient_direction=&#8221;180deg&#8221; background_color_gradient_direction_radial=&#8221;center&#8221; background_color_gradient_start_position=&#8221;0%&#8221; background_color_gradient_end_position=&#8221;100%&#8221; parallax=&#8221;off&#8221; parallax_method=&#8221;on&#8221; background_size=&#8221;cover&#8221; background_position=&#8221;center&#8221; background_repeat=&#8221;no-repeat&#8221; background_blend=&#8221;normal&#8221; allow_player_pause=&#8221;off&#8221; tab_text_shadow_style=&#8221;none&#8221; tab_text_shadow_color=&#8221;rgba(0,0,0,0.4)&#8221; body_text_shadow_style=&#8221;none&#8221; body_text_shadow_color=&#8221;rgba(0,0,0,0.4)&#8221;]<\/p>\n<blockquote class=\"wp-embedded-content\" data-secret=\"sfCRht5BYv\"><p><a href=\"https:\/\/www.fundacionyuste.org\/en\/yuste-campus-analyses-the-conflicts-originated-at-both-sides-of-the-atlantic-in-times-of-charles-v\/\">YUSTE CAMPUS ANALYSES THE CONFLICTS ORIGINATED AT BOTH SIDES OF THE ATLANTIC IN TIMES OF CHARLES V<\/a><\/p><\/blockquote>\n<p><iframe class=\"wp-embedded-content\" sandbox=\"allow-scripts\" security=\"restricted\" style=\"position: absolute; clip: rect(1px, 1px, 1px, 1px);\" title=\"&#8220;YUSTE CAMPUS ANALYSES THE CONFLICTS ORIGINATED AT BOTH SIDES OF THE ATLANTIC IN TIMES OF CHARLES V&#8221; &#8212; FUNDACI\u00d3N YUSTE\" src=\"https:\/\/www.fundacionyuste.org\/en\/yuste-campus-analyses-the-conflicts-originated-at-both-sides-of-the-atlantic-in-times-of-charles-v\/embed\/#?secret=sfCRht5BYv\" data-secret=\"sfCRht5BYv\" width=\"600\" height=\"338\" frameborder=\"0\" marginwidth=\"0\" marginheight=\"0\" scrolling=\"no\"><\/iframe><\/p>\n<p>[\/et_pb_tab][et_pb_tab title=&#8221;Photographs&#8221; _builder_version=&#8221;3.0.85&#8243; tab_font=&#8221;Muli||||||||&#8221; body_font=&#8221;||||||||&#8221; custom_padding=&#8221;6px|0px|0px|0px&#8221; custom_padding_tablet=&#8221;6px|0px|0px|0px&#8221; custom_padding_phone=&#8221;6px|0px|0px|0px&#8221; custom_css_main_element=&#8221;margin-top: -8px; padding; 0px;&#8221; use_background_color_gradient=&#8221;off&#8221; background_color_gradient_start=&#8221;#2b87da&#8221; background_color_gradient_end=&#8221;#29c4a9&#8243; background_color_gradient_type=&#8221;linear&#8221; background_color_gradient_direction=&#8221;180deg&#8221; background_color_gradient_direction_radial=&#8221;center&#8221; background_color_gradient_start_position=&#8221;0%&#8221; background_color_gradient_end_position=&#8221;100%&#8221; parallax=&#8221;off&#8221; parallax_method=&#8221;on&#8221; background_size=&#8221;cover&#8221; background_position=&#8221;center&#8221; background_repeat=&#8221;no-repeat&#8221; background_blend=&#8221;normal&#8221; allow_player_pause=&#8221;off&#8221; tab_text_shadow_style=&#8221;none&#8221; tab_text_shadow_color=&#8221;rgba(0,0,0,0.4)&#8221; body_text_shadow_style=&#8221;none&#8221; body_text_shadow_color=&#8221;rgba(0,0,0,0.4)&#8221;]<\/p>\n\n\t\t<style type=\"text\/css\">\n\t\t\t#gallery-1 {\n\t\t\t\tmargin: auto;\n\t\t\t}\n\t\t\t#gallery-1 .gallery-item {\n\t\t\t\tfloat: left;\n\t\t\t\tmargin-top: 10px;\n\t\t\t\ttext-align: center;\n\t\t\t\twidth: 20%;\n\t\t\t}\n\t\t\t#gallery-1 img {\n\t\t\t\tborder: 2px solid #cfcfcf;\n\t\t\t}\n\t\t\t#gallery-1 .gallery-caption {\n\t\t\t\tmargin-left: 0;\n\t\t\t}\n\t\t\t\/* see gallery_shortcode() in wp-includes\/media.php *\/\n\t\t<\/style>\n\t\t<div id='gallery-1' class='gallery galleryid-211391 gallery-columns-5 gallery-size-thumbnail'><dl class='gallery-item'>\n\t\t\t<dt class='gallery-icon landscape'>\n\t\t\t\t<a href='https:\/\/www.fundacionyuste.org\/wp-content\/uploads\/2018\/05\/Campus-Yuste-2018_CARLOSV_IMG_7962-1024x683.jpg' title=\"\" data-rl_title=\"\" class=\"rl-gallery-link\" data-rl_caption=\"\" data-rel=\"lightbox-gallery-1\"><img width=\"150\" height=\"150\" src=\"https:\/\/www.fundacionyuste.org\/wp-content\/uploads\/2018\/05\/Campus-Yuste-2018_CARLOSV_IMG_7962-150x150.jpg\" class=\"attachment-thumbnail size-thumbnail\" alt=\"\" decoding=\"async\" loading=\"lazy\" srcset=\"https:\/\/www.fundacionyuste.org\/wp-content\/uploads\/2018\/05\/Campus-Yuste-2018_CARLOSV_IMG_7962-150x150.jpg 150w, https:\/\/www.fundacionyuste.org\/wp-content\/uploads\/2018\/05\/Campus-Yuste-2018_CARLOSV_IMG_7962-440x440.jpg 440w\" sizes=\"(max-width: 150px) 100vw, 150px\" \/><\/a>\n\t\t\t<\/dt><\/dl><dl class='gallery-item'>\n\t\t\t<dt class='gallery-icon landscape'>\n\t\t\t\t<a href='https:\/\/www.fundacionyuste.org\/wp-content\/uploads\/2018\/05\/Campus-Yuste-2018_CARLOSV_IMG_7959-1024x683.jpg' title=\"\" data-rl_title=\"\" class=\"rl-gallery-link\" data-rl_caption=\"\" data-rel=\"lightbox-gallery-1\"><img width=\"150\" height=\"150\" src=\"https:\/\/www.fundacionyuste.org\/wp-content\/uploads\/2018\/05\/Campus-Yuste-2018_CARLOSV_IMG_7959-150x150.jpg\" class=\"attachment-thumbnail size-thumbnail\" alt=\"\" decoding=\"async\" loading=\"lazy\" srcset=\"https:\/\/www.fundacionyuste.org\/wp-content\/uploads\/2018\/05\/Campus-Yuste-2018_CARLOSV_IMG_7959-150x150.jpg 150w, https:\/\/www.fundacionyuste.org\/wp-content\/uploads\/2018\/05\/Campus-Yuste-2018_CARLOSV_IMG_7959-440x440.jpg 440w\" sizes=\"(max-width: 150px) 100vw, 150px\" \/><\/a>\n\t\t\t<\/dt><\/dl><dl class='gallery-item'>\n\t\t\t<dt class='gallery-icon landscape'>\n\t\t\t\t<a href='https:\/\/www.fundacionyuste.org\/wp-content\/uploads\/2018\/05\/Campus-Yuste-2018_CARLOSV_IMG_8004-1024x683.jpg' title=\"\" data-rl_title=\"\" class=\"rl-gallery-link\" data-rl_caption=\"\" data-rel=\"lightbox-gallery-1\"><img width=\"150\" height=\"150\" src=\"https:\/\/www.fundacionyuste.org\/wp-content\/uploads\/2018\/05\/Campus-Yuste-2018_CARLOSV_IMG_8004-150x150.jpg\" class=\"attachment-thumbnail size-thumbnail\" alt=\"\" decoding=\"async\" loading=\"lazy\" srcset=\"https:\/\/www.fundacionyuste.org\/wp-content\/uploads\/2018\/05\/Campus-Yuste-2018_CARLOSV_IMG_8004-150x150.jpg 150w, https:\/\/www.fundacionyuste.org\/wp-content\/uploads\/2018\/05\/Campus-Yuste-2018_CARLOSV_IMG_8004-440x440.jpg 440w\" sizes=\"(max-width: 150px) 100vw, 150px\" \/><\/a>\n\t\t\t<\/dt><\/dl><dl class='gallery-item'>\n\t\t\t<dt class='gallery-icon landscape'>\n\t\t\t\t<a href='https:\/\/www.fundacionyuste.org\/wp-content\/uploads\/2018\/05\/Campus-Yuste-2018_CARLOSV_IMG_7967-1024x683.jpg' title=\"\" data-rl_title=\"\" class=\"rl-gallery-link\" data-rl_caption=\"\" data-rel=\"lightbox-gallery-1\"><img width=\"150\" height=\"150\" src=\"https:\/\/www.fundacionyuste.org\/wp-content\/uploads\/2018\/05\/Campus-Yuste-2018_CARLOSV_IMG_7967-150x150.jpg\" class=\"attachment-thumbnail size-thumbnail\" alt=\"\" decoding=\"async\" loading=\"lazy\" srcset=\"https:\/\/www.fundacionyuste.org\/wp-content\/uploads\/2018\/05\/Campus-Yuste-2018_CARLOSV_IMG_7967-150x150.jpg 150w, https:\/\/www.fundacionyuste.org\/wp-content\/uploads\/2018\/05\/Campus-Yuste-2018_CARLOSV_IMG_7967-440x440.jpg 440w\" sizes=\"(max-width: 150px) 100vw, 150px\" \/><\/a>\n\t\t\t<\/dt><\/dl><dl class='gallery-item'>\n\t\t\t<dt class='gallery-icon landscape'>\n\t\t\t\t<a href='https:\/\/www.fundacionyuste.org\/wp-content\/uploads\/2018\/05\/Campus-Yuste-2018_CARLOSV_IMG_7973-1024x683.jpg' title=\"\" data-rl_title=\"\" class=\"rl-gallery-link\" data-rl_caption=\"\" data-rel=\"lightbox-gallery-1\"><img width=\"150\" height=\"150\" src=\"https:\/\/www.fundacionyuste.org\/wp-content\/uploads\/2018\/05\/Campus-Yuste-2018_CARLOSV_IMG_7973-150x150.jpg\" class=\"attachment-thumbnail size-thumbnail\" alt=\"\" decoding=\"async\" loading=\"lazy\" srcset=\"https:\/\/www.fundacionyuste.org\/wp-content\/uploads\/2018\/05\/Campus-Yuste-2018_CARLOSV_IMG_7973-150x150.jpg 150w, https:\/\/www.fundacionyuste.org\/wp-content\/uploads\/2018\/05\/Campus-Yuste-2018_CARLOSV_IMG_7973-440x440.jpg 440w\" sizes=\"(max-width: 150px) 100vw, 150px\" \/><\/a>\n\t\t\t<\/dt><\/dl><br style=\"clear: both\" \/><dl class='gallery-item'>\n\t\t\t<dt class='gallery-icon landscape'>\n\t\t\t\t<a href='https:\/\/www.fundacionyuste.org\/wp-content\/uploads\/2018\/05\/Campus-Yuste-2018_CARLOSV_IMG_7983-1024x683.jpg' title=\"\" data-rl_title=\"\" class=\"rl-gallery-link\" data-rl_caption=\"\" data-rel=\"lightbox-gallery-1\"><img width=\"150\" height=\"150\" src=\"https:\/\/www.fundacionyuste.org\/wp-content\/uploads\/2018\/05\/Campus-Yuste-2018_CARLOSV_IMG_7983-150x150.jpg\" class=\"attachment-thumbnail size-thumbnail\" alt=\"\" decoding=\"async\" loading=\"lazy\" srcset=\"https:\/\/www.fundacionyuste.org\/wp-content\/uploads\/2018\/05\/Campus-Yuste-2018_CARLOSV_IMG_7983-150x150.jpg 150w, https:\/\/www.fundacionyuste.org\/wp-content\/uploads\/2018\/05\/Campus-Yuste-2018_CARLOSV_IMG_7983-440x440.jpg 440w\" sizes=\"(max-width: 150px) 100vw, 150px\" \/><\/a>\n\t\t\t<\/dt><\/dl><dl class='gallery-item'>\n\t\t\t<dt class='gallery-icon landscape'>\n\t\t\t\t<a href='https:\/\/www.fundacionyuste.org\/wp-content\/uploads\/2018\/05\/Campus-Yuste-2018_CARLOSV_IMG_7982-1024x683.jpg' title=\"\" data-rl_title=\"\" class=\"rl-gallery-link\" data-rl_caption=\"\" data-rel=\"lightbox-gallery-1\"><img width=\"150\" height=\"150\" src=\"https:\/\/www.fundacionyuste.org\/wp-content\/uploads\/2018\/05\/Campus-Yuste-2018_CARLOSV_IMG_7982-150x150.jpg\" class=\"attachment-thumbnail size-thumbnail\" alt=\"\" decoding=\"async\" loading=\"lazy\" srcset=\"https:\/\/www.fundacionyuste.org\/wp-content\/uploads\/2018\/05\/Campus-Yuste-2018_CARLOSV_IMG_7982-150x150.jpg 150w, https:\/\/www.fundacionyuste.org\/wp-content\/uploads\/2018\/05\/Campus-Yuste-2018_CARLOSV_IMG_7982-440x440.jpg 440w\" sizes=\"(max-width: 150px) 100vw, 150px\" \/><\/a>\n\t\t\t<\/dt><\/dl><dl class='gallery-item'>\n\t\t\t<dt class='gallery-icon landscape'>\n\t\t\t\t<a href='https:\/\/www.fundacionyuste.org\/wp-content\/uploads\/2018\/05\/Campus-Yuste-2018_CARLOSV_IMG_7987-1024x683.jpg' title=\"\" data-rl_title=\"\" class=\"rl-gallery-link\" data-rl_caption=\"\" data-rel=\"lightbox-gallery-1\"><img width=\"150\" height=\"150\" src=\"https:\/\/www.fundacionyuste.org\/wp-content\/uploads\/2018\/05\/Campus-Yuste-2018_CARLOSV_IMG_7987-150x150.jpg\" class=\"attachment-thumbnail size-thumbnail\" alt=\"\" decoding=\"async\" loading=\"lazy\" srcset=\"https:\/\/www.fundacionyuste.org\/wp-content\/uploads\/2018\/05\/Campus-Yuste-2018_CARLOSV_IMG_7987-150x150.jpg 150w, https:\/\/www.fundacionyuste.org\/wp-content\/uploads\/2018\/05\/Campus-Yuste-2018_CARLOSV_IMG_7987-440x440.jpg 440w\" sizes=\"(max-width: 150px) 100vw, 150px\" \/><\/a>\n\t\t\t<\/dt><\/dl><dl class='gallery-item'>\n\t\t\t<dt class='gallery-icon landscape'>\n\t\t\t\t<a href='https:\/\/www.fundacionyuste.org\/wp-content\/uploads\/2018\/05\/Campus-Yuste-2018_CARLOSV_IMG_8013-1024x683.jpg' title=\"\" data-rl_title=\"\" class=\"rl-gallery-link\" data-rl_caption=\"\" data-rel=\"lightbox-gallery-1\"><img width=\"150\" height=\"150\" src=\"https:\/\/www.fundacionyuste.org\/wp-content\/uploads\/2018\/05\/Campus-Yuste-2018_CARLOSV_IMG_8013-150x150.jpg\" class=\"attachment-thumbnail size-thumbnail\" alt=\"\" decoding=\"async\" loading=\"lazy\" srcset=\"https:\/\/www.fundacionyuste.org\/wp-content\/uploads\/2018\/05\/Campus-Yuste-2018_CARLOSV_IMG_8013-150x150.jpg 150w, https:\/\/www.fundacionyuste.org\/wp-content\/uploads\/2018\/05\/Campus-Yuste-2018_CARLOSV_IMG_8013-440x440.jpg 440w\" sizes=\"(max-width: 150px) 100vw, 150px\" \/><\/a>\n\t\t\t<\/dt><\/dl>\n\t\t\t<br style='clear: both' \/>\n\t\t<\/div>\n\n<p>[\/et_pb_tab][et_pb_tab _builder_version=&#8221;3.0.85&#8243; title=&#8221;Videos&#8221; use_background_color_gradient=&#8221;off&#8221; background_color_gradient_start=&#8221;#2b87da&#8221; background_color_gradient_end=&#8221;#29c4a9&#8243; background_color_gradient_type=&#8221;linear&#8221; background_color_gradient_direction=&#8221;180deg&#8221; background_color_gradient_direction_radial=&#8221;center&#8221; background_color_gradient_start_position=&#8221;0%&#8221; background_color_gradient_end_position=&#8221;100%&#8221; parallax=&#8221;off&#8221; parallax_method=&#8221;on&#8221; background_size=&#8221;cover&#8221; background_position=&#8221;center&#8221; background_repeat=&#8221;no-repeat&#8221; background_blend=&#8221;normal&#8221; allow_player_pause=&#8221;off&#8221; tab_font=&#8221;||||||||&#8221; tab_text_shadow_style=&#8221;none&#8221; tab_text_shadow_color=&#8221;rgba(0,0,0,0.4)&#8221; body_font=&#8221;||||||||&#8221; body_text_shadow_style=&#8221;none&#8221; body_text_shadow_color=&#8221;rgba(0,0,0,0.4)&#8221;]<\/p>\n<p><strong>CONFERENCES<\/strong><\/p>\n<p><img decoding=\"async\" loading=\"lazy\" class=\"alignnone wp-image-212162\" src=\"https:\/\/www.fundacionyuste.org\/wp-content\/uploads\/2018\/05\/Youtube_icon.png\" alt=\"\" width=\"15\" height=\"15\" \/> <a href=\"https:\/\/www.youtube.com\/watch?v=7hCiJAqGYJI&amp;t=0s&amp;index=11&amp;list=PLavlJsUxU6WNplKNCb3OMgQ8De4SRaPoE\" data-rel=\"lightbox-video-0\">Inauguraci\u00f3n Curso &#8220;CARLOS V: GUERRA Y PAZ A AMBOS LADOS DEL ATL\u00c1NTICO&#8221;<\/a><\/p>\n<p><img decoding=\"async\" loading=\"lazy\" class=\"alignnone wp-image-212162\" src=\"https:\/\/www.fundacionyuste.org\/wp-content\/uploads\/2018\/05\/Youtube_icon.png\" alt=\"\" width=\"15\" height=\"15\" \/> <a href=\"https:\/\/www.youtube.com\/watch?v=oYkGYWYdhA4&amp;list=PLavlJsUxU6WNplKNCb3OMgQ8De4SRaPoE&amp;index=11\" data-rel=\"lightbox-video-1\">Conferencia de Gustaaf Janssens<\/a><\/p>\n<p><img decoding=\"async\" loading=\"lazy\" class=\"alignnone wp-image-212162\" src=\"https:\/\/www.fundacionyuste.org\/wp-content\/uploads\/2018\/05\/Youtube_icon.png\" alt=\"\" width=\"15\" height=\"15\" \/> <a href=\"https:\/\/www.youtube.com\/watch?v=uQ6U-CXP_eA&amp;list=PLavlJsUxU6WNplKNCb3OMgQ8De4SRaPoE&amp;index=12\" data-rel=\"lightbox-video-2\">Conferencia de Magdalena de Pazzis Pi Corrales<\/a><\/p>\n<p><img decoding=\"async\" loading=\"lazy\" class=\"alignnone wp-image-212162\" src=\"https:\/\/www.fundacionyuste.org\/wp-content\/uploads\/2018\/05\/Youtube_icon.png\" alt=\"\" width=\"15\" height=\"15\" \/> <a href=\"https:\/\/www.youtube.com\/watch?v=jZXjHqzmdJw&amp;list=PLavlJsUxU6WNplKNCb3OMgQ8De4SRaPoE&amp;index=13\" data-rel=\"lightbox-video-3\">Conferencia de Alain Servantie<\/a><\/p>\n<p><img decoding=\"async\" loading=\"lazy\" class=\"alignnone wp-image-212162\" src=\"https:\/\/www.fundacionyuste.org\/wp-content\/uploads\/2018\/05\/Youtube_icon.png\" alt=\"\" width=\"15\" height=\"15\" \/> <a href=\"https:\/\/www.youtube.com\/watch?v=j_q0f87HSgo&amp;list=PLavlJsUxU6WNplKNCb3OMgQ8De4SRaPoE&amp;index=14\" data-rel=\"lightbox-video-4\">Conferencia de Francesco Vergara Caffarelli<\/a><\/p>\n<p><img decoding=\"async\" loading=\"lazy\" class=\"alignnone wp-image-212162\" src=\"https:\/\/www.fundacionyuste.org\/wp-content\/uploads\/2018\/05\/Youtube_icon.png\" alt=\"\" width=\"15\" height=\"15\" \/> <a href=\"https:\/\/www.youtube.com\/watch?v=83uRpCd1Mg0&amp;list=PLavlJsUxU6WNplKNCb3OMgQ8De4SRaPoE&amp;index=15\" data-rel=\"lightbox-video-5\">Conferencia de Jaime Contreras Contreras<\/a><\/p>\n<p><img decoding=\"async\" loading=\"lazy\" class=\"alignnone wp-image-212162\" src=\"https:\/\/www.fundacionyuste.org\/wp-content\/uploads\/2018\/05\/Youtube_icon.png\" alt=\"\" width=\"15\" height=\"15\" \/> <a href=\"https:\/\/www.youtube.com\/watch?v=yuV03XIxvxs&amp;list=PLavlJsUxU6WNplKNCb3OMgQ8De4SRaPoE&amp;index=16\" data-rel=\"lightbox-video-6\">MESA REDONDA: GUERRA Y PAZ EN LA EUROPA DE CARLOS V<\/a><\/p>\n<p><img decoding=\"async\" loading=\"lazy\" class=\"alignnone wp-image-212162\" src=\"https:\/\/www.fundacionyuste.org\/wp-content\/uploads\/2018\/05\/Youtube_icon.png\" alt=\"\" width=\"15\" height=\"15\" \/> <a href=\"https:\/\/www.youtube.com\/watch?v=xzFTr_i7Og8&amp;list=PLavlJsUxU6WNplKNCb3OMgQ8De4SRaPoE&amp;index=17\" data-rel=\"lightbox-video-7\">Conferencia de Rosa Mar\u00eda Mart\u00ednez de Codes<\/a><\/p>\n<p><img decoding=\"async\" loading=\"lazy\" class=\"alignnone wp-image-212162\" src=\"https:\/\/www.fundacionyuste.org\/wp-content\/uploads\/2018\/05\/Youtube_icon.png\" alt=\"\" width=\"15\" height=\"15\" \/> <a href=\"https:\/\/www.youtube.com\/watch?v=NoWYxR73ZtU&amp;index=18&amp;list=PLavlJsUxU6WNplKNCb3OMgQ8De4SRaPoE\" data-rel=\"lightbox-video-8\">Conferencia de Eustaquio S\u00e1nchez Salor<\/a><\/p>\n<p><img decoding=\"async\" loading=\"lazy\" class=\"alignnone wp-image-212162\" src=\"https:\/\/www.fundacionyuste.org\/wp-content\/uploads\/2018\/05\/Youtube_icon.png\" alt=\"\" width=\"15\" height=\"15\" \/> <a href=\"https:\/\/www.youtube.com\/watch?v=hMrNOSli1Zg&amp;index=19&amp;list=PLavlJsUxU6WNplKNCb3OMgQ8De4SRaPoE\" data-rel=\"lightbox-video-9\">Conferencia de C\u00e9sar Chaparro G\u00f3mez<\/a><\/p>\n<p><img decoding=\"async\" loading=\"lazy\" class=\"alignnone wp-image-212162\" src=\"https:\/\/www.fundacionyuste.org\/wp-content\/uploads\/2018\/05\/Youtube_icon.png\" alt=\"\" width=\"15\" height=\"15\" \/> <a href=\"https:\/\/www.youtube.com\/watch?v=-cvtDPJ_j2k&amp;index=20&amp;list=PLavlJsUxU6WNplKNCb3OMgQ8De4SRaPoE\" data-rel=\"lightbox-video-10\">Conferencia de Mar\u00eda Concepci\u00f3n Bravo Guerreira<\/a><\/p>\n<p><img decoding=\"async\" loading=\"lazy\" class=\"alignnone wp-image-212162\" src=\"https:\/\/www.fundacionyuste.org\/wp-content\/uploads\/2018\/05\/Youtube_icon.png\" alt=\"\" width=\"15\" height=\"15\" \/> <a href=\"https:\/\/www.youtube.com\/watch?v=gNV1bBv1E7A&amp;list=PLavlJsUxU6WNplKNCb3OMgQ8De4SRaPoE&amp;index=21\" data-rel=\"lightbox-video-11\">MESA REDONDA: CONQUISTA, DESCUBRIMIENTO Y EVANGELIZACI\u00d3N DE LAS NUEVAS TIERRAS<\/a><\/p>\n<p><img decoding=\"async\" loading=\"lazy\" class=\"alignnone wp-image-212162\" src=\"https:\/\/www.fundacionyuste.org\/wp-content\/uploads\/2018\/05\/Youtube_icon.png\" alt=\"\" width=\"15\" height=\"15\" \/> <a href=\"https:\/\/www.youtube.com\/watch?v=ivOAXpIaKcg&amp;list=PLavlJsUxU6WNplKNCb3OMgQ8De4SRaPoE&amp;index=22\" data-rel=\"lightbox-video-12\">Conferencia de Manuel Ma\u00f1as N\u00fa\u00f1ez<\/a><\/p>\n<p><img decoding=\"async\" loading=\"lazy\" class=\"alignnone wp-image-212162\" src=\"https:\/\/www.fundacionyuste.org\/wp-content\/uploads\/2018\/05\/Youtube_icon.png\" alt=\"\" width=\"15\" height=\"15\" \/> <a href=\"https:\/\/www.youtube.com\/watch?v=lfks78z3C6M&amp;list=PLavlJsUxU6WNplKNCb3OMgQ8De4SRaPoE&amp;index=23\" data-rel=\"lightbox-video-13\">Conferencia de Beatriz Ant\u00f3n Mart\u00ednez<\/a><\/p>\n<p><img decoding=\"async\" loading=\"lazy\" class=\"alignnone wp-image-212162\" src=\"https:\/\/www.fundacionyuste.org\/wp-content\/uploads\/2018\/05\/Youtube_icon.png\" alt=\"\" width=\"15\" height=\"15\" \/> <a href=\"https:\/\/www.youtube.com\/watch?v=1HiiK1GmyEM&amp;list=PLavlJsUxU6WNplKNCb3OMgQ8De4SRaPoE&amp;index=24\" data-rel=\"lightbox-video-14\">Conferencia de Rosa Mar\u00eda Perales Piqueres<\/a><\/p>\n<p><img decoding=\"async\" loading=\"lazy\" class=\"alignnone wp-image-212162\" src=\"https:\/\/www.fundacionyuste.org\/wp-content\/uploads\/2018\/05\/Youtube_icon.png\" alt=\"\" width=\"15\" height=\"15\" \/> <a href=\"https:\/\/www.youtube.com\/watch?v=tf1IspWLh04&amp;index=25&amp;list=PLavlJsUxU6WNplKNCb3OMgQ8De4SRaPoE\" data-rel=\"lightbox-video-15\">Debate EL HUMANISMO RENACENTISTA ANTE LA GUERRA Y LA PAZ<\/a><\/p>\n<p><img decoding=\"async\" loading=\"lazy\" class=\"alignnone wp-image-212162\" src=\"https:\/\/www.fundacionyuste.org\/wp-content\/uploads\/2018\/05\/Youtube_icon.png\" alt=\"\" width=\"15\" height=\"15\" \/> <a href=\"https:\/\/www.youtube.com\/watch?v=b9Ouk23YRTg&amp;list=PLavlJsUxU6WNplKNCb3OMgQ8De4SRaPoE&amp;index=26\" data-rel=\"lightbox-video-16\">Clausura del Curso CARLOS V: GUERRA Y PAZ A AMBOS LADOS DEL ATL\u00c1NTICO<\/a><\/p>\n<p><strong>INTERVIEWS<\/strong><\/p>\n<p><img decoding=\"async\" loading=\"lazy\" class=\"alignnone wp-image-212162\" src=\"https:\/\/www.fundacionyuste.org\/wp-content\/uploads\/2018\/05\/Youtube_icon.png\" alt=\"\" width=\"15\" height=\"15\" \/> <a href=\"https:\/\/www.youtube.com\/edit?o=U&amp;video_id=SsH7KEurYso\">Gustaaf Janssens en Campus Yuste 2018<\/a><\/p>\n<p><img decoding=\"async\" loading=\"lazy\" class=\"alignnone wp-image-212162\" src=\"https:\/\/www.fundacionyuste.org\/wp-content\/uploads\/2018\/05\/Youtube_icon.png\" alt=\"\" width=\"15\" height=\"15\" \/> <a href=\"https:\/\/www.youtube.com\/edit?o=U&amp;video_id=FIMEd2RVt60\">Rosa Mart\u00ednez de Codes en Campus Yuste 2018<\/a><\/p>\n<p><img decoding=\"async\" loading=\"lazy\" class=\"alignnone wp-image-212162\" src=\"https:\/\/www.fundacionyuste.org\/wp-content\/uploads\/2018\/05\/Youtube_icon.png\" alt=\"\" width=\"15\" height=\"15\" \/> <a href=\"https:\/\/www.youtube.com\/edit?o=U&amp;video_id=wTOFZOCQBpE\">Magdalena de Pazzis en Campus Yuste 2018<\/a><\/p>\n<p><img decoding=\"async\" loading=\"lazy\" class=\"alignnone wp-image-212162\" src=\"https:\/\/www.fundacionyuste.org\/wp-content\/uploads\/2018\/05\/Youtube_icon.png\" alt=\"\" width=\"15\" height=\"15\" \/> <a href=\"https:\/\/www.youtube.com\/edit?o=U&amp;video_id=ILsdztXMA4w\">Rosa Mari\u0301a Perales en Campus Yuste 2018<\/a><\/p>\n<p><img decoding=\"async\" loading=\"lazy\" class=\"alignnone wp-image-212162\" src=\"https:\/\/www.fundacionyuste.org\/wp-content\/uploads\/2018\/05\/Youtube_icon.png\" alt=\"\" width=\"15\" height=\"15\" \/> <a href=\"https:\/\/www.youtube.com\/edit?o=U&amp;video_id=NtdpUmelZDQ\">Jaime Contreras en Campus Yuste 2018<\/a><\/p>\n<p><img decoding=\"async\" loading=\"lazy\" class=\"alignnone wp-image-212162\" src=\"https:\/\/www.fundacionyuste.org\/wp-content\/uploads\/2018\/05\/Youtube_icon.png\" alt=\"\" width=\"15\" height=\"15\" \/> <a href=\"https:\/\/www.youtube.com\/edit?o=U&amp;video_id=NNUFfI9QFWU\">Alain Servantie en Campus Yuste 2018<\/a><\/p>\n<p><strong>CAMPUS YUSTE EXPERIENCE<br \/>\n<\/strong><\/p>\n<p><img decoding=\"async\" loading=\"lazy\" class=\"alignnone wp-image-212162\" src=\"https:\/\/www.fundacionyuste.org\/wp-content\/uploads\/2018\/05\/Youtube_icon.png\" alt=\"\" width=\"15\" height=\"15\" \/> <a class=\"vm-video-title-content yt-uix-sessionlink\" href=\"https:\/\/www.youtube.com\/edit?o=U&amp;video_id=Oz-IFFOzt5s\" data-sessionlink=\"ei=59REW_aHOMPv4QSjr73ADw\">Alain Santos y su experiencia Campus Yuste 2018<\/a><\/p>\n<p>[\/et_pb_tab][et_pb_tab _builder_version=&#8221;3.0.85&#8243; title=&#8221;Video Summary&#8221; use_background_color_gradient=&#8221;off&#8221; background_color_gradient_start=&#8221;#2b87da&#8221; background_color_gradient_end=&#8221;#29c4a9&#8243; background_color_gradient_type=&#8221;linear&#8221; background_color_gradient_direction=&#8221;180deg&#8221; background_color_gradient_direction_radial=&#8221;center&#8221; background_color_gradient_start_position=&#8221;0%&#8221; background_color_gradient_end_position=&#8221;100%&#8221; parallax=&#8221;off&#8221; parallax_method=&#8221;on&#8221; background_size=&#8221;cover&#8221; background_position=&#8221;center&#8221; background_repeat=&#8221;no-repeat&#8221; background_blend=&#8221;normal&#8221; allow_player_pause=&#8221;off&#8221; tab_font=&#8221;||||||||&#8221; tab_text_shadow_style=&#8221;none&#8221; tab_text_shadow_color=&#8221;rgba(0,0,0,0.4)&#8221; body_font=&#8221;||||||||&#8221; body_text_shadow_style=&#8221;none&#8221; body_text_shadow_color=&#8221;rgba(0,0,0,0.4)&#8221;]<\/p>\n<p><iframe loading=\"lazy\" width=\"1080\" height=\"608\" src=\"https:\/\/www.youtube.com\/embed\/Ik92vWF6M8Q?feature=oembed\" frameborder=\"0\" allow=\"autoplay; encrypted-media\" allowfullscreen><\/iframe><\/p>\n<p>[\/et_pb_tab]<\/p>\n<p>[\/et_pb_tabs][\/et_pb_column][\/et_pb_row][\/et_pb_section]<\/p>\n","protected":false},"excerpt":{"rendered":"<p><strong>From the 4<sup>th<\/sup> to the 6<sup>th<\/sup> of July 2018, at the Royal Monastery of Yuste<\/strong><\/p>\n","protected":false},"author":3,"featured_media":211605,"comment_status":"closed","ping_status":"closed","sticky":false,"template":"","format":"standard","meta":{"_et_pb_use_builder":"on","_et_pb_old_content":"<p>[et_pb_section bb_built=\"1\" _builder_version=\"3.0.85\"][et_pb_row _builder_version=\"3.0.47\" background_size=\"initial\" background_position=\"top_left\" background_repeat=\"repeat\"][et_pb_column type=\"1_4\"][et_pb_text admin_label=\"TITULO SECCI\u00d3N\" _builder_version=\"3.0.85\" text_font=\"Muli||||||||\" text_orientation=\"right\" module_alignment=\"right\" custom_padding=\"|20px||\"]<\/p><h1>ACTIVIDADES<\/h1><p>[\/et_pb_text][\/et_pb_column][et_pb_column type=\"3_4\"][et_pb_post_title admin_label=\"T\u00cdTULO DE LA ACTIVIDAD (Autom\u00e1tico)\" meta=\"off\" featured_image=\"off\" _builder_version=\"3.0.85\" title_level=\"h2\" title_font=\"Muli|700||on|||||\" title_font_size=\"20px\" custom_padding=\"6px|||\"]<\/p><p>\u00a0<\/p><p>[\/et_pb_post_title][\/et_pb_column][\/et_pb_row][et_pb_row _builder_version=\"3.0.47\" background_size=\"initial\" background_position=\"top_left\" background_repeat=\"repeat\"][et_pb_column type=\"1_4\"][et_pb_sidebar admin_label=\"MEN\u00da LATERAL\" area=\"et_pb_widget_area_6\" _builder_version=\"3.0.85\" orientation=\"left\" show_border=\"on\" background_layout=\"light\"]<\/p><p>\u00a0<\/p><p>[\/et_pb_sidebar][\/et_pb_column][et_pb_column type=\"3_4\"][et_pb_text admin_label=\"CONTENIDO DE LA ACTIVIDAD\" _builder_version=\"3.0.85\" text_font=\"Muli||||||||\" text_text_color=\"#262626\" header_font=\"Muli||||||||\" header_font_size=\"22px\" header_2_font=\"Muli||||||||\" header_3_font=\"Muli||||||||\" header_4_font=\"Muli||||||||\" header_5_font=\"Muli||||||||\" header_6_font=\"Muli||||||||\" background_layout=\"light\"]<\/p><p><strong>Real Monasterio de Yuste, del 4 al 6 de julio de 2018<\/strong><\/p><p><img class=\"alignleft wp-image-211322 size-medium\" src=\"https:\/\/www.fundacionyuste.org\/wp-content\/uploads\/2018\/05\/CAMPUS2018cursos2-300x149.jpg\" alt=\"\" width=\"300\" height=\"149\" \/><\/p><p align=\"justify\">Este curso tiene como finalidad el an\u00e1lisis de los conflictos que se originaron a uno y otro lado del oc\u00e9ano Atl\u00e1ntico en la \u00e9poca de Carlos V, de la percepci\u00f3n de los mismos que tuvieron sus actores y de las consecuencias que generaron en la pol\u00edtica de su tiempo.<\/p><p align=\"justify\">La tem\u00e1tica del curso se centra en el binomio GUERRA-PAZ en el reinado de Carlos V. El curso se estructura en tres grandes bloques:<\/p><p>1) Guerra y paz en el marco europeo, con especial incidencia en el conflicto con otros reinos y con los turcos.<\/p><p>2) Violencia y paz en la conquista de nuevas tierras al otro lado del Atl\u00e1ntico. Problem\u00e1tica de la \"guerra justa\".<\/p><p>3) El Humanismo renacentista ante esa realidad: literatura, arte, teolog\u00eda, etc.<\/p><h2>DIRECTORES<\/h2><p>C\u00e9sar Chaparro G\u00f3mez. Universidad de Extremadura<\/p><p>Rosa M\u00aa Mart\u00ednez de Codes. Universidad Complutense.<\/p><p>\u00a0<\/p><p>[\/et_pb_text][et_pb_tabs admin_label=\"CONTENIDO EN PESTA\u00d1AS \" active_tab_background_color=\"#368e00\" inactive_tab_background_color=\"#e09900\" _builder_version=\"3.0.85\" tab_font=\"Muli|600||on|||||\" custom_margin=\"||40px|\"]<\/p><p>[et_pb_tab title=\"Documentos\" _builder_version=\"3.0.85\" tab_font=\"||||||||\" body_font=\"Muli||||||||\" use_background_color_gradient=\"off\" background_color_gradient_start=\"#2b87da\" background_color_gradient_end=\"#29c4a9\" background_color_gradient_type=\"linear\" background_color_gradient_direction=\"180deg\" background_color_gradient_direction_radial=\"center\" background_color_gradient_start_position=\"0%\" background_color_gradient_end_position=\"100%\" parallax=\"off\" parallax_method=\"on\" background_size=\"cover\" background_position=\"center\" background_repeat=\"no-repeat\" background_blend=\"normal\" allow_player_pause=\"off\" tab_text_shadow_style=\"none\" tab_text_shadow_color=\"rgba(0,0,0,0.4)\" body_text_shadow_style=\"none\" body_text_shadow_color=\"rgba(0,0,0,0.4)\" \/][et_pb_tab title=\"Noticias\" _builder_version=\"3.0.85\" tab_font=\"||||||||\" body_font=\"||||||||\" use_background_color_gradient=\"off\" background_color_gradient_start=\"#2b87da\" background_color_gradient_end=\"#29c4a9\" background_color_gradient_type=\"linear\" background_color_gradient_direction=\"180deg\" background_color_gradient_direction_radial=\"center\" background_color_gradient_start_position=\"0%\" background_color_gradient_end_position=\"100%\" parallax=\"off\" parallax_method=\"on\" background_size=\"cover\" background_position=\"center\" background_repeat=\"no-repeat\" background_blend=\"normal\" allow_player_pause=\"off\" tab_text_shadow_style=\"none\" tab_text_shadow_color=\"rgba(0,0,0,0.4)\" body_text_shadow_style=\"none\" body_text_shadow_color=\"rgba(0,0,0,0.4)\" \/][et_pb_tab title=\"Fotograf\u00edas\" _builder_version=\"3.0.85\" tab_font=\"Muli||||||||\" body_font=\"||||||||\" custom_padding=\"6px|0px|0px|0px\" custom_padding_tablet=\"6px|0px|0px|0px\" custom_padding_phone=\"6px|0px|0px|0px\" custom_css_main_element=\"margin-top: -8px; padding; 0px;\" use_background_color_gradient=\"off\" background_color_gradient_start=\"#2b87da\" background_color_gradient_end=\"#29c4a9\" background_color_gradient_type=\"linear\" background_color_gradient_direction=\"180deg\" background_color_gradient_direction_radial=\"center\" background_color_gradient_start_position=\"0%\" background_color_gradient_end_position=\"100%\" parallax=\"off\" parallax_method=\"on\" background_size=\"cover\" background_position=\"center\" background_repeat=\"no-repeat\" background_blend=\"normal\" allow_player_pause=\"off\" tab_text_shadow_style=\"none\" tab_text_shadow_color=\"rgba(0,0,0,0.4)\" body_text_shadow_style=\"none\" body_text_shadow_color=\"rgba(0,0,0,0.4)\" \/]<\/p><p>[\/et_pb_tabs][\/et_pb_column][\/et_pb_row][\/et_pb_section]<\/p>","_et_gb_content_width":"","_links_to":"","_links_to_target":""},"categories":[179,185],"tags":[203],"_links":{"self":[{"href":"https:\/\/www.fundacionyuste.org\/en\/wp-json\/wp\/v2\/posts\/211391"}],"collection":[{"href":"https:\/\/www.fundacionyuste.org\/en\/wp-json\/wp\/v2\/posts"}],"about":[{"href":"https:\/\/www.fundacionyuste.org\/en\/wp-json\/wp\/v2\/types\/post"}],"author":[{"embeddable":true,"href":"https:\/\/www.fundacionyuste.org\/en\/wp-json\/wp\/v2\/users\/3"}],"replies":[{"embeddable":true,"href":"https:\/\/www.fundacionyuste.org\/en\/wp-json\/wp\/v2\/comments?post=211391"}],"version-history":[{"count":0,"href":"https:\/\/www.fundacionyuste.org\/en\/wp-json\/wp\/v2\/posts\/211391\/revisions"}],"wp:featuredmedia":[{"embeddable":true,"href":"https:\/\/www.fundacionyuste.org\/en\/wp-json\/wp\/v2\/media\/211605"}],"wp:attachment":[{"href":"https:\/\/www.fundacionyuste.org\/en\/wp-json\/wp\/v2\/media?parent=211391"}],"wp:term":[{"taxonomy":"category","embeddable":true,"href":"https:\/\/www.fundacionyuste.org\/en\/wp-json\/wp\/v2\/categories?post=211391"},{"taxonomy":"post_tag","embeddable":true,"href":"https:\/\/www.fundacionyuste.org\/en\/wp-json\/wp\/v2\/tags?post=211391"}],"curies":[{"name":"wp","href":"https:\/\/api.w.org\/{rel}","templated":true}]}}