{"id":211399,"date":"2018-05-16T08:22:41","date_gmt":"2018-05-16T08:22:41","guid":{"rendered":"https:\/\/www.fundacionyuste.org\/?p=211399"},"modified":"2018-07-26T09:18:43","modified_gmt":"2018-07-26T09:18:43","slug":"conflict-resolution-peace-gender-and-development","status":"publish","type":"post","link":"https:\/\/www.fundacionyuste.org\/en\/conflict-resolution-peace-gender-and-development\/","title":{"rendered":"CONFLICT RESOLUTION, PEACE, GENDER AND DEVELOPMENT"},"content":{"rendered":"<p>[et_pb_section bb_built=&#8221;1&#8243; _builder_version=&#8221;3.0.85&#8243;][et_pb_row _builder_version=&#8221;3.0.47&#8243; background_size=&#8221;initial&#8221; background_position=&#8221;top_left&#8221; background_repeat=&#8221;repeat&#8221;][et_pb_column type=&#8221;1_4&#8243;][et_pb_text admin_label=&#8221;TITULO SECCI\u00d3N&#8221; _builder_version=&#8221;3.0.85&#8243; text_font=&#8221;Muli||||||||&#8221; text_orientation=&#8221;right&#8221; module_alignment=&#8221;right&#8221; custom_padding=&#8221;|20px||&#8221; background_layout=&#8221;light&#8221;]<\/p>\n<h1>ACTIVITIES<\/h1>\n<p>[\/et_pb_text][\/et_pb_column][et_pb_column type=&#8221;3_4&#8243;][et_pb_post_title admin_label=&#8221;T\u00cdTULO DE LA ACTIVIDAD (Autom\u00e1tico)&#8221; meta=&#8221;off&#8221; featured_image=&#8221;off&#8221; _builder_version=&#8221;3.0.85&#8243; title_level=&#8221;h2&#8243; title_font=&#8221;Muli|700||on|||||&#8221; title_font_size=&#8221;20px&#8221; custom_padding=&#8221;6px|||&#8221;]<\/p>\n<p>&nbsp;<\/p>\n<p>[\/et_pb_post_title][\/et_pb_column][\/et_pb_row][et_pb_row _builder_version=&#8221;3.0.47&#8243; background_size=&#8221;initial&#8221; background_position=&#8221;top_left&#8221; background_repeat=&#8221;repeat&#8221;][et_pb_column type=&#8221;1_4&#8243;][et_pb_sidebar admin_label=&#8221;MEN\u00da LATERAL&#8221; area=&#8221;et_pb_widget_area_6&#8243; _builder_version=&#8221;3.0.85&#8243; orientation=&#8221;left&#8221; show_border=&#8221;on&#8221; background_layout=&#8221;light&#8221;]<\/p>\n<p>&nbsp;<\/p>\n<p>[\/et_pb_sidebar][\/et_pb_column][et_pb_column type=&#8221;3_4&#8243;][et_pb_text admin_label=&#8221;CONTENIDO DE LA ACTIVIDAD&#8221; _builder_version=&#8221;3.0.85&#8243; text_font=&#8221;Muli||||||||&#8221; text_text_color=&#8221;#262626&#8243; header_font=&#8221;Muli||||||||&#8221; header_font_size=&#8221;22px&#8221; header_2_font=&#8221;Muli||||||||&#8221; header_3_font=&#8221;Muli||||||||&#8221; header_4_font=&#8221;Muli||||||||&#8221; header_5_font=&#8221;Muli||||||||&#8221; header_6_font=&#8221;Muli||||||||&#8221; background_layout=&#8221;light&#8221;]<\/p>\n<p><strong>From the 11<sup>th<\/sup> to the 13<sup>th<\/sup> of July 2018, at the Royal Monastery of Yuste<\/strong><\/p>\n<p><img decoding=\"async\" loading=\"lazy\" class=\"wp-image-211608 alignleft\" src=\"https:\/\/www.fundacionyuste.org\/wp-content\/uploads\/2018\/05\/CURSO_PGD_2018-300x147.jpg\" alt=\"\" width=\"343\" height=\"168\" srcset=\"https:\/\/www.fundacionyuste.org\/wp-content\/uploads\/2018\/05\/CURSO_PGD_2018-300x147.jpg 300w, https:\/\/www.fundacionyuste.org\/wp-content\/uploads\/2018\/05\/CURSO_PGD_2018-768x377.jpg 768w, https:\/\/www.fundacionyuste.org\/wp-content\/uploads\/2018\/05\/CURSO_PGD_2018-1024x502.jpg 1024w, https:\/\/www.fundacionyuste.org\/wp-content\/uploads\/2018\/05\/CURSO_PGD_2018-1080x530.jpg 1080w\" sizes=\"(max-width: 343px) 100vw, 343px\" \/><\/p>\n<p align=\"justify\">This course will be carried out in collaboration with the University for Peace (UPAZ), located in Costa Rica; it is an academic institution dependant of the United Nations whose aim is to foster the spirit of understanding, tolerance and peaceful coexistence, stimulating cooperation among peoples and to help lessen obstacles and threats to world peace and progress in accordance with the aspirations proclaimed in the Charter of the United Nations.<\/p>\n<p align=\"justify\">Its aim is to ensue the transfer of knowledge and favour the training of professionals at European as well as at Ibero-American level, fostering cooperation spaces between both regional contexts in order to incorporate knowledge and experience of both institutions: the FAEIY, with extensive experience in the European educational field, and the University Institute of Peace, in Latin America, specialised in training on this topic.<\/p>\n<p align=\"justify\">During the three day course, lectures and debate tables will be offered that will tackle, from a global perspective and including local practices, strategies to make progress in the achievement of Sustainable Development Goal 16: \u201cto promote peaceful and inclusive societies and to provide access to justice for all\u201d at European and Ibero-American level.<\/p>\n<p>The topics on discussion are the following:<\/p>\n<ul>\n<li>Strategies to face the threats of global security.<\/li>\n<li>Peace-building in post-conflict settings.<\/li>\n<li>Democratic strengthening and human rights for the promotion of peace.<\/li>\n<li>The gender perspective in global security and the resolution of conflicts.<\/li>\n<li>Negotiation and mediation in conflict management.<\/li>\n<\/ul>\n<h2>DIRECTOR<strong><br \/>\n<\/strong><\/h2>\n<p>Francisco Rojas Aravena. University for Peace<\/p>\n<p>[\/et_pb_text][et_pb_tabs admin_label=&#8221;CONTENIDO EN PESTA\u00d1AS &#8221; active_tab_background_color=&#8221;#368e00&#8243; inactive_tab_background_color=&#8221;#e09900&#8243; _builder_version=&#8221;3.0.85&#8243; tab_font=&#8221;Muli|600||on|||||&#8221; custom_margin=&#8221;||40px|&#8221;] [et_pb_tab title=&#8221;Documents&#8221; _builder_version=&#8221;3.0.85&#8243; tab_font=&#8221;||||||||&#8221; body_font=&#8221;Muli||||||||&#8221; use_background_color_gradient=&#8221;off&#8221; background_color_gradient_start=&#8221;#2b87da&#8221; background_color_gradient_end=&#8221;#29c4a9&#8243; background_color_gradient_type=&#8221;linear&#8221; background_color_gradient_direction=&#8221;180deg&#8221; background_color_gradient_direction_radial=&#8221;center&#8221; background_color_gradient_start_position=&#8221;0%&#8221; background_color_gradient_end_position=&#8221;100%&#8221; parallax=&#8221;off&#8221; parallax_method=&#8221;on&#8221; background_size=&#8221;cover&#8221; background_position=&#8221;center&#8221; background_repeat=&#8221;no-repeat&#8221; background_blend=&#8221;normal&#8221; allow_player_pause=&#8221;off&#8221; tab_text_shadow_style=&#8221;none&#8221; tab_text_shadow_color=&#8221;rgba(0,0,0,0.4)&#8221; body_text_shadow_style=&#8221;none&#8221; body_text_shadow_color=&#8221;rgba(0,0,0,0.4)&#8221;]<\/p>\n<div class=\"et_pb_tab_content\">\n<div class=\"et_pb_tab_content\">\n<div class=\"et_pb_tab_content\">\n<p><img decoding=\"async\" loading=\"lazy\" class=\"wp-image-206700 alignnone\" src=\"https:\/\/www.fundacionyuste.org\/wp-content\/uploads\/2018\/02\/012-file.png\" alt=\"\" width=\"20\" height=\"20\" \/><a href=\"https:\/\/www.fundacionyuste.org\/wp-content\/uploads\/2018\/07\/ProgramaCursoResoluciondeConflictos2018.pdf\" target=\"_blank\" rel=\"noopener\"> PROGRAMME<\/a><\/p>\n<\/div>\n<\/div>\n<p><img decoding=\"async\" loading=\"lazy\" class=\"wp-image-206700 alignnone\" src=\"https:\/\/www.fundacionyuste.org\/wp-content\/uploads\/2018\/02\/012-file.png\" alt=\"\" width=\"20\" height=\"20\" \/> <a href=\"https:\/\/www.fundacionyuste.org\/wp-content\/uploads\/2018\/07\/Resolucion_Ayudas_-Curso_-ResolucionConflictos.pdf\">RESOLUTION OF THE GRANTS PROCEDURE<\/a><\/p>\n<\/div>\n<p>[\/et_pb_tab][et_pb_tab title=&#8221;News&#8221; _builder_version=&#8221;3.0.85&#8243; tab_font=&#8221;||||||||&#8221; body_font=&#8221;||||||||&#8221; use_background_color_gradient=&#8221;off&#8221; background_color_gradient_start=&#8221;#2b87da&#8221; background_color_gradient_end=&#8221;#29c4a9&#8243; background_color_gradient_type=&#8221;linear&#8221; background_color_gradient_direction=&#8221;180deg&#8221; background_color_gradient_direction_radial=&#8221;center&#8221; background_color_gradient_start_position=&#8221;0%&#8221; background_color_gradient_end_position=&#8221;100%&#8221; parallax=&#8221;off&#8221; parallax_method=&#8221;on&#8221; background_size=&#8221;cover&#8221; background_position=&#8221;center&#8221; background_repeat=&#8221;no-repeat&#8221; background_blend=&#8221;normal&#8221; allow_player_pause=&#8221;off&#8221; tab_text_shadow_style=&#8221;none&#8221; tab_text_shadow_color=&#8221;rgba(0,0,0,0.4)&#8221; body_text_shadow_style=&#8221;none&#8221; body_text_shadow_color=&#8221;rgba(0,0,0,0.4)&#8221;]<\/p>\n<blockquote class=\"wp-embedded-content\" data-secret=\"3D4lSIJigP\"><p><a href=\"https:\/\/www.fundacionyuste.org\/en\/yuste-campus-tackles-conflict-resolution-from-a-global-perspective\/\">YUSTE CAMPUS TACKLES CONFLICT RESOLUTION FROM A GLOBAL PERSPECTIVE<\/a><\/p><\/blockquote>\n<p><iframe class=\"wp-embedded-content\" sandbox=\"allow-scripts\" security=\"restricted\" style=\"position: absolute; clip: rect(1px, 1px, 1px, 1px);\" title=\"&#8220;YUSTE CAMPUS TACKLES CONFLICT RESOLUTION FROM A GLOBAL PERSPECTIVE&#8221; &#8212; FUNDACI\u00d3N YUSTE\" src=\"https:\/\/www.fundacionyuste.org\/en\/yuste-campus-tackles-conflict-resolution-from-a-global-perspective\/embed\/#?secret=3D4lSIJigP\" data-secret=\"3D4lSIJigP\" width=\"600\" height=\"338\" frameborder=\"0\" marginwidth=\"0\" marginheight=\"0\" scrolling=\"no\"><\/iframe><\/p>\n<p>[\/et_pb_tab][et_pb_tab title=&#8221;Photographs&#8221; _builder_version=&#8221;3.0.85&#8243; tab_font=&#8221;Muli||||||||&#8221; body_font=&#8221;||||||||&#8221; custom_padding=&#8221;6px|0px|0px|0px&#8221; custom_padding_tablet=&#8221;6px|0px|0px|0px&#8221; custom_padding_phone=&#8221;6px|0px|0px|0px&#8221; custom_css_main_element=&#8221;margin-top: -8px; padding; 0px;&#8221; use_background_color_gradient=&#8221;off&#8221; background_color_gradient_start=&#8221;#2b87da&#8221; background_color_gradient_end=&#8221;#29c4a9&#8243; background_color_gradient_type=&#8221;linear&#8221; background_color_gradient_direction=&#8221;180deg&#8221; background_color_gradient_direction_radial=&#8221;center&#8221; background_color_gradient_start_position=&#8221;0%&#8221; background_color_gradient_end_position=&#8221;100%&#8221; parallax=&#8221;off&#8221; parallax_method=&#8221;on&#8221; background_size=&#8221;cover&#8221; background_position=&#8221;center&#8221; background_repeat=&#8221;no-repeat&#8221; background_blend=&#8221;normal&#8221; allow_player_pause=&#8221;off&#8221; tab_text_shadow_style=&#8221;none&#8221; tab_text_shadow_color=&#8221;rgba(0,0,0,0.4)&#8221; body_text_shadow_style=&#8221;none&#8221; body_text_shadow_color=&#8221;rgba(0,0,0,0.4)&#8221;]<\/p>\n\n\t\t<style type=\"text\/css\">\n\t\t\t#gallery-1 {\n\t\t\t\tmargin: auto;\n\t\t\t}\n\t\t\t#gallery-1 .gallery-item {\n\t\t\t\tfloat: left;\n\t\t\t\tmargin-top: 10px;\n\t\t\t\ttext-align: center;\n\t\t\t\twidth: 20%;\n\t\t\t}\n\t\t\t#gallery-1 img {\n\t\t\t\tborder: 2px solid #cfcfcf;\n\t\t\t}\n\t\t\t#gallery-1 .gallery-caption {\n\t\t\t\tmargin-left: 0;\n\t\t\t}\n\t\t\t\/* see gallery_shortcode() in wp-includes\/media.php *\/\n\t\t<\/style>\n\t\t<div id='gallery-1' class='gallery galleryid-211399 gallery-columns-5 gallery-size-thumbnail'><dl class='gallery-item'>\n\t\t\t<dt class='gallery-icon landscape'>\n\t\t\t\t<a href='https:\/\/www.fundacionyuste.org\/wp-content\/uploads\/2018\/05\/Campus-Yuste-Paz__IMG_8260-1024x683.jpg' title=\"\" data-rl_title=\"\" class=\"rl-gallery-link\" data-rl_caption=\"\" data-rel=\"lightbox-gallery-1\"><img width=\"150\" height=\"150\" src=\"https:\/\/www.fundacionyuste.org\/wp-content\/uploads\/2018\/05\/Campus-Yuste-Paz__IMG_8260-150x150.jpg\" class=\"attachment-thumbnail size-thumbnail\" alt=\"\" decoding=\"async\" loading=\"lazy\" srcset=\"https:\/\/www.fundacionyuste.org\/wp-content\/uploads\/2018\/05\/Campus-Yuste-Paz__IMG_8260-150x150.jpg 150w, https:\/\/www.fundacionyuste.org\/wp-content\/uploads\/2018\/05\/Campus-Yuste-Paz__IMG_8260-440x440.jpg 440w\" sizes=\"(max-width: 150px) 100vw, 150px\" \/><\/a>\n\t\t\t<\/dt><\/dl><dl class='gallery-item'>\n\t\t\t<dt class='gallery-icon landscape'>\n\t\t\t\t<a href='https:\/\/www.fundacionyuste.org\/wp-content\/uploads\/2018\/05\/Campus-Yuste-Paz__IMG_8280-1024x683.jpg' title=\"\" data-rl_title=\"\" class=\"rl-gallery-link\" data-rl_caption=\"\" data-rel=\"lightbox-gallery-1\"><img width=\"150\" height=\"150\" src=\"https:\/\/www.fundacionyuste.org\/wp-content\/uploads\/2018\/05\/Campus-Yuste-Paz__IMG_8280-150x150.jpg\" class=\"attachment-thumbnail size-thumbnail\" alt=\"\" decoding=\"async\" loading=\"lazy\" srcset=\"https:\/\/www.fundacionyuste.org\/wp-content\/uploads\/2018\/05\/Campus-Yuste-Paz__IMG_8280-150x150.jpg 150w, https:\/\/www.fundacionyuste.org\/wp-content\/uploads\/2018\/05\/Campus-Yuste-Paz__IMG_8280-440x440.jpg 440w\" sizes=\"(max-width: 150px) 100vw, 150px\" \/><\/a>\n\t\t\t<\/dt><\/dl><dl class='gallery-item'>\n\t\t\t<dt class='gallery-icon landscape'>\n\t\t\t\t<a href='https:\/\/www.fundacionyuste.org\/wp-content\/uploads\/2018\/05\/Campus-Yuste-Paz__IMG_8304-1024x683.jpg' title=\"\" data-rl_title=\"\" class=\"rl-gallery-link\" data-rl_caption=\"\" data-rel=\"lightbox-gallery-1\"><img width=\"150\" height=\"150\" src=\"https:\/\/www.fundacionyuste.org\/wp-content\/uploads\/2018\/05\/Campus-Yuste-Paz__IMG_8304-150x150.jpg\" class=\"attachment-thumbnail size-thumbnail\" alt=\"\" decoding=\"async\" loading=\"lazy\" srcset=\"https:\/\/www.fundacionyuste.org\/wp-content\/uploads\/2018\/05\/Campus-Yuste-Paz__IMG_8304-150x150.jpg 150w, https:\/\/www.fundacionyuste.org\/wp-content\/uploads\/2018\/05\/Campus-Yuste-Paz__IMG_8304-440x440.jpg 440w\" sizes=\"(max-width: 150px) 100vw, 150px\" \/><\/a>\n\t\t\t<\/dt><\/dl><dl class='gallery-item'>\n\t\t\t<dt class='gallery-icon landscape'>\n\t\t\t\t<a href='https:\/\/www.fundacionyuste.org\/wp-content\/uploads\/2018\/05\/Campus-Yuste-Paz__IMG_8320-1024x683.jpg' title=\"\" data-rl_title=\"\" class=\"rl-gallery-link\" data-rl_caption=\"\" data-rel=\"lightbox-gallery-1\"><img width=\"150\" height=\"150\" src=\"https:\/\/www.fundacionyuste.org\/wp-content\/uploads\/2018\/05\/Campus-Yuste-Paz__IMG_8320-150x150.jpg\" class=\"attachment-thumbnail size-thumbnail\" alt=\"\" decoding=\"async\" loading=\"lazy\" srcset=\"https:\/\/www.fundacionyuste.org\/wp-content\/uploads\/2018\/05\/Campus-Yuste-Paz__IMG_8320-150x150.jpg 150w, https:\/\/www.fundacionyuste.org\/wp-content\/uploads\/2018\/05\/Campus-Yuste-Paz__IMG_8320-440x440.jpg 440w\" sizes=\"(max-width: 150px) 100vw, 150px\" \/><\/a>\n\t\t\t<\/dt><\/dl><dl class='gallery-item'>\n\t\t\t<dt class='gallery-icon landscape'>\n\t\t\t\t<a href='https:\/\/www.fundacionyuste.org\/wp-content\/uploads\/2018\/05\/Campus-Yuste-Paz__IMG_8326-1024x683.jpg' title=\"\" data-rl_title=\"\" class=\"rl-gallery-link\" data-rl_caption=\"\" data-rel=\"lightbox-gallery-1\"><img width=\"150\" height=\"150\" src=\"https:\/\/www.fundacionyuste.org\/wp-content\/uploads\/2018\/05\/Campus-Yuste-Paz__IMG_8326-150x150.jpg\" class=\"attachment-thumbnail size-thumbnail\" alt=\"\" decoding=\"async\" loading=\"lazy\" srcset=\"https:\/\/www.fundacionyuste.org\/wp-content\/uploads\/2018\/05\/Campus-Yuste-Paz__IMG_8326-150x150.jpg 150w, https:\/\/www.fundacionyuste.org\/wp-content\/uploads\/2018\/05\/Campus-Yuste-Paz__IMG_8326-440x440.jpg 440w\" sizes=\"(max-width: 150px) 100vw, 150px\" \/><\/a>\n\t\t\t<\/dt><\/dl><br style=\"clear: both\" \/><dl class='gallery-item'>\n\t\t\t<dt class='gallery-icon landscape'>\n\t\t\t\t<a href='https:\/\/www.fundacionyuste.org\/wp-content\/uploads\/2018\/05\/Campus-Yuste-Paz__IMG_8336-1024x683.jpg' title=\"\" data-rl_title=\"\" class=\"rl-gallery-link\" data-rl_caption=\"\" data-rel=\"lightbox-gallery-1\"><img width=\"150\" height=\"150\" src=\"https:\/\/www.fundacionyuste.org\/wp-content\/uploads\/2018\/05\/Campus-Yuste-Paz__IMG_8336-150x150.jpg\" class=\"attachment-thumbnail size-thumbnail\" alt=\"\" decoding=\"async\" loading=\"lazy\" srcset=\"https:\/\/www.fundacionyuste.org\/wp-content\/uploads\/2018\/05\/Campus-Yuste-Paz__IMG_8336-150x150.jpg 150w, https:\/\/www.fundacionyuste.org\/wp-content\/uploads\/2018\/05\/Campus-Yuste-Paz__IMG_8336-440x440.jpg 440w\" sizes=\"(max-width: 150px) 100vw, 150px\" \/><\/a>\n\t\t\t<\/dt><\/dl><dl class='gallery-item'>\n\t\t\t<dt class='gallery-icon landscape'>\n\t\t\t\t<a href='https:\/\/www.fundacionyuste.org\/wp-content\/uploads\/2018\/05\/Campus-Yuste-Paz__IMG_8338-1024x683.jpg' title=\"\" data-rl_title=\"\" class=\"rl-gallery-link\" data-rl_caption=\"\" data-rel=\"lightbox-gallery-1\"><img width=\"150\" height=\"150\" src=\"https:\/\/www.fundacionyuste.org\/wp-content\/uploads\/2018\/05\/Campus-Yuste-Paz__IMG_8338-150x150.jpg\" class=\"attachment-thumbnail size-thumbnail\" alt=\"\" decoding=\"async\" loading=\"lazy\" srcset=\"https:\/\/www.fundacionyuste.org\/wp-content\/uploads\/2018\/05\/Campus-Yuste-Paz__IMG_8338-150x150.jpg 150w, https:\/\/www.fundacionyuste.org\/wp-content\/uploads\/2018\/05\/Campus-Yuste-Paz__IMG_8338-440x440.jpg 440w\" sizes=\"(max-width: 150px) 100vw, 150px\" \/><\/a>\n\t\t\t<\/dt><\/dl><dl class='gallery-item'>\n\t\t\t<dt class='gallery-icon landscape'>\n\t\t\t\t<a href='https:\/\/www.fundacionyuste.org\/wp-content\/uploads\/2018\/05\/Campus-Yuste-Paz__IMG_8359-1024x683.jpg' title=\"\" data-rl_title=\"\" class=\"rl-gallery-link\" data-rl_caption=\"\" data-rel=\"lightbox-gallery-1\"><img width=\"150\" height=\"150\" src=\"https:\/\/www.fundacionyuste.org\/wp-content\/uploads\/2018\/05\/Campus-Yuste-Paz__IMG_8359-150x150.jpg\" class=\"attachment-thumbnail size-thumbnail\" alt=\"\" decoding=\"async\" loading=\"lazy\" srcset=\"https:\/\/www.fundacionyuste.org\/wp-content\/uploads\/2018\/05\/Campus-Yuste-Paz__IMG_8359-150x150.jpg 150w, https:\/\/www.fundacionyuste.org\/wp-content\/uploads\/2018\/05\/Campus-Yuste-Paz__IMG_8359-440x440.jpg 440w\" sizes=\"(max-width: 150px) 100vw, 150px\" \/><\/a>\n\t\t\t<\/dt><\/dl><dl class='gallery-item'>\n\t\t\t<dt class='gallery-icon landscape'>\n\t\t\t\t<a href='https:\/\/www.fundacionyuste.org\/wp-content\/uploads\/2018\/05\/Campus-Yuste-Paz__IMG_8376-2-1024x683.jpg' title=\"\" data-rl_title=\"\" class=\"rl-gallery-link\" data-rl_caption=\"\" data-rel=\"lightbox-gallery-1\"><img width=\"150\" height=\"150\" src=\"https:\/\/www.fundacionyuste.org\/wp-content\/uploads\/2018\/05\/Campus-Yuste-Paz__IMG_8376-2-150x150.jpg\" class=\"attachment-thumbnail size-thumbnail\" alt=\"\" decoding=\"async\" loading=\"lazy\" srcset=\"https:\/\/www.fundacionyuste.org\/wp-content\/uploads\/2018\/05\/Campus-Yuste-Paz__IMG_8376-2-150x150.jpg 150w, https:\/\/www.fundacionyuste.org\/wp-content\/uploads\/2018\/05\/Campus-Yuste-Paz__IMG_8376-2-440x440.jpg 440w\" sizes=\"(max-width: 150px) 100vw, 150px\" \/><\/a>\n\t\t\t<\/dt><\/dl><dl class='gallery-item'>\n\t\t\t<dt class='gallery-icon landscape'>\n\t\t\t\t<a href='https:\/\/www.fundacionyuste.org\/wp-content\/uploads\/2018\/05\/Campus-Yuste-Paz__IMG_8380-2-1024x683.jpg' title=\"\" data-rl_title=\"\" class=\"rl-gallery-link\" data-rl_caption=\"\" data-rel=\"lightbox-gallery-1\"><img width=\"150\" height=\"150\" src=\"https:\/\/www.fundacionyuste.org\/wp-content\/uploads\/2018\/05\/Campus-Yuste-Paz__IMG_8380-2-150x150.jpg\" class=\"attachment-thumbnail size-thumbnail\" alt=\"\" decoding=\"async\" loading=\"lazy\" srcset=\"https:\/\/www.fundacionyuste.org\/wp-content\/uploads\/2018\/05\/Campus-Yuste-Paz__IMG_8380-2-150x150.jpg 150w, https:\/\/www.fundacionyuste.org\/wp-content\/uploads\/2018\/05\/Campus-Yuste-Paz__IMG_8380-2-440x440.jpg 440w\" sizes=\"(max-width: 150px) 100vw, 150px\" \/><\/a>\n\t\t\t<\/dt><\/dl><br style=\"clear: both\" \/><dl class='gallery-item'>\n\t\t\t<dt class='gallery-icon landscape'>\n\t\t\t\t<a href='https:\/\/www.fundacionyuste.org\/wp-content\/uploads\/2018\/05\/Campus-Yuste-Paz__IMG_8381-1024x683.jpg' title=\"\" data-rl_title=\"\" class=\"rl-gallery-link\" data-rl_caption=\"\" data-rel=\"lightbox-gallery-1\"><img width=\"150\" height=\"150\" src=\"https:\/\/www.fundacionyuste.org\/wp-content\/uploads\/2018\/05\/Campus-Yuste-Paz__IMG_8381-150x150.jpg\" class=\"attachment-thumbnail size-thumbnail\" alt=\"\" decoding=\"async\" loading=\"lazy\" srcset=\"https:\/\/www.fundacionyuste.org\/wp-content\/uploads\/2018\/05\/Campus-Yuste-Paz__IMG_8381-150x150.jpg 150w, https:\/\/www.fundacionyuste.org\/wp-content\/uploads\/2018\/05\/Campus-Yuste-Paz__IMG_8381-440x440.jpg 440w\" sizes=\"(max-width: 150px) 100vw, 150px\" \/><\/a>\n\t\t\t<\/dt><\/dl><dl class='gallery-item'>\n\t\t\t<dt class='gallery-icon landscape'>\n\t\t\t\t<a href='https:\/\/www.fundacionyuste.org\/wp-content\/uploads\/2018\/05\/Campus-Yuste-Paz__IMG_8390-1024x540.jpg' title=\"\" data-rl_title=\"\" class=\"rl-gallery-link\" data-rl_caption=\"\" data-rel=\"lightbox-gallery-1\"><img width=\"150\" height=\"150\" src=\"https:\/\/www.fundacionyuste.org\/wp-content\/uploads\/2018\/05\/Campus-Yuste-Paz__IMG_8390-150x150.jpg\" class=\"attachment-thumbnail size-thumbnail\" alt=\"\" decoding=\"async\" loading=\"lazy\" srcset=\"https:\/\/www.fundacionyuste.org\/wp-content\/uploads\/2018\/05\/Campus-Yuste-Paz__IMG_8390-150x150.jpg 150w, https:\/\/www.fundacionyuste.org\/wp-content\/uploads\/2018\/05\/Campus-Yuste-Paz__IMG_8390-440x440.jpg 440w\" sizes=\"(max-width: 150px) 100vw, 150px\" \/><\/a>\n\t\t\t<\/dt><\/dl><dl class='gallery-item'>\n\t\t\t<dt class='gallery-icon landscape'>\n\t\t\t\t<a href='https:\/\/www.fundacionyuste.org\/wp-content\/uploads\/2018\/05\/Campus-Yuste-Paz__IMG_8401-1024x683.jpg' title=\"\" data-rl_title=\"\" class=\"rl-gallery-link\" data-rl_caption=\"\" data-rel=\"lightbox-gallery-1\"><img width=\"150\" height=\"150\" src=\"https:\/\/www.fundacionyuste.org\/wp-content\/uploads\/2018\/05\/Campus-Yuste-Paz__IMG_8401-150x150.jpg\" class=\"attachment-thumbnail size-thumbnail\" alt=\"\" decoding=\"async\" loading=\"lazy\" srcset=\"https:\/\/www.fundacionyuste.org\/wp-content\/uploads\/2018\/05\/Campus-Yuste-Paz__IMG_8401-150x150.jpg 150w, https:\/\/www.fundacionyuste.org\/wp-content\/uploads\/2018\/05\/Campus-Yuste-Paz__IMG_8401-440x440.jpg 440w\" sizes=\"(max-width: 150px) 100vw, 150px\" \/><\/a>\n\t\t\t<\/dt><\/dl><dl class='gallery-item'>\n\t\t\t<dt class='gallery-icon landscape'>\n\t\t\t\t<a href='https:\/\/www.fundacionyuste.org\/wp-content\/uploads\/2018\/05\/Campus-Yuste-Paz__IMG_8444-1024x683.jpg' title=\"\" data-rl_title=\"\" class=\"rl-gallery-link\" data-rl_caption=\"\" data-rel=\"lightbox-gallery-1\"><img width=\"150\" height=\"150\" src=\"https:\/\/www.fundacionyuste.org\/wp-content\/uploads\/2018\/05\/Campus-Yuste-Paz__IMG_8444-150x150.jpg\" class=\"attachment-thumbnail size-thumbnail\" alt=\"\" decoding=\"async\" loading=\"lazy\" srcset=\"https:\/\/www.fundacionyuste.org\/wp-content\/uploads\/2018\/05\/Campus-Yuste-Paz__IMG_8444-150x150.jpg 150w, https:\/\/www.fundacionyuste.org\/wp-content\/uploads\/2018\/05\/Campus-Yuste-Paz__IMG_8444-440x440.jpg 440w\" sizes=\"(max-width: 150px) 100vw, 150px\" \/><\/a>\n\t\t\t<\/dt><\/dl><dl class='gallery-item'>\n\t\t\t<dt class='gallery-icon landscape'>\n\t\t\t\t<a href='https:\/\/www.fundacionyuste.org\/wp-content\/uploads\/2018\/05\/Campus-Yuste-Paz__IMG_8446-1024x683.jpg' title=\"\" data-rl_title=\"\" class=\"rl-gallery-link\" data-rl_caption=\"\" data-rel=\"lightbox-gallery-1\"><img width=\"150\" height=\"150\" src=\"https:\/\/www.fundacionyuste.org\/wp-content\/uploads\/2018\/05\/Campus-Yuste-Paz__IMG_8446-150x150.jpg\" class=\"attachment-thumbnail size-thumbnail\" alt=\"\" decoding=\"async\" loading=\"lazy\" srcset=\"https:\/\/www.fundacionyuste.org\/wp-content\/uploads\/2018\/05\/Campus-Yuste-Paz__IMG_8446-150x150.jpg 150w, https:\/\/www.fundacionyuste.org\/wp-content\/uploads\/2018\/05\/Campus-Yuste-Paz__IMG_8446-440x440.jpg 440w\" sizes=\"(max-width: 150px) 100vw, 150px\" \/><\/a>\n\t\t\t<\/dt><\/dl><br style=\"clear: both\" \/><dl class='gallery-item'>\n\t\t\t<dt class='gallery-icon landscape'>\n\t\t\t\t<a href='https:\/\/www.fundacionyuste.org\/wp-content\/uploads\/2018\/05\/Campus-Yuste-Paz__IMG_8449-1024x683.jpg' title=\"\" data-rl_title=\"\" class=\"rl-gallery-link\" data-rl_caption=\"\" data-rel=\"lightbox-gallery-1\"><img width=\"150\" height=\"150\" src=\"https:\/\/www.fundacionyuste.org\/wp-content\/uploads\/2018\/05\/Campus-Yuste-Paz__IMG_8449-150x150.jpg\" class=\"attachment-thumbnail size-thumbnail\" alt=\"\" decoding=\"async\" loading=\"lazy\" srcset=\"https:\/\/www.fundacionyuste.org\/wp-content\/uploads\/2018\/05\/Campus-Yuste-Paz__IMG_8449-150x150.jpg 150w, https:\/\/www.fundacionyuste.org\/wp-content\/uploads\/2018\/05\/Campus-Yuste-Paz__IMG_8449-440x440.jpg 440w\" sizes=\"(max-width: 150px) 100vw, 150px\" \/><\/a>\n\t\t\t<\/dt><\/dl><dl class='gallery-item'>\n\t\t\t<dt class='gallery-icon landscape'>\n\t\t\t\t<a href='https:\/\/www.fundacionyuste.org\/wp-content\/uploads\/2018\/05\/Campus-Yuste-Paz__IMG_8460-1024x683.jpg' title=\"\" data-rl_title=\"\" class=\"rl-gallery-link\" data-rl_caption=\"\" data-rel=\"lightbox-gallery-1\"><img width=\"150\" height=\"150\" src=\"https:\/\/www.fundacionyuste.org\/wp-content\/uploads\/2018\/05\/Campus-Yuste-Paz__IMG_8460-150x150.jpg\" class=\"attachment-thumbnail size-thumbnail\" alt=\"\" decoding=\"async\" loading=\"lazy\" srcset=\"https:\/\/www.fundacionyuste.org\/wp-content\/uploads\/2018\/05\/Campus-Yuste-Paz__IMG_8460-150x150.jpg 150w, https:\/\/www.fundacionyuste.org\/wp-content\/uploads\/2018\/05\/Campus-Yuste-Paz__IMG_8460-440x440.jpg 440w\" sizes=\"(max-width: 150px) 100vw, 150px\" \/><\/a>\n\t\t\t<\/dt><\/dl><dl class='gallery-item'>\n\t\t\t<dt class='gallery-icon landscape'>\n\t\t\t\t<a href='https:\/\/www.fundacionyuste.org\/wp-content\/uploads\/2018\/05\/Campus-Yuste-Paz__IMG_8478-1024x683.jpg' title=\"\" data-rl_title=\"\" class=\"rl-gallery-link\" data-rl_caption=\"\" data-rel=\"lightbox-gallery-1\"><img width=\"150\" height=\"150\" src=\"https:\/\/www.fundacionyuste.org\/wp-content\/uploads\/2018\/05\/Campus-Yuste-Paz__IMG_8478-150x150.jpg\" class=\"attachment-thumbnail size-thumbnail\" alt=\"\" decoding=\"async\" loading=\"lazy\" srcset=\"https:\/\/www.fundacionyuste.org\/wp-content\/uploads\/2018\/05\/Campus-Yuste-Paz__IMG_8478-150x150.jpg 150w, https:\/\/www.fundacionyuste.org\/wp-content\/uploads\/2018\/05\/Campus-Yuste-Paz__IMG_8478-440x440.jpg 440w\" sizes=\"(max-width: 150px) 100vw, 150px\" \/><\/a>\n\t\t\t<\/dt><\/dl><dl class='gallery-item'>\n\t\t\t<dt class='gallery-icon landscape'>\n\t\t\t\t<a href='https:\/\/www.fundacionyuste.org\/wp-content\/uploads\/2018\/05\/Campus-Yuste-Paz__IMG_8490-1024x683.jpg' title=\"\" data-rl_title=\"\" class=\"rl-gallery-link\" data-rl_caption=\"\" data-rel=\"lightbox-gallery-1\"><img width=\"150\" height=\"150\" src=\"https:\/\/www.fundacionyuste.org\/wp-content\/uploads\/2018\/05\/Campus-Yuste-Paz__IMG_8490-150x150.jpg\" class=\"attachment-thumbnail size-thumbnail\" alt=\"\" decoding=\"async\" loading=\"lazy\" srcset=\"https:\/\/www.fundacionyuste.org\/wp-content\/uploads\/2018\/05\/Campus-Yuste-Paz__IMG_8490-150x150.jpg 150w, https:\/\/www.fundacionyuste.org\/wp-content\/uploads\/2018\/05\/Campus-Yuste-Paz__IMG_8490-440x440.jpg 440w\" sizes=\"(max-width: 150px) 100vw, 150px\" \/><\/a>\n\t\t\t<\/dt><\/dl><dl class='gallery-item'>\n\t\t\t<dt class='gallery-icon landscape'>\n\t\t\t\t<a href='https:\/\/www.fundacionyuste.org\/wp-content\/uploads\/2018\/05\/Campus-Yuste-Paz__IMG_8494-1024x683.jpg' title=\"\" data-rl_title=\"\" class=\"rl-gallery-link\" data-rl_caption=\"\" data-rel=\"lightbox-gallery-1\"><img width=\"150\" height=\"150\" src=\"https:\/\/www.fundacionyuste.org\/wp-content\/uploads\/2018\/05\/Campus-Yuste-Paz__IMG_8494-150x150.jpg\" class=\"attachment-thumbnail size-thumbnail\" alt=\"\" decoding=\"async\" loading=\"lazy\" srcset=\"https:\/\/www.fundacionyuste.org\/wp-content\/uploads\/2018\/05\/Campus-Yuste-Paz__IMG_8494-150x150.jpg 150w, https:\/\/www.fundacionyuste.org\/wp-content\/uploads\/2018\/05\/Campus-Yuste-Paz__IMG_8494-440x440.jpg 440w\" sizes=\"(max-width: 150px) 100vw, 150px\" \/><\/a>\n\t\t\t<\/dt><\/dl><br style=\"clear: both\" \/><dl class='gallery-item'>\n\t\t\t<dt class='gallery-icon landscape'>\n\t\t\t\t<a href='https:\/\/www.fundacionyuste.org\/wp-content\/uploads\/2018\/05\/Campus-Yuste-Paz__IMG_8508-1024x683.jpg' title=\"\" data-rl_title=\"\" class=\"rl-gallery-link\" data-rl_caption=\"\" data-rel=\"lightbox-gallery-1\"><img width=\"150\" height=\"150\" src=\"https:\/\/www.fundacionyuste.org\/wp-content\/uploads\/2018\/05\/Campus-Yuste-Paz__IMG_8508-150x150.jpg\" class=\"attachment-thumbnail size-thumbnail\" alt=\"\" decoding=\"async\" loading=\"lazy\" srcset=\"https:\/\/www.fundacionyuste.org\/wp-content\/uploads\/2018\/05\/Campus-Yuste-Paz__IMG_8508-150x150.jpg 150w, https:\/\/www.fundacionyuste.org\/wp-content\/uploads\/2018\/05\/Campus-Yuste-Paz__IMG_8508-440x440.jpg 440w\" sizes=\"(max-width: 150px) 100vw, 150px\" \/><\/a>\n\t\t\t<\/dt><\/dl><dl class='gallery-item'>\n\t\t\t<dt class='gallery-icon landscape'>\n\t\t\t\t<a href='https:\/\/www.fundacionyuste.org\/wp-content\/uploads\/2018\/05\/Campus-Yuste-Paz__IMG_8512-1024x683.jpg' title=\"\" data-rl_title=\"\" class=\"rl-gallery-link\" data-rl_caption=\"\" data-rel=\"lightbox-gallery-1\"><img width=\"150\" height=\"150\" src=\"https:\/\/www.fundacionyuste.org\/wp-content\/uploads\/2018\/05\/Campus-Yuste-Paz__IMG_8512-150x150.jpg\" class=\"attachment-thumbnail size-thumbnail\" alt=\"\" decoding=\"async\" loading=\"lazy\" srcset=\"https:\/\/www.fundacionyuste.org\/wp-content\/uploads\/2018\/05\/Campus-Yuste-Paz__IMG_8512-150x150.jpg 150w, https:\/\/www.fundacionyuste.org\/wp-content\/uploads\/2018\/05\/Campus-Yuste-Paz__IMG_8512-440x440.jpg 440w\" sizes=\"(max-width: 150px) 100vw, 150px\" \/><\/a>\n\t\t\t<\/dt><\/dl><dl class='gallery-item'>\n\t\t\t<dt class='gallery-icon landscape'>\n\t\t\t\t<a href='https:\/\/www.fundacionyuste.org\/wp-content\/uploads\/2018\/05\/Campus-Yuste-Paz__IMG_8513-1024x683.jpg' title=\"\" data-rl_title=\"\" class=\"rl-gallery-link\" data-rl_caption=\"\" data-rel=\"lightbox-gallery-1\"><img width=\"150\" height=\"150\" src=\"https:\/\/www.fundacionyuste.org\/wp-content\/uploads\/2018\/05\/Campus-Yuste-Paz__IMG_8513-150x150.jpg\" class=\"attachment-thumbnail size-thumbnail\" alt=\"\" decoding=\"async\" loading=\"lazy\" srcset=\"https:\/\/www.fundacionyuste.org\/wp-content\/uploads\/2018\/05\/Campus-Yuste-Paz__IMG_8513-150x150.jpg 150w, https:\/\/www.fundacionyuste.org\/wp-content\/uploads\/2018\/05\/Campus-Yuste-Paz__IMG_8513-440x440.jpg 440w\" sizes=\"(max-width: 150px) 100vw, 150px\" \/><\/a>\n\t\t\t<\/dt><\/dl><dl class='gallery-item'>\n\t\t\t<dt class='gallery-icon landscape'>\n\t\t\t\t<a href='https:\/\/www.fundacionyuste.org\/wp-content\/uploads\/2018\/05\/Campus-Yuste-Paz__IMG_8518-1024x683.jpg' title=\"\" data-rl_title=\"\" class=\"rl-gallery-link\" data-rl_caption=\"\" data-rel=\"lightbox-gallery-1\"><img width=\"150\" height=\"150\" src=\"https:\/\/www.fundacionyuste.org\/wp-content\/uploads\/2018\/05\/Campus-Yuste-Paz__IMG_8518-150x150.jpg\" class=\"attachment-thumbnail size-thumbnail\" alt=\"\" decoding=\"async\" loading=\"lazy\" srcset=\"https:\/\/www.fundacionyuste.org\/wp-content\/uploads\/2018\/05\/Campus-Yuste-Paz__IMG_8518-150x150.jpg 150w, https:\/\/www.fundacionyuste.org\/wp-content\/uploads\/2018\/05\/Campus-Yuste-Paz__IMG_8518-440x440.jpg 440w\" sizes=\"(max-width: 150px) 100vw, 150px\" \/><\/a>\n\t\t\t<\/dt><\/dl><dl class='gallery-item'>\n\t\t\t<dt class='gallery-icon landscape'>\n\t\t\t\t<a href='https:\/\/www.fundacionyuste.org\/wp-content\/uploads\/2018\/05\/Campus-Yuste-Paz__IMG_8521-1024x683.jpg' title=\"\" data-rl_title=\"\" class=\"rl-gallery-link\" data-rl_caption=\"\" data-rel=\"lightbox-gallery-1\"><img width=\"150\" height=\"150\" src=\"https:\/\/www.fundacionyuste.org\/wp-content\/uploads\/2018\/05\/Campus-Yuste-Paz__IMG_8521-150x150.jpg\" class=\"attachment-thumbnail size-thumbnail\" alt=\"\" decoding=\"async\" loading=\"lazy\" srcset=\"https:\/\/www.fundacionyuste.org\/wp-content\/uploads\/2018\/05\/Campus-Yuste-Paz__IMG_8521-150x150.jpg 150w, https:\/\/www.fundacionyuste.org\/wp-content\/uploads\/2018\/05\/Campus-Yuste-Paz__IMG_8521-440x440.jpg 440w\" sizes=\"(max-width: 150px) 100vw, 150px\" \/><\/a>\n\t\t\t<\/dt><\/dl><br style=\"clear: both\" \/><dl class='gallery-item'>\n\t\t\t<dt class='gallery-icon landscape'>\n\t\t\t\t<a href='https:\/\/www.fundacionyuste.org\/wp-content\/uploads\/2018\/05\/Campus-Yuste-Paz__IMG_8527-1024x683.jpg' title=\"\" data-rl_title=\"\" class=\"rl-gallery-link\" data-rl_caption=\"\" data-rel=\"lightbox-gallery-1\"><img width=\"150\" height=\"150\" src=\"https:\/\/www.fundacionyuste.org\/wp-content\/uploads\/2018\/05\/Campus-Yuste-Paz__IMG_8527-150x150.jpg\" class=\"attachment-thumbnail size-thumbnail\" alt=\"\" decoding=\"async\" loading=\"lazy\" srcset=\"https:\/\/www.fundacionyuste.org\/wp-content\/uploads\/2018\/05\/Campus-Yuste-Paz__IMG_8527-150x150.jpg 150w, https:\/\/www.fundacionyuste.org\/wp-content\/uploads\/2018\/05\/Campus-Yuste-Paz__IMG_8527-440x440.jpg 440w\" sizes=\"(max-width: 150px) 100vw, 150px\" \/><\/a>\n\t\t\t<\/dt><\/dl><dl class='gallery-item'>\n\t\t\t<dt class='gallery-icon landscape'>\n\t\t\t\t<a href='https:\/\/www.fundacionyuste.org\/wp-content\/uploads\/2018\/05\/Campus-Yuste-Paz__IMG_8529-1024x683.jpg' title=\"\" data-rl_title=\"\" class=\"rl-gallery-link\" data-rl_caption=\"\" data-rel=\"lightbox-gallery-1\"><img width=\"150\" height=\"150\" src=\"https:\/\/www.fundacionyuste.org\/wp-content\/uploads\/2018\/05\/Campus-Yuste-Paz__IMG_8529-150x150.jpg\" class=\"attachment-thumbnail size-thumbnail\" alt=\"\" decoding=\"async\" loading=\"lazy\" srcset=\"https:\/\/www.fundacionyuste.org\/wp-content\/uploads\/2018\/05\/Campus-Yuste-Paz__IMG_8529-150x150.jpg 150w, https:\/\/www.fundacionyuste.org\/wp-content\/uploads\/2018\/05\/Campus-Yuste-Paz__IMG_8529-440x440.jpg 440w\" sizes=\"(max-width: 150px) 100vw, 150px\" \/><\/a>\n\t\t\t<\/dt><\/dl><dl class='gallery-item'>\n\t\t\t<dt class='gallery-icon landscape'>\n\t\t\t\t<a href='https:\/\/www.fundacionyuste.org\/wp-content\/uploads\/2018\/05\/Campus-Yuste-Paz__IMG_8532-1024x683.jpg' title=\"\" data-rl_title=\"\" class=\"rl-gallery-link\" data-rl_caption=\"\" data-rel=\"lightbox-gallery-1\"><img width=\"150\" height=\"150\" src=\"https:\/\/www.fundacionyuste.org\/wp-content\/uploads\/2018\/05\/Campus-Yuste-Paz__IMG_8532-150x150.jpg\" class=\"attachment-thumbnail size-thumbnail\" alt=\"\" decoding=\"async\" loading=\"lazy\" srcset=\"https:\/\/www.fundacionyuste.org\/wp-content\/uploads\/2018\/05\/Campus-Yuste-Paz__IMG_8532-150x150.jpg 150w, https:\/\/www.fundacionyuste.org\/wp-content\/uploads\/2018\/05\/Campus-Yuste-Paz__IMG_8532-440x440.jpg 440w\" sizes=\"(max-width: 150px) 100vw, 150px\" \/><\/a>\n\t\t\t<\/dt><\/dl><dl class='gallery-item'>\n\t\t\t<dt class='gallery-icon landscape'>\n\t\t\t\t<a href='https:\/\/www.fundacionyuste.org\/wp-content\/uploads\/2018\/05\/Campus-Yuste-Paz__IMG_8556-1024x683.jpg' title=\"\" data-rl_title=\"\" class=\"rl-gallery-link\" data-rl_caption=\"\" data-rel=\"lightbox-gallery-1\"><img width=\"150\" height=\"150\" src=\"https:\/\/www.fundacionyuste.org\/wp-content\/uploads\/2018\/05\/Campus-Yuste-Paz__IMG_8556-150x150.jpg\" class=\"attachment-thumbnail size-thumbnail\" alt=\"\" decoding=\"async\" loading=\"lazy\" srcset=\"https:\/\/www.fundacionyuste.org\/wp-content\/uploads\/2018\/05\/Campus-Yuste-Paz__IMG_8556-150x150.jpg 150w, https:\/\/www.fundacionyuste.org\/wp-content\/uploads\/2018\/05\/Campus-Yuste-Paz__IMG_8556-440x440.jpg 440w\" sizes=\"(max-width: 150px) 100vw, 150px\" \/><\/a>\n\t\t\t<\/dt><\/dl><dl class='gallery-item'>\n\t\t\t<dt class='gallery-icon landscape'>\n\t\t\t\t<a href='https:\/\/www.fundacionyuste.org\/wp-content\/uploads\/2018\/05\/Campus-Yuste-Paz__IMG_8561-1024x683.jpg' title=\"\" data-rl_title=\"\" class=\"rl-gallery-link\" data-rl_caption=\"\" data-rel=\"lightbox-gallery-1\"><img width=\"150\" height=\"150\" src=\"https:\/\/www.fundacionyuste.org\/wp-content\/uploads\/2018\/05\/Campus-Yuste-Paz__IMG_8561-150x150.jpg\" class=\"attachment-thumbnail size-thumbnail\" alt=\"\" decoding=\"async\" loading=\"lazy\" srcset=\"https:\/\/www.fundacionyuste.org\/wp-content\/uploads\/2018\/05\/Campus-Yuste-Paz__IMG_8561-150x150.jpg 150w, https:\/\/www.fundacionyuste.org\/wp-content\/uploads\/2018\/05\/Campus-Yuste-Paz__IMG_8561-440x440.jpg 440w\" sizes=\"(max-width: 150px) 100vw, 150px\" \/><\/a>\n\t\t\t<\/dt><\/dl><br style=\"clear: both\" \/><dl class='gallery-item'>\n\t\t\t<dt class='gallery-icon landscape'>\n\t\t\t\t<a href='https:\/\/www.fundacionyuste.org\/wp-content\/uploads\/2018\/05\/Campus-Yuste-Paz__IMG_8594-1024x683.jpg' title=\"\" data-rl_title=\"\" class=\"rl-gallery-link\" data-rl_caption=\"\" data-rel=\"lightbox-gallery-1\"><img width=\"150\" height=\"150\" src=\"https:\/\/www.fundacionyuste.org\/wp-content\/uploads\/2018\/05\/Campus-Yuste-Paz__IMG_8594-150x150.jpg\" class=\"attachment-thumbnail size-thumbnail\" alt=\"\" decoding=\"async\" loading=\"lazy\" srcset=\"https:\/\/www.fundacionyuste.org\/wp-content\/uploads\/2018\/05\/Campus-Yuste-Paz__IMG_8594-150x150.jpg 150w, https:\/\/www.fundacionyuste.org\/wp-content\/uploads\/2018\/05\/Campus-Yuste-Paz__IMG_8594-440x440.jpg 440w\" sizes=\"(max-width: 150px) 100vw, 150px\" \/><\/a>\n\t\t\t<\/dt><\/dl><dl class='gallery-item'>\n\t\t\t<dt class='gallery-icon landscape'>\n\t\t\t\t<a href='https:\/\/www.fundacionyuste.org\/wp-content\/uploads\/2018\/05\/Campus-Yuste-Paz__IMG_8618-1024x683.jpg' title=\"\" data-rl_title=\"\" class=\"rl-gallery-link\" data-rl_caption=\"\" data-rel=\"lightbox-gallery-1\"><img width=\"150\" height=\"150\" src=\"https:\/\/www.fundacionyuste.org\/wp-content\/uploads\/2018\/05\/Campus-Yuste-Paz__IMG_8618-150x150.jpg\" class=\"attachment-thumbnail size-thumbnail\" alt=\"\" decoding=\"async\" loading=\"lazy\" srcset=\"https:\/\/www.fundacionyuste.org\/wp-content\/uploads\/2018\/05\/Campus-Yuste-Paz__IMG_8618-150x150.jpg 150w, https:\/\/www.fundacionyuste.org\/wp-content\/uploads\/2018\/05\/Campus-Yuste-Paz__IMG_8618-440x440.jpg 440w\" sizes=\"(max-width: 150px) 100vw, 150px\" \/><\/a>\n\t\t\t<\/dt><\/dl><dl class='gallery-item'>\n\t\t\t<dt class='gallery-icon landscape'>\n\t\t\t\t<a href='https:\/\/www.fundacionyuste.org\/wp-content\/uploads\/2018\/05\/Campus-Yuste-Paz__IMG_8601-1024x683.jpg' title=\"\" data-rl_title=\"\" class=\"rl-gallery-link\" data-rl_caption=\"\" data-rel=\"lightbox-gallery-1\"><img width=\"150\" height=\"150\" src=\"https:\/\/www.fundacionyuste.org\/wp-content\/uploads\/2018\/05\/Campus-Yuste-Paz__IMG_8601-150x150.jpg\" class=\"attachment-thumbnail size-thumbnail\" alt=\"\" decoding=\"async\" loading=\"lazy\" srcset=\"https:\/\/www.fundacionyuste.org\/wp-content\/uploads\/2018\/05\/Campus-Yuste-Paz__IMG_8601-150x150.jpg 150w, https:\/\/www.fundacionyuste.org\/wp-content\/uploads\/2018\/05\/Campus-Yuste-Paz__IMG_8601-440x440.jpg 440w\" sizes=\"(max-width: 150px) 100vw, 150px\" \/><\/a>\n\t\t\t<\/dt><\/dl>\n\t\t\t<br style='clear: both' \/>\n\t\t<\/div>\n\n<p>[\/et_pb_tab][et_pb_tab _builder_version=&#8221;3.0.85&#8243; title=&#8221;Videos&#8221; use_background_color_gradient=&#8221;off&#8221; background_color_gradient_start=&#8221;#2b87da&#8221; background_color_gradient_end=&#8221;#29c4a9&#8243; background_color_gradient_type=&#8221;linear&#8221; background_color_gradient_direction=&#8221;180deg&#8221; background_color_gradient_direction_radial=&#8221;center&#8221; background_color_gradient_start_position=&#8221;0%&#8221; background_color_gradient_end_position=&#8221;100%&#8221; parallax=&#8221;off&#8221; parallax_method=&#8221;on&#8221; background_size=&#8221;cover&#8221; background_position=&#8221;center&#8221; background_repeat=&#8221;no-repeat&#8221; background_blend=&#8221;normal&#8221; allow_player_pause=&#8221;off&#8221; tab_font=&#8221;||||||||&#8221; tab_text_shadow_style=&#8221;none&#8221; tab_text_shadow_color=&#8221;rgba(0,0,0,0.4)&#8221; body_font=&#8221;||||||||&#8221; body_text_shadow_style=&#8221;none&#8221; body_text_shadow_color=&#8221;rgba(0,0,0,0.4)&#8221;]<\/p>\n<div class=\"et_pb_tab_content\">\n<p><strong>CONFERENCES<\/strong><\/p>\n<p><img decoding=\"async\" loading=\"lazy\" class=\"alignnone wp-image-212162\" src=\"https:\/\/www.fundacionyuste.org\/wp-content\/uploads\/2018\/05\/Youtube_icon.png\" alt=\"\" width=\"15\" height=\"15\" \/> <a href=\"https:\/\/www.youtube.com\/watch?v=MUN9kFcYOdE&amp;t=0s&amp;index=15&amp;list=PLavlJsUxU6WPX1WasTb-Ns5GJTubho_aj\" data-rel=\"lightbox-video-0\">Inauguraci\u00f3n Curso \u201cResoluci\u00f3n de conflictos, paz, g\u00e9nero y desarrollo\u201d<\/a><\/p>\n<p><img decoding=\"async\" loading=\"lazy\" class=\"alignnone wp-image-212162\" src=\"https:\/\/www.fundacionyuste.org\/wp-content\/uploads\/2018\/05\/Youtube_icon.png\" alt=\"\" width=\"15\" height=\"15\" \/> <a href=\"https:\/\/www.youtube.com\/watch?v=yJeLcU6PbOU&amp;index=15&amp;list=PLavlJsUxU6WPX1WasTb-Ns5GJTubho_aj\" data-rel=\"lightbox-video-1\">Conferencia de Federico Mayor Zaragoza<\/a><\/p>\n<p><img decoding=\"async\" loading=\"lazy\" class=\"alignnone wp-image-212162\" src=\"https:\/\/www.fundacionyuste.org\/wp-content\/uploads\/2018\/05\/Youtube_icon.png\" alt=\"\" width=\"15\" height=\"15\" \/> <a href=\"https:\/\/www.youtube.com\/watch?v=VZ4-HKbM7Sg&amp;index=16&amp;list=PLavlJsUxU6WPX1WasTb-Ns5GJTubho_aj\" data-rel=\"lightbox-video-2\">Conferencia de Francisco Rojas Aravena<\/a><\/p>\n<p><img decoding=\"async\" loading=\"lazy\" class=\"alignnone wp-image-212162\" src=\"https:\/\/www.fundacionyuste.org\/wp-content\/uploads\/2018\/05\/Youtube_icon.png\" alt=\"\" width=\"15\" height=\"15\" \/> <a href=\"https:\/\/www.youtube.com\/watch?v=bzjAMjUVY-0&amp;index=17&amp;list=PLavlJsUxU6WPX1WasTb-Ns5GJTubho_aj\" data-rel=\"lightbox-video-3\">Conferencia de Juan Carlos Sainz Borgo<\/a><\/p>\n<p><img decoding=\"async\" loading=\"lazy\" class=\"alignnone wp-image-212162\" src=\"https:\/\/www.fundacionyuste.org\/wp-content\/uploads\/2018\/05\/Youtube_icon.png\" alt=\"\" width=\"15\" height=\"15\" \/> <a href=\"https:\/\/www.youtube.com\/watch?v=ebxpEE2xhT4&amp;list=PLavlJsUxU6WPX1WasTb-Ns5GJTubho_aj&amp;index=18\" data-rel=\"lightbox-video-4\">Intervenci\u00f3n de Manuela Mesa<\/a><\/p>\n<p><img decoding=\"async\" loading=\"lazy\" class=\"alignnone wp-image-212162\" src=\"https:\/\/www.fundacionyuste.org\/wp-content\/uploads\/2018\/05\/Youtube_icon.png\" alt=\"\" width=\"15\" height=\"15\" \/> <a href=\"https:\/\/www.youtube.com\/watch?v=ZA8lPamz97w&amp;list=PLavlJsUxU6WPX1WasTb-Ns5GJTubho_aj&amp;index=19\" data-rel=\"lightbox-video-5\">Intervenci\u00f3n de Jes\u00fas Ignacio Ril Ruiz<\/a><\/p>\n<p><img decoding=\"async\" loading=\"lazy\" class=\"alignnone wp-image-212162\" src=\"https:\/\/www.fundacionyuste.org\/wp-content\/uploads\/2018\/05\/Youtube_icon.png\" alt=\"\" width=\"15\" height=\"15\" \/> <a href=\"https:\/\/www.youtube.com\/watch?v=skbNbBu84uk&amp;list=PLavlJsUxU6WPX1WasTb-Ns5GJTubho_aj&amp;index=20\" data-rel=\"lightbox-video-6\">Intervenci\u00f3n de Ana Bel\u00e9n Perianes<\/a><\/p>\n<p><img decoding=\"async\" loading=\"lazy\" class=\"alignnone wp-image-212162\" src=\"https:\/\/www.fundacionyuste.org\/wp-content\/uploads\/2018\/05\/Youtube_icon.png\" alt=\"\" width=\"15\" height=\"15\" \/> <a href=\"https:\/\/www.youtube.com\/watch?v=bjQah965pwY&amp;list=PLavlJsUxU6WPX1WasTb-Ns5GJTubho_aj&amp;index=21\" data-rel=\"lightbox-video-7\">Debate EL ROL DE LA MUJER EN LA GESTI\u00d3N Y RESOLUCI\u00d3N DE CONFLICTOS<\/a><\/p>\n<p><img decoding=\"async\" loading=\"lazy\" class=\"alignnone wp-image-212162\" src=\"https:\/\/www.fundacionyuste.org\/wp-content\/uploads\/2018\/05\/Youtube_icon.png\" alt=\"\" width=\"15\" height=\"15\" \/> <a href=\"https:\/\/www.youtube.com\/watch?v=9L4H-J-jcZc&amp;index=22&amp;list=PLavlJsUxU6WPX1WasTb-Ns5GJTubho_aj\" data-rel=\"lightbox-video-8\">Conferencia de Nicol\u00e1s Berlanga Mart\u00ednez<\/a><\/p>\n<p><img decoding=\"async\" loading=\"lazy\" class=\"alignnone wp-image-212162\" src=\"https:\/\/www.fundacionyuste.org\/wp-content\/uploads\/2018\/05\/Youtube_icon.png\" alt=\"\" width=\"15\" height=\"15\" \/> <a href=\"https:\/\/www.youtube.com\/watch?v=KsBiiJDwIkQ&amp;index=23&amp;list=PLavlJsUxU6WPX1WasTb-Ns5GJTubho_aj\" data-rel=\"lightbox-video-9\">Conferencia de Marta Iglesias L\u00f3pez<\/a><\/p>\n<p><img decoding=\"async\" loading=\"lazy\" class=\"alignnone wp-image-212162\" src=\"https:\/\/www.fundacionyuste.org\/wp-content\/uploads\/2018\/05\/Youtube_icon.png\" alt=\"\" width=\"15\" height=\"15\" \/> <a href=\"https:\/\/www.youtube.com\/watch?v=WJRxTGUbB_4&amp;index=24&amp;list=PLavlJsUxU6WPX1WasTb-Ns5GJTubho_aj\" data-rel=\"lightbox-video-10\">Conferencia de Marco Boaria<\/a><\/p>\n<p><img decoding=\"async\" loading=\"lazy\" class=\"alignnone wp-image-212162\" src=\"https:\/\/www.fundacionyuste.org\/wp-content\/uploads\/2018\/05\/Youtube_icon.png\" alt=\"\" width=\"15\" height=\"15\" \/> <a href=\"https:\/\/www.youtube.com\/watch?v=uYNG1oRO66M&amp;index=25&amp;list=PLavlJsUxU6WPX1WasTb-Ns5GJTubho_aj\" data-rel=\"lightbox-video-11\">Conferencia de Francisco de Borja Lasheras<\/a><\/p>\n<p><img decoding=\"async\" loading=\"lazy\" class=\"alignnone wp-image-212162\" src=\"https:\/\/www.fundacionyuste.org\/wp-content\/uploads\/2018\/05\/Youtube_icon.png\" alt=\"\" width=\"15\" height=\"15\" \/> <a href=\"https:\/\/www.youtube.com\/watch?v=7KXFbrop8tw&amp;list=PLavlJsUxU6WPX1WasTb-Ns5GJTubho_aj&amp;index=26\" data-rel=\"lightbox-video-12\">Intervenci\u00f3n de Enrique Bar\u00f3n Crespo<\/a><\/p>\n<p><img decoding=\"async\" loading=\"lazy\" class=\"alignnone wp-image-212162\" src=\"https:\/\/www.fundacionyuste.org\/wp-content\/uploads\/2018\/05\/Youtube_icon.png\" alt=\"\" width=\"15\" height=\"15\" \/> <a href=\"https:\/\/www.youtube.com\/watch?v=cZe5ffD4h6Y&amp;index=27&amp;list=PLavlJsUxU6WPX1WasTb-Ns5GJTubho_aj\" data-rel=\"lightbox-video-13\">Intervenci\u00f3n de Jos\u00e9 Antonio Sanahuja<\/a><\/p>\n<p><img decoding=\"async\" loading=\"lazy\" class=\"alignnone wp-image-212162\" src=\"https:\/\/www.fundacionyuste.org\/wp-content\/uploads\/2018\/05\/Youtube_icon.png\" alt=\"\" width=\"15\" height=\"15\" \/> <a href=\"https:\/\/www.youtube.com\/watch?v=H2Vqywn2tJk&amp;index=28&amp;list=PLavlJsUxU6WPX1WasTb-Ns5GJTubho_aj\" data-rel=\"lightbox-video-14\">Intervenci\u00f3n de Fernando Blasco<\/a><\/p>\n<p><img decoding=\"async\" loading=\"lazy\" class=\"alignnone wp-image-212162\" src=\"https:\/\/www.fundacionyuste.org\/wp-content\/uploads\/2018\/05\/Youtube_icon.png\" alt=\"\" width=\"15\" height=\"15\" \/> <a href=\"https:\/\/www.youtube.com\/watch?v=sa0IM1xgM88&amp;list=PLavlJsUxU6WPX1WasTb-Ns5GJTubho_aj&amp;index=29\" data-rel=\"lightbox-video-15\">Debate GOBERNABILIDAD Y DESARROLLO: BASES PARA LA PAZ<\/a><\/p>\n<p><img decoding=\"async\" loading=\"lazy\" class=\"alignnone wp-image-212162\" src=\"https:\/\/www.fundacionyuste.org\/wp-content\/uploads\/2018\/05\/Youtube_icon.png\" alt=\"\" width=\"15\" height=\"15\" \/> <a href=\"https:\/\/www.youtube.com\/watch?v=DcbI-zODGtQ&amp;list=PLavlJsUxU6WPX1WasTb-Ns5GJTubho_aj&amp;index=30\" data-rel=\"lightbox-video-16\">Conferencia de Cristina Eguizabal Mendoza<\/a><\/p>\n<p><img decoding=\"async\" loading=\"lazy\" class=\"alignnone wp-image-212162\" src=\"https:\/\/www.fundacionyuste.org\/wp-content\/uploads\/2018\/05\/Youtube_icon.png\" alt=\"\" width=\"15\" height=\"15\" \/> <a href=\"https:\/\/www.youtube.com\/watch?v=Fv3G8pb3g94&amp;index=31&amp;list=PLavlJsUxU6WPX1WasTb-Ns5GJTubho_aj\" data-rel=\"lightbox-video-17\">Conferencia de Josette Altmann<\/a><\/p>\n<p><img decoding=\"async\" loading=\"lazy\" class=\"alignnone wp-image-212162\" src=\"https:\/\/www.fundacionyuste.org\/wp-content\/uploads\/2018\/05\/Youtube_icon.png\" alt=\"\" width=\"15\" height=\"15\" \/> <a href=\"https:\/\/www.youtube.com\/watch?v=CFHAPHlLmrc&amp;list=PLavlJsUxU6WPX1WasTb-Ns5GJTubho_aj&amp;index=32\" data-rel=\"lightbox-video-18\">Intervenci\u00f3n de Diana Marcela Tamayo<\/a><\/p>\n<p><img decoding=\"async\" loading=\"lazy\" class=\"alignnone wp-image-212162\" src=\"https:\/\/www.fundacionyuste.org\/wp-content\/uploads\/2018\/05\/Youtube_icon.png\" alt=\"\" width=\"15\" height=\"15\" \/> <a href=\"https:\/\/www.youtube.com\/watch?v=WrIb2TFPh1M&amp;index=33&amp;list=PLavlJsUxU6WPX1WasTb-Ns5GJTubho_aj\" data-rel=\"lightbox-video-19\">Intervenci\u00f3n de Juli\u00e1n Chaves Palacios<\/a><\/p>\n<p><img decoding=\"async\" loading=\"lazy\" class=\"alignnone wp-image-212162\" src=\"https:\/\/www.fundacionyuste.org\/wp-content\/uploads\/2018\/05\/Youtube_icon.png\" alt=\"\" width=\"15\" height=\"15\" \/> <a href=\"https:\/\/www.youtube.com\/watch?v=Ab9uh_tkFLc&amp;index=34&amp;list=PLavlJsUxU6WPX1WasTb-Ns5GJTubho_aj\" data-rel=\"lightbox-video-20\">Intervenci\u00f3n de Juan Carlos Sainz Borgo<\/a><\/p>\n<p><img decoding=\"async\" loading=\"lazy\" class=\"alignnone wp-image-212162\" src=\"https:\/\/www.fundacionyuste.org\/wp-content\/uploads\/2018\/05\/Youtube_icon.png\" alt=\"\" width=\"15\" height=\"15\" \/> <a href=\"https:\/\/www.youtube.com\/watch?v=W9L-zczFF1w&amp;list=PLavlJsUxU6WPX1WasTb-Ns5GJTubho_aj&amp;index=35\" data-rel=\"lightbox-video-21\">Debate FORTALECIMIENTO DEMOCR\u00c1TICO Y DERECHOS HUMANOS PARA EL FOMENTO DE LA PAZ<\/a><\/p>\n<p><img decoding=\"async\" loading=\"lazy\" class=\"alignnone wp-image-212162\" src=\"https:\/\/www.fundacionyuste.org\/wp-content\/uploads\/2018\/05\/Youtube_icon.png\" alt=\"\" width=\"15\" height=\"15\" \/> <a href=\"https:\/\/www.youtube.com\/watch?v=uAIf_Tmo2eE&amp;index=36&amp;list=PLavlJsUxU6WPX1WasTb-Ns5GJTubho_aj\" data-rel=\"lightbox-video-22\">Clausura del Curso \u201cRESOLUCI\u00d3N DE CONFLICTOS, PAZ, G\u00c9NERO Y DESARROLLO\u201d<\/a><\/p>\n<p><strong>INTERVIEWS<\/strong><\/p>\n<p><img decoding=\"async\" loading=\"lazy\" class=\"alignnone wp-image-212162\" src=\"https:\/\/www.fundacionyuste.org\/wp-content\/uploads\/2018\/05\/Youtube_icon.png\" alt=\"\" width=\"15\" height=\"15\" \/>\u00a0<a href=\"https:\/\/www.youtube.com\/watch?v=MY0MzvInQDc&amp;index=2&amp;list=PLavlJsUxU6WPX1WasTb-Ns5GJTubho_aj\" data-rel=\"lightbox-video-23\">Francisco Rojas Aravena, University for peace, Campus Yuste 2018<\/a><\/p>\n<p><img decoding=\"async\" loading=\"lazy\" class=\"alignnone wp-image-212162\" src=\"https:\/\/www.fundacionyuste.org\/wp-content\/uploads\/2018\/05\/Youtube_icon.png\" alt=\"\" width=\"15\" height=\"15\" \/> <a href=\"https:\/\/www.youtube.com\/watch?v=OhlJYcgygS8&amp;index=3&amp;list=PLavlJsUxU6WPX1WasTb-Ns5GJTubho_aj\" data-rel=\"lightbox-video-24\">Federico Mayor Zaragoza en Campus Yuste 2018<\/a><\/p>\n<p><img decoding=\"async\" loading=\"lazy\" class=\"alignnone wp-image-212162\" src=\"https:\/\/www.fundacionyuste.org\/wp-content\/uploads\/2018\/05\/Youtube_icon.png\" alt=\"\" width=\"15\" height=\"15\" \/> <a href=\"https:\/\/www.youtube.com\/watch?v=nPxjgMZ1GFE&amp;index=4&amp;list=PLavlJsUxU6WPX1WasTb-Ns5GJTubho_aj\" data-rel=\"lightbox-video-25\">Ana Bel\u00e9n Perianes en Campus Yuste 2018<\/a><\/p>\n<p><img decoding=\"async\" loading=\"lazy\" class=\"alignnone wp-image-212162\" src=\"https:\/\/www.fundacionyuste.org\/wp-content\/uploads\/2018\/05\/Youtube_icon.png\" alt=\"\" width=\"15\" height=\"15\" \/> <a href=\"https:\/\/www.youtube.com\/watch?v=ii9KEWNPRqE&amp;list=PLavlJsUxU6WPX1WasTb-Ns5GJTubho_aj&amp;index=5\" data-rel=\"lightbox-video-26\">Enrique Baron Crespo en Campus Yuste 2018<\/a><\/p>\n<p><img decoding=\"async\" loading=\"lazy\" class=\"alignnone wp-image-212162\" src=\"https:\/\/www.fundacionyuste.org\/wp-content\/uploads\/2018\/05\/Youtube_icon.png\" alt=\"\" width=\"15\" height=\"15\" \/> <a href=\"https:\/\/www.youtube.com\/watch?v=XrinJLvyD_A&amp;index=6&amp;list=PLavlJsUxU6WPX1WasTb-Ns5GJTubho_aj\" data-rel=\"lightbox-video-27\">Marta Iglesias Lopez en Campus Yuste 2018<\/a><\/p>\n<p><img decoding=\"async\" loading=\"lazy\" class=\"alignnone wp-image-212162\" src=\"https:\/\/www.fundacionyuste.org\/wp-content\/uploads\/2018\/05\/Youtube_icon.png\" alt=\"\" width=\"15\" height=\"15\" \/> <a href=\"https:\/\/www.youtube.com\/watch?v=8Se5jeDlx_s&amp;list=PLavlJsUxU6WPX1WasTb-Ns5GJTubho_aj&amp;index=7\" data-rel=\"lightbox-video-28\">Manuela Mesa en Campus Yuste 2018<\/a><\/p>\n<p><img decoding=\"async\" loading=\"lazy\" class=\"alignnone wp-image-212162\" src=\"https:\/\/www.fundacionyuste.org\/wp-content\/uploads\/2018\/05\/Youtube_icon.png\" alt=\"\" width=\"15\" height=\"15\" \/> <a href=\"https:\/\/www.youtube.com\/watch?v=RTBia6kZ5-g&amp;index=8&amp;list=PLavlJsUxU6WPX1WasTb-Ns5GJTubho_aj\" data-rel=\"lightbox-video-29\">Jossete Altmann de FLACSO en Campus Yuste 2018<\/a><\/p>\n<p><img decoding=\"async\" loading=\"lazy\" class=\"alignnone wp-image-212162\" src=\"https:\/\/www.fundacionyuste.org\/wp-content\/uploads\/2018\/05\/Youtube_icon.png\" alt=\"\" width=\"15\" height=\"15\" \/> <a href=\"https:\/\/www.youtube.com\/watch?v=fNQUIJcVYWM&amp;index=10&amp;list=PLavlJsUxU6WPX1WasTb-Ns5GJTubho_aj\" data-rel=\"lightbox-video-30\">Cristina Eguizabal, embajadora de Costa Rica en Campus Yuste 2018<\/a><\/p>\n<p><img decoding=\"async\" loading=\"lazy\" class=\"alignnone wp-image-212162\" src=\"https:\/\/www.fundacionyuste.org\/wp-content\/uploads\/2018\/05\/Youtube_icon.png\" alt=\"\" width=\"15\" height=\"15\" \/> <a href=\"https:\/\/www.youtube.com\/watch?v=4_QXbkNp-rc&amp;list=PLavlJsUxU6WPX1WasTb-Ns5GJTubho_aj&amp;index=10\" data-rel=\"lightbox-video-31\">Jes\u00fas Ignacio Gil Ruiz en Campus Yuste 2018<\/a><\/p>\n<p><img decoding=\"async\" loading=\"lazy\" class=\"alignnone wp-image-212162\" src=\"https:\/\/www.fundacionyuste.org\/wp-content\/uploads\/2018\/05\/Youtube_icon.png\" alt=\"\" width=\"15\" height=\"15\" \/> <a href=\"https:\/\/www.youtube.com\/watch?v=ShLv9qwglvE&amp;list=PLavlJsUxU6WPX1WasTb-Ns5GJTubho_aj&amp;index=11\" data-rel=\"lightbox-video-32\">Juan Carlos Sainz Borgo de Universidad para la Paz en Campus Yuste 2018<\/a><\/p>\n<p><strong>CAMPUS YUSTE EXPERIENCE<br \/>\n<\/strong><\/p>\n<p><img decoding=\"async\" loading=\"lazy\" class=\"alignnone wp-image-212162\" src=\"https:\/\/www.fundacionyuste.org\/wp-content\/uploads\/2018\/05\/Youtube_icon.png\" alt=\"\" width=\"15\" height=\"15\" \/> <a href=\"https:\/\/www.youtube.com\/watch?v=8VZSRdrywYA&amp;list=PLavlJsUxU6WPX1WasTb-Ns5GJTubho_aj&amp;index=12\" data-rel=\"lightbox-video-33\">Eloy Constantino, de la Universidad Aut\u00f3noma de Madrid y su experiencia Campus Yuste<\/a><\/p>\n<\/div>\n<p>[\/et_pb_tab][et_pb_tab _builder_version=&#8221;3.0.85&#8243; title=&#8221;Video Summary&#8221; use_background_color_gradient=&#8221;off&#8221; background_color_gradient_start=&#8221;#2b87da&#8221; background_color_gradient_end=&#8221;#29c4a9&#8243; background_color_gradient_type=&#8221;linear&#8221; background_color_gradient_direction=&#8221;180deg&#8221; background_color_gradient_direction_radial=&#8221;center&#8221; background_color_gradient_start_position=&#8221;0%&#8221; background_color_gradient_end_position=&#8221;100%&#8221; parallax=&#8221;off&#8221; parallax_method=&#8221;on&#8221; background_size=&#8221;cover&#8221; background_position=&#8221;center&#8221; background_repeat=&#8221;no-repeat&#8221; background_blend=&#8221;normal&#8221; allow_player_pause=&#8221;off&#8221; tab_font=&#8221;||||||||&#8221; tab_text_shadow_style=&#8221;none&#8221; tab_text_shadow_color=&#8221;rgba(0,0,0,0.4)&#8221; body_font=&#8221;||||||||&#8221; body_text_shadow_style=&#8221;none&#8221; body_text_shadow_color=&#8221;rgba(0,0,0,0.4)&#8221;]<\/p>\n<p><iframe loading=\"lazy\" width=\"1080\" height=\"608\" src=\"https:\/\/www.youtube.com\/embed\/videoseries?list=PLavlJsUxU6WPX1WasTb-Ns5GJTubho_aj\" frameborder=\"0\" allow=\"autoplay; encrypted-media\" allowfullscreen><\/iframe><\/p>\n<p>[\/et_pb_tab] [\/et_pb_tabs][\/et_pb_column][\/et_pb_row][\/et_pb_section]<\/p>\n","protected":false},"excerpt":{"rendered":"<p><strong>From the 11<sup>th<\/sup> to the 13<sup>th<\/sup> of July 2018, at the Royal Monastery of Yuste<\/strong><\/p>\n","protected":false},"author":3,"featured_media":211608,"comment_status":"closed","ping_status":"closed","sticky":false,"template":"","format":"standard","meta":{"_et_pb_use_builder":"on","_et_pb_old_content":"<p>[et_pb_section bb_built=\"1\" _builder_version=\"3.0.85\"][et_pb_row _builder_version=\"3.0.47\" background_size=\"initial\" background_position=\"top_left\" background_repeat=\"repeat\"][et_pb_column type=\"1_4\"][et_pb_text admin_label=\"TITULO SECCI\u00d3N\" _builder_version=\"3.0.85\" text_font=\"Muli||||||||\" text_orientation=\"right\" module_alignment=\"right\" custom_padding=\"|20px||\"]<\/p><h1>ACTIVIDADES<\/h1><p>[\/et_pb_text][\/et_pb_column][et_pb_column type=\"3_4\"][et_pb_post_title admin_label=\"T\u00cdTULO DE LA ACTIVIDAD (Autom\u00e1tico)\" meta=\"off\" featured_image=\"off\" _builder_version=\"3.0.85\" title_level=\"h2\" title_font=\"Muli|700||on|||||\" title_font_size=\"20px\" custom_padding=\"6px|||\"]<\/p><p>\u00a0<\/p><p>[\/et_pb_post_title][\/et_pb_column][\/et_pb_row][et_pb_row _builder_version=\"3.0.47\" background_size=\"initial\" background_position=\"top_left\" background_repeat=\"repeat\"][et_pb_column type=\"1_4\"][et_pb_sidebar admin_label=\"MEN\u00da LATERAL\" area=\"et_pb_widget_area_6\" _builder_version=\"3.0.85\" orientation=\"left\" show_border=\"on\" background_layout=\"light\"]<\/p><p>\u00a0<\/p><p>[\/et_pb_sidebar][\/et_pb_column][et_pb_column type=\"3_4\"][et_pb_text admin_label=\"CONTENIDO DE LA ACTIVIDAD\" _builder_version=\"3.0.85\" text_font=\"Muli||||||||\" text_text_color=\"#262626\" header_font=\"Muli||||||||\" header_font_size=\"22px\" header_2_font=\"Muli||||||||\" header_3_font=\"Muli||||||||\" header_4_font=\"Muli||||||||\" header_5_font=\"Muli||||||||\" header_6_font=\"Muli||||||||\" background_layout=\"light\"]<\/p><p><strong>Real Monasterio de Yuste, del 11 al 13 de julio de 2018<\/strong><\/p><p><img class=\"alignleft wp-image-211322 size-medium\" src=\"https:\/\/www.fundacionyuste.org\/wp-content\/uploads\/2018\/05\/CAMPUS2018cursos2-300x149.jpg\" alt=\"\" width=\"300\" height=\"149\" \/><\/p><p align=\"justify\">Este curso se platean en colaboraci\u00f3n con la Universidad para la Paz (UPAZ) ubicada en Costa Rica, instituci\u00f3n acad\u00e9mica dependiente de la Organizaci\u00f3n de las Naciones Unidas con la finalidad de promover el esp\u00edritu de comprensi\u00f3n, tolerancia y convivencia pac\u00edfica, estimular la cooperaci\u00f3n entre los pueblos y ayudar a disminuir los obst\u00e1culos y las amenazas a la paz y el progreso mundiales, de acuerdo con las aspiraciones proclamadas en la Carta de las Naciones Unidas.<\/p><p align=\"justify\">El objetivo del mismo es generar transferencia de conocimiento y favorecer la capacitaci\u00f3n de profesionales tanto en el \u00e1mbito Europeo como Iberoamericano, propiciando espacios de cooperaci\u00f3n entre ambos contextos regionales para incorporar conocimiento y experiencia de ambas instituciones, la FAEIY con una amplia trayectoria en el campo educativo europeo y el Instituto Universitario de la Paz especializado en formaci\u00f3n sobre la tem\u00e1tica desde Am\u00e9rica Latina.<\/p><p align=\"justify\">Durante las tres jornadas de duraci\u00f3n del curso se plantear\u00e1n ponencias y mesas de debate que abordar\u00e1n, desde un enfoque global y con pr\u00e1cticas locales, estrategias para avanzar en la consecuci\u00f3n del Objetivo de Desarrollo Sostenible 16: Promover sociedades justas, pac\u00edficas e inclusivas\u201d desde el \u00e1mbito Europeo e Iberoamericano.<\/p><p>Los temas que se tratar\u00e1n son:<\/p><p>- Estrategias para hacer frente a las amenazas de seguridad global.<br \/> - Consolidaci\u00f3n de la paz en escenarios de postconflicto.<br \/> - Fortalecimiento democr\u00e1tico y derechos humanos para el fomento de la paz.<br \/> - El enfoque de g\u00e9nero en la seguridad global y la resoluci\u00f3n de conflictos.<br \/> - La negociaci\u00f3n y mediaci\u00f3n para la gesti\u00f3n de conflictos.<\/p><h2>DIRECTOR<strong><br \/> <\/strong><\/h2><p>Francisco Rojas Aravena. University for Peace<\/p><p>[\/et_pb_text][et_pb_tabs admin_label=\"CONTENIDO EN PESTA\u00d1AS \" active_tab_background_color=\"#368e00\" inactive_tab_background_color=\"#e09900\" _builder_version=\"3.0.85\" tab_font=\"Muli|600||on|||||\" custom_margin=\"||40px|\"]<\/p><p>[et_pb_tab title=\"Documentos\" _builder_version=\"3.0.85\" tab_font=\"||||||||\" body_font=\"Muli||||||||\" use_background_color_gradient=\"off\" background_color_gradient_start=\"#2b87da\" background_color_gradient_end=\"#29c4a9\" background_color_gradient_type=\"linear\" background_color_gradient_direction=\"180deg\" background_color_gradient_direction_radial=\"center\" background_color_gradient_start_position=\"0%\" background_color_gradient_end_position=\"100%\" parallax=\"off\" parallax_method=\"on\" background_size=\"cover\" background_position=\"center\" background_repeat=\"no-repeat\" background_blend=\"normal\" allow_player_pause=\"off\" tab_text_shadow_style=\"none\" tab_text_shadow_color=\"rgba(0,0,0,0.4)\" body_text_shadow_style=\"none\" body_text_shadow_color=\"rgba(0,0,0,0.4)\" \/][et_pb_tab title=\"Noticias\" _builder_version=\"3.0.85\" tab_font=\"||||||||\" body_font=\"||||||||\" use_background_color_gradient=\"off\" background_color_gradient_start=\"#2b87da\" background_color_gradient_end=\"#29c4a9\" background_color_gradient_type=\"linear\" background_color_gradient_direction=\"180deg\" background_color_gradient_direction_radial=\"center\" background_color_gradient_start_position=\"0%\" background_color_gradient_end_position=\"100%\" parallax=\"off\" parallax_method=\"on\" background_size=\"cover\" background_position=\"center\" background_repeat=\"no-repeat\" background_blend=\"normal\" allow_player_pause=\"off\" tab_text_shadow_style=\"none\" tab_text_shadow_color=\"rgba(0,0,0,0.4)\" body_text_shadow_style=\"none\" body_text_shadow_color=\"rgba(0,0,0,0.4)\" \/][et_pb_tab title=\"Fotograf\u00edas\" _builder_version=\"3.0.85\" tab_font=\"Muli||||||||\" body_font=\"||||||||\" custom_padding=\"6px|0px|0px|0px\" custom_padding_tablet=\"6px|0px|0px|0px\" custom_padding_phone=\"6px|0px|0px|0px\" custom_css_main_element=\"margin-top: -8px; padding; 0px;\" use_background_color_gradient=\"off\" background_color_gradient_start=\"#2b87da\" background_color_gradient_end=\"#29c4a9\" background_color_gradient_type=\"linear\" background_color_gradient_direction=\"180deg\" background_color_gradient_direction_radial=\"center\" background_color_gradient_start_position=\"0%\" background_color_gradient_end_position=\"100%\" parallax=\"off\" parallax_method=\"on\" background_size=\"cover\" background_position=\"center\" background_repeat=\"no-repeat\" background_blend=\"normal\" allow_player_pause=\"off\" tab_text_shadow_style=\"none\" tab_text_shadow_color=\"rgba(0,0,0,0.4)\" body_text_shadow_style=\"none\" body_text_shadow_color=\"rgba(0,0,0,0.4)\" \/]<\/p><p>[\/et_pb_tabs][\/et_pb_column][\/et_pb_row][\/et_pb_section]<\/p>","_et_gb_content_width":"","_links_to":"","_links_to_target":""},"categories":[179,185],"tags":[203],"_links":{"self":[{"href":"https:\/\/www.fundacionyuste.org\/en\/wp-json\/wp\/v2\/posts\/211399"}],"collection":[{"href":"https:\/\/www.fundacionyuste.org\/en\/wp-json\/wp\/v2\/posts"}],"about":[{"href":"https:\/\/www.fundacionyuste.org\/en\/wp-json\/wp\/v2\/types\/post"}],"author":[{"embeddable":true,"href":"https:\/\/www.fundacionyuste.org\/en\/wp-json\/wp\/v2\/users\/3"}],"replies":[{"embeddable":true,"href":"https:\/\/www.fundacionyuste.org\/en\/wp-json\/wp\/v2\/comments?post=211399"}],"version-history":[{"count":0,"href":"https:\/\/www.fundacionyuste.org\/en\/wp-json\/wp\/v2\/posts\/211399\/revisions"}],"wp:featuredmedia":[{"embeddable":true,"href":"https:\/\/www.fundacionyuste.org\/en\/wp-json\/wp\/v2\/media\/211608"}],"wp:attachment":[{"href":"https:\/\/www.fundacionyuste.org\/en\/wp-json\/wp\/v2\/media?parent=211399"}],"wp:term":[{"taxonomy":"category","embeddable":true,"href":"https:\/\/www.fundacionyuste.org\/en\/wp-json\/wp\/v2\/categories?post=211399"},{"taxonomy":"post_tag","embeddable":true,"href":"https:\/\/www.fundacionyuste.org\/en\/wp-json\/wp\/v2\/tags?post=211399"}],"curies":[{"name":"wp","href":"https:\/\/api.w.org\/{rel}","templated":true}]}}