{"id":211408,"date":"2018-05-16T08:42:47","date_gmt":"2018-05-16T08:42:47","guid":{"rendered":"https:\/\/www.fundacionyuste.org\/?p=211408"},"modified":"2018-10-05T08:35:12","modified_gmt":"2018-10-05T08:35:12","slug":"culture-heritage-and-european-citizenship-strengthening-european-identity-through-education-and-culture-and-how-to-manage-it","status":"publish","type":"post","link":"https:\/\/www.fundacionyuste.org\/en\/culture-heritage-and-european-citizenship-strengthening-european-identity-through-education-and-culture-and-how-to-manage-it\/","title":{"rendered":"EUROPEAN CULTURE, HERITAGE AND CITIZENSHIP: STRENGTHENING EUROPEAN IDENTITY THROUGH EDUCATION AND CULTURE, AND HOW TO MANAGE IT"},"content":{"rendered":"<p>[et_pb_section bb_built=&#8221;1&#8243; _builder_version=&#8221;3.0.85&#8243;][et_pb_row _builder_version=&#8221;3.0.47&#8243; background_size=&#8221;initial&#8221; background_position=&#8221;top_left&#8221; background_repeat=&#8221;repeat&#8221;][et_pb_column type=&#8221;1_4&#8243;][et_pb_text admin_label=&#8221;TITULO SECCI\u00d3N&#8221; _builder_version=&#8221;3.0.85&#8243; text_font=&#8221;Muli||||||||&#8221; text_orientation=&#8221;right&#8221; module_alignment=&#8221;right&#8221; custom_padding=&#8221;|20px||&#8221; background_layout=&#8221;light&#8221;]<\/p>\n<h1>ACTIVITIES<\/h1>\n<p>[\/et_pb_text][\/et_pb_column][et_pb_column type=&#8221;3_4&#8243;][et_pb_post_title admin_label=&#8221;T\u00cdTULO DE LA ACTIVIDAD (Autom\u00e1tico)&#8221; meta=&#8221;off&#8221; featured_image=&#8221;off&#8221; _builder_version=&#8221;3.0.85&#8243; title_level=&#8221;h2&#8243; title_font=&#8221;Muli|700||on|||||&#8221; title_font_size=&#8221;20px&#8221; custom_padding=&#8221;6px|||&#8221;]<\/p>\n<p>&nbsp;<\/p>\n<p>[\/et_pb_post_title][\/et_pb_column][\/et_pb_row][et_pb_row _builder_version=&#8221;3.0.47&#8243; background_size=&#8221;initial&#8221; background_position=&#8221;top_left&#8221; background_repeat=&#8221;repeat&#8221;][et_pb_column type=&#8221;1_4&#8243;][et_pb_sidebar admin_label=&#8221;MEN\u00da LATERAL&#8221; area=&#8221;et_pb_widget_area_6&#8243; _builder_version=&#8221;3.0.85&#8243; orientation=&#8221;left&#8221; show_border=&#8221;on&#8221; background_layout=&#8221;light&#8221;]<\/p>\n<p>&nbsp;<\/p>\n<p>[\/et_pb_sidebar][\/et_pb_column][et_pb_column type=&#8221;3_4&#8243;][et_pb_text admin_label=&#8221;CONTENIDO DE LA ACTIVIDAD&#8221; _builder_version=&#8221;3.0.85&#8243; text_font=&#8221;Muli||||||||&#8221; text_text_color=&#8221;#262626&#8243; header_font=&#8221;Muli||||||||&#8221; header_font_size=&#8221;22px&#8221; header_2_font=&#8221;Muli||||||||&#8221; header_3_font=&#8221;Muli||||||||&#8221; header_4_font=&#8221;Muli||||||||&#8221; header_5_font=&#8221;Muli||||||||&#8221; header_6_font=&#8221;Muli||||||||&#8221; background_layout=&#8221;light&#8221;]<\/p>\n<p><strong> From the 24<sup>th<\/sup> to the 28<sup>th<\/sup> of September 2018, at the Royal Monastery of Yuste<\/strong><\/p>\n<p><img decoding=\"async\" loading=\"lazy\" class=\"wp-image-211625 alignleft\" src=\"https:\/\/www.fundacionyuste.org\/wp-content\/uploads\/2018\/05\/CURSO_PC_2018-300x147.jpg\" alt=\"\" width=\"355\" height=\"174\" srcset=\"https:\/\/www.fundacionyuste.org\/wp-content\/uploads\/2018\/05\/CURSO_PC_2018-300x147.jpg 300w, https:\/\/www.fundacionyuste.org\/wp-content\/uploads\/2018\/05\/CURSO_PC_2018-768x377.jpg 768w, https:\/\/www.fundacionyuste.org\/wp-content\/uploads\/2018\/05\/CURSO_PC_2018-1024x502.jpg 1024w, https:\/\/www.fundacionyuste.org\/wp-content\/uploads\/2018\/05\/CURSO_PC_2018-1080x530.jpg 1080w\" sizes=\"(max-width: 355px) 100vw, 355px\" \/><\/p>\n<p align=\"justify\">This course is organised in the framework of the European Programme <em>Erasmus Plus<\/em> and its objective is to develop a European interdisciplinary curriculum that may start-up an MBA on European Culture, Heritage and Citizenship (MBA CHC).<\/p>\n<p align=\"justify\">Its main aim is to develop abilities and perspectives to train students who wish to develop business abilities in the area of heritage management and the cultural sector, interacting with citizenship and other fields, and thus offering and inter and multidisciplinary view. This is possible, as personal experiences will be brought together with the best business management training (MBA), which focuses on the growing complexity of matters related to culture.<\/p>\n<h2>DIRECTOR<\/h2>\n<p>Steve Austen. Director of the MBA Culture, Heritage &amp; Citizenship Project<\/p>\n<p>Miguel \u00c1ngel Mart\u00edn Ramos. European Academy Of Yuste Foundation.<\/p>\n<h2>SECRETARY<\/h2>\n<p>Felipe Leco Berrocal. University of Extremadura<\/p>\n<p>[\/et_pb_text][et_pb_tabs admin_label=&#8221;CONTENIDO EN PESTA\u00d1AS &#8221; active_tab_background_color=&#8221;#368e00&#8243; inactive_tab_background_color=&#8221;#e09900&#8243; _builder_version=&#8221;3.0.85&#8243; tab_font=&#8221;Muli|600||on|||||&#8221; custom_margin=&#8221;||40px|&#8221;] [et_pb_tab title=&#8221;Documents&#8221; _builder_version=&#8221;3.0.85&#8243; tab_font=&#8221;||||||||&#8221; body_font=&#8221;Muli||||||||&#8221; use_background_color_gradient=&#8221;off&#8221; background_color_gradient_start=&#8221;#2b87da&#8221; background_color_gradient_end=&#8221;#29c4a9&#8243; background_color_gradient_type=&#8221;linear&#8221; background_color_gradient_direction=&#8221;180deg&#8221; background_color_gradient_direction_radial=&#8221;center&#8221; background_color_gradient_start_position=&#8221;0%&#8221; background_color_gradient_end_position=&#8221;100%&#8221; parallax=&#8221;off&#8221; parallax_method=&#8221;on&#8221; background_size=&#8221;cover&#8221; background_position=&#8221;center&#8221; background_repeat=&#8221;no-repeat&#8221; background_blend=&#8221;normal&#8221; allow_player_pause=&#8221;off&#8221; tab_text_shadow_style=&#8221;none&#8221; tab_text_shadow_color=&#8221;rgba(0,0,0,0.4)&#8221; body_text_shadow_style=&#8221;none&#8221; body_text_shadow_color=&#8221;rgba(0,0,0,0.4)&#8221;]<\/p>\n<p><img decoding=\"async\" loading=\"lazy\" class=\"wp-image-206700 alignnone\" src=\"https:\/\/www.fundacionyuste.org\/wp-content\/uploads\/2018\/02\/012-file.png\" alt=\"\" width=\"20\" height=\"20\" \/>\u00a0<a href=\"https:\/\/www.fundacionyuste.org\/wp-content\/uploads\/2018\/09\/PROGRAMACULTURA2018.pdf\" target=\"_blank\" rel=\"noopener\">PROGRAMME<\/a><\/p>\n<p><img decoding=\"async\" loading=\"lazy\" class=\"wp-image-206700 alignnone\" src=\"https:\/\/www.fundacionyuste.org\/wp-content\/uploads\/2018\/02\/012-file.png\" alt=\"\" width=\"20\" height=\"20\" \/> <a href=\"https:\/\/www.fundacionyuste.org\/wp-content\/uploads\/2018\/09\/Resolucionculturapatrimonio.pdf\">RESOLUTION OF THE GRANTS PROCEDURE<\/a><\/p>\n<p>[\/et_pb_tab][et_pb_tab _builder_version=&#8221;3.0.85&#8243; title=&#8221;News&#8221; use_background_color_gradient=&#8221;off&#8221; background_color_gradient_start=&#8221;#2b87da&#8221; background_color_gradient_end=&#8221;#29c4a9&#8243; background_color_gradient_type=&#8221;linear&#8221; background_color_gradient_direction=&#8221;180deg&#8221; background_color_gradient_direction_radial=&#8221;center&#8221; background_color_gradient_start_position=&#8221;0%&#8221; background_color_gradient_end_position=&#8221;100%&#8221; parallax=&#8221;off&#8221; parallax_method=&#8221;on&#8221; background_size=&#8221;cover&#8221; background_position=&#8221;center&#8221; background_repeat=&#8221;no-repeat&#8221; background_blend=&#8221;normal&#8221; allow_player_pause=&#8221;off&#8221; tab_font=&#8221;||||||||&#8221; tab_text_shadow_style=&#8221;none&#8221; tab_text_shadow_color=&#8221;rgba(0,0,0,0.4)&#8221; body_font=&#8221;||||||||&#8221; body_text_shadow_style=&#8221;none&#8221; body_text_shadow_color=&#8221;rgba(0,0,0,0.4)&#8221;]<\/p>\n<blockquote class=\"wp-embedded-content\" data-secret=\"nVD9DjrvKH\"><p><a href=\"https:\/\/www.fundacionyuste.org\/en\/yuste-analyses-the-strengthening-of-european-identity-through-education-and-culture\/\">Yuste analyses the strengthening of European identity through education and culture<\/a><\/p><\/blockquote>\n<p><iframe class=\"wp-embedded-content\" sandbox=\"allow-scripts\" security=\"restricted\" style=\"position: absolute; clip: rect(1px, 1px, 1px, 1px);\" title=\"&#8220;Yuste analyses the strengthening of European identity through education and culture&#8221; &#8212; FUNDACI\u00d3N YUSTE\" src=\"https:\/\/www.fundacionyuste.org\/en\/yuste-analyses-the-strengthening-of-european-identity-through-education-and-culture\/embed\/#?secret=nVD9DjrvKH\" data-secret=\"nVD9DjrvKH\" width=\"600\" height=\"338\" frameborder=\"0\" marginwidth=\"0\" marginheight=\"0\" scrolling=\"no\"><\/iframe><\/p>\n<blockquote class=\"wp-embedded-content\" data-secret=\"JHFmBrqWjA\"><p><a href=\"https:\/\/www.fundacionyuste.org\/en\/yuste-foundation-organises-a-course-that-tackles-the-strengthening-of-european-identity-through-culture-and-education\/\">Yuste Foundation organises a course that tackles the strengthening of European identity through culture and education<\/a><\/p><\/blockquote>\n<p><iframe class=\"wp-embedded-content\" sandbox=\"allow-scripts\" security=\"restricted\" style=\"position: absolute; clip: rect(1px, 1px, 1px, 1px);\" title=\"&#8220;Yuste Foundation organises a course that tackles the strengthening of European identity through culture and education&#8221; &#8212; FUNDACI\u00d3N YUSTE\" src=\"https:\/\/www.fundacionyuste.org\/en\/yuste-foundation-organises-a-course-that-tackles-the-strengthening-of-european-identity-through-culture-and-education\/embed\/#?secret=JHFmBrqWjA\" data-secret=\"JHFmBrqWjA\" width=\"600\" height=\"338\" frameborder=\"0\" marginwidth=\"0\" marginheight=\"0\" scrolling=\"no\"><\/iframe><\/p>\n<p>&nbsp;<\/p>\n<p>&nbsp;<\/p>\n<p>&nbsp;<\/p>\n<p>[\/et_pb_tab][et_pb_tab _builder_version=&#8221;3.0.85&#8243; title=&#8221;Photos&#8221; use_background_color_gradient=&#8221;off&#8221; background_color_gradient_start=&#8221;#2b87da&#8221; background_color_gradient_end=&#8221;#29c4a9&#8243; background_color_gradient_type=&#8221;linear&#8221; background_color_gradient_direction=&#8221;180deg&#8221; background_color_gradient_direction_radial=&#8221;center&#8221; background_color_gradient_start_position=&#8221;0%&#8221; background_color_gradient_end_position=&#8221;100%&#8221; parallax=&#8221;off&#8221; parallax_method=&#8221;on&#8221; background_size=&#8221;cover&#8221; background_position=&#8221;center&#8221; background_repeat=&#8221;no-repeat&#8221; background_blend=&#8221;normal&#8221; allow_player_pause=&#8221;off&#8221; tab_font=&#8221;||||||||&#8221; tab_text_shadow_style=&#8221;none&#8221; tab_text_shadow_color=&#8221;rgba(0,0,0,0.4)&#8221; body_font=&#8221;||||||||&#8221; body_text_shadow_style=&#8221;none&#8221; body_text_shadow_color=&#8221;rgba(0,0,0,0.4)&#8221;]<\/p>\n\n\t\t<style type=\"text\/css\">\n\t\t\t#gallery-1 {\n\t\t\t\tmargin: auto;\n\t\t\t}\n\t\t\t#gallery-1 .gallery-item {\n\t\t\t\tfloat: left;\n\t\t\t\tmargin-top: 10px;\n\t\t\t\ttext-align: center;\n\t\t\t\twidth: 20%;\n\t\t\t}\n\t\t\t#gallery-1 img {\n\t\t\t\tborder: 2px solid #cfcfcf;\n\t\t\t}\n\t\t\t#gallery-1 .gallery-caption {\n\t\t\t\tmargin-left: 0;\n\t\t\t}\n\t\t\t\/* see gallery_shortcode() in wp-includes\/media.php *\/\n\t\t<\/style>\n\t\t<div id='gallery-1' class='gallery galleryid-211408 gallery-columns-5 gallery-size-thumbnail'><dl class='gallery-item'>\n\t\t\t<dt class='gallery-icon landscape'>\n\t\t\t\t<a href='https:\/\/www.fundacionyuste.org\/wp-content\/uploads\/2018\/05\/IMG_9464-1024x683.jpg' title=\"\" data-rl_title=\"\" class=\"rl-gallery-link\" data-rl_caption=\"\" data-rel=\"lightbox-gallery-1\"><img width=\"150\" height=\"150\" src=\"https:\/\/www.fundacionyuste.org\/wp-content\/uploads\/2018\/05\/IMG_9464-150x150.jpg\" class=\"attachment-thumbnail size-thumbnail\" alt=\"\" decoding=\"async\" loading=\"lazy\" srcset=\"https:\/\/www.fundacionyuste.org\/wp-content\/uploads\/2018\/05\/IMG_9464-150x150.jpg 150w, https:\/\/www.fundacionyuste.org\/wp-content\/uploads\/2018\/05\/IMG_9464-440x440.jpg 440w\" sizes=\"(max-width: 150px) 100vw, 150px\" \/><\/a>\n\t\t\t<\/dt><\/dl><dl class='gallery-item'>\n\t\t\t<dt class='gallery-icon landscape'>\n\t\t\t\t<a href='https:\/\/www.fundacionyuste.org\/wp-content\/uploads\/2018\/05\/IMG_9468-1024x683.jpg' title=\"\" data-rl_title=\"\" class=\"rl-gallery-link\" data-rl_caption=\"\" data-rel=\"lightbox-gallery-1\"><img width=\"150\" height=\"150\" src=\"https:\/\/www.fundacionyuste.org\/wp-content\/uploads\/2018\/05\/IMG_9468-150x150.jpg\" class=\"attachment-thumbnail size-thumbnail\" alt=\"\" decoding=\"async\" loading=\"lazy\" srcset=\"https:\/\/www.fundacionyuste.org\/wp-content\/uploads\/2018\/05\/IMG_9468-150x150.jpg 150w, https:\/\/www.fundacionyuste.org\/wp-content\/uploads\/2018\/05\/IMG_9468-440x440.jpg 440w\" sizes=\"(max-width: 150px) 100vw, 150px\" \/><\/a>\n\t\t\t<\/dt><\/dl><dl class='gallery-item'>\n\t\t\t<dt class='gallery-icon landscape'>\n\t\t\t\t<a href='https:\/\/www.fundacionyuste.org\/wp-content\/uploads\/2018\/05\/IMG_9469-1024x683.jpg' title=\"\" data-rl_title=\"\" class=\"rl-gallery-link\" data-rl_caption=\"\" data-rel=\"lightbox-gallery-1\"><img width=\"150\" height=\"150\" src=\"https:\/\/www.fundacionyuste.org\/wp-content\/uploads\/2018\/05\/IMG_9469-150x150.jpg\" class=\"attachment-thumbnail size-thumbnail\" alt=\"\" decoding=\"async\" loading=\"lazy\" srcset=\"https:\/\/www.fundacionyuste.org\/wp-content\/uploads\/2018\/05\/IMG_9469-150x150.jpg 150w, https:\/\/www.fundacionyuste.org\/wp-content\/uploads\/2018\/05\/IMG_9469-440x440.jpg 440w\" sizes=\"(max-width: 150px) 100vw, 150px\" \/><\/a>\n\t\t\t<\/dt><\/dl><dl class='gallery-item'>\n\t\t\t<dt class='gallery-icon landscape'>\n\t\t\t\t<a href='https:\/\/www.fundacionyuste.org\/wp-content\/uploads\/2018\/05\/IMG_9471-1024x683.jpg' title=\"\" data-rl_title=\"\" class=\"rl-gallery-link\" data-rl_caption=\"\" data-rel=\"lightbox-gallery-1\"><img width=\"150\" height=\"150\" src=\"https:\/\/www.fundacionyuste.org\/wp-content\/uploads\/2018\/05\/IMG_9471-150x150.jpg\" class=\"attachment-thumbnail size-thumbnail\" alt=\"\" decoding=\"async\" loading=\"lazy\" srcset=\"https:\/\/www.fundacionyuste.org\/wp-content\/uploads\/2018\/05\/IMG_9471-150x150.jpg 150w, https:\/\/www.fundacionyuste.org\/wp-content\/uploads\/2018\/05\/IMG_9471-440x440.jpg 440w\" sizes=\"(max-width: 150px) 100vw, 150px\" \/><\/a>\n\t\t\t<\/dt><\/dl><dl class='gallery-item'>\n\t\t\t<dt class='gallery-icon landscape'>\n\t\t\t\t<a href='https:\/\/www.fundacionyuste.org\/wp-content\/uploads\/2018\/05\/IMG_9473-1024x683.jpg' title=\"\" data-rl_title=\"\" class=\"rl-gallery-link\" data-rl_caption=\"\" data-rel=\"lightbox-gallery-1\"><img width=\"150\" height=\"150\" src=\"https:\/\/www.fundacionyuste.org\/wp-content\/uploads\/2018\/05\/IMG_9473-150x150.jpg\" class=\"attachment-thumbnail size-thumbnail\" alt=\"\" decoding=\"async\" loading=\"lazy\" srcset=\"https:\/\/www.fundacionyuste.org\/wp-content\/uploads\/2018\/05\/IMG_9473-150x150.jpg 150w, https:\/\/www.fundacionyuste.org\/wp-content\/uploads\/2018\/05\/IMG_9473-440x440.jpg 440w\" sizes=\"(max-width: 150px) 100vw, 150px\" \/><\/a>\n\t\t\t<\/dt><\/dl><br style=\"clear: both\" \/><dl class='gallery-item'>\n\t\t\t<dt class='gallery-icon landscape'>\n\t\t\t\t<a href='https:\/\/www.fundacionyuste.org\/wp-content\/uploads\/2018\/05\/IMG_9475-2-1024x683.jpg' title=\"\" data-rl_title=\"\" class=\"rl-gallery-link\" data-rl_caption=\"\" data-rel=\"lightbox-gallery-1\"><img width=\"150\" height=\"150\" src=\"https:\/\/www.fundacionyuste.org\/wp-content\/uploads\/2018\/05\/IMG_9475-2-150x150.jpg\" class=\"attachment-thumbnail size-thumbnail\" alt=\"\" decoding=\"async\" loading=\"lazy\" srcset=\"https:\/\/www.fundacionyuste.org\/wp-content\/uploads\/2018\/05\/IMG_9475-2-150x150.jpg 150w, https:\/\/www.fundacionyuste.org\/wp-content\/uploads\/2018\/05\/IMG_9475-2-440x440.jpg 440w\" sizes=\"(max-width: 150px) 100vw, 150px\" \/><\/a>\n\t\t\t<\/dt><\/dl><dl class='gallery-item'>\n\t\t\t<dt class='gallery-icon landscape'>\n\t\t\t\t<a href='https:\/\/www.fundacionyuste.org\/wp-content\/uploads\/2018\/05\/IMG_9477-1024x683.jpg' title=\"\" data-rl_title=\"\" class=\"rl-gallery-link\" data-rl_caption=\"\" data-rel=\"lightbox-gallery-1\"><img width=\"150\" height=\"150\" src=\"https:\/\/www.fundacionyuste.org\/wp-content\/uploads\/2018\/05\/IMG_9477-150x150.jpg\" class=\"attachment-thumbnail size-thumbnail\" alt=\"\" decoding=\"async\" loading=\"lazy\" srcset=\"https:\/\/www.fundacionyuste.org\/wp-content\/uploads\/2018\/05\/IMG_9477-150x150.jpg 150w, https:\/\/www.fundacionyuste.org\/wp-content\/uploads\/2018\/05\/IMG_9477-440x440.jpg 440w\" sizes=\"(max-width: 150px) 100vw, 150px\" \/><\/a>\n\t\t\t<\/dt><\/dl><dl class='gallery-item'>\n\t\t\t<dt class='gallery-icon landscape'>\n\t\t\t\t<a href='https:\/\/www.fundacionyuste.org\/wp-content\/uploads\/2018\/05\/IMG_9479-2-1024x683.jpg' title=\"\" data-rl_title=\"\" class=\"rl-gallery-link\" data-rl_caption=\"\" data-rel=\"lightbox-gallery-1\"><img width=\"150\" height=\"150\" src=\"https:\/\/www.fundacionyuste.org\/wp-content\/uploads\/2018\/05\/IMG_9479-2-150x150.jpg\" class=\"attachment-thumbnail size-thumbnail\" alt=\"\" decoding=\"async\" loading=\"lazy\" srcset=\"https:\/\/www.fundacionyuste.org\/wp-content\/uploads\/2018\/05\/IMG_9479-2-150x150.jpg 150w, https:\/\/www.fundacionyuste.org\/wp-content\/uploads\/2018\/05\/IMG_9479-2-440x440.jpg 440w\" sizes=\"(max-width: 150px) 100vw, 150px\" \/><\/a>\n\t\t\t<\/dt><\/dl><dl class='gallery-item'>\n\t\t\t<dt class='gallery-icon landscape'>\n\t\t\t\t<a href='https:\/\/www.fundacionyuste.org\/wp-content\/uploads\/2018\/05\/IMG_9484-1024x683.jpg' title=\"\" data-rl_title=\"\" class=\"rl-gallery-link\" data-rl_caption=\"\" data-rel=\"lightbox-gallery-1\"><img width=\"150\" height=\"150\" src=\"https:\/\/www.fundacionyuste.org\/wp-content\/uploads\/2018\/05\/IMG_9484-150x150.jpg\" class=\"attachment-thumbnail size-thumbnail\" alt=\"\" decoding=\"async\" loading=\"lazy\" srcset=\"https:\/\/www.fundacionyuste.org\/wp-content\/uploads\/2018\/05\/IMG_9484-150x150.jpg 150w, https:\/\/www.fundacionyuste.org\/wp-content\/uploads\/2018\/05\/IMG_9484-440x440.jpg 440w\" sizes=\"(max-width: 150px) 100vw, 150px\" \/><\/a>\n\t\t\t<\/dt><\/dl><dl class='gallery-item'>\n\t\t\t<dt class='gallery-icon landscape'>\n\t\t\t\t<a href='https:\/\/www.fundacionyuste.org\/wp-content\/uploads\/2018\/05\/IMG_9487-1024x683.jpg' title=\"\" data-rl_title=\"\" class=\"rl-gallery-link\" data-rl_caption=\"\" data-rel=\"lightbox-gallery-1\"><img width=\"150\" height=\"150\" src=\"https:\/\/www.fundacionyuste.org\/wp-content\/uploads\/2018\/05\/IMG_9487-150x150.jpg\" class=\"attachment-thumbnail size-thumbnail\" alt=\"\" decoding=\"async\" loading=\"lazy\" srcset=\"https:\/\/www.fundacionyuste.org\/wp-content\/uploads\/2018\/05\/IMG_9487-150x150.jpg 150w, https:\/\/www.fundacionyuste.org\/wp-content\/uploads\/2018\/05\/IMG_9487-440x440.jpg 440w\" sizes=\"(max-width: 150px) 100vw, 150px\" \/><\/a>\n\t\t\t<\/dt><\/dl><br style=\"clear: both\" \/><dl class='gallery-item'>\n\t\t\t<dt class='gallery-icon landscape'>\n\t\t\t\t<a href='https:\/\/www.fundacionyuste.org\/wp-content\/uploads\/2018\/05\/IMG_9489-1024x683.jpg' title=\"\" data-rl_title=\"\" class=\"rl-gallery-link\" data-rl_caption=\"\" data-rel=\"lightbox-gallery-1\"><img width=\"150\" height=\"150\" src=\"https:\/\/www.fundacionyuste.org\/wp-content\/uploads\/2018\/05\/IMG_9489-150x150.jpg\" class=\"attachment-thumbnail size-thumbnail\" alt=\"\" decoding=\"async\" loading=\"lazy\" srcset=\"https:\/\/www.fundacionyuste.org\/wp-content\/uploads\/2018\/05\/IMG_9489-150x150.jpg 150w, https:\/\/www.fundacionyuste.org\/wp-content\/uploads\/2018\/05\/IMG_9489-440x440.jpg 440w\" sizes=\"(max-width: 150px) 100vw, 150px\" \/><\/a>\n\t\t\t<\/dt><\/dl><dl class='gallery-item'>\n\t\t\t<dt class='gallery-icon landscape'>\n\t\t\t\t<a href='https:\/\/www.fundacionyuste.org\/wp-content\/uploads\/2018\/05\/IMG_9494-1024x683.jpg' title=\"\" data-rl_title=\"\" class=\"rl-gallery-link\" data-rl_caption=\"\" data-rel=\"lightbox-gallery-1\"><img width=\"150\" height=\"150\" src=\"https:\/\/www.fundacionyuste.org\/wp-content\/uploads\/2018\/05\/IMG_9494-150x150.jpg\" class=\"attachment-thumbnail size-thumbnail\" alt=\"\" decoding=\"async\" loading=\"lazy\" srcset=\"https:\/\/www.fundacionyuste.org\/wp-content\/uploads\/2018\/05\/IMG_9494-150x150.jpg 150w, https:\/\/www.fundacionyuste.org\/wp-content\/uploads\/2018\/05\/IMG_9494-440x440.jpg 440w\" sizes=\"(max-width: 150px) 100vw, 150px\" \/><\/a>\n\t\t\t<\/dt><\/dl><dl class='gallery-item'>\n\t\t\t<dt class='gallery-icon landscape'>\n\t\t\t\t<a href='https:\/\/www.fundacionyuste.org\/wp-content\/uploads\/2018\/05\/IMG_9495-1024x683.jpg' title=\"\" data-rl_title=\"\" class=\"rl-gallery-link\" data-rl_caption=\"\" data-rel=\"lightbox-gallery-1\"><img width=\"150\" height=\"150\" src=\"https:\/\/www.fundacionyuste.org\/wp-content\/uploads\/2018\/05\/IMG_9495-150x150.jpg\" class=\"attachment-thumbnail size-thumbnail\" alt=\"\" decoding=\"async\" loading=\"lazy\" srcset=\"https:\/\/www.fundacionyuste.org\/wp-content\/uploads\/2018\/05\/IMG_9495-150x150.jpg 150w, https:\/\/www.fundacionyuste.org\/wp-content\/uploads\/2018\/05\/IMG_9495-440x440.jpg 440w\" sizes=\"(max-width: 150px) 100vw, 150px\" \/><\/a>\n\t\t\t<\/dt><\/dl><dl class='gallery-item'>\n\t\t\t<dt class='gallery-icon landscape'>\n\t\t\t\t<a href='https:\/\/www.fundacionyuste.org\/wp-content\/uploads\/2018\/05\/IMG_9497-1024x683.jpg' title=\"\" data-rl_title=\"\" class=\"rl-gallery-link\" data-rl_caption=\"\" data-rel=\"lightbox-gallery-1\"><img width=\"150\" height=\"150\" src=\"https:\/\/www.fundacionyuste.org\/wp-content\/uploads\/2018\/05\/IMG_9497-150x150.jpg\" class=\"attachment-thumbnail size-thumbnail\" alt=\"\" decoding=\"async\" loading=\"lazy\" srcset=\"https:\/\/www.fundacionyuste.org\/wp-content\/uploads\/2018\/05\/IMG_9497-150x150.jpg 150w, https:\/\/www.fundacionyuste.org\/wp-content\/uploads\/2018\/05\/IMG_9497-440x440.jpg 440w\" sizes=\"(max-width: 150px) 100vw, 150px\" \/><\/a>\n\t\t\t<\/dt><\/dl><dl class='gallery-item'>\n\t\t\t<dt class='gallery-icon landscape'>\n\t\t\t\t<a href='https:\/\/www.fundacionyuste.org\/wp-content\/uploads\/2018\/05\/IMG_9499-1024x683.jpg' title=\"\" data-rl_title=\"\" class=\"rl-gallery-link\" data-rl_caption=\"\" data-rel=\"lightbox-gallery-1\"><img width=\"150\" height=\"150\" src=\"https:\/\/www.fundacionyuste.org\/wp-content\/uploads\/2018\/05\/IMG_9499-150x150.jpg\" class=\"attachment-thumbnail size-thumbnail\" alt=\"\" decoding=\"async\" loading=\"lazy\" srcset=\"https:\/\/www.fundacionyuste.org\/wp-content\/uploads\/2018\/05\/IMG_9499-150x150.jpg 150w, https:\/\/www.fundacionyuste.org\/wp-content\/uploads\/2018\/05\/IMG_9499-440x440.jpg 440w\" sizes=\"(max-width: 150px) 100vw, 150px\" \/><\/a>\n\t\t\t<\/dt><\/dl><br style=\"clear: both\" \/><dl class='gallery-item'>\n\t\t\t<dt class='gallery-icon landscape'>\n\t\t\t\t<a href='https:\/\/www.fundacionyuste.org\/wp-content\/uploads\/2018\/05\/IMG_9522-1024x683.jpg' title=\"\" data-rl_title=\"\" class=\"rl-gallery-link\" data-rl_caption=\"\" data-rel=\"lightbox-gallery-1\"><img width=\"150\" height=\"150\" src=\"https:\/\/www.fundacionyuste.org\/wp-content\/uploads\/2018\/05\/IMG_9522-150x150.jpg\" class=\"attachment-thumbnail size-thumbnail\" alt=\"\" decoding=\"async\" loading=\"lazy\" srcset=\"https:\/\/www.fundacionyuste.org\/wp-content\/uploads\/2018\/05\/IMG_9522-150x150.jpg 150w, https:\/\/www.fundacionyuste.org\/wp-content\/uploads\/2018\/05\/IMG_9522-440x440.jpg 440w\" sizes=\"(max-width: 150px) 100vw, 150px\" \/><\/a>\n\t\t\t<\/dt><\/dl><dl class='gallery-item'>\n\t\t\t<dt class='gallery-icon landscape'>\n\t\t\t\t<a href='https:\/\/www.fundacionyuste.org\/wp-content\/uploads\/2018\/05\/IMG_9526-1024x683.jpg' title=\"\" data-rl_title=\"\" class=\"rl-gallery-link\" data-rl_caption=\"\" data-rel=\"lightbox-gallery-1\"><img width=\"150\" height=\"150\" src=\"https:\/\/www.fundacionyuste.org\/wp-content\/uploads\/2018\/05\/IMG_9526-150x150.jpg\" class=\"attachment-thumbnail size-thumbnail\" alt=\"\" decoding=\"async\" loading=\"lazy\" srcset=\"https:\/\/www.fundacionyuste.org\/wp-content\/uploads\/2018\/05\/IMG_9526-150x150.jpg 150w, https:\/\/www.fundacionyuste.org\/wp-content\/uploads\/2018\/05\/IMG_9526-440x440.jpg 440w\" sizes=\"(max-width: 150px) 100vw, 150px\" \/><\/a>\n\t\t\t<\/dt><\/dl><dl class='gallery-item'>\n\t\t\t<dt class='gallery-icon landscape'>\n\t\t\t\t<a href='https:\/\/www.fundacionyuste.org\/wp-content\/uploads\/2018\/05\/IMG_9539-1024x683.jpg' title=\"\" data-rl_title=\"\" class=\"rl-gallery-link\" data-rl_caption=\"\" data-rel=\"lightbox-gallery-1\"><img width=\"150\" height=\"150\" src=\"https:\/\/www.fundacionyuste.org\/wp-content\/uploads\/2018\/05\/IMG_9539-150x150.jpg\" class=\"attachment-thumbnail size-thumbnail\" alt=\"\" decoding=\"async\" loading=\"lazy\" srcset=\"https:\/\/www.fundacionyuste.org\/wp-content\/uploads\/2018\/05\/IMG_9539-150x150.jpg 150w, https:\/\/www.fundacionyuste.org\/wp-content\/uploads\/2018\/05\/IMG_9539-440x440.jpg 440w\" sizes=\"(max-width: 150px) 100vw, 150px\" \/><\/a>\n\t\t\t<\/dt><\/dl><dl class='gallery-item'>\n\t\t\t<dt class='gallery-icon landscape'>\n\t\t\t\t<a href='https:\/\/www.fundacionyuste.org\/wp-content\/uploads\/2018\/05\/IMG_9541-1024x683.jpg' title=\"\" data-rl_title=\"\" class=\"rl-gallery-link\" data-rl_caption=\"\" data-rel=\"lightbox-gallery-1\"><img width=\"150\" height=\"150\" src=\"https:\/\/www.fundacionyuste.org\/wp-content\/uploads\/2018\/05\/IMG_9541-150x150.jpg\" class=\"attachment-thumbnail size-thumbnail\" alt=\"\" decoding=\"async\" loading=\"lazy\" srcset=\"https:\/\/www.fundacionyuste.org\/wp-content\/uploads\/2018\/05\/IMG_9541-150x150.jpg 150w, https:\/\/www.fundacionyuste.org\/wp-content\/uploads\/2018\/05\/IMG_9541-440x440.jpg 440w\" sizes=\"(max-width: 150px) 100vw, 150px\" \/><\/a>\n\t\t\t<\/dt><\/dl><dl class='gallery-item'>\n\t\t\t<dt class='gallery-icon landscape'>\n\t\t\t\t<a href='https:\/\/www.fundacionyuste.org\/wp-content\/uploads\/2018\/05\/IMG_9548-1024x683.jpg' title=\"\" data-rl_title=\"\" class=\"rl-gallery-link\" data-rl_caption=\"\" data-rel=\"lightbox-gallery-1\"><img width=\"150\" height=\"150\" src=\"https:\/\/www.fundacionyuste.org\/wp-content\/uploads\/2018\/05\/IMG_9548-150x150.jpg\" class=\"attachment-thumbnail size-thumbnail\" alt=\"\" decoding=\"async\" loading=\"lazy\" srcset=\"https:\/\/www.fundacionyuste.org\/wp-content\/uploads\/2018\/05\/IMG_9548-150x150.jpg 150w, https:\/\/www.fundacionyuste.org\/wp-content\/uploads\/2018\/05\/IMG_9548-440x440.jpg 440w\" sizes=\"(max-width: 150px) 100vw, 150px\" \/><\/a>\n\t\t\t<\/dt><\/dl><br style=\"clear: both\" \/><dl class='gallery-item'>\n\t\t\t<dt class='gallery-icon landscape'>\n\t\t\t\t<a href='https:\/\/www.fundacionyuste.org\/wp-content\/uploads\/2018\/05\/IMG_9563-1024x683.jpg' title=\"\" data-rl_title=\"\" class=\"rl-gallery-link\" data-rl_caption=\"\" data-rel=\"lightbox-gallery-1\"><img width=\"150\" height=\"150\" src=\"https:\/\/www.fundacionyuste.org\/wp-content\/uploads\/2018\/05\/IMG_9563-150x150.jpg\" class=\"attachment-thumbnail size-thumbnail\" alt=\"\" decoding=\"async\" loading=\"lazy\" srcset=\"https:\/\/www.fundacionyuste.org\/wp-content\/uploads\/2018\/05\/IMG_9563-150x150.jpg 150w, https:\/\/www.fundacionyuste.org\/wp-content\/uploads\/2018\/05\/IMG_9563-440x440.jpg 440w\" sizes=\"(max-width: 150px) 100vw, 150px\" \/><\/a>\n\t\t\t<\/dt><\/dl><dl class='gallery-item'>\n\t\t\t<dt class='gallery-icon landscape'>\n\t\t\t\t<a href='https:\/\/www.fundacionyuste.org\/wp-content\/uploads\/2018\/05\/IMG_9566-1024x683.jpg' title=\"\" data-rl_title=\"\" class=\"rl-gallery-link\" data-rl_caption=\"\" data-rel=\"lightbox-gallery-1\"><img width=\"150\" height=\"150\" src=\"https:\/\/www.fundacionyuste.org\/wp-content\/uploads\/2018\/05\/IMG_9566-150x150.jpg\" class=\"attachment-thumbnail size-thumbnail\" alt=\"\" decoding=\"async\" loading=\"lazy\" srcset=\"https:\/\/www.fundacionyuste.org\/wp-content\/uploads\/2018\/05\/IMG_9566-150x150.jpg 150w, https:\/\/www.fundacionyuste.org\/wp-content\/uploads\/2018\/05\/IMG_9566-440x440.jpg 440w\" sizes=\"(max-width: 150px) 100vw, 150px\" \/><\/a>\n\t\t\t<\/dt><\/dl><dl class='gallery-item'>\n\t\t\t<dt class='gallery-icon landscape'>\n\t\t\t\t<a href='https:\/\/www.fundacionyuste.org\/wp-content\/uploads\/2018\/09\/cavila2018_2-1024x576.jpg' title=\"\" data-rl_title=\"\" class=\"rl-gallery-link\" data-rl_caption=\"\" data-rel=\"lightbox-gallery-1\"><img width=\"150\" height=\"150\" src=\"https:\/\/www.fundacionyuste.org\/wp-content\/uploads\/2018\/09\/cavila2018_2-150x150.jpg\" class=\"attachment-thumbnail size-thumbnail\" alt=\"\" decoding=\"async\" loading=\"lazy\" srcset=\"https:\/\/www.fundacionyuste.org\/wp-content\/uploads\/2018\/09\/cavila2018_2-150x150.jpg 150w, https:\/\/www.fundacionyuste.org\/wp-content\/uploads\/2018\/09\/cavila2018_2-440x440.jpg 440w\" sizes=\"(max-width: 150px) 100vw, 150px\" \/><\/a>\n\t\t\t<\/dt><\/dl><dl class='gallery-item'>\n\t\t\t<dt class='gallery-icon landscape'>\n\t\t\t\t<a href='https:\/\/www.fundacionyuste.org\/wp-content\/uploads\/2018\/10\/IMG_9812-1024x683.jpg' title=\"\" data-rl_title=\"\" class=\"rl-gallery-link\" data-rl_caption=\"\" data-rel=\"lightbox-gallery-1\"><img width=\"150\" height=\"150\" src=\"https:\/\/www.fundacionyuste.org\/wp-content\/uploads\/2018\/10\/IMG_9812-150x150.jpg\" class=\"attachment-thumbnail size-thumbnail\" alt=\"\" decoding=\"async\" loading=\"lazy\" srcset=\"https:\/\/www.fundacionyuste.org\/wp-content\/uploads\/2018\/10\/IMG_9812-150x150.jpg 150w, https:\/\/www.fundacionyuste.org\/wp-content\/uploads\/2018\/10\/IMG_9812-440x440.jpg 440w\" sizes=\"(max-width: 150px) 100vw, 150px\" \/><\/a>\n\t\t\t<\/dt><\/dl><dl class='gallery-item'>\n\t\t\t<dt class='gallery-icon landscape'>\n\t\t\t\t<a href='https:\/\/www.fundacionyuste.org\/wp-content\/uploads\/2018\/10\/IMG_9620-1024x683.jpg' title=\"\" data-rl_title=\"\" class=\"rl-gallery-link\" data-rl_caption=\"\" data-rel=\"lightbox-gallery-1\"><img width=\"150\" height=\"150\" src=\"https:\/\/www.fundacionyuste.org\/wp-content\/uploads\/2018\/10\/IMG_9620-150x150.jpg\" class=\"attachment-thumbnail size-thumbnail\" alt=\"\" decoding=\"async\" loading=\"lazy\" srcset=\"https:\/\/www.fundacionyuste.org\/wp-content\/uploads\/2018\/10\/IMG_9620-150x150.jpg 150w, https:\/\/www.fundacionyuste.org\/wp-content\/uploads\/2018\/10\/IMG_9620-440x440.jpg 440w\" sizes=\"(max-width: 150px) 100vw, 150px\" \/><\/a>\n\t\t\t<\/dt><\/dl><br style=\"clear: both\" \/><dl class='gallery-item'>\n\t\t\t<dt class='gallery-icon landscape'>\n\t\t\t\t<a href='https:\/\/www.fundacionyuste.org\/wp-content\/uploads\/2018\/10\/IMG_9626-1024x683.jpg' title=\"\" data-rl_title=\"\" class=\"rl-gallery-link\" data-rl_caption=\"\" data-rel=\"lightbox-gallery-1\"><img width=\"150\" height=\"150\" src=\"https:\/\/www.fundacionyuste.org\/wp-content\/uploads\/2018\/10\/IMG_9626-150x150.jpg\" class=\"attachment-thumbnail size-thumbnail\" alt=\"\" decoding=\"async\" loading=\"lazy\" srcset=\"https:\/\/www.fundacionyuste.org\/wp-content\/uploads\/2018\/10\/IMG_9626-150x150.jpg 150w, https:\/\/www.fundacionyuste.org\/wp-content\/uploads\/2018\/10\/IMG_9626-440x440.jpg 440w\" sizes=\"(max-width: 150px) 100vw, 150px\" \/><\/a>\n\t\t\t<\/dt><\/dl><dl class='gallery-item'>\n\t\t\t<dt class='gallery-icon landscape'>\n\t\t\t\t<a href='https:\/\/www.fundacionyuste.org\/wp-content\/uploads\/2018\/10\/IMG_9638-1024x683.jpg' title=\"\" data-rl_title=\"\" class=\"rl-gallery-link\" data-rl_caption=\"\" data-rel=\"lightbox-gallery-1\"><img width=\"150\" height=\"150\" src=\"https:\/\/www.fundacionyuste.org\/wp-content\/uploads\/2018\/10\/IMG_9638-150x150.jpg\" class=\"attachment-thumbnail size-thumbnail\" alt=\"\" decoding=\"async\" loading=\"lazy\" srcset=\"https:\/\/www.fundacionyuste.org\/wp-content\/uploads\/2018\/10\/IMG_9638-150x150.jpg 150w, https:\/\/www.fundacionyuste.org\/wp-content\/uploads\/2018\/10\/IMG_9638-440x440.jpg 440w\" sizes=\"(max-width: 150px) 100vw, 150px\" \/><\/a>\n\t\t\t<\/dt><\/dl><dl class='gallery-item'>\n\t\t\t<dt class='gallery-icon landscape'>\n\t\t\t\t<a href='https:\/\/www.fundacionyuste.org\/wp-content\/uploads\/2018\/10\/IMG_9653-1024x734.jpg' title=\"\" data-rl_title=\"\" class=\"rl-gallery-link\" data-rl_caption=\"\" data-rel=\"lightbox-gallery-1\"><img width=\"150\" height=\"150\" src=\"https:\/\/www.fundacionyuste.org\/wp-content\/uploads\/2018\/10\/IMG_9653-150x150.jpg\" class=\"attachment-thumbnail size-thumbnail\" alt=\"\" decoding=\"async\" loading=\"lazy\" srcset=\"https:\/\/www.fundacionyuste.org\/wp-content\/uploads\/2018\/10\/IMG_9653-150x150.jpg 150w, https:\/\/www.fundacionyuste.org\/wp-content\/uploads\/2018\/10\/IMG_9653-440x440.jpg 440w\" sizes=\"(max-width: 150px) 100vw, 150px\" \/><\/a>\n\t\t\t<\/dt><\/dl><dl class='gallery-item'>\n\t\t\t<dt class='gallery-icon landscape'>\n\t\t\t\t<a href='https:\/\/www.fundacionyuste.org\/wp-content\/uploads\/2018\/10\/IMG_9656-1024x683.jpg' title=\"\" data-rl_title=\"\" class=\"rl-gallery-link\" data-rl_caption=\"\" data-rel=\"lightbox-gallery-1\"><img width=\"150\" height=\"150\" src=\"https:\/\/www.fundacionyuste.org\/wp-content\/uploads\/2018\/10\/IMG_9656-150x150.jpg\" class=\"attachment-thumbnail size-thumbnail\" alt=\"\" decoding=\"async\" loading=\"lazy\" srcset=\"https:\/\/www.fundacionyuste.org\/wp-content\/uploads\/2018\/10\/IMG_9656-150x150.jpg 150w, https:\/\/www.fundacionyuste.org\/wp-content\/uploads\/2018\/10\/IMG_9656-440x440.jpg 440w\" sizes=\"(max-width: 150px) 100vw, 150px\" \/><\/a>\n\t\t\t<\/dt><\/dl><dl class='gallery-item'>\n\t\t\t<dt class='gallery-icon landscape'>\n\t\t\t\t<a href='https:\/\/www.fundacionyuste.org\/wp-content\/uploads\/2018\/10\/IMG_9658-1024x683.jpg' title=\"\" data-rl_title=\"\" class=\"rl-gallery-link\" data-rl_caption=\"\" data-rel=\"lightbox-gallery-1\"><img width=\"150\" height=\"150\" src=\"https:\/\/www.fundacionyuste.org\/wp-content\/uploads\/2018\/10\/IMG_9658-150x150.jpg\" class=\"attachment-thumbnail size-thumbnail\" alt=\"\" decoding=\"async\" loading=\"lazy\" srcset=\"https:\/\/www.fundacionyuste.org\/wp-content\/uploads\/2018\/10\/IMG_9658-150x150.jpg 150w, https:\/\/www.fundacionyuste.org\/wp-content\/uploads\/2018\/10\/IMG_9658-440x440.jpg 440w\" sizes=\"(max-width: 150px) 100vw, 150px\" \/><\/a>\n\t\t\t<\/dt><\/dl><br style=\"clear: both\" \/><dl class='gallery-item'>\n\t\t\t<dt class='gallery-icon landscape'>\n\t\t\t\t<a href='https:\/\/www.fundacionyuste.org\/wp-content\/uploads\/2018\/10\/IMG_9672-1024x683.jpg' title=\"\" data-rl_title=\"\" class=\"rl-gallery-link\" data-rl_caption=\"\" data-rel=\"lightbox-gallery-1\"><img width=\"150\" height=\"150\" src=\"https:\/\/www.fundacionyuste.org\/wp-content\/uploads\/2018\/10\/IMG_9672-150x150.jpg\" class=\"attachment-thumbnail size-thumbnail\" alt=\"\" decoding=\"async\" loading=\"lazy\" srcset=\"https:\/\/www.fundacionyuste.org\/wp-content\/uploads\/2018\/10\/IMG_9672-150x150.jpg 150w, https:\/\/www.fundacionyuste.org\/wp-content\/uploads\/2018\/10\/IMG_9672-440x440.jpg 440w\" sizes=\"(max-width: 150px) 100vw, 150px\" \/><\/a>\n\t\t\t<\/dt><\/dl><dl class='gallery-item'>\n\t\t\t<dt class='gallery-icon landscape'>\n\t\t\t\t<a href='https:\/\/www.fundacionyuste.org\/wp-content\/uploads\/2018\/10\/IMG_9673-1024x683.jpg' title=\"\" data-rl_title=\"\" class=\"rl-gallery-link\" data-rl_caption=\"\" data-rel=\"lightbox-gallery-1\"><img width=\"150\" height=\"150\" src=\"https:\/\/www.fundacionyuste.org\/wp-content\/uploads\/2018\/10\/IMG_9673-150x150.jpg\" class=\"attachment-thumbnail size-thumbnail\" alt=\"\" decoding=\"async\" loading=\"lazy\" srcset=\"https:\/\/www.fundacionyuste.org\/wp-content\/uploads\/2018\/10\/IMG_9673-150x150.jpg 150w, https:\/\/www.fundacionyuste.org\/wp-content\/uploads\/2018\/10\/IMG_9673-440x440.jpg 440w\" sizes=\"(max-width: 150px) 100vw, 150px\" \/><\/a>\n\t\t\t<\/dt><\/dl><dl class='gallery-item'>\n\t\t\t<dt class='gallery-icon landscape'>\n\t\t\t\t<a href='https:\/\/www.fundacionyuste.org\/wp-content\/uploads\/2018\/10\/IMG_9681-1024x683.jpg' title=\"\" data-rl_title=\"\" class=\"rl-gallery-link\" data-rl_caption=\"\" data-rel=\"lightbox-gallery-1\"><img width=\"150\" height=\"150\" src=\"https:\/\/www.fundacionyuste.org\/wp-content\/uploads\/2018\/10\/IMG_9681-150x150.jpg\" class=\"attachment-thumbnail size-thumbnail\" alt=\"\" decoding=\"async\" loading=\"lazy\" srcset=\"https:\/\/www.fundacionyuste.org\/wp-content\/uploads\/2018\/10\/IMG_9681-150x150.jpg 150w, https:\/\/www.fundacionyuste.org\/wp-content\/uploads\/2018\/10\/IMG_9681-440x440.jpg 440w\" sizes=\"(max-width: 150px) 100vw, 150px\" \/><\/a>\n\t\t\t<\/dt><\/dl><dl class='gallery-item'>\n\t\t\t<dt class='gallery-icon landscape'>\n\t\t\t\t<a href='https:\/\/www.fundacionyuste.org\/wp-content\/uploads\/2018\/10\/IMG_9684-1024x683.jpg' title=\"\" data-rl_title=\"\" class=\"rl-gallery-link\" data-rl_caption=\"\" data-rel=\"lightbox-gallery-1\"><img width=\"150\" height=\"150\" src=\"https:\/\/www.fundacionyuste.org\/wp-content\/uploads\/2018\/10\/IMG_9684-150x150.jpg\" class=\"attachment-thumbnail size-thumbnail\" alt=\"\" decoding=\"async\" loading=\"lazy\" srcset=\"https:\/\/www.fundacionyuste.org\/wp-content\/uploads\/2018\/10\/IMG_9684-150x150.jpg 150w, https:\/\/www.fundacionyuste.org\/wp-content\/uploads\/2018\/10\/IMG_9684-440x440.jpg 440w\" sizes=\"(max-width: 150px) 100vw, 150px\" \/><\/a>\n\t\t\t<\/dt><\/dl><dl class='gallery-item'>\n\t\t\t<dt class='gallery-icon landscape'>\n\t\t\t\t<a href='https:\/\/www.fundacionyuste.org\/wp-content\/uploads\/2018\/10\/IMG_9703-1024x683.jpg' title=\"\" data-rl_title=\"\" class=\"rl-gallery-link\" data-rl_caption=\"\" data-rel=\"lightbox-gallery-1\"><img width=\"150\" height=\"150\" src=\"https:\/\/www.fundacionyuste.org\/wp-content\/uploads\/2018\/10\/IMG_9703-150x150.jpg\" class=\"attachment-thumbnail size-thumbnail\" alt=\"\" decoding=\"async\" loading=\"lazy\" srcset=\"https:\/\/www.fundacionyuste.org\/wp-content\/uploads\/2018\/10\/IMG_9703-150x150.jpg 150w, https:\/\/www.fundacionyuste.org\/wp-content\/uploads\/2018\/10\/IMG_9703-440x440.jpg 440w\" sizes=\"(max-width: 150px) 100vw, 150px\" \/><\/a>\n\t\t\t<\/dt><\/dl><br style=\"clear: both\" \/><dl class='gallery-item'>\n\t\t\t<dt class='gallery-icon landscape'>\n\t\t\t\t<a href='https:\/\/www.fundacionyuste.org\/wp-content\/uploads\/2018\/10\/IMG_9704-1024x683.jpg' title=\"\" data-rl_title=\"\" class=\"rl-gallery-link\" data-rl_caption=\"\" data-rel=\"lightbox-gallery-1\"><img width=\"150\" height=\"150\" src=\"https:\/\/www.fundacionyuste.org\/wp-content\/uploads\/2018\/10\/IMG_9704-150x150.jpg\" class=\"attachment-thumbnail size-thumbnail\" alt=\"\" decoding=\"async\" loading=\"lazy\" srcset=\"https:\/\/www.fundacionyuste.org\/wp-content\/uploads\/2018\/10\/IMG_9704-150x150.jpg 150w, https:\/\/www.fundacionyuste.org\/wp-content\/uploads\/2018\/10\/IMG_9704-440x440.jpg 440w\" sizes=\"(max-width: 150px) 100vw, 150px\" \/><\/a>\n\t\t\t<\/dt><\/dl><dl class='gallery-item'>\n\t\t\t<dt class='gallery-icon landscape'>\n\t\t\t\t<a href='https:\/\/www.fundacionyuste.org\/wp-content\/uploads\/2018\/10\/IMG_9732-1024x683.jpg' title=\"\" data-rl_title=\"\" class=\"rl-gallery-link\" data-rl_caption=\"\" data-rel=\"lightbox-gallery-1\"><img width=\"150\" height=\"150\" src=\"https:\/\/www.fundacionyuste.org\/wp-content\/uploads\/2018\/10\/IMG_9732-150x150.jpg\" class=\"attachment-thumbnail size-thumbnail\" alt=\"\" decoding=\"async\" loading=\"lazy\" srcset=\"https:\/\/www.fundacionyuste.org\/wp-content\/uploads\/2018\/10\/IMG_9732-150x150.jpg 150w, https:\/\/www.fundacionyuste.org\/wp-content\/uploads\/2018\/10\/IMG_9732-440x440.jpg 440w\" sizes=\"(max-width: 150px) 100vw, 150px\" \/><\/a>\n\t\t\t<\/dt><\/dl>\n\t\t\t<br style='clear: both' \/>\n\t\t<\/div>\n\n<p>[\/et_pb_tab][et_pb_tab _builder_version=&#8221;3.0.85&#8243; title=&#8221;Videos&#8221; use_background_color_gradient=&#8221;off&#8221; background_color_gradient_start=&#8221;#2b87da&#8221; background_color_gradient_end=&#8221;#29c4a9&#8243; background_color_gradient_type=&#8221;linear&#8221; background_color_gradient_direction=&#8221;180deg&#8221; background_color_gradient_direction_radial=&#8221;center&#8221; background_color_gradient_start_position=&#8221;0%&#8221; background_color_gradient_end_position=&#8221;100%&#8221; parallax=&#8221;off&#8221; parallax_method=&#8221;on&#8221; background_size=&#8221;cover&#8221; background_position=&#8221;center&#8221; background_repeat=&#8221;no-repeat&#8221; background_blend=&#8221;normal&#8221; allow_player_pause=&#8221;off&#8221; tab_font=&#8221;||||||||&#8221; tab_text_shadow_style=&#8221;none&#8221; tab_text_shadow_color=&#8221;rgba(0,0,0,0.4)&#8221; body_font=&#8221;||||||||&#8221; body_text_shadow_style=&#8221;none&#8221; body_text_shadow_color=&#8221;rgba(0,0,0,0.4)&#8221;]<\/p>\n<p><strong>SPEECHES:<\/strong><\/p>\n<p><img decoding=\"async\" loading=\"lazy\" class=\"alignnone wp-image-212162\" src=\"https:\/\/www.fundacionyuste.org\/wp-content\/uploads\/2018\/05\/Youtube_icon.png\" alt=\"\" width=\"15\" height=\"15\" \/> <a href=\"https:\/\/www.youtube.com\/watch?v=xox62hy0j6s&amp;list=PLavlJsUxU6WMPChAhuMR3FK7ljQK4crDp&amp;index=2&amp;t=0s\" data-rel=\"lightbox-video-0\">Inauguraci\u00f3n STRENGTHENING EUROPEAN IDENTITY THROUGH CULTURE AND EDUCATION, AND HOW TO MANAGE IT <\/a><\/p>\n<p><img decoding=\"async\" loading=\"lazy\" class=\"alignnone wp-image-212162\" src=\"https:\/\/www.fundacionyuste.org\/wp-content\/uploads\/2018\/05\/Youtube_icon.png\" alt=\"\" width=\"15\" height=\"15\" \/> <a href=\"https:\/\/www.youtube.com\/watch?v=zz-qPVnL5o4&amp;list=PLavlJsUxU6WMPChAhuMR3FK7ljQK4crDp&amp;index=3&amp;t=0s\" data-rel=\"lightbox-video-1\" data-sessionlink=\"ei=0iOzW97BI-SlxgK_3KCwAQ&amp;feature=plpp_video&amp;ved=CAgQxjQYASITCN7y76qj590CFeSSUQodPy4IFij6LA\">Keynote speech by Abram de Swaan <\/a><\/p>\n<p><img decoding=\"async\" loading=\"lazy\" class=\"alignnone wp-image-212162\" src=\"https:\/\/www.fundacionyuste.org\/wp-content\/uploads\/2018\/05\/Youtube_icon.png\" alt=\"\" width=\"15\" height=\"15\" \/> <a href=\"https:\/\/www.youtube.com\/watch?v=te65zhPKQtE&amp;list=PLavlJsUxU6WMPChAhuMR3FK7ljQK4crDp&amp;index=4&amp;t=0s\" data-rel=\"lightbox-video-2\" data-sessionlink=\"ei=0iOzW97BI-SlxgK_3KCwAQ&amp;feature=plpp_video&amp;ved=CAkQxjQYAiITCN7y76qj590CFeSSUQodPy4IFij6LA\">Conferencia de Felipe Leco Berrocal <\/a><\/p>\n<p><img decoding=\"async\" loading=\"lazy\" class=\"alignnone wp-image-212162\" src=\"https:\/\/www.fundacionyuste.org\/wp-content\/uploads\/2018\/05\/Youtube_icon.png\" alt=\"\" width=\"15\" height=\"15\" \/> <a href=\"https:\/\/www.youtube.com\/watch?v=z-N4ejWTHf8&amp;list=PLavlJsUxU6WMPChAhuMR3FK7ljQK4crDp&amp;index=5&amp;t=0s\" data-rel=\"lightbox-video-3\" data-sessionlink=\"ei=0iOzW97BI-SlxgK_3KCwAQ&amp;feature=plpp_video&amp;ved=CAoQxjQYAyITCN7y76qj590CFeSSUQodPy4IFij6LA\">Speech by Sabah Walid Sbeinati &amp; Juanjo Pulido <\/a><\/p>\n<p><img decoding=\"async\" loading=\"lazy\" class=\"alignnone wp-image-212162\" src=\"https:\/\/www.fundacionyuste.org\/wp-content\/uploads\/2018\/05\/Youtube_icon.png\" alt=\"\" width=\"15\" height=\"15\" \/> <a href=\"https:\/\/www.youtube.com\/watch?v=8HdNsGSzk9o&amp;list=PLavlJsUxU6WMPChAhuMR3FK7ljQK4crDp&amp;index=6&amp;t=260s\" data-rel=\"lightbox-video-4\" data-sessionlink=\"ei=0iOzW97BI-SlxgK_3KCwAQ&amp;feature=plpp_video&amp;ved=CAsQxjQYBCITCN7y76qj590CFeSSUQodPy4IFij6LA\">Speech by Jan Van Zwieten Leadership <\/a><\/p>\n<p><img decoding=\"async\" loading=\"lazy\" class=\"alignnone wp-image-212162\" src=\"https:\/\/www.fundacionyuste.org\/wp-content\/uploads\/2018\/05\/Youtube_icon.png\" alt=\"\" width=\"15\" height=\"15\" \/> <a href=\"https:\/\/www.youtube.com\/watch?v=HJvR77G7lKY&amp;list=PLavlJsUxU6WMPChAhuMR3FK7ljQK4crDp&amp;index=7&amp;t=0s\" data-rel=\"lightbox-video-5\" data-sessionlink=\"ei=0iOzW97BI-SlxgK_3KCwAQ&amp;feature=plpp_video&amp;ved=CAwQxjQYBSITCN7y76qj590CFeSSUQodPy4IFij6LA\">Speech by Steve Austen &amp; Miguel \u00c1ngel Mart\u00edn Ramos <\/a><\/p>\n<p><img decoding=\"async\" loading=\"lazy\" class=\"alignnone wp-image-212162\" src=\"https:\/\/www.fundacionyuste.org\/wp-content\/uploads\/2018\/05\/Youtube_icon.png\" alt=\"\" width=\"15\" height=\"15\" \/> <a href=\"https:\/\/www.youtube.com\/watch?v=g6s0PKi7Ro8&amp;list=PLavlJsUxU6WMPChAhuMR3FK7ljQK4crDp&amp;index=8&amp;t=0s\" data-rel=\"lightbox-video-6\" data-sessionlink=\"ei=0iOzW97BI-SlxgK_3KCwAQ&amp;feature=plpp_video&amp;ved=CA0QxjQYBiITCN7y76qj590CFeSSUQodPy4IFij6LA\">Speech by Dimitar Nikilovski (1)<\/a><\/p>\n<p><img decoding=\"async\" loading=\"lazy\" class=\"alignnone wp-image-212162\" src=\"https:\/\/www.fundacionyuste.org\/wp-content\/uploads\/2018\/05\/Youtube_icon.png\" alt=\"\" width=\"15\" height=\"15\" \/> <a href=\"https:\/\/www.youtube.com\/watch?v=m_tFvjDY_6Y&amp;list=PLavlJsUxU6WMPChAhuMR3FK7ljQK4crDp&amp;index=9&amp;t=0s\" data-rel=\"lightbox-video-7\" data-sessionlink=\"ei=0iOzW97BI-SlxgK_3KCwAQ&amp;feature=plpp_video&amp;ved=CA4QxjQYByITCN7y76qj590CFeSSUQodPy4IFij6LA\">Speech by Izabela Agardi (1)<\/a><\/p>\n<p><img decoding=\"async\" loading=\"lazy\" class=\"alignnone wp-image-212162\" src=\"https:\/\/www.fundacionyuste.org\/wp-content\/uploads\/2018\/05\/Youtube_icon.png\" alt=\"\" width=\"15\" height=\"15\" \/> <a href=\"https:\/\/www.youtube.com\/watch?v=HOkkqFWogZI&amp;list=PLavlJsUxU6WMPChAhuMR3FK7ljQK4crDp&amp;index=10&amp;t=0s\" data-rel=\"lightbox-video-8\" data-sessionlink=\"ei=0iOzW97BI-SlxgK_3KCwAQ&amp;feature=plpp_video&amp;ved=CA8QxjQYCCITCN7y76qj590CFeSSUQodPy4IFij6LA\">Speech by Dimitar Nikilovski (2)<\/a><\/p>\n<p><img decoding=\"async\" loading=\"lazy\" class=\"alignnone wp-image-212162\" src=\"https:\/\/www.fundacionyuste.org\/wp-content\/uploads\/2018\/05\/Youtube_icon.png\" alt=\"\" width=\"15\" height=\"15\" \/> <a href=\"https:\/\/www.youtube.com\/watch?v=1fgKICtHCj8&amp;list=PLavlJsUxU6WMPChAhuMR3FK7ljQK4crDp&amp;index=11&amp;t=0s\" data-rel=\"lightbox-video-9\" data-sessionlink=\"ei=0iOzW97BI-SlxgK_3KCwAQ&amp;feature=plpp_video&amp;ved=CBAQxjQYCSITCN7y76qj590CFeSSUQodPy4IFij6LA\">Speech by Izabella Agardi (2)<\/a><\/p>\n<p><img decoding=\"async\" loading=\"lazy\" class=\"alignnone wp-image-212162\" src=\"https:\/\/www.fundacionyuste.org\/wp-content\/uploads\/2018\/05\/Youtube_icon.png\" alt=\"\" width=\"15\" height=\"15\" \/> <a href=\"https:\/\/www.youtube.com\/watch?v=KwEdJzvs9dE&amp;list=PLavlJsUxU6WMPChAhuMR3FK7ljQK4crDp&amp;index=12&amp;t=0s\" data-rel=\"lightbox-video-10\" data-sessionlink=\"ei=0iOzW97BI-SlxgK_3KCwAQ&amp;feature=plpp_video&amp;ved=CBEQxjQYCiITCN7y76qj590CFeSSUQodPy4IFij6LA\">Speech by Mario Neve (1)<\/a><\/p>\n<p><img decoding=\"async\" loading=\"lazy\" class=\"alignnone wp-image-212162\" src=\"https:\/\/www.fundacionyuste.org\/wp-content\/uploads\/2018\/05\/Youtube_icon.png\" alt=\"\" width=\"15\" height=\"15\" \/> <a href=\"https:\/\/www.youtube.com\/watch?v=otyU6BL0QX0&amp;list=PLavlJsUxU6WMPChAhuMR3FK7ljQK4crDp&amp;index=13&amp;t=0s\" data-sessionlink=\"ei=0iOzW97BI-SlxgK_3KCwAQ&amp;feature=plpp_video&amp;ved=CBIQxjQYCyITCN7y76qj590CFeSSUQodPy4IFij6LA\">Speech by Bart Lommen<br \/>\n<\/a><br \/>\n<img decoding=\"async\" loading=\"lazy\" class=\"alignnone wp-image-212162\" src=\"https:\/\/www.fundacionyuste.org\/wp-content\/uploads\/2018\/05\/Youtube_icon.png\" alt=\"\" width=\"15\" height=\"15\" \/> <a href=\"https:\/\/www.youtube.com\/watch?v=SjA8RSCTUrM&amp;list=PLavlJsUxU6WMPChAhuMR3FK7ljQK4crDp&amp;index=14&amp;t=0s\" data-rel=\"lightbox-video-11\" data-sessionlink=\"ei=0iOzW97BI-SlxgK_3KCwAQ&amp;feature=plpp_video&amp;ved=CBMQxjQYDCITCN7y76qj590CFeSSUQodPy4IFij6LA\">Speech by Mario Neve (2)<\/a><\/p>\n<p><img decoding=\"async\" loading=\"lazy\" class=\"alignnone wp-image-212162\" src=\"https:\/\/www.fundacionyuste.org\/wp-content\/uploads\/2018\/05\/Youtube_icon.png\" alt=\"\" width=\"15\" height=\"15\" \/> <a href=\"https:\/\/www.youtube.com\/watch?v=GA67YucUgKg&amp;list=PLavlJsUxU6WMPChAhuMR3FK7ljQK4crDp&amp;index=15&amp;t=0s\" data-rel=\"lightbox-video-12\" data-sessionlink=\"ei=0iOzW97BI-SlxgK_3KCwAQ&amp;feature=plpp_video&amp;ved=CBQQxjQYDSITCN7y76qj590CFeSSUQodPy4IFij6LA\">Speech by Mario Neve (3)<\/a><\/p>\n<p><img decoding=\"async\" loading=\"lazy\" class=\"alignnone wp-image-212162\" src=\"https:\/\/www.fundacionyuste.org\/wp-content\/uploads\/2018\/05\/Youtube_icon.png\" alt=\"\" width=\"15\" height=\"15\" \/> <a href=\"https:\/\/www.youtube.com\/watch?v=ivJchvCBlOo&amp;list=PLavlJsUxU6WMPChAhuMR3FK7ljQK4crDp&amp;index=16&amp;t=0s\" data-rel=\"lightbox-video-13\" data-sessionlink=\"ei=0iOzW97BI-SlxgK_3KCwAQ&amp;feature=plpp_video&amp;ved=CBUQxjQYDiITCN7y76qj590CFeSSUQodPy4IFij6LA\">Speech by Inge Ceustermans<\/a><\/p>\n<p><img decoding=\"async\" loading=\"lazy\" class=\"alignnone wp-image-212162\" src=\"https:\/\/www.fundacionyuste.org\/wp-content\/uploads\/2018\/05\/Youtube_icon.png\" alt=\"\" width=\"15\" height=\"15\" \/> <a href=\"https:\/\/www.youtube.com\/watch?v=dCmM8V449Sc&amp;list=PLavlJsUxU6WMPChAhuMR3FK7ljQK4crDp&amp;index=17&amp;t=2431s\" data-rel=\"lightbox-video-14\" data-sessionlink=\"ei=0iOzW97BI-SlxgK_3KCwAQ&amp;feature=plpp_video&amp;ved=CBYQxjQYDyITCN7y76qj590CFeSSUQodPy4IFij6LA\">Speech by Jan Van Zwieten Leadership (2)<\/a><\/p>\n<p><img decoding=\"async\" loading=\"lazy\" class=\"alignnone wp-image-212162\" src=\"https:\/\/www.fundacionyuste.org\/wp-content\/uploads\/2018\/05\/Youtube_icon.png\" alt=\"\" width=\"15\" height=\"15\" \/> <a href=\"https:\/\/www.youtube.com\/watch?v=ZRjXKPtkaJk&amp;list=PLavlJsUxU6WMPChAhuMR3FK7ljQK4crDp&amp;index=18&amp;t=1269s\" data-rel=\"lightbox-video-15\" data-sessionlink=\"ei=0iOzW97BI-SlxgK_3KCwAQ&amp;feature=plpp_video&amp;ved=CBcQxjQYECITCN7y76qj590CFeSSUQodPy4IFij6LA\">Speech by Jan Van Zieten Leadership (3) <\/a><\/p>\n<p><img decoding=\"async\" loading=\"lazy\" class=\"alignnone wp-image-212162\" src=\"https:\/\/www.fundacionyuste.org\/wp-content\/uploads\/2018\/05\/Youtube_icon.png\" alt=\"\" width=\"15\" height=\"15\" \/> <a href=\"https:\/\/www.youtube.com\/watch?v=XgJrsUjxUBs&amp;list=PLavlJsUxU6WMPChAhuMR3FK7ljQK4crDp&amp;index=19&amp;t=113s\" data-rel=\"lightbox-video-16\" data-sessionlink=\"ei=0iOzW97BI-SlxgK_3KCwAQ&amp;feature=plpp_video&amp;ved=CBgQxjQYESITCN7y76qj590CFeSSUQodPy4IFij6LA\">Working Groups Presentation <\/a><\/p>\n<p><img decoding=\"async\" loading=\"lazy\" class=\"alignnone wp-image-212162\" src=\"https:\/\/www.fundacionyuste.org\/wp-content\/uploads\/2018\/05\/Youtube_icon.png\" alt=\"\" width=\"15\" height=\"15\" \/> <a href=\"https:\/\/www.youtube.com\/watch?v=qlkNIvYGAPc&amp;list=PLavlJsUxU6WMPChAhuMR3FK7ljQK4crDp&amp;index=20&amp;t=0s\" data-rel=\"lightbox-video-17\" data-sessionlink=\"ei=0iOzW97BI-SlxgK_3KCwAQ&amp;feature=plpp_video&amp;ved=CBkQxjQYEiITCN7y76qj590CFeSSUQodPy4IFij6LA\">Speech by Steve Austen <\/a><\/p>\n<p><img decoding=\"async\" loading=\"lazy\" class=\"alignnone wp-image-212162\" src=\"https:\/\/www.fundacionyuste.org\/wp-content\/uploads\/2018\/05\/Youtube_icon.png\" alt=\"\" width=\"15\" height=\"15\" \/> <a href=\"https:\/\/www.youtube.com\/watch?v=zY2TZCoDvxY&amp;list=PLavlJsUxU6WMPChAhuMR3FK7ljQK4crDp&amp;index=21&amp;t=0s\" data-rel=\"lightbox-video-18\" data-sessionlink=\"ei=0iOzW97BI-SlxgK_3KCwAQ&amp;feature=plpp_video&amp;ved=CBoQxjQYEyITCN7y76qj590CFeSSUQodPy4IFij6LA\">Speech by Miriam Garc\u00eda Cabezas <\/a><\/p>\n<p><img decoding=\"async\" loading=\"lazy\" class=\"alignnone wp-image-212162\" src=\"https:\/\/www.fundacionyuste.org\/wp-content\/uploads\/2018\/05\/Youtube_icon.png\" alt=\"\" width=\"15\" height=\"15\" \/> <a href=\"https:\/\/www.youtube.com\/watch?v=zszW1MhNbUU&amp;list=PLavlJsUxU6WMPChAhuMR3FK7ljQK4crDp&amp;index=22&amp;t=0s\" data-rel=\"lightbox-video-19\" data-sessionlink=\"ei=0iOzW97BI-SlxgK_3KCwAQ&amp;feature=plpp_video&amp;ved=CBsQxjQYFCITCN7y76qj590CFeSSUQodPy4IFij6LA\">Speech by Jan Van Zweiten Leadership (4) <\/a><\/p>\n<p><img decoding=\"async\" loading=\"lazy\" class=\"alignnone wp-image-212162\" src=\"https:\/\/www.fundacionyuste.org\/wp-content\/uploads\/2018\/05\/Youtube_icon.png\" alt=\"\" width=\"15\" height=\"15\" \/> <a href=\"https:\/\/www.youtube.com\/watch?v=Lq-Jq3RD8V4&amp;list=PLavlJsUxU6WMPChAhuMR3FK7ljQK4crDp&amp;index=23&amp;t=0s\" data-rel=\"lightbox-video-20\" data-sessionlink=\"ei=0iOzW97BI-SlxgK_3KCwAQ&amp;feature=plpp_video&amp;ved=CBwQxjQYFSITCN7y76qj590CFeSSUQodPy4IFij6LA\">Speech by Miguel \u00c1ngel Mart\u00edn Ramos <\/a><\/p>\n<p><img decoding=\"async\" loading=\"lazy\" class=\"alignnone wp-image-212162\" src=\"https:\/\/www.fundacionyuste.org\/wp-content\/uploads\/2018\/05\/Youtube_icon.png\" alt=\"\" width=\"15\" height=\"15\" \/> <a href=\"https:\/\/www.youtube.com\/watch?v=bvMlhE38qhM&amp;list=PLavlJsUxU6WMPChAhuMR3FK7ljQK4crDp&amp;index=24&amp;t=0s\" data-rel=\"lightbox-video-21\" data-sessionlink=\"ei=0iOzW97BI-SlxgK_3KCwAQ&amp;feature=plpp_video&amp;ved=CB0QxjQYFiITCN7y76qj590CFeSSUQodPy4IFij6LA\">Speech by Steve Austen (2)<\/a><\/p>\n<p><img decoding=\"async\" loading=\"lazy\" class=\"alignnone wp-image-212162\" src=\"https:\/\/www.fundacionyuste.org\/wp-content\/uploads\/2018\/05\/Youtube_icon.png\" alt=\"\" width=\"15\" height=\"15\" \/> <a href=\"https:\/\/www.youtube.com\/watch?v=u3z6Kb1uIzU&amp;list=PLavlJsUxU6WMPChAhuMR3FK7ljQK4crDp&amp;index=25&amp;t=101s\" data-sessionlink=\"ei=0iOzW97BI-SlxgK_3KCwAQ&amp;feature=plpp_video&amp;ved=CB4QxjQYFyITCN7y76qj590CFeSSUQodPy4IFij6LA\">Debate and reflection on Strengthening European Identity<br \/>\n<\/a><br \/>\n<img decoding=\"async\" loading=\"lazy\" class=\"alignnone wp-image-212162\" src=\"https:\/\/www.fundacionyuste.org\/wp-content\/uploads\/2018\/05\/Youtube_icon.png\" alt=\"\" width=\"15\" height=\"15\" \/> <a href=\"https:\/\/www.youtube.com\/watch?v=LVYpdJukTLQ&amp;list=PLavlJsUxU6WMPChAhuMR3FK7ljQK4crDp&amp;index=26&amp;t=0s\" data-rel=\"lightbox-video-22\" data-sessionlink=\"ei=0iOzW97BI-SlxgK_3KCwAQ&amp;feature=plpp_video&amp;ved=CB8QxjQYGCITCN7y76qj590CFeSSUQodPy4IFij6LA\">Conclusions, feedback from students &amp; closing remarks<\/a><\/p>\n<p><strong>INTERVIEWS:<\/strong><\/p>\n<p><img decoding=\"async\" loading=\"lazy\" class=\"alignnone wp-image-212162\" src=\"https:\/\/www.fundacionyuste.org\/wp-content\/uploads\/2018\/05\/Youtube_icon.png\" alt=\"\" width=\"15\" height=\"15\" \/> <a href=\"https:\/\/www.youtube.com\/watch?v=-Vw5zbyNX5Q&amp;index=2&amp;list=PLavlJsUxU6WNjB5muP2wG1MWjtWKBDLJD&amp;t=0s\" data-rel=\"lightbox-video-23\" data-sessionlink=\"ei=MyazW5HnIIOwVqmgi5AG&amp;feature=plpp_video&amp;ved=CA4QxjQYACITCNHMn82l590CFQOYFQodKdACYij6LA\">Entrevista a Berta Corredor, periodista cultural en Campus Yuste<\/a><\/p>\n<p><img decoding=\"async\" loading=\"lazy\" class=\"alignnone wp-image-212162\" src=\"https:\/\/www.fundacionyuste.org\/wp-content\/uploads\/2018\/05\/Youtube_icon.png\" alt=\"\" width=\"15\" height=\"15\" \/> <a href=\"https:\/\/www.youtube.com\/watch?v=UZuTL2hXgh4&amp;index=3&amp;list=PLavlJsUxU6WNjB5muP2wG1MWjtWKBDLJD&amp;t=4s\" data-rel=\"lightbox-video-24\" data-sessionlink=\"ei=MyazW5HnIIOwVqmgi5AG&amp;feature=plpp_video&amp;ved=CA8QxjQYASITCNHMn82l590CFQOYFQodKdACYij6LA\">Entrevista con Felipe Leco Berrocal <\/a><\/p>\n<p><img decoding=\"async\" loading=\"lazy\" class=\"alignnone wp-image-212162\" src=\"https:\/\/www.fundacionyuste.org\/wp-content\/uploads\/2018\/05\/Youtube_icon.png\" alt=\"\" width=\"15\" height=\"15\" \/> <a href=\"https:\/\/www.youtube.com\/watch?v=4LGbiFJctuY&amp;index=4&amp;list=PLavlJsUxU6WNjB5muP2wG1MWjtWKBDLJD&amp;t=1s\" data-rel=\"lightbox-video-25\" data-sessionlink=\"ei=MyazW5HnIIOwVqmgi5AG&amp;feature=plpp_video&amp;ved=CBAQxjQYAiITCNHMn82l590CFQOYFQodKdACYij6LA\">Interview with Abram de Swaan in Campus Yuste <\/a><\/p>\n<p><img decoding=\"async\" loading=\"lazy\" class=\"alignnone wp-image-212162\" src=\"https:\/\/www.fundacionyuste.org\/wp-content\/uploads\/2018\/05\/Youtube_icon.png\" alt=\"\" width=\"15\" height=\"15\" \/> <a href=\"https:\/\/www.youtube.com\/watch?v=Dfl8kZXafq4&amp;index=5&amp;list=PLavlJsUxU6WNjB5muP2wG1MWjtWKBDLJD&amp;t=0s\" data-rel=\"lightbox-video-26\" data-sessionlink=\"ei=MyazW5HnIIOwVqmgi5AG&amp;feature=plpp_video&amp;ved=CBEQxjQYAyITCNHMn82l590CFQOYFQodKdACYij6LA\">Interview with Izabella Agardi in Campus Yuste <\/a><\/p>\n<p><img decoding=\"async\" loading=\"lazy\" class=\"alignnone wp-image-212162\" src=\"https:\/\/www.fundacionyuste.org\/wp-content\/uploads\/2018\/05\/Youtube_icon.png\" alt=\"\" width=\"15\" height=\"15\" \/> <a href=\"https:\/\/www.youtube.com\/watch?v=jL8OkxtLvnY&amp;index=6&amp;list=PLavlJsUxU6WNjB5muP2wG1MWjtWKBDLJD&amp;t=0s\" data-rel=\"lightbox-video-27\" data-sessionlink=\"ei=MyazW5HnIIOwVqmgi5AG&amp;feature=plpp_video&amp;ved=CBIQxjQYBCITCNHMn82l590CFQOYFQodKdACYij6LA\">Interview with Steve Austen in Campus Yuste <\/a><\/p>\n<p><img decoding=\"async\" loading=\"lazy\" class=\"alignnone wp-image-212162\" src=\"https:\/\/www.fundacionyuste.org\/wp-content\/uploads\/2018\/05\/Youtube_icon.png\" alt=\"\" width=\"15\" height=\"15\" \/> <a href=\"https:\/\/www.youtube.com\/watch?v=_S3FQC4zjmc&amp;index=7&amp;list=PLavlJsUxU6WNjB5muP2wG1MWjtWKBDLJD&amp;t=0s\" data-rel=\"lightbox-video-28\" data-sessionlink=\"ei=MyazW5HnIIOwVqmgi5AG&amp;feature=plpp_video&amp;ved=CBMQxjQYBSITCNHMn82l590CFQOYFQodKdACYij6LA\">Interview with Prof. Jan Van Zwieten in Campus Yuste <\/a><\/p>\n<p><img decoding=\"async\" loading=\"lazy\" class=\"alignnone wp-image-212162\" src=\"https:\/\/www.fundacionyuste.org\/wp-content\/uploads\/2018\/05\/Youtube_icon.png\" alt=\"\" width=\"15\" height=\"15\" \/> <a href=\"https:\/\/www.youtube.com\/watch?v=sGLnIfcAHnI&amp;index=8&amp;list=PLavlJsUxU6WNjB5muP2wG1MWjtWKBDLJD&amp;t=0s\" data-rel=\"lightbox-video-29\" data-sessionlink=\"ei=MyazW5HnIIOwVqmgi5AG&amp;feature=plpp_video&amp;ved=CBQQxjQYBiITCNHMn82l590CFQOYFQodKdACYij6LA\">Interview with Mario Neve in Campus Yuste <\/a><\/p>\n<p><img decoding=\"async\" loading=\"lazy\" class=\"alignnone wp-image-212162\" src=\"https:\/\/www.fundacionyuste.org\/wp-content\/uploads\/2018\/05\/Youtube_icon.png\" alt=\"\" width=\"15\" height=\"15\" \/> <a href=\"https:\/\/www.youtube.com\/watch?v=4lZl86ZZMmY&amp;index=9&amp;list=PLavlJsUxU6WNjB5muP2wG1MWjtWKBDLJD&amp;t=0s\" data-rel=\"lightbox-video-30\" data-sessionlink=\"ei=MyazW5HnIIOwVqmgi5AG&amp;feature=plpp_video&amp;ved=CBUQxjQYByITCNHMn82l590CFQOYFQodKdACYij6LA\">Interview with Dimitar Nikilovski in Campus Yuste <\/a><\/p>\n<p><img decoding=\"async\" loading=\"lazy\" class=\"alignnone wp-image-212162\" src=\"https:\/\/www.fundacionyuste.org\/wp-content\/uploads\/2018\/05\/Youtube_icon.png\" alt=\"\" width=\"15\" height=\"15\" \/> <a href=\"https:\/\/www.youtube.com\/watch?v=7z_ilH2BcQ8&amp;index=10&amp;list=PLavlJsUxU6WNjB5muP2wG1MWjtWKBDLJD&amp;t=0s\" data-rel=\"lightbox-video-31\" data-sessionlink=\"ei=MyazW5HnIIOwVqmgi5AG&amp;feature=plpp_video&amp;ved=CBYQxjQYCCITCNHMn82l590CFQOYFQodKdACYij6LA\">Entrevista a Juan Carlos Preciado en Campus Yuste <\/a><\/p>\n<p><img decoding=\"async\" loading=\"lazy\" class=\"alignnone wp-image-212162\" src=\"https:\/\/www.fundacionyuste.org\/wp-content\/uploads\/2018\/05\/Youtube_icon.png\" alt=\"\" width=\"15\" height=\"15\" \/> <a href=\"https:\/\/www.youtube.com\/watch?v=vMoX54b38nQ&amp;index=11&amp;list=PLavlJsUxU6WNjB5muP2wG1MWjtWKBDLJD&amp;t=0s\" data-rel=\"lightbox-video-32\" data-sessionlink=\"ei=MyazW5HnIIOwVqmgi5AG&amp;feature=plpp_video&amp;ved=CBcQxjQYCSITCNHMn82l590CFQOYFQodKdACYij6LA\">Interview with Bart Lommen in Campus Yuste <\/a><\/p>\n<p><img decoding=\"async\" loading=\"lazy\" class=\"alignnone wp-image-212162\" src=\"https:\/\/www.fundacionyuste.org\/wp-content\/uploads\/2018\/05\/Youtube_icon.png\" alt=\"\" width=\"15\" height=\"15\" \/> <a href=\"https:\/\/www.youtube.com\/watch?v=5iHRuabnI2g&amp;index=12&amp;list=PLavlJsUxU6WNjB5muP2wG1MWjtWKBDLJD&amp;t=2s\" data-rel=\"lightbox-video-33\" data-sessionlink=\"ei=MyazW5HnIIOwVqmgi5AG&amp;feature=plpp_video&amp;ved=CBgQxjQYCiITCNHMn82l590CFQOYFQodKdACYij6LA\">Entrevista a Miguel Angel Mart\u00edn Ramos <\/a><\/p>\n<p><strong>CAMPUS YUSTE EXPERIENCE:<\/strong><\/p>\n<p><img decoding=\"async\" loading=\"lazy\" class=\"alignnone wp-image-212162\" src=\"https:\/\/www.fundacionyuste.org\/wp-content\/uploads\/2018\/05\/Youtube_icon.png\" alt=\"\" width=\"15\" height=\"15\" \/> <a href=\"https:\/\/www.youtube.com\/watch?v=gH4dPRCI4dA&amp;index=13&amp;list=PLavlJsUxU6WNjB5muP2wG1MWjtWKBDLJD&amp;t=0s\" data-rel=\"lightbox-video-34\" data-sessionlink=\"ei=MyazW5HnIIOwVqmgi5AG&amp;feature=plpp_video&amp;ved=CBkQxjQYCyITCNHMn82l590CFQOYFQodKdACYij6LA\">Miguel \u00c1ngel Villalobos experiencia campus yuste <\/a><\/p>\n<p>&nbsp;<\/p>\n<p>[\/et_pb_tab][et_pb_tab _builder_version=&#8221;3.0.85&#8243; title=&#8221;Course Video Summary&#8221; use_background_color_gradient=&#8221;off&#8221; background_color_gradient_start=&#8221;#2b87da&#8221; background_color_gradient_end=&#8221;#29c4a9&#8243; background_color_gradient_type=&#8221;linear&#8221; background_color_gradient_direction=&#8221;180deg&#8221; background_color_gradient_direction_radial=&#8221;center&#8221; background_color_gradient_start_position=&#8221;0%&#8221; background_color_gradient_end_position=&#8221;100%&#8221; parallax=&#8221;off&#8221; parallax_method=&#8221;on&#8221; background_size=&#8221;cover&#8221; background_position=&#8221;center&#8221; background_repeat=&#8221;no-repeat&#8221; background_blend=&#8221;normal&#8221; allow_player_pause=&#8221;off&#8221; tab_font=&#8221;||||||||&#8221; tab_text_shadow_style=&#8221;none&#8221; tab_text_shadow_color=&#8221;rgba(0,0,0,0.4)&#8221; body_font=&#8221;||||||||&#8221; body_text_shadow_style=&#8221;none&#8221; body_text_shadow_color=&#8221;rgba(0,0,0,0.4)&#8221;]<\/p>\n<p><iframe loading=\"lazy\" width=\"1080\" height=\"608\" src=\"https:\/\/www.youtube.com\/embed\/e2MFb5WjqTg?start=32&#038;feature=oembed\" frameborder=\"0\" allow=\"autoplay; encrypted-media\" allowfullscreen><\/iframe><\/p>\n<p>&nbsp;<\/p>\n<p>[\/et_pb_tab] [\/et_pb_tabs][\/et_pb_column][\/et_pb_row][\/et_pb_section]<\/p>\n","protected":false},"excerpt":{"rendered":"<p><strong>From the 24<sup>th<\/sup> to the 28<sup>th<\/sup> of September 2018, at the Royal Monastery of Yuste<\/strong><\/p>\n<p>&nbsp;<\/p>\n","protected":false},"author":3,"featured_media":0,"comment_status":"closed","ping_status":"closed","sticky":false,"template":"","format":"standard","meta":{"_et_pb_use_builder":"on","_et_pb_old_content":"<p>[et_pb_section bb_built=\"1\" _builder_version=\"3.0.85\"][et_pb_row _builder_version=\"3.0.47\" background_size=\"initial\" background_position=\"top_left\" background_repeat=\"repeat\"][et_pb_column type=\"1_4\"][et_pb_text admin_label=\"TITULO SECCI\u00d3N\" _builder_version=\"3.0.85\" text_font=\"Muli||||||||\" text_orientation=\"right\" module_alignment=\"right\" custom_padding=\"|20px||\"]<\/p><h1>ACTIVIDADES<\/h1><p>[\/et_pb_text][\/et_pb_column][et_pb_column type=\"3_4\"][et_pb_post_title admin_label=\"T\u00cdTULO DE LA ACTIVIDAD (Autom\u00e1tico)\" meta=\"off\" featured_image=\"off\" _builder_version=\"3.0.85\" title_level=\"h2\" title_font=\"Muli|700||on|||||\" title_font_size=\"20px\" custom_padding=\"6px|||\"]<\/p><p>\u00a0<\/p><p>[\/et_pb_post_title][\/et_pb_column][\/et_pb_row][et_pb_row _builder_version=\"3.0.47\" background_size=\"initial\" background_position=\"top_left\" background_repeat=\"repeat\"][et_pb_column type=\"1_4\"][et_pb_sidebar admin_label=\"MEN\u00da LATERAL\" area=\"et_pb_widget_area_6\" _builder_version=\"3.0.85\" orientation=\"left\" show_border=\"on\" background_layout=\"light\"]<\/p><p>\u00a0<\/p><p>[\/et_pb_sidebar][\/et_pb_column][et_pb_column type=\"3_4\"][et_pb_text admin_label=\"CONTENIDO DE LA ACTIVIDAD\" _builder_version=\"3.0.85\" text_font=\"Muli||||||||\" text_text_color=\"#262626\" header_font=\"Muli||||||||\" header_font_size=\"22px\" header_2_font=\"Muli||||||||\" header_3_font=\"Muli||||||||\" header_4_font=\"Muli||||||||\" header_5_font=\"Muli||||||||\" header_6_font=\"Muli||||||||\" background_layout=\"light\"]<\/p><p><strong>Real Monasterio de Yuste, del 24 al 28 de septiembre de 2018<\/strong><\/p><p><img class=\"alignleft wp-image-211322 size-medium\" src=\"https:\/\/www.fundacionyuste.org\/wp-content\/uploads\/2018\/05\/CAMPUS2018cursos2-300x149.jpg\" alt=\"\" width=\"300\" height=\"149\" \/><\/p><p align=\"justify\">Este curso se organiza en el marco del Programa Europeo Erasmus Plus y tiene como objetivo el desarrollo de un curr\u00edculo interdisciplinar europeo que ponga en marcha un Master de Gesti\u00f3n de Negocios (MBA) sobre Cultura, Patrimonio y Ciudadan\u00eda Europea, (MBA Culture, Heritage & Citizenship (MBA CHC) en ingl\u00e9s).<\/p><p align=\"justify\">Tiene como principal objetivo de desarrollar las habilidades y perspectivas para la formaci\u00f3n de estudiantes que deseen desarrollar habilidades empresariales en el campo de la gesti\u00f3n del patrimonio y el sector cultural interactuando con la ciudadan\u00eda y otros campos, ofreciendo una visi\u00f3n inter y multidisciplinar. Esto ser\u00e1 posible combinando experiencias personales con la mejor formaci\u00f3n de gesti\u00f3n de negocios (MBA), centrada en la creciente complejidad de asuntos relacionados con la cultura.<\/p><h2>DIRECTOR<\/h2><p>Steve Austen. Director del Proyecto MBA Culture, Heritage & Citizenship<\/p><p>[\/et_pb_text][et_pb_tabs admin_label=\"CONTENIDO EN PESTA\u00d1AS \" active_tab_background_color=\"#368e00\" inactive_tab_background_color=\"#e09900\" _builder_version=\"3.0.85\" tab_font=\"Muli|600||on|||||\" custom_margin=\"||40px|\"]<\/p><p>[et_pb_tab title=\"Documentos\" _builder_version=\"3.0.85\" tab_font=\"||||||||\" body_font=\"Muli||||||||\" use_background_color_gradient=\"off\" background_color_gradient_start=\"#2b87da\" background_color_gradient_end=\"#29c4a9\" background_color_gradient_type=\"linear\" background_color_gradient_direction=\"180deg\" background_color_gradient_direction_radial=\"center\" background_color_gradient_start_position=\"0%\" background_color_gradient_end_position=\"100%\" parallax=\"off\" parallax_method=\"on\" background_size=\"cover\" background_position=\"center\" background_repeat=\"no-repeat\" background_blend=\"normal\" allow_player_pause=\"off\" tab_text_shadow_style=\"none\" tab_text_shadow_color=\"rgba(0,0,0,0.4)\" body_text_shadow_style=\"none\" body_text_shadow_color=\"rgba(0,0,0,0.4)\"]<\/p><p>\u00a0<\/p><p>\u00a0<\/p><p>[\/et_pb_tab][et_pb_tab title=\"Noticias\" _builder_version=\"3.0.85\" tab_font=\"||||||||\" body_font=\"||||||||\" use_background_color_gradient=\"off\" background_color_gradient_start=\"#2b87da\" background_color_gradient_end=\"#29c4a9\" background_color_gradient_type=\"linear\" background_color_gradient_direction=\"180deg\" background_color_gradient_direction_radial=\"center\" background_color_gradient_start_position=\"0%\" background_color_gradient_end_position=\"100%\" parallax=\"off\" parallax_method=\"on\" background_size=\"cover\" background_position=\"center\" background_repeat=\"no-repeat\" background_blend=\"normal\" allow_player_pause=\"off\" tab_text_shadow_style=\"none\" tab_text_shadow_color=\"rgba(0,0,0,0.4)\" body_text_shadow_style=\"none\" body_text_shadow_color=\"rgba(0,0,0,0.4)\"]<\/p><p>\u00a0<\/p><p>\u00a0<\/p><p>\u00a0<\/p><p>\u00a0<\/p><p>\u00a0<\/p><p>\u00a0<\/p><p>\u00a0<\/p><p>[\/et_pb_tab][et_pb_tab title=\"Fotograf\u00edas\" _builder_version=\"3.0.85\" tab_font=\"Muli||||||||\" body_font=\"||||||||\" custom_padding=\"6px|0px|0px|0px\" custom_padding_tablet=\"6px|0px|0px|0px\" custom_padding_phone=\"6px|0px|0px|0px\" custom_css_main_element=\"margin-top: -8px; padding; 0px;\" use_background_color_gradient=\"off\" background_color_gradient_start=\"#2b87da\" background_color_gradient_end=\"#29c4a9\" background_color_gradient_type=\"linear\" background_color_gradient_direction=\"180deg\" background_color_gradient_direction_radial=\"center\" background_color_gradient_start_position=\"0%\" background_color_gradient_end_position=\"100%\" parallax=\"off\" parallax_method=\"on\" background_size=\"cover\" background_position=\"center\" background_repeat=\"no-repeat\" background_blend=\"normal\" allow_player_pause=\"off\" tab_text_shadow_style=\"none\" tab_text_shadow_color=\"rgba(0,0,0,0.4)\" body_text_shadow_style=\"none\" body_text_shadow_color=\"rgba(0,0,0,0.4)\" \/]<\/p><p>[\/et_pb_tabs][\/et_pb_column][\/et_pb_row][\/et_pb_section]<\/p>","_et_gb_content_width":"","_links_to":"","_links_to_target":""},"categories":[179,185],"tags":[203],"_links":{"self":[{"href":"https:\/\/www.fundacionyuste.org\/en\/wp-json\/wp\/v2\/posts\/211408"}],"collection":[{"href":"https:\/\/www.fundacionyuste.org\/en\/wp-json\/wp\/v2\/posts"}],"about":[{"href":"https:\/\/www.fundacionyuste.org\/en\/wp-json\/wp\/v2\/types\/post"}],"author":[{"embeddable":true,"href":"https:\/\/www.fundacionyuste.org\/en\/wp-json\/wp\/v2\/users\/3"}],"replies":[{"embeddable":true,"href":"https:\/\/www.fundacionyuste.org\/en\/wp-json\/wp\/v2\/comments?post=211408"}],"version-history":[{"count":0,"href":"https:\/\/www.fundacionyuste.org\/en\/wp-json\/wp\/v2\/posts\/211408\/revisions"}],"wp:attachment":[{"href":"https:\/\/www.fundacionyuste.org\/en\/wp-json\/wp\/v2\/media?parent=211408"}],"wp:term":[{"taxonomy":"category","embeddable":true,"href":"https:\/\/www.fundacionyuste.org\/en\/wp-json\/wp\/v2\/categories?post=211408"},{"taxonomy":"post_tag","embeddable":true,"href":"https:\/\/www.fundacionyuste.org\/en\/wp-json\/wp\/v2\/tags?post=211408"}],"curies":[{"name":"wp","href":"https:\/\/api.w.org\/{rel}","templated":true}]}}