{"id":211556,"date":"2018-04-24T11:02:43","date_gmt":"2018-04-24T11:02:43","guid":{"rendered":"https:\/\/www.fundacionyuste.org\/?p=211556"},"modified":"2018-05-24T11:07:07","modified_gmt":"2018-05-24T11:07:07","slug":"conference-debate-on-current-perspectives-of-the-black-legend","status":"publish","type":"post","link":"https:\/\/www.fundacionyuste.org\/en\/conference-debate-on-current-perspectives-of-the-black-legend\/","title":{"rendered":"CONFERENCE-DEBATE ON CURRENT PERSPECTIVES OF THE \u201cBLACK LEGEND\u201d"},"content":{"rendered":"<p>[et_pb_section bb_built=&#8221;1&#8243; _builder_version=&#8221;3.0.85&#8243;][et_pb_row _builder_version=&#8221;3.0.47&#8243; background_size=&#8221;initial&#8221; background_position=&#8221;top_left&#8221; background_repeat=&#8221;repeat&#8221;][et_pb_column type=&#8221;1_4&#8243;][et_pb_text admin_label=&#8221;TITULO SECCI\u00d3N&#8221; _builder_version=&#8221;3.0.85&#8243; text_font=&#8221;Muli||||||||&#8221; text_orientation=&#8221;right&#8221; module_alignment=&#8221;right&#8221; custom_padding=&#8221;|20px||&#8221; background_layout=&#8221;light&#8221;]<\/p>\n<h1>ACTIVITIES<\/h1>\n<p>[\/et_pb_text][\/et_pb_column][et_pb_column type=&#8221;3_4&#8243;][et_pb_post_title admin_label=&#8221;T\u00cdTULO DE LA ACTIVIDAD (Autom\u00e1tico)&#8221; meta=&#8221;off&#8221; featured_image=&#8221;off&#8221; _builder_version=&#8221;3.0.85&#8243; title_level=&#8221;h2&#8243; title_font=&#8221;Muli|700||on|||||&#8221; title_font_size=&#8221;20px&#8221; custom_padding=&#8221;6px|||&#8221;]<br \/>\n[\/et_pb_post_title][\/et_pb_column][\/et_pb_row][et_pb_row _builder_version=&#8221;3.0.47&#8243; background_size=&#8221;initial&#8221; background_position=&#8221;top_left&#8221; background_repeat=&#8221;repeat&#8221;][et_pb_column type=&#8221;1_4&#8243;][et_pb_sidebar admin_label=&#8221;MEN\u00da LATERAL&#8221; area=&#8221;et_pb_widget_area_6&#8243; _builder_version=&#8221;3.0.85&#8243; orientation=&#8221;left&#8221; show_border=&#8221;on&#8221; background_layout=&#8221;light&#8221;]<br \/>\n[\/et_pb_sidebar][\/et_pb_column][et_pb_column type=&#8221;3_4&#8243;][et_pb_text admin_label=&#8221;CONTENIDO DE LA ACTIVIDAD&#8221; _builder_version=&#8221;3.0.85&#8243; text_font=&#8221;Muli||||||||&#8221; text_text_color=&#8221;#262626&#8243; header_font=&#8221;Muli||||||||&#8221; header_font_size=&#8221;22px&#8221; header_2_font=&#8221;Muli||||||||&#8221; header_3_font=&#8221;Muli||||||||&#8221; header_4_font=&#8221;Muli||||||||&#8221; header_5_font=&#8221;Muli||||||||&#8221; header_6_font=&#8221;Muli||||||||&#8221; background_layout=&#8221;light&#8221;]<\/p>\n<p><strong>26<sup>th<\/sup>\u00a0of April 2018, at the Coudenberg Palace<\/strong><\/p>\n<p><img decoding=\"async\" loading=\"lazy\" class=\"alignleft wp-image-209443 size-medium\" src=\"https:\/\/www.fundacionyuste.org\/wp-content\/uploads\/2018\/03\/leyendanegra-300x239.jpg\" alt=\"\" width=\"300\" height=\"239\" srcset=\"https:\/\/www.fundacionyuste.org\/wp-content\/uploads\/2018\/03\/leyendanegra-300x239.jpg 300w, https:\/\/www.fundacionyuste.org\/wp-content\/uploads\/2018\/03\/leyendanegra.jpg 589w\" sizes=\"(max-width: 300px) 100vw, 300px\" \/><\/p>\n<p align=\"justify\">Mar\u00eda Elvira Roca Barea participated along with the Professor at the Catholic University of Leuven, Werner Thomas, and the Coordinator of the Scientific Committee of the European Routes of Emperor Charles V, Alain Servantie, in this seminar on current perspectives of the \u201cblack legend\u201d in the history of empires.<\/p>\n<p align=\"justify\">The author analysed the empire-phobia in depth in the cases of Rome, Spain, United States and Russia and explained that the current story of our country and that of Europe is underpinned by ideas based on feelings that emerge from propaganda rather than real events.<\/p>\n<p>[\/et_pb_text][et_pb_tabs admin_label=&#8221;CONTENIDO EN PESTA\u00d1AS &#8221; active_tab_background_color=&#8221;#368e00&#8243; inactive_tab_background_color=&#8221;#e09900&#8243; _builder_version=&#8221;3.0.85&#8243; tab_font=&#8221;Muli|600||on|||||&#8221; custom_margin=&#8221;||40px|&#8221;] [et_pb_tab title=&#8221;Photographs&#8221; _builder_version=&#8221;3.0.85&#8243; tab_font=&#8221;Muli||||||||&#8221; body_font=&#8221;||||||||&#8221; custom_padding=&#8221;6px|0px|0px|0px&#8221; custom_padding_tablet=&#8221;6px|0px|0px|0px&#8221; custom_padding_phone=&#8221;6px|0px|0px|0px&#8221; custom_css_main_element=&#8221;margin-top: -8px; padding; 0px;&#8221; use_background_color_gradient=&#8221;off&#8221; background_color_gradient_start=&#8221;#2b87da&#8221; background_color_gradient_end=&#8221;#29c4a9&#8243; background_color_gradient_type=&#8221;linear&#8221; background_color_gradient_direction=&#8221;180deg&#8221; background_color_gradient_direction_radial=&#8221;center&#8221; background_color_gradient_start_position=&#8221;0%&#8221; background_color_gradient_end_position=&#8221;100%&#8221; parallax=&#8221;off&#8221; parallax_method=&#8221;on&#8221; background_size=&#8221;cover&#8221; background_position=&#8221;center&#8221; background_repeat=&#8221;no-repeat&#8221; background_blend=&#8221;normal&#8221; allow_player_pause=&#8221;off&#8221; tab_text_shadow_style=&#8221;none&#8221; tab_text_shadow_color=&#8221;rgba(0,0,0,0.4)&#8221; body_text_shadow_style=&#8221;none&#8221; body_text_shadow_color=&#8221;rgba(0,0,0,0.4)&#8221;]<\/p>\n<p>&nbsp;<\/p>\n\n\t\t<style type=\"text\/css\">\n\t\t\t#gallery-1 {\n\t\t\t\tmargin: auto;\n\t\t\t}\n\t\t\t#gallery-1 .gallery-item {\n\t\t\t\tfloat: left;\n\t\t\t\tmargin-top: 10px;\n\t\t\t\ttext-align: center;\n\t\t\t\twidth: 25%;\n\t\t\t}\n\t\t\t#gallery-1 img {\n\t\t\t\tborder: 2px solid #cfcfcf;\n\t\t\t}\n\t\t\t#gallery-1 .gallery-caption {\n\t\t\t\tmargin-left: 0;\n\t\t\t}\n\t\t\t\/* see gallery_shortcode() in wp-includes\/media.php *\/\n\t\t<\/style>\n\t\t<div id='gallery-1' class='gallery galleryid-211556 gallery-columns-4 gallery-size-thumbnail'><dl class='gallery-item'>\n\t\t\t<dt class='gallery-icon landscape'>\n\t\t\t\t<a href='https:\/\/www.fundacionyuste.org\/wp-content\/uploads\/2018\/04\/16-IMG_7657-1024x683.jpg' title=\"\" data-rl_title=\"\" class=\"rl-gallery-link\" data-rl_caption=\"\" data-rel=\"lightbox-gallery-1\"><img width=\"150\" height=\"150\" src=\"https:\/\/www.fundacionyuste.org\/wp-content\/uploads\/2018\/04\/16-IMG_7657-150x150.jpg\" class=\"attachment-thumbnail size-thumbnail\" alt=\"\" decoding=\"async\" loading=\"lazy\" aria-describedby=\"gallery-1-211123\" srcset=\"https:\/\/www.fundacionyuste.org\/wp-content\/uploads\/2018\/04\/16-IMG_7657-150x150.jpg 150w, https:\/\/www.fundacionyuste.org\/wp-content\/uploads\/2018\/04\/16-IMG_7657-440x440.jpg 440w\" sizes=\"(max-width: 150px) 100vw, 150px\" \/><\/a>\n\t\t\t<\/dt>\n\t\t\t\t<dd class='wp-caption-text gallery-caption' id='gallery-1-211123'>\n\t\t\t\t\u00a9 Javier Menendez Bonilla\n\t\t\t\t<\/dd><\/dl><dl class='gallery-item'>\n\t\t\t<dt class='gallery-icon landscape'>\n\t\t\t\t<a href='https:\/\/www.fundacionyuste.org\/wp-content\/uploads\/2018\/04\/1-IMG_7441-1024x683.jpg' title=\"\" data-rl_title=\"\" class=\"rl-gallery-link\" data-rl_caption=\"\" data-rel=\"lightbox-gallery-1\"><img width=\"150\" height=\"150\" src=\"https:\/\/www.fundacionyuste.org\/wp-content\/uploads\/2018\/04\/1-IMG_7441-150x150.jpg\" class=\"attachment-thumbnail size-thumbnail\" alt=\"\" decoding=\"async\" loading=\"lazy\" aria-describedby=\"gallery-1-211124\" srcset=\"https:\/\/www.fundacionyuste.org\/wp-content\/uploads\/2018\/04\/1-IMG_7441-150x150.jpg 150w, https:\/\/www.fundacionyuste.org\/wp-content\/uploads\/2018\/04\/1-IMG_7441-440x440.jpg 440w\" sizes=\"(max-width: 150px) 100vw, 150px\" \/><\/a>\n\t\t\t<\/dt>\n\t\t\t\t<dd class='wp-caption-text gallery-caption' id='gallery-1-211124'>\n\t\t\t\t\u00a9 Javier Menendez Bonilla\n\t\t\t\t<\/dd><\/dl><dl class='gallery-item'>\n\t\t\t<dt class='gallery-icon landscape'>\n\t\t\t\t<a href='https:\/\/www.fundacionyuste.org\/wp-content\/uploads\/2018\/04\/3-IMG_7483-1024x683.jpg' title=\"\" data-rl_title=\"\" class=\"rl-gallery-link\" data-rl_caption=\"\" data-rel=\"lightbox-gallery-1\"><img width=\"150\" height=\"150\" src=\"https:\/\/www.fundacionyuste.org\/wp-content\/uploads\/2018\/04\/3-IMG_7483-150x150.jpg\" class=\"attachment-thumbnail size-thumbnail\" alt=\"\" decoding=\"async\" loading=\"lazy\" aria-describedby=\"gallery-1-211125\" srcset=\"https:\/\/www.fundacionyuste.org\/wp-content\/uploads\/2018\/04\/3-IMG_7483-150x150.jpg 150w, https:\/\/www.fundacionyuste.org\/wp-content\/uploads\/2018\/04\/3-IMG_7483-440x440.jpg 440w\" sizes=\"(max-width: 150px) 100vw, 150px\" \/><\/a>\n\t\t\t<\/dt>\n\t\t\t\t<dd class='wp-caption-text gallery-caption' id='gallery-1-211125'>\n\t\t\t\t\u00a9 Javier Menendez Bonilla\n\t\t\t\t<\/dd><\/dl><dl class='gallery-item'>\n\t\t\t<dt class='gallery-icon landscape'>\n\t\t\t\t<a href='https:\/\/www.fundacionyuste.org\/wp-content\/uploads\/2018\/04\/4-IMG_7486-1024x683.jpg' title=\"\" data-rl_title=\"\" class=\"rl-gallery-link\" data-rl_caption=\"\" data-rel=\"lightbox-gallery-1\"><img width=\"150\" height=\"150\" src=\"https:\/\/www.fundacionyuste.org\/wp-content\/uploads\/2018\/04\/4-IMG_7486-150x150.jpg\" class=\"attachment-thumbnail size-thumbnail\" alt=\"\" decoding=\"async\" loading=\"lazy\" aria-describedby=\"gallery-1-211126\" srcset=\"https:\/\/www.fundacionyuste.org\/wp-content\/uploads\/2018\/04\/4-IMG_7486-150x150.jpg 150w, https:\/\/www.fundacionyuste.org\/wp-content\/uploads\/2018\/04\/4-IMG_7486-440x440.jpg 440w\" sizes=\"(max-width: 150px) 100vw, 150px\" \/><\/a>\n\t\t\t<\/dt>\n\t\t\t\t<dd class='wp-caption-text gallery-caption' id='gallery-1-211126'>\n\t\t\t\t\u00a9 Javier Menendez Bonilla\n\t\t\t\t<\/dd><\/dl><br style=\"clear: both\" \/><dl class='gallery-item'>\n\t\t\t<dt class='gallery-icon landscape'>\n\t\t\t\t<a href='https:\/\/www.fundacionyuste.org\/wp-content\/uploads\/2018\/04\/5-IMG_7489-1024x683.jpg' title=\"\" data-rl_title=\"\" class=\"rl-gallery-link\" data-rl_caption=\"\" data-rel=\"lightbox-gallery-1\"><img width=\"150\" height=\"150\" src=\"https:\/\/www.fundacionyuste.org\/wp-content\/uploads\/2018\/04\/5-IMG_7489-150x150.jpg\" class=\"attachment-thumbnail size-thumbnail\" alt=\"\" decoding=\"async\" loading=\"lazy\" aria-describedby=\"gallery-1-211127\" srcset=\"https:\/\/www.fundacionyuste.org\/wp-content\/uploads\/2018\/04\/5-IMG_7489-150x150.jpg 150w, https:\/\/www.fundacionyuste.org\/wp-content\/uploads\/2018\/04\/5-IMG_7489-440x440.jpg 440w\" sizes=\"(max-width: 150px) 100vw, 150px\" \/><\/a>\n\t\t\t<\/dt>\n\t\t\t\t<dd class='wp-caption-text gallery-caption' id='gallery-1-211127'>\n\t\t\t\t\u00a9 Javier Menendez Bonilla\n\t\t\t\t<\/dd><\/dl><dl class='gallery-item'>\n\t\t\t<dt class='gallery-icon landscape'>\n\t\t\t\t<a href='https:\/\/www.fundacionyuste.org\/wp-content\/uploads\/2018\/04\/7-IMG_7548-1024x683.jpg' title=\"\" data-rl_title=\"\" class=\"rl-gallery-link\" data-rl_caption=\"\" data-rel=\"lightbox-gallery-1\"><img width=\"150\" height=\"150\" src=\"https:\/\/www.fundacionyuste.org\/wp-content\/uploads\/2018\/04\/7-IMG_7548-150x150.jpg\" class=\"attachment-thumbnail size-thumbnail\" alt=\"\" decoding=\"async\" loading=\"lazy\" aria-describedby=\"gallery-1-211128\" srcset=\"https:\/\/www.fundacionyuste.org\/wp-content\/uploads\/2018\/04\/7-IMG_7548-150x150.jpg 150w, https:\/\/www.fundacionyuste.org\/wp-content\/uploads\/2018\/04\/7-IMG_7548-440x440.jpg 440w\" sizes=\"(max-width: 150px) 100vw, 150px\" \/><\/a>\n\t\t\t<\/dt>\n\t\t\t\t<dd class='wp-caption-text gallery-caption' id='gallery-1-211128'>\n\t\t\t\t\u00a9 Javier Menendez Bonilla\n\t\t\t\t<\/dd><\/dl><dl class='gallery-item'>\n\t\t\t<dt class='gallery-icon landscape'>\n\t\t\t\t<a href='https:\/\/www.fundacionyuste.org\/wp-content\/uploads\/2018\/04\/8-IMG_7557-1024x683.jpg' title=\"\" data-rl_title=\"\" class=\"rl-gallery-link\" data-rl_caption=\"\" data-rel=\"lightbox-gallery-1\"><img width=\"150\" height=\"150\" src=\"https:\/\/www.fundacionyuste.org\/wp-content\/uploads\/2018\/04\/8-IMG_7557-150x150.jpg\" class=\"attachment-thumbnail size-thumbnail\" alt=\"\" decoding=\"async\" loading=\"lazy\" aria-describedby=\"gallery-1-219761\" srcset=\"https:\/\/www.fundacionyuste.org\/wp-content\/uploads\/2018\/04\/8-IMG_7557-150x150.jpg 150w, https:\/\/www.fundacionyuste.org\/wp-content\/uploads\/2018\/04\/8-IMG_7557-440x440.jpg 440w\" sizes=\"(max-width: 150px) 100vw, 150px\" \/><\/a>\n\t\t\t<\/dt>\n\t\t\t\t<dd class='wp-caption-text gallery-caption' id='gallery-1-219761'>\n\t\t\t\t\u00a9 Javier Menendez Bonilla\n\t\t\t\t<\/dd><\/dl><dl class='gallery-item'>\n\t\t\t<dt class='gallery-icon portrait'>\n\t\t\t\t<a href='https:\/\/www.fundacionyuste.org\/wp-content\/uploads\/2018\/04\/10-IMG_7593-683x1024.jpg' title=\"\" data-rl_title=\"\" class=\"rl-gallery-link\" data-rl_caption=\"\" data-rel=\"lightbox-gallery-1\"><img width=\"150\" height=\"150\" src=\"https:\/\/www.fundacionyuste.org\/wp-content\/uploads\/2018\/04\/10-IMG_7593-150x150.jpg\" class=\"attachment-thumbnail size-thumbnail\" alt=\"\" decoding=\"async\" loading=\"lazy\" aria-describedby=\"gallery-1-211130\" srcset=\"https:\/\/www.fundacionyuste.org\/wp-content\/uploads\/2018\/04\/10-IMG_7593-150x150.jpg 150w, https:\/\/www.fundacionyuste.org\/wp-content\/uploads\/2018\/04\/10-IMG_7593-440x440.jpg 440w\" sizes=\"(max-width: 150px) 100vw, 150px\" \/><\/a>\n\t\t\t<\/dt>\n\t\t\t\t<dd class='wp-caption-text gallery-caption' id='gallery-1-211130'>\n\t\t\t\t\u00a9 Javier Menendez Bonilla\n\t\t\t\t<\/dd><\/dl><br style=\"clear: both\" \/><dl class='gallery-item'>\n\t\t\t<dt class='gallery-icon portrait'>\n\t\t\t\t<a href='https:\/\/www.fundacionyuste.org\/wp-content\/uploads\/2018\/04\/11-IMG_7605-683x1024.jpg' title=\"\" data-rl_title=\"\" class=\"rl-gallery-link\" data-rl_caption=\"\" data-rel=\"lightbox-gallery-1\"><img width=\"150\" height=\"150\" src=\"https:\/\/www.fundacionyuste.org\/wp-content\/uploads\/2018\/04\/11-IMG_7605-150x150.jpg\" class=\"attachment-thumbnail size-thumbnail\" alt=\"\" decoding=\"async\" loading=\"lazy\" aria-describedby=\"gallery-1-211131\" srcset=\"https:\/\/www.fundacionyuste.org\/wp-content\/uploads\/2018\/04\/11-IMG_7605-150x150.jpg 150w, https:\/\/www.fundacionyuste.org\/wp-content\/uploads\/2018\/04\/11-IMG_7605-440x440.jpg 440w\" sizes=\"(max-width: 150px) 100vw, 150px\" \/><\/a>\n\t\t\t<\/dt>\n\t\t\t\t<dd class='wp-caption-text gallery-caption' id='gallery-1-211131'>\n\t\t\t\t\u00a9 Javier Menendez Bonilla\n\t\t\t\t<\/dd><\/dl><dl class='gallery-item'>\n\t\t\t<dt class='gallery-icon landscape'>\n\t\t\t\t<a href='https:\/\/www.fundacionyuste.org\/wp-content\/uploads\/2018\/04\/13-IMG_7634-1024x683.jpg' title=\"\" data-rl_title=\"\" class=\"rl-gallery-link\" data-rl_caption=\"\" data-rel=\"lightbox-gallery-1\"><img width=\"150\" height=\"150\" src=\"https:\/\/www.fundacionyuste.org\/wp-content\/uploads\/2018\/04\/13-IMG_7634-150x150.jpg\" class=\"attachment-thumbnail size-thumbnail\" alt=\"\" decoding=\"async\" loading=\"lazy\" aria-describedby=\"gallery-1-211132\" srcset=\"https:\/\/www.fundacionyuste.org\/wp-content\/uploads\/2018\/04\/13-IMG_7634-150x150.jpg 150w, https:\/\/www.fundacionyuste.org\/wp-content\/uploads\/2018\/04\/13-IMG_7634-440x440.jpg 440w\" sizes=\"(max-width: 150px) 100vw, 150px\" \/><\/a>\n\t\t\t<\/dt>\n\t\t\t\t<dd class='wp-caption-text gallery-caption' id='gallery-1-211132'>\n\t\t\t\t\u00a9 Javier Menendez Bonilla\n\t\t\t\t<\/dd><\/dl>\n\t\t\t<br style='clear: both' \/>\n\t\t<\/div>\n\n<p>&nbsp;<\/p>\n<p>[\/et_pb_tab] [\/et_pb_tabs][\/et_pb_column][\/et_pb_row][\/et_pb_section]<\/p>\n","protected":false},"excerpt":{"rendered":"<p>26<sup>th<\/sup>\u00a0of April 2018, at the Coudenberg Palace<\/p>\n","protected":false},"author":3,"featured_media":209443,"comment_status":"closed","ping_status":"closed","sticky":false,"template":"","format":"standard","meta":{"_et_pb_use_builder":"on","_et_pb_old_content":"<p>[et_pb_section bb_built=\"1\" _builder_version=\"3.0.85\"][et_pb_row _builder_version=\"3.0.47\" background_size=\"initial\" background_position=\"top_left\" background_repeat=\"repeat\"][et_pb_column type=\"1_4\"][et_pb_text admin_label=\"TITULO SECCI\u00d3N\" _builder_version=\"3.0.85\" text_font=\"Muli||||||||\" text_orientation=\"right\" module_alignment=\"right\" custom_padding=\"|20px||\"]<\/p><h1>ACTIVIDADES<\/h1><p>[\/et_pb_text][\/et_pb_column][et_pb_column type=\"3_4\"][et_pb_post_title admin_label=\"T\u00cdTULO DE LA ACTIVIDAD (Autom\u00e1tico)\" meta=\"off\" featured_image=\"off\" _builder_version=\"3.0.85\" title_level=\"h2\" title_font=\"Muli|700||on|||||\" title_font_size=\"20px\" custom_padding=\"6px|||\"]<\/p><p>\u00a0<\/p><p>[\/et_pb_post_title][\/et_pb_column][\/et_pb_row][et_pb_row _builder_version=\"3.0.47\" background_size=\"initial\" background_position=\"top_left\" background_repeat=\"repeat\"][et_pb_column type=\"1_4\"][et_pb_sidebar admin_label=\"MEN\u00da LATERAL\" area=\"et_pb_widget_area_6\" _builder_version=\"3.0.85\" orientation=\"left\" show_border=\"on\" background_layout=\"light\"]<\/p><p>\u00a0<\/p><p>[\/et_pb_sidebar][\/et_pb_column][et_pb_column type=\"3_4\"][et_pb_text admin_label=\"CONTENIDO DE LA ACTIVIDAD\" _builder_version=\"3.0.85\" text_font=\"Muli||||||||\" text_text_color=\"#262626\" header_font=\"Muli||||||||\" header_font_size=\"22px\" header_2_font=\"Muli||||||||\" header_3_font=\"Muli||||||||\" header_4_font=\"Muli||||||||\" header_5_font=\"Muli||||||||\" header_6_font=\"Muli||||||||\" background_layout=\"light\"]<\/p><p><strong>Palacio del Coudenberg (Bruselas), 26 de abril de 2018<\/strong><\/p><p><img class=\"alignleft wp-image-209443 size-medium\" src=\"https:\/\/www.fundacionyuste.org\/wp-content\/uploads\/2018\/03\/leyendanegra-300x239.jpg\" alt=\"\" width=\"300\" height=\"239\" \/><\/p><p><span id=\"ctrlFichaWebActividad_lbResumen\">Mar\u00eda Elvira Roca Barea particip\u00f3 en este seminario sobre las perspectivas actuales de la \"leyenda negra\" en la historia de los imperios junto con el profesor de la Universidad Cat\u00f3lica de Lovaina Werner Thomas y el coordinador del Comit\u00e9 Cient\u00edfico de las Rutas Europeas del Emperador Carlos V, Alain Servantie.<br \/><\/span><\/p><p>La autora analiz\u00f3 en profundidad la imperiofobia en los casos de Roma, Espa\u00f1a, Estados Unidos y Rusia, y explic\u00f3 que el relato actual de nuestro pa\u00eds y de Europa se sustenta en ideas basadas m\u00e1s en sentimientos nacidos de la propaganda que en hechos reales.<\/p><p>\u00a0<\/p><p>\u00a0<\/p><p>\u00a0<\/p><p>\u00a0<\/p><p>[\/et_pb_text][et_pb_tabs admin_label=\"CONTENIDO EN PESTA\u00d1AS \" active_tab_background_color=\"#368e00\" inactive_tab_background_color=\"#e09900\" _builder_version=\"3.0.85\" tab_font=\"Muli|600||on|||||\" custom_margin=\"||40px|\"]<\/p><p>[et_pb_tab title=\"Fotograf\u00edas\" _builder_version=\"3.0.85\" tab_font=\"Muli||||||||\" body_font=\"||||||||\" custom_padding=\"6px|0px|0px|0px\" custom_padding_tablet=\"6px|0px|0px|0px\" custom_padding_phone=\"6px|0px|0px|0px\" custom_css_main_element=\"margin-top: -8px; padding; 0px;\" use_background_color_gradient=\"off\" background_color_gradient_start=\"#2b87da\" background_color_gradient_end=\"#29c4a9\" background_color_gradient_type=\"linear\" background_color_gradient_direction=\"180deg\" background_color_gradient_direction_radial=\"center\" background_color_gradient_start_position=\"0%\" background_color_gradient_end_position=\"100%\" parallax=\"off\" parallax_method=\"on\" background_size=\"cover\" background_position=\"center\" background_repeat=\"no-repeat\" background_blend=\"normal\" allow_player_pause=\"off\" tab_text_shadow_style=\"none\" tab_text_shadow_color=\"rgba(0,0,0,0.4)\" body_text_shadow_style=\"none\" body_text_shadow_color=\"rgba(0,0,0,0.4)\"]<\/p><p>[gallery columns=\"4\" link=\"file\" ids=\"211123,211124,211125,211126,211127,211128,211129,211130,211131,211132\"]<\/p><p>[\/et_pb_tab]<\/p><p>[\/et_pb_tabs][\/et_pb_column][\/et_pb_row][\/et_pb_section]<\/p>","_et_gb_content_width":"","_links_to":"","_links_to_target":""},"categories":[179,182],"tags":[139,203],"_links":{"self":[{"href":"https:\/\/www.fundacionyuste.org\/en\/wp-json\/wp\/v2\/posts\/211556"}],"collection":[{"href":"https:\/\/www.fundacionyuste.org\/en\/wp-json\/wp\/v2\/posts"}],"about":[{"href":"https:\/\/www.fundacionyuste.org\/en\/wp-json\/wp\/v2\/types\/post"}],"author":[{"embeddable":true,"href":"https:\/\/www.fundacionyuste.org\/en\/wp-json\/wp\/v2\/users\/3"}],"replies":[{"embeddable":true,"href":"https:\/\/www.fundacionyuste.org\/en\/wp-json\/wp\/v2\/comments?post=211556"}],"version-history":[{"count":0,"href":"https:\/\/www.fundacionyuste.org\/en\/wp-json\/wp\/v2\/posts\/211556\/revisions"}],"wp:featuredmedia":[{"embeddable":true,"href":"https:\/\/www.fundacionyuste.org\/en\/wp-json\/wp\/v2\/media\/209443"}],"wp:attachment":[{"href":"https:\/\/www.fundacionyuste.org\/en\/wp-json\/wp\/v2\/media?parent=211556"}],"wp:term":[{"taxonomy":"category","embeddable":true,"href":"https:\/\/www.fundacionyuste.org\/en\/wp-json\/wp\/v2\/categories?post=211556"},{"taxonomy":"post_tag","embeddable":true,"href":"https:\/\/www.fundacionyuste.org\/en\/wp-json\/wp\/v2\/tags?post=211556"}],"curies":[{"name":"wp","href":"https:\/\/api.w.org\/{rel}","templated":true}]}}