{"id":211575,"date":"2018-05-24T11:58:46","date_gmt":"2018-05-24T11:58:46","guid":{"rendered":"https:\/\/www.fundacionyuste.org\/?p=211575"},"modified":"2018-05-24T12:04:26","modified_gmt":"2018-05-24T12:04:26","slug":"a-conference-by-sonjia-vrscaj-a-survivor-of-auschwitz","status":"publish","type":"post","link":"https:\/\/www.fundacionyuste.org\/en\/a-conference-by-sonjia-vrscaj-a-survivor-of-auschwitz\/","title":{"rendered":"A CONFERENCE BY SONJIA VRSCAJ, A SURVIVOR OF AUSCHWITZ"},"content":{"rendered":"<p>[et_pb_section bb_built=&#8221;1&#8243; _builder_version=&#8221;3.0.85&#8243;][et_pb_row _builder_version=&#8221;3.0.47&#8243; background_size=&#8221;initial&#8221; background_position=&#8221;top_left&#8221; background_repeat=&#8221;repeat&#8221;][et_pb_column type=&#8221;1_4&#8243;][et_pb_text admin_label=&#8221;TITULO SECCI\u00d3N&#8221; _builder_version=&#8221;3.0.85&#8243; text_font=&#8221;Muli||||||||&#8221; text_orientation=&#8221;right&#8221; module_alignment=&#8221;right&#8221; custom_padding=&#8221;|20px||&#8221; background_layout=&#8221;light&#8221;]<\/p>\n<h1>ACTIVITIES<\/h1>\n<p>[\/et_pb_text][\/et_pb_column][et_pb_column type=&#8221;3_4&#8243;][et_pb_post_title admin_label=&#8221;T\u00cdTULO DE LA ACTIVIDAD (Autom\u00e1tico)&#8221; meta=&#8221;off&#8221; featured_image=&#8221;off&#8221; _builder_version=&#8221;3.0.85&#8243; title_level=&#8221;h2&#8243; title_font=&#8221;Muli|700||on|||||&#8221; title_font_size=&#8221;20px&#8221; custom_padding=&#8221;6px|||&#8221;]<\/p>\n<p>&nbsp;<\/p>\n<p>[\/et_pb_post_title][\/et_pb_column][\/et_pb_row][et_pb_row _builder_version=&#8221;3.0.47&#8243; background_size=&#8221;initial&#8221; background_position=&#8221;top_left&#8221; background_repeat=&#8221;repeat&#8221;][et_pb_column type=&#8221;1_4&#8243;][et_pb_sidebar admin_label=&#8221;MEN\u00da LATERAL&#8221; area=&#8221;et_pb_widget_area_6&#8243; _builder_version=&#8221;3.0.85&#8243; orientation=&#8221;left&#8221; show_border=&#8221;on&#8221; background_layout=&#8221;light&#8221;]<\/p>\n<p>&nbsp;<\/p>\n<p>[\/et_pb_sidebar][\/et_pb_column][et_pb_column type=&#8221;3_4&#8243;][et_pb_text admin_label=&#8221;CONTENIDO DE LA ACTIVIDAD&#8221; _builder_version=&#8221;3.0.85&#8243; text_font=&#8221;Muli||||||||&#8221; text_text_color=&#8221;#262626&#8243; header_font=&#8221;Muli||||||||&#8221; header_font_size=&#8221;22px&#8221; header_2_font=&#8221;Muli||||||||&#8221; header_3_font=&#8221;Muli||||||||&#8221; header_4_font=&#8221;Muli||||||||&#8221; header_5_font=&#8221;Muli||||||||&#8221; header_6_font=&#8221;Muli||||||||&#8221; background_layout=&#8221;light&#8221;]<\/p>\n<p><strong>21<sup>st<\/sup>\u00a0of March 2018 at the IES Ildefonso Serrano, of Segura de Le\u00f3n<\/strong><\/p>\n<p><img decoding=\"async\" loading=\"lazy\" class=\"alignleft wp-image-208837 size-medium\" src=\"https:\/\/www.fundacionyuste.org\/wp-content\/uploads\/2018\/03\/IMG-20180321-WA0003-300x225.jpg\" alt=\"\" width=\"300\" height=\"225\" srcset=\"https:\/\/www.fundacionyuste.org\/wp-content\/uploads\/2018\/03\/IMG-20180321-WA0003-300x225.jpg 300w, https:\/\/www.fundacionyuste.org\/wp-content\/uploads\/2018\/03\/IMG-20180321-WA0003-768x576.jpg 768w, https:\/\/www.fundacionyuste.org\/wp-content\/uploads\/2018\/03\/IMG-20180321-WA0003.jpg 1024w\" sizes=\"(max-width: 300px) 100vw, 300px\" \/><\/p>\n<p align=\"justify\">Sonjia Vrscaj, a survivor of the Auschwitz concentration camp, gave a talk at Ildefonso Serrano Secondary School (Badajoz), on the 21<sup>st<\/sup>\u00a0of March at 19:00 pm, framed within the project \u201cCultura Europea y valores sociales.\u00a0Caso particular de una superviviente de Auschwitz\u201d (\u201cEuropean Culture and Social Values.\u00a0The Particular Case of a Survivor of Auschwitz\u201d) that scholl carried out that week. Vrscaj, of Slovenian origin, is 92 years old and was accompanied by Renata Cvelbar Bek, the Slovenian Ambassador in Spain, during her visit to Segura de Le\u00f3n.<\/p>\n<p align=\"justify\">The European and Ibero-American Academy of Yuste Foundation wished to collaborate in this project in order to obtain the greatest awareness possible regarding this atrocious period in the history of Europe within the educational community and society in general.<\/p>\n<p align=\"justify\">Furthermore, as a complementary activity to the talk, the European and Ibero-American Academy of Yuste Foundation and the Extremaduran Assembly organised the exposition \u201cThe Interpreters at the Nuremberg Trials\u201d, which was exhibited at the Assembly of Extremadura in 2016 in order to commemorate the 70th anniversary of the Nuremberg trials, where those responsible for the crimes committed during the Holocaust were tried.<\/p>\n<p>&nbsp;<\/p>\n<p>[\/et_pb_text][et_pb_tabs admin_label=&#8221;CONTENIDO EN PESTA\u00d1AS &#8221; active_tab_background_color=&#8221;#368e00&#8243; inactive_tab_background_color=&#8221;#e09900&#8243; _builder_version=&#8221;3.0.85&#8243; tab_font=&#8221;Muli|600||on|||||&#8221; custom_margin=&#8221;||40px|&#8221;] [et_pb_tab title=&#8221;Documents&#8221; _builder_version=&#8221;3.0.85&#8243; tab_font=&#8221;||||||||&#8221; body_font=&#8221;Muli||||||||&#8221; use_background_color_gradient=&#8221;off&#8221; background_color_gradient_start=&#8221;#2b87da&#8221; background_color_gradient_end=&#8221;#29c4a9&#8243; background_color_gradient_type=&#8221;linear&#8221; background_color_gradient_direction=&#8221;180deg&#8221; background_color_gradient_direction_radial=&#8221;center&#8221; background_color_gradient_start_position=&#8221;0%&#8221; background_color_gradient_end_position=&#8221;100%&#8221; parallax=&#8221;off&#8221; parallax_method=&#8221;on&#8221; background_size=&#8221;cover&#8221; background_position=&#8221;center&#8221; background_repeat=&#8221;no-repeat&#8221; background_blend=&#8221;normal&#8221; allow_player_pause=&#8221;off&#8221; tab_text_shadow_style=&#8221;none&#8221; tab_text_shadow_color=&#8221;rgba(0,0,0,0.4)&#8221; body_text_shadow_style=&#8221;none&#8221; body_text_shadow_color=&#8221;rgba(0,0,0,0.4)&#8221;]<\/p>\n<p><img decoding=\"async\" loading=\"lazy\" class=\"wp-image-206700 alignnone\" src=\"https:\/\/www.fundacionyuste.org\/wp-content\/uploads\/2018\/02\/012-file.png\" alt=\"\" width=\"20\" height=\"20\" \/><a href=\"https:\/\/www.fundacionyuste.org\/wp-content\/uploads\/2018\/03\/CARTEL_Sonja-Vrscaj.pdf\" target=\"_blank\" rel=\"noopener\"><strong>\u00a0POSTER OF THE CONFERENCE<\/strong><\/a><\/p>\n<p><strong><img decoding=\"async\" loading=\"lazy\" class=\"wp-image-206700 alignnone\" src=\"https:\/\/www.fundacionyuste.org\/wp-content\/uploads\/2018\/02\/012-file.png\" alt=\"\" width=\"20\" height=\"20\" \/> <a href=\"https:\/\/www.fundacionyuste.org\/los-interpretes-en-los-juicios-de-nuremberg\/\">THE EXHIBITION &#8220;THE INTERPRETERS OF THE N\u00dcREMBERG&#8221;<\/a><\/strong><\/p>\n<p>[\/et_pb_tab][et_pb_tab title=&#8221;News&#8221; _builder_version=&#8221;3.0.85&#8243; tab_font=&#8221;||||||||&#8221; body_font=&#8221;||||||||&#8221; use_background_color_gradient=&#8221;off&#8221; background_color_gradient_start=&#8221;#2b87da&#8221; background_color_gradient_end=&#8221;#29c4a9&#8243; background_color_gradient_type=&#8221;linear&#8221; background_color_gradient_direction=&#8221;180deg&#8221; background_color_gradient_direction_radial=&#8221;center&#8221; background_color_gradient_start_position=&#8221;0%&#8221; background_color_gradient_end_position=&#8221;100%&#8221; parallax=&#8221;off&#8221; parallax_method=&#8221;on&#8221; background_size=&#8221;cover&#8221; background_position=&#8221;center&#8221; background_repeat=&#8221;no-repeat&#8221; background_blend=&#8221;normal&#8221; allow_player_pause=&#8221;off&#8221; tab_text_shadow_style=&#8221;none&#8221; tab_text_shadow_color=&#8221;rgba(0,0,0,0.4)&#8221; body_text_shadow_style=&#8221;none&#8221; body_text_shadow_color=&#8221;rgba(0,0,0,0.4)&#8221;]<\/p>\n<p>&nbsp;<\/p>\n<blockquote class=\"wp-embedded-content\" data-secret=\"SispEL3sdl\"><p><a href=\"https:\/\/www.fundacionyuste.org\/en\/a-survivor-of-auschwitz-visits-extremadura-to-share-her-experience-with-students-from-ildefonso-serrano-secondary-school-in-segura-de-leon\/\">Una superviviente de Auschwitz visita Extremadura para compartir su experiencia con los alumnos del IES Ildefonso Serrano, de Segura de Le\u00f3n<\/a><\/p><\/blockquote>\n<p><iframe class=\"wp-embedded-content\" sandbox=\"allow-scripts\" security=\"restricted\" style=\"position: absolute; clip: rect(1px, 1px, 1px, 1px);\" title=\"&#8220;Una superviviente de Auschwitz visita Extremadura para compartir su experiencia con los alumnos del IES Ildefonso Serrano, de Segura de Le\u00f3n&#8221; &#8212; FUNDACI\u00d3N YUSTE\" src=\"https:\/\/www.fundacionyuste.org\/en\/a-survivor-of-auschwitz-visits-extremadura-to-share-her-experience-with-students-from-ildefonso-serrano-secondary-school-in-segura-de-leon\/embed\/#?secret=SispEL3sdl\" data-secret=\"SispEL3sdl\" width=\"600\" height=\"338\" frameborder=\"0\" marginwidth=\"0\" marginheight=\"0\" scrolling=\"no\"><\/iframe><\/p>\n<p>&nbsp;<\/p>\n<p>[\/et_pb_tab][et_pb_tab title=&#8221;Photographas&#8221; _builder_version=&#8221;3.0.85&#8243; tab_font=&#8221;Muli||||||||&#8221; body_font=&#8221;||||||||&#8221; custom_padding=&#8221;6px|0px|0px|0px&#8221; custom_padding_tablet=&#8221;6px|0px|0px|0px&#8221; custom_padding_phone=&#8221;6px|0px|0px|0px&#8221; custom_css_main_element=&#8221;margin-top: -8px; padding; 0px;&#8221; use_background_color_gradient=&#8221;off&#8221; background_color_gradient_start=&#8221;#2b87da&#8221; background_color_gradient_end=&#8221;#29c4a9&#8243; background_color_gradient_type=&#8221;linear&#8221; background_color_gradient_direction=&#8221;180deg&#8221; background_color_gradient_direction_radial=&#8221;center&#8221; background_color_gradient_start_position=&#8221;0%&#8221; background_color_gradient_end_position=&#8221;100%&#8221; parallax=&#8221;off&#8221; parallax_method=&#8221;on&#8221; background_size=&#8221;cover&#8221; background_position=&#8221;center&#8221; background_repeat=&#8221;no-repeat&#8221; background_blend=&#8221;normal&#8221; allow_player_pause=&#8221;off&#8221; tab_text_shadow_style=&#8221;none&#8221; tab_text_shadow_color=&#8221;rgba(0,0,0,0.4)&#8221; body_text_shadow_style=&#8221;none&#8221; body_text_shadow_color=&#8221;rgba(0,0,0,0.4)&#8221;]<\/p>\n<p>&nbsp;<\/p>\n\n\t\t<style type=\"text\/css\">\n\t\t\t#gallery-1 {\n\t\t\t\tmargin: auto;\n\t\t\t}\n\t\t\t#gallery-1 .gallery-item {\n\t\t\t\tfloat: left;\n\t\t\t\tmargin-top: 10px;\n\t\t\t\ttext-align: center;\n\t\t\t\twidth: 20%;\n\t\t\t}\n\t\t\t#gallery-1 img {\n\t\t\t\tborder: 2px solid #cfcfcf;\n\t\t\t}\n\t\t\t#gallery-1 .gallery-caption {\n\t\t\t\tmargin-left: 0;\n\t\t\t}\n\t\t\t\/* see gallery_shortcode() in wp-includes\/media.php *\/\n\t\t<\/style>\n\t\t<div id='gallery-1' class='gallery galleryid-211575 gallery-columns-5 gallery-size-thumbnail'><dl class='gallery-item'>\n\t\t\t<dt class='gallery-icon landscape'>\n\t\t\t\t<a href='https:\/\/www.fundacionyuste.org\/wp-content\/uploads\/2018\/03\/IMG-20180321-WA0000-1024x768.jpg' title=\"\" data-rl_title=\"\" class=\"rl-gallery-link\" data-rl_caption=\"\" data-rel=\"lightbox-gallery-1\"><img width=\"150\" height=\"150\" src=\"https:\/\/www.fundacionyuste.org\/wp-content\/uploads\/2018\/03\/IMG-20180321-WA0000-150x150.jpg\" class=\"attachment-thumbnail size-thumbnail\" alt=\"\" decoding=\"async\" loading=\"lazy\" srcset=\"https:\/\/www.fundacionyuste.org\/wp-content\/uploads\/2018\/03\/IMG-20180321-WA0000-150x150.jpg 150w, https:\/\/www.fundacionyuste.org\/wp-content\/uploads\/2018\/03\/IMG-20180321-WA0000-440x440.jpg 440w\" sizes=\"(max-width: 150px) 100vw, 150px\" \/><\/a>\n\t\t\t<\/dt><\/dl><dl class='gallery-item'>\n\t\t\t<dt class='gallery-icon portrait'>\n\t\t\t\t<a href='https:\/\/www.fundacionyuste.org\/wp-content\/uploads\/2018\/03\/IMG-20180321-WA0001-768x1024.jpg' title=\"\" data-rl_title=\"\" class=\"rl-gallery-link\" data-rl_caption=\"\" data-rel=\"lightbox-gallery-1\"><img width=\"150\" height=\"150\" src=\"https:\/\/www.fundacionyuste.org\/wp-content\/uploads\/2018\/03\/IMG-20180321-WA0001-150x150.jpg\" class=\"attachment-thumbnail size-thumbnail\" alt=\"\" decoding=\"async\" loading=\"lazy\" srcset=\"https:\/\/www.fundacionyuste.org\/wp-content\/uploads\/2018\/03\/IMG-20180321-WA0001-150x150.jpg 150w, https:\/\/www.fundacionyuste.org\/wp-content\/uploads\/2018\/03\/IMG-20180321-WA0001-768x768.jpg 768w, https:\/\/www.fundacionyuste.org\/wp-content\/uploads\/2018\/03\/IMG-20180321-WA0001-440x440.jpg 440w\" sizes=\"(max-width: 150px) 100vw, 150px\" \/><\/a>\n\t\t\t<\/dt><\/dl><dl class='gallery-item'>\n\t\t\t<dt class='gallery-icon landscape'>\n\t\t\t\t<a href='https:\/\/www.fundacionyuste.org\/wp-content\/uploads\/2018\/03\/IMG-20180321-WA0002-1024x576.jpg' title=\"\" data-rl_title=\"\" class=\"rl-gallery-link\" data-rl_caption=\"\" data-rel=\"lightbox-gallery-1\"><img width=\"150\" height=\"150\" src=\"https:\/\/www.fundacionyuste.org\/wp-content\/uploads\/2018\/03\/IMG-20180321-WA0002-150x150.jpg\" class=\"attachment-thumbnail size-thumbnail\" alt=\"\" decoding=\"async\" loading=\"lazy\" srcset=\"https:\/\/www.fundacionyuste.org\/wp-content\/uploads\/2018\/03\/IMG-20180321-WA0002-150x150.jpg 150w, https:\/\/www.fundacionyuste.org\/wp-content\/uploads\/2018\/03\/IMG-20180321-WA0002-440x440.jpg 440w\" sizes=\"(max-width: 150px) 100vw, 150px\" \/><\/a>\n\t\t\t<\/dt><\/dl><dl class='gallery-item'>\n\t\t\t<dt class='gallery-icon landscape'>\n\t\t\t\t<a href='https:\/\/www.fundacionyuste.org\/wp-content\/uploads\/2018\/03\/IMG-20180321-WA0005-1024x768.jpg' title=\"\" data-rl_title=\"\" class=\"rl-gallery-link\" data-rl_caption=\"\" data-rel=\"lightbox-gallery-1\"><img width=\"150\" height=\"150\" src=\"https:\/\/www.fundacionyuste.org\/wp-content\/uploads\/2018\/03\/IMG-20180321-WA0005-150x150.jpg\" class=\"attachment-thumbnail size-thumbnail\" alt=\"\" decoding=\"async\" loading=\"lazy\" srcset=\"https:\/\/www.fundacionyuste.org\/wp-content\/uploads\/2018\/03\/IMG-20180321-WA0005-150x150.jpg 150w, https:\/\/www.fundacionyuste.org\/wp-content\/uploads\/2018\/03\/IMG-20180321-WA0005-440x440.jpg 440w\" sizes=\"(max-width: 150px) 100vw, 150px\" \/><\/a>\n\t\t\t<\/dt><\/dl><dl class='gallery-item'>\n\t\t\t<dt class='gallery-icon landscape'>\n\t\t\t\t<a href='https:\/\/www.fundacionyuste.org\/wp-content\/uploads\/2018\/03\/IMG-20180321-WA0007-1-1024x768.jpg' title=\"\" data-rl_title=\"\" class=\"rl-gallery-link\" data-rl_caption=\"\" data-rel=\"lightbox-gallery-1\"><img width=\"150\" height=\"150\" src=\"https:\/\/www.fundacionyuste.org\/wp-content\/uploads\/2018\/03\/IMG-20180321-WA0007-1-150x150.jpg\" class=\"attachment-thumbnail size-thumbnail\" alt=\"\" decoding=\"async\" loading=\"lazy\" srcset=\"https:\/\/www.fundacionyuste.org\/wp-content\/uploads\/2018\/03\/IMG-20180321-WA0007-1-150x150.jpg 150w, https:\/\/www.fundacionyuste.org\/wp-content\/uploads\/2018\/03\/IMG-20180321-WA0007-1-440x440.jpg 440w\" sizes=\"(max-width: 150px) 100vw, 150px\" \/><\/a>\n\t\t\t<\/dt><\/dl><br style=\"clear: both\" \/><dl class='gallery-item'>\n\t\t\t<dt class='gallery-icon landscape'>\n\t\t\t\t<a href='https:\/\/www.fundacionyuste.org\/wp-content\/uploads\/2018\/03\/29426115_2090372370978767_3136601770021617664_n.jpg' title=\"\" data-rl_title=\"\" class=\"rl-gallery-link\" data-rl_caption=\"\" data-rel=\"lightbox-gallery-1\"><img width=\"150\" height=\"150\" src=\"https:\/\/www.fundacionyuste.org\/wp-content\/uploads\/2018\/03\/29426115_2090372370978767_3136601770021617664_n-150x150.jpg\" class=\"attachment-thumbnail size-thumbnail\" alt=\"\" decoding=\"async\" loading=\"lazy\" srcset=\"https:\/\/www.fundacionyuste.org\/wp-content\/uploads\/2018\/03\/29426115_2090372370978767_3136601770021617664_n-150x150.jpg 150w, https:\/\/www.fundacionyuste.org\/wp-content\/uploads\/2018\/03\/29426115_2090372370978767_3136601770021617664_n-440x440.jpg 440w\" sizes=\"(max-width: 150px) 100vw, 150px\" \/><\/a>\n\t\t\t<\/dt><\/dl><dl class='gallery-item'>\n\t\t\t<dt class='gallery-icon landscape'>\n\t\t\t\t<a href='https:\/\/www.fundacionyuste.org\/wp-content\/uploads\/2018\/03\/29468710_2090918637590807_962342488444502016_n.jpg' title=\"\" data-rl_title=\"\" class=\"rl-gallery-link\" data-rl_caption=\"\" data-rel=\"lightbox-gallery-1\"><img width=\"150\" height=\"150\" src=\"https:\/\/www.fundacionyuste.org\/wp-content\/uploads\/2018\/03\/29468710_2090918637590807_962342488444502016_n-150x150.jpg\" class=\"attachment-thumbnail size-thumbnail\" alt=\"\" decoding=\"async\" loading=\"lazy\" \/><\/a>\n\t\t\t<\/dt><\/dl>\n\t\t\t<br style='clear: both' \/>\n\t\t<\/div>\n\n<p>&nbsp;<\/p>\n<p>[\/et_pb_tab][et_pb_tab _builder_version=&#8221;3.0.85&#8243; title=&#8221;Videos&#8221; use_background_color_gradient=&#8221;off&#8221; background_color_gradient_start=&#8221;#2b87da&#8221; background_color_gradient_end=&#8221;#29c4a9&#8243; background_color_gradient_type=&#8221;linear&#8221; background_color_gradient_direction=&#8221;180deg&#8221; background_color_gradient_direction_radial=&#8221;center&#8221; background_color_gradient_start_position=&#8221;0%&#8221; background_color_gradient_end_position=&#8221;100%&#8221; parallax=&#8221;off&#8221; parallax_method=&#8221;on&#8221; background_size=&#8221;cover&#8221; background_position=&#8221;center&#8221; background_repeat=&#8221;no-repeat&#8221; background_blend=&#8221;normal&#8221; allow_player_pause=&#8221;off&#8221; tab_font=&#8221;||||||||&#8221; tab_text_shadow_style=&#8221;none&#8221; tab_text_shadow_color=&#8221;rgba(0,0,0,0.4)&#8221; body_font=&#8221;||||||||&#8221; body_text_shadow_style=&#8221;none&#8221; body_text_shadow_color=&#8221;rgba(0,0,0,0.4)&#8221;]<\/p>\n<p>&nbsp;<\/p>\n<p><iframe loading=\"lazy\" width=\"1080\" height=\"608\" src=\"https:\/\/www.youtube.com\/embed\/SmYZK87Qnmc?feature=oembed\" frameborder=\"0\" allow=\"autoplay; encrypted-media\" allowfullscreen><\/iframe><\/p>\n<p>&nbsp;<\/p>\n<p>[\/et_pb_tab]<\/p>\n<p>[\/et_pb_tabs][\/et_pb_column][\/et_pb_row][\/et_pb_section][et_pb_section bb_built=&#8221;1&#8243;][et_pb_row][\/et_pb_row][\/et_pb_section]<\/p>\n","protected":false},"excerpt":{"rendered":"<p>21<sup>st<\/sup>\u00a0of March 2018 at the IES Ildefonso Serrano, of Segura de Le\u00f3n<\/p>\n","protected":false},"author":3,"featured_media":209430,"comment_status":"closed","ping_status":"closed","sticky":false,"template":"","format":"standard","meta":{"_et_pb_use_builder":"on","_et_pb_old_content":"<p>[et_pb_section bb_built=\"1\" _builder_version=\"3.0.85\"][et_pb_row _builder_version=\"3.0.47\" background_size=\"initial\" background_position=\"top_left\" background_repeat=\"repeat\"][et_pb_column type=\"1_4\"][et_pb_text admin_label=\"TITULO SECCI\u00d3N\" _builder_version=\"3.0.85\" text_font=\"Muli||||||||\" text_orientation=\"right\" module_alignment=\"right\" custom_padding=\"|20px||\"]<\/p><h1>ACTIVIDADES<\/h1><p>[\/et_pb_text][\/et_pb_column][et_pb_column type=\"3_4\"][et_pb_post_title admin_label=\"T\u00cdTULO DE LA ACTIVIDAD (Autom\u00e1tico)\" meta=\"off\" featured_image=\"off\" _builder_version=\"3.0.85\" title_level=\"h2\" title_font=\"Muli|700||on|||||\" title_font_size=\"20px\" custom_padding=\"6px|||\"]<\/p><p>\u00a0<\/p><p>[\/et_pb_post_title][\/et_pb_column][\/et_pb_row][et_pb_row _builder_version=\"3.0.47\" background_size=\"initial\" background_position=\"top_left\" background_repeat=\"repeat\"][et_pb_column type=\"1_4\"][et_pb_sidebar admin_label=\"MEN\u00da LATERAL\" area=\"et_pb_widget_area_6\" _builder_version=\"3.0.85\" orientation=\"left\" show_border=\"on\" background_layout=\"light\"]<\/p><p>\u00a0<\/p><p>[\/et_pb_sidebar][\/et_pb_column][et_pb_column type=\"3_4\"][et_pb_text admin_label=\"CONTENIDO DE LA ACTIVIDAD\" _builder_version=\"3.0.85\" text_font=\"Muli||||||||\" text_text_color=\"#262626\" header_font=\"Muli||||||||\" header_font_size=\"22px\" header_2_font=\"Muli||||||||\" header_3_font=\"Muli||||||||\" header_4_font=\"Muli||||||||\" header_5_font=\"Muli||||||||\" header_6_font=\"Muli||||||||\" background_layout=\"light\"]<\/p><p><strong>IES Ildefonso Serrano, de Segura de Le\u00f3n, 21 de marzo de 2018<\/strong><\/p><p><img class=\"alignleft wp-image-208837 size-medium\" src=\"https:\/\/www.fundacionyuste.org\/wp-content\/uploads\/2018\/03\/IMG-20180321-WA0003-300x225.jpg\" alt=\"\" width=\"300\" height=\"225\" \/><\/p><p>Sonjia Vrscaj, superviviente del campo de concentraci\u00f3n de Auschwitz, di\u00f3 una charla el d\u00eda 21 de marzo a las 19.00 horas en el IES Ildefonso Serrano, de Segura de Le\u00f3n (Badajoz) dentro del proyecto \u2018Cultura europea y valores sociales. Caso particular de una superviviente de Auschwitz\u2019 que desarrolla el centro educativo durante esa semana. Vrscaj, de origen esloveno, tiene 92 a\u00f1os, y durante su visita a Segura de Le\u00f3n estuvo acompa\u00f1ada por Renata Cvelbar Bek, embajadora de Eslovenia en Espa\u00f1a.<\/p><p>La Fundaci\u00f3n Academia Europea e Iberoamericana de Yuste quiso colaborar con el proyecto con el objetivo de conseguir la mayor concienciaci\u00f3n posible entre la comunidad educativa y en la sociedad en general sobre ese periodo tan atroz de la historia de Europa.<\/p><p>Adem\u00e1s, como actividad complementaria a la charla, la Fundaci\u00f3n Academia Europea e Iberoamericana de Yuste y la Asamblea de Extremadura tambi\u00e9n organizaron la exposici\u00f3n \u2018Los int\u00e9rpretes en los juicios de N\u00fcremberg\u2019 que ya se expuso en la Asamblea de Extremadura en el a\u00f1o 2016 para conmemorar los 70 a\u00f1os del final de los juicios de N\u00faremberg, que juzgaron a los responsables de los cr\u00edmenes cometidos durante el Holocausto.<\/p><p>[\/et_pb_text][et_pb_tabs admin_label=\"CONTENIDO EN PESTA\u00d1AS \" active_tab_background_color=\"#368e00\" inactive_tab_background_color=\"#e09900\" _builder_version=\"3.0.85\" tab_font=\"Muli|600||on|||||\" custom_margin=\"||40px|\"] [et_pb_tab title=\"Documentos\" _builder_version=\"3.0.85\" tab_font=\"||||||||\" body_font=\"Muli||||||||\" use_background_color_gradient=\"off\" background_color_gradient_start=\"#2b87da\" background_color_gradient_end=\"#29c4a9\" background_color_gradient_type=\"linear\" background_color_gradient_direction=\"180deg\" background_color_gradient_direction_radial=\"center\" background_color_gradient_start_position=\"0%\" background_color_gradient_end_position=\"100%\" parallax=\"off\" parallax_method=\"on\" background_size=\"cover\" background_position=\"center\" background_repeat=\"no-repeat\" background_blend=\"normal\" allow_player_pause=\"off\" tab_text_shadow_style=\"none\" tab_text_shadow_color=\"rgba(0,0,0,0.4)\" body_text_shadow_style=\"none\" body_text_shadow_color=\"rgba(0,0,0,0.4)\"]<\/p><p><img class=\"wp-image-206700 alignnone\" src=\"https:\/\/www.fundacionyuste.org\/wp-content\/uploads\/2018\/02\/012-file.png\" alt=\"\" width=\"20\" height=\"20\" \/><a href=\"https:\/\/www.fundacionyuste.org\/wp-content\/uploads\/2018\/03\/CARTEL_Sonja-Vrscaj.pdf\" target=\"_blank\" rel=\"noopener\"><strong> CARTEL DE LA CONFERENCIA<\/strong><\/a><\/p><p><strong><img class=\"wp-image-206700 alignnone\" src=\"https:\/\/www.fundacionyuste.org\/wp-content\/uploads\/2018\/02\/012-file.png\" alt=\"\" width=\"20\" height=\"20\" \/> <a href=\"https:\/\/www.fundacionyuste.org\/los-interpretes-en-los-juicios-de-nuremberg\/\">EXPOSICI\u00d3N LOS INT\u00c9RPRETES DE N\u00daREMBERG<\/a><\/strong><\/p><p>[\/et_pb_tab][et_pb_tab title=\"Noticias\" _builder_version=\"3.0.85\" tab_font=\"||||||||\" body_font=\"||||||||\" use_background_color_gradient=\"off\" background_color_gradient_start=\"#2b87da\" background_color_gradient_end=\"#29c4a9\" background_color_gradient_type=\"linear\" background_color_gradient_direction=\"180deg\" background_color_gradient_direction_radial=\"center\" background_color_gradient_start_position=\"0%\" background_color_gradient_end_position=\"100%\" parallax=\"off\" parallax_method=\"on\" background_size=\"cover\" background_position=\"center\" background_repeat=\"no-repeat\" background_blend=\"normal\" allow_player_pause=\"off\" tab_text_shadow_style=\"none\" tab_text_shadow_color=\"rgba(0,0,0,0.4)\" body_text_shadow_style=\"none\" body_text_shadow_color=\"rgba(0,0,0,0.4)\"]<\/p><p>https:\/\/www.fundacionyuste.org\/una-superviviente-de-auschwitz-visita-extremadura-para-compartir-su-experiencia-con-los-alumnos-del-ies-ildefonso-serrano-de-segura-de-leon\/<\/p><p>[\/et_pb_tab][et_pb_tab title=\"Fotograf\u00edas\" _builder_version=\"3.0.85\" tab_font=\"Muli||||||||\" body_font=\"||||||||\" custom_padding=\"6px|0px|0px|0px\" custom_padding_tablet=\"6px|0px|0px|0px\" custom_padding_phone=\"6px|0px|0px|0px\" custom_css_main_element=\"margin-top: -8px; padding; 0px;\" use_background_color_gradient=\"off\" background_color_gradient_start=\"#2b87da\" background_color_gradient_end=\"#29c4a9\" background_color_gradient_type=\"linear\" background_color_gradient_direction=\"180deg\" background_color_gradient_direction_radial=\"center\" background_color_gradient_start_position=\"0%\" background_color_gradient_end_position=\"100%\" parallax=\"off\" parallax_method=\"on\" background_size=\"cover\" background_position=\"center\" background_repeat=\"no-repeat\" background_blend=\"normal\" allow_player_pause=\"off\" tab_text_shadow_style=\"none\" tab_text_shadow_color=\"rgba(0,0,0,0.4)\" body_text_shadow_style=\"none\" body_text_shadow_color=\"rgba(0,0,0,0.4)\"]<\/p><p>[gallery columns=\"5\" link=\"file\" ids=\"209431,209432,209433,209434,209435,209436,209366\"]<\/p><p>[\/et_pb_tab][et_pb_tab _builder_version=\"3.0.85\" title=\"V\u00eddeos\" use_background_color_gradient=\"off\" background_color_gradient_start=\"#2b87da\" background_color_gradient_end=\"#29c4a9\" background_color_gradient_type=\"linear\" background_color_gradient_direction=\"180deg\" background_color_gradient_direction_radial=\"center\" background_color_gradient_start_position=\"0%\" background_color_gradient_end_position=\"100%\" parallax=\"off\" parallax_method=\"on\" background_size=\"cover\" background_position=\"center\" background_repeat=\"no-repeat\" background_blend=\"normal\" allow_player_pause=\"off\" tab_font=\"||||||||\" tab_text_shadow_style=\"none\" tab_text_shadow_color=\"rgba(0,0,0,0.4)\" body_font=\"||||||||\" body_text_shadow_style=\"none\" body_text_shadow_color=\"rgba(0,0,0,0.4)\"]<\/p><p>https:\/\/www.youtube.com\/watch?time_continue=1&v=SmYZK87Qnmc<\/p><p>[\/et_pb_tab] [\/et_pb_tabs][\/et_pb_column][\/et_pb_row][\/et_pb_section][et_pb_section bb_built=\"1\"][et_pb_row][\/et_pb_row][\/et_pb_section]<\/p>","_et_gb_content_width":"","_links_to":"","_links_to_target":""},"categories":[179,182],"tags":[139,203],"_links":{"self":[{"href":"https:\/\/www.fundacionyuste.org\/en\/wp-json\/wp\/v2\/posts\/211575"}],"collection":[{"href":"https:\/\/www.fundacionyuste.org\/en\/wp-json\/wp\/v2\/posts"}],"about":[{"href":"https:\/\/www.fundacionyuste.org\/en\/wp-json\/wp\/v2\/types\/post"}],"author":[{"embeddable":true,"href":"https:\/\/www.fundacionyuste.org\/en\/wp-json\/wp\/v2\/users\/3"}],"replies":[{"embeddable":true,"href":"https:\/\/www.fundacionyuste.org\/en\/wp-json\/wp\/v2\/comments?post=211575"}],"version-history":[{"count":0,"href":"https:\/\/www.fundacionyuste.org\/en\/wp-json\/wp\/v2\/posts\/211575\/revisions"}],"wp:featuredmedia":[{"embeddable":true,"href":"https:\/\/www.fundacionyuste.org\/en\/wp-json\/wp\/v2\/media\/209430"}],"wp:attachment":[{"href":"https:\/\/www.fundacionyuste.org\/en\/wp-json\/wp\/v2\/media?parent=211575"}],"wp:term":[{"taxonomy":"category","embeddable":true,"href":"https:\/\/www.fundacionyuste.org\/en\/wp-json\/wp\/v2\/categories?post=211575"},{"taxonomy":"post_tag","embeddable":true,"href":"https:\/\/www.fundacionyuste.org\/en\/wp-json\/wp\/v2\/tags?post=211575"}],"curies":[{"name":"wp","href":"https:\/\/api.w.org\/{rel}","templated":true}]}}