{"id":211745,"date":"2018-06-01T11:50:08","date_gmt":"2018-06-01T11:50:08","guid":{"rendered":"https:\/\/www.fundacionyuste.org\/?p=211745"},"modified":"2020-03-18T11:57:08","modified_gmt":"2020-03-18T11:57:08","slug":"descalzos-los-doce-apostoles-de-mexico","status":"publish","type":"post","link":"https:\/\/www.fundacionyuste.org\/en\/descalzos-los-doce-apostoles-de-mexico\/","title":{"rendered":"DESCALZOS. LOS DOCE AP\u00d3STOLES DE M\u00c9XICO"},"content":{"rendered":"<p>[et_pb_section bb_built=&#8221;1&#8243; _builder_version=&#8221;3.0.85&#8243; inner_width=&#8221;auto&#8221; inner_max_width=&#8221;none&#8221;][et_pb_row admin_label=&#8221;ENCABEZADOS&#8221; _builder_version=&#8221;3.0.85&#8243; background_size=&#8221;initial&#8221; background_position=&#8221;top_left&#8221; background_repeat=&#8221;repeat&#8221; width=&#8221;90%&#8221; max_width=&#8221;1080px&#8221;][et_pb_column type=&#8221;1_4&#8243; custom_padding__hover=&#8221;|||&#8221; custom_padding=&#8221;|||&#8221;][et_pb_text admin_label=&#8221;TITULO SECCI\u00d3N&#8221; _builder_version=&#8221;3.0.85&#8243; text_font=&#8221;Muli|600|||||||&#8221; text_font_size=&#8221;33px&#8221; text_text_color=&#8221;#7cda24&#8243; text_text_shadow_style=&#8221;preset3&#8243; text_text_shadow_color=&#8221;rgba(0,0,0,0.28)&#8221; header_font_size=&#8221;25px&#8221; header_text_shadow_style=&#8221;preset3&#8243; text_orientation=&#8221;right&#8221; module_alignment=&#8221;right&#8221; custom_padding=&#8221;|20px||&#8221; header_font=&#8221;Muli||||||||&#8221; background_layout=&#8221;light&#8221;]<\/p>\n<h1>PUBLICACIONES<\/h1>\n<p>[\/et_pb_text][\/et_pb_column][et_pb_column type=&#8221;3_4&#8243; custom_padding__hover=&#8221;|||&#8221; custom_padding=&#8221;|||&#8221;][et_pb_text admin_label=&#8221;TITULO COLECCI\u00d3N&#8221; _builder_version=&#8221;3.0.85&#8243; text_font=&#8221;Muli|600|||||||&#8221; text_font_size=&#8221;33px&#8221; text_text_color=&#8221;#7cda24&#8243; text_text_shadow_style=&#8221;preset3&#8243; text_text_shadow_color=&#8221;rgba(0,0,0,0.28)&#8221; header_font_size=&#8221;31px&#8221; header_text_shadow_style=&#8221;preset3&#8243; module_alignment=&#8221;right&#8221; custom_padding=&#8221;|20px||&#8221; header_2_font=&#8221;Muli||||||||&#8221; custom_margin=&#8221;5px|||&#8221; background_layout=&#8221;light&#8221; text_orientation=&#8221;left&#8221;]<\/p>\n<h2>EXTREME\u00d1OS EN IBEROAM\u00c9RICA Y EUROPA- HISTORIETA<\/h2>\n<p>[\/et_pb_text][\/et_pb_column][\/et_pb_row][et_pb_row _builder_version=&#8221;3.0.47&#8243; background_size=&#8221;initial&#8221; background_position=&#8221;top_left&#8221; background_repeat=&#8221;repeat&#8221; width=&#8221;90%&#8221; max_width=&#8221;1080px&#8221;][et_pb_column type=&#8221;1_4&#8243; custom_padding__hover=&#8221;|||&#8221; custom_padding=&#8221;|||&#8221;][et_pb_sidebar area=&#8221;et_pb_widget_area_6&#8243; _builder_version=&#8221;3.27.4&#8243; header_font=&#8221;|700||on|||||&#8221; body_font=&#8221;Muli||||||||&#8221; text_shadow_horizontal_length=&#8221;text_shadow_style,%91object Object%93&#8243; text_shadow_horizontal_length_tablet=&#8221;0px&#8221; text_shadow_vertical_length=&#8221;text_shadow_style,%91object Object%93&#8243; text_shadow_vertical_length_tablet=&#8221;0px&#8221; text_shadow_blur_strength=&#8221;text_shadow_style,%91object Object%93&#8243; text_shadow_blur_strength_tablet=&#8221;1px&#8221; header_text_shadow_horizontal_length=&#8221;header_text_shadow_style,%91object Object%93&#8243; header_text_shadow_horizontal_length_tablet=&#8221;0px&#8221; header_text_shadow_vertical_length=&#8221;header_text_shadow_style,%91object Object%93&#8243; header_text_shadow_vertical_length_tablet=&#8221;0px&#8221; header_text_shadow_blur_strength=&#8221;header_text_shadow_style,%91object Object%93&#8243; header_text_shadow_blur_strength_tablet=&#8221;1px&#8221; body_text_shadow_horizontal_length=&#8221;body_text_shadow_style,%91object Object%93&#8243; body_text_shadow_horizontal_length_tablet=&#8221;0px&#8221; body_text_shadow_vertical_length=&#8221;body_text_shadow_style,%91object Object%93&#8243; body_text_shadow_vertical_length_tablet=&#8221;0px&#8221; body_text_shadow_blur_strength=&#8221;body_text_shadow_style,%91object Object%93&#8243; body_text_shadow_blur_strength_tablet=&#8221;1px&#8221; box_shadow_horizontal_tablet=&#8221;0px&#8221; box_shadow_vertical_tablet=&#8221;0px&#8221; box_shadow_blur_tablet=&#8221;40px&#8221; box_shadow_spread_tablet=&#8221;0px&#8221; z_index_tablet=&#8221;500&#8243; \/][\/et_pb_column][et_pb_column type=&#8221;1_4&#8243; custom_padding__hover=&#8221;|||&#8221; custom_padding=&#8221;|||&#8221;][et_pb_image src=&#8221;https:\/\/www.fundacionyuste.org\/wp-content\/uploads\/2018\/05\/PORTADAbaja-e1526029452886.jpg&#8221; align=&#8221;center&#8221; _builder_version=&#8221;3.0.85&#8243; use_border_color=&#8221;on&#8221; border_width=&#8221;0px&#8221; custom_margin=&#8221;0px|0px|0px|0px&#8221; animation_style=&#8221;flip&#8221; animation_direction=&#8221;left&#8221; box_shadow_style=&#8221;preset1&#8243; box_shadow_vertical=&#8221;0px&#8221; box_shadow_blur=&#8221;61px&#8221; box_shadow_spread=&#8221;4px&#8221; box_shadow_color=&#8221;rgba(0,0,0,0.15)&#8221; custom_css_main_element=&#8221;border-radius:4px !important;&#8221; force_fullwidth=&#8221;on&#8221; show_in_lightbox=&#8221;off&#8221; url_new_window=&#8221;off&#8221; use_overlay=&#8221;off&#8221; always_center_on_mobile=&#8221;on&#8221; show_bottom_space=&#8221;on&#8221; border_color_all=&#8221;#ffffff&#8221; border_width_all=&#8221;0px&#8221; border_style_all=&#8221;solid&#8221; align_last_edited=&#8221;on|desktop&#8221; align_tablet=&#8221;center&#8221; \/][\/et_pb_column][et_pb_column type=&#8221;1_2&#8243; custom_padding__hover=&#8221;|||&#8221; custom_padding=&#8221;|||&#8221;][et_pb_post_title admin_label=&#8221;T\u00cdTULO DE LA P\u00c1GINA (Autom\u00e1tico)&#8221; meta=&#8221;off&#8221; featured_image=&#8221;off&#8221; _builder_version=&#8221;3.0.85&#8243; title_level=&#8221;h2&#8243; title_font=&#8221;Muli|700||on|||||&#8221; title_font_size=&#8221;18px&#8221; custom_margin=&#8221;6px|||&#8221; title_line_height=&#8221;1.1em&#8221; \/][et_pb_text _builder_version=&#8221;3.0.85&#8243; text_font=&#8221;Muli||||||||&#8221; header_font_size=&#8221;20px&#8221; header_2_font=&#8221;Muli||||||||&#8221; header_3_font=&#8221;Muli||||||||&#8221; header_4_font=&#8221;Muli||||||||&#8221; header_4_font_size=&#8221;16px&#8221; header_3_font_size=&#8221;19px&#8221; header_2_font_size=&#8221;22px&#8221; header_5_font=&#8221;Muli||||||||&#8221; header_5_font_size=&#8221;15px&#8221; background_layout=&#8221;light&#8221; text_orientation=&#8221;left&#8221;]<\/p>\n<p>\n<strong>Author:<\/strong> MAYTE ALVARADO<br \/>\n<strong>Year of Publication:<\/strong> 2018<br \/>\n<strong>Publisher:<\/strong> European and Ibero-American Academy of Yuste Foundation<br \/>\n<strong>Collection:<\/strong> Extreme\u00f1os en Iberoam\u00e9rica y Europa- Historieta<br \/>\n<strong>Number:<\/strong> 7<br \/>\n<strong>ISBN:<\/strong> 978-84-948078-3-1<br \/>\n<strong>Price:<\/strong> 10 EUR<\/p>\n<p align=\"justify\">The twelve apostles of Mexico left the Port of Sanl\u00facar de Barrameda in January 1524; they were a group of Franciscan friars whose mission, mandated by the Spanish Crown and the Catholic Church, was to evangelise the New World. They arrived in Veracruz, Mexico, almost four months later. Their adventure was not free of danger or vicissitudes, but their determination and conviction that the Indians were also children of God, helped them to overcome these obstacles.<\/p>\n<div class=\"entry-content\"><\/div>\n<p>&nbsp;<\/p>\n<p>&nbsp;<\/p>\n<p>&nbsp;<\/p>\n<p>[\/et_pb_text][\/et_pb_column][\/et_pb_row][\/et_pb_section]<\/p>\n","protected":false},"excerpt":{"rendered":"<p>PUBLICACIONES EXTREME\u00d1OS EN IBEROAM\u00c9RICA Y EUROPA- HISTORIETA Author: MAYTE ALVARADO Year of Publication: 2018 Publisher: European and Ibero-American Academy of Yuste Foundation Collection: Extreme\u00f1os en Iberoam\u00e9rica y Europa- Historieta Number: 7 ISBN: 978-84-948078-3-1 Price: 10 EUR The twelve apostles of Mexico left the Port of Sanl\u00facar de Barrameda in January 1524; they were a group [&hellip;]<\/p>\n","protected":false},"author":3,"featured_media":0,"comment_status":"closed","ping_status":"closed","sticky":false,"template":"","format":"standard","meta":{"_et_pb_use_builder":"on","_et_pb_old_content":"<p>[et_pb_section bb_built=\"1\" _builder_version=\"3.0.85\"][et_pb_row admin_label=\"ENCABEZADOS\" _builder_version=\"3.0.85\" background_size=\"initial\" background_position=\"top_left\" background_repeat=\"repeat\"][et_pb_column type=\"1_4\"][et_pb_text admin_label=\"TITULO SECCI\u00d3N\" _builder_version=\"3.0.85\" text_font=\"Muli|600|||||||\" text_font_size=\"33px\" text_text_color=\"#7cda24\" text_text_shadow_style=\"preset3\" text_text_shadow_color=\"rgba(0,0,0,0.28)\" header_font_size=\"25px\" header_text_shadow_style=\"preset3\" text_orientation=\"right\" module_alignment=\"right\" custom_padding=\"|20px||\" header_font=\"Muli||||||||\" background_layout=\"light\"]<\/p><h1>PUBLICACIONES<\/h1><p>[\/et_pb_text][\/et_pb_column][et_pb_column type=\"3_4\"][et_pb_text admin_label=\"TITULO COLECCI\u00d3N\" _builder_version=\"3.0.85\" text_font=\"Muli|600|||||||\" text_font_size=\"33px\" text_text_color=\"#7cda24\" text_text_shadow_style=\"preset3\" text_text_shadow_color=\"rgba(0,0,0,0.28)\" header_font_size=\"31px\" header_text_shadow_style=\"preset3\" module_alignment=\"right\" custom_padding=\"|20px||\" header_2_font=\"Muli||||||||\" custom_margin=\"5px|||\" background_layout=\"light\"]<\/p><h2>EXTREME\u00d1OS EN IBEROAM\u00c9RICA Y EUROPA- HISTORIETA<\/h2><p>[\/et_pb_text][\/et_pb_column][\/et_pb_row][et_pb_row _builder_version=\"3.0.47\" background_size=\"initial\" background_position=\"top_left\" background_repeat=\"repeat\"][et_pb_column type=\"1_4\"][et_pb_sidebar area=\"et_pb_widget_area_8\" _builder_version=\"3.0.85\" header_font=\"|700||on|||||\" body_font=\"Muli||||||||\" \/][\/et_pb_column][et_pb_column type=\"1_4\"][et_pb_image src=\"https:\/\/www.fundacionyuste.org\/wp-content\/uploads\/2018\/05\/PORTADAbaja-e1526029452886.jpg\" align=\"center\" _builder_version=\"3.0.85\" use_border_color=\"on\" border_width=\"0px\" custom_margin=\"0px|0px|0px|0px\" animation_style=\"flip\" animation_direction=\"left\" box_shadow_style=\"preset1\" box_shadow_vertical=\"0px\" box_shadow_blur=\"61px\" box_shadow_spread=\"4px\" box_shadow_color=\"rgba(0,0,0,0.15)\" custom_css_main_element=\"border-radius:4px !important;\" force_fullwidth=\"on\" show_in_lightbox=\"off\" url_new_window=\"off\" use_overlay=\"off\" always_center_on_mobile=\"on\" show_bottom_space=\"on\" \/][\/et_pb_column][et_pb_column type=\"1_2\"][et_pb_post_title admin_label=\"T\u00cdTULO DE LA P\u00c1GINA (Autom\u00e1tico)\" meta=\"off\" featured_image=\"off\" _builder_version=\"3.0.85\" title_level=\"h2\" title_font=\"Muli|700||on|||||\" title_font_size=\"18px\" custom_margin=\"6px|||\" title_line_height=\"1.1em\" \/][et_pb_text _builder_version=\"3.0.85\" text_font=\"Muli||||||||\" header_font_size=\"20px\" header_2_font=\"Muli||||||||\" header_3_font=\"Muli||||||||\" header_4_font=\"Muli||||||||\" header_4_font_size=\"16px\" header_3_font_size=\"19px\" header_2_font_size=\"22px\" header_5_font=\"Muli||||||||\" header_5_font_size=\"15px\" background_layout=\"light\"]<\/p><p><strong><b>Autora:<\/b><\/strong>\u00a0MAYTE ALVARADO<\/p><div class=\"entry-content\"><p><strong>Fecha de publicaci\u00f3n:<\/strong>\u00a02018<br \/><strong>Editorial:<\/strong>\u00a0Fundaci\u00f3n Academia Europea e Iberoamericana de Yuste<br \/><strong>Colecci\u00f3n:<\/strong>\u00a0Extreme\u00f1os en Iberoam\u00e9rica y Europa- Historieta<br \/><strong>N\u00famero:<\/strong>\u00a07<br \/><strong>ISBN:<\/strong>\u00a0978-84-948078-3-1<br \/><b>Precio: 10 euros<\/b><\/p><p align=\"justify\">En enero de 1524 partieron del puerto de Sanl\u00facar de Barrameda los Doce Ap\u00f3stoles de M\u00e9xico, un grupo de frailes franciscanos con la misi\u00f3n, encomendada por la Corona espa\u00f1ola y la Iglesia Cat\u00f3lica de evangelizar el Nuevo Mundo. Arribaron a Veracruz, en M\u00e9xico, casi cuatro meses despu\u00e9s. Su aventura no estuvo exenta de peligros y vicisitudes, pero sobre todas ellas triunf\u00f3 su entrega y su convencimiento de que los indios tambi\u00e9n eran hijos de Dios.<\/p><\/div><p>\u00a0<\/p><p>\u00a0<\/p><p>[\/et_pb_text][\/et_pb_column][\/et_pb_row][\/et_pb_section]<\/p>","_et_gb_content_width":"","_links_to":"","_links_to_target":""},"categories":[196,192],"tags":[203],"_links":{"self":[{"href":"https:\/\/www.fundacionyuste.org\/en\/wp-json\/wp\/v2\/posts\/211745"}],"collection":[{"href":"https:\/\/www.fundacionyuste.org\/en\/wp-json\/wp\/v2\/posts"}],"about":[{"href":"https:\/\/www.fundacionyuste.org\/en\/wp-json\/wp\/v2\/types\/post"}],"author":[{"embeddable":true,"href":"https:\/\/www.fundacionyuste.org\/en\/wp-json\/wp\/v2\/users\/3"}],"replies":[{"embeddable":true,"href":"https:\/\/www.fundacionyuste.org\/en\/wp-json\/wp\/v2\/comments?post=211745"}],"version-history":[{"count":0,"href":"https:\/\/www.fundacionyuste.org\/en\/wp-json\/wp\/v2\/posts\/211745\/revisions"}],"wp:attachment":[{"href":"https:\/\/www.fundacionyuste.org\/en\/wp-json\/wp\/v2\/media?parent=211745"}],"wp:term":[{"taxonomy":"category","embeddable":true,"href":"https:\/\/www.fundacionyuste.org\/en\/wp-json\/wp\/v2\/categories?post=211745"},{"taxonomy":"post_tag","embeddable":true,"href":"https:\/\/www.fundacionyuste.org\/en\/wp-json\/wp\/v2\/tags?post=211745"}],"curies":[{"name":"wp","href":"https:\/\/api.w.org\/{rel}","templated":true}]}}