{"id":211774,"date":"2017-11-01T11:07:57","date_gmt":"2017-11-01T11:07:57","guid":{"rendered":"https:\/\/www.fundacionyuste.org\/?p=211774"},"modified":"2020-03-18T11:58:06","modified_gmt":"2020-03-18T11:58:06","slug":"ruben-dario-100-anos-despues-estudios","status":"publish","type":"post","link":"https:\/\/www.fundacionyuste.org\/en\/ruben-dario-100-anos-despues-estudios\/","title":{"rendered":"RUB\u00c9N DAR\u00cdO. 100 A\u00d1OS DESPU\u00c9S. Estudios"},"content":{"rendered":"<p>[et_pb_section bb_built=&#8221;1&#8243; _builder_version=&#8221;3.0.47&#8243; inner_width=&#8221;auto&#8221; inner_max_width=&#8221;none&#8221;][et_pb_row admin_label=&#8221;ENCABEZADOS&#8221; _builder_version=&#8221;3.0.85&#8243; background_size=&#8221;initial&#8221; background_position=&#8221;top_left&#8221; background_repeat=&#8221;repeat&#8221; width=&#8221;90%&#8221; max_width=&#8221;1080px&#8221;][et_pb_column type=&#8221;1_4&#8243; custom_padding__hover=&#8221;|||&#8221; custom_padding=&#8221;|||&#8221;][et_pb_text admin_label=&#8221;TITULO SECCI\u00d3N&#8221; _builder_version=&#8221;3.0.85&#8243; text_font=&#8221;Muli|600|||||||&#8221; text_font_size=&#8221;33px&#8221; text_text_color=&#8221;#7cda24&#8243; text_text_shadow_style=&#8221;preset3&#8243; text_text_shadow_color=&#8221;rgba(0,0,0,0.28)&#8221; header_font_size=&#8221;31px&#8221; header_text_shadow_style=&#8221;preset3&#8243; text_orientation=&#8221;right&#8221; module_alignment=&#8221;right&#8221; custom_padding=&#8221;|20px||&#8221; header_font=&#8221;Muli||||||||&#8221;]<\/p>\n<h1>PUBLICACIONES<\/h1>\n<p>[\/et_pb_text][\/et_pb_column][et_pb_column type=&#8221;3_4&#8243; custom_padding__hover=&#8221;|||&#8221; custom_padding=&#8221;|||&#8221;][et_pb_text admin_label=&#8221;TITULO COLECCI\u00d3N&#8221; _builder_version=&#8221;3.0.85&#8243; text_font=&#8221;Muli|600|||||||&#8221; text_font_size=&#8221;33px&#8221; text_text_color=&#8221;#7cda24&#8243; text_text_shadow_style=&#8221;preset3&#8243; text_text_shadow_color=&#8221;rgba(0,0,0,0.28)&#8221; header_font_size=&#8221;31px&#8221; header_text_shadow_style=&#8221;preset3&#8243; module_alignment=&#8221;right&#8221; custom_padding=&#8221;|20px||&#8221; header_2_font=&#8221;Muli||||||||&#8221; custom_margin=&#8221;5px|||&#8221; background_layout=&#8221;light&#8221; text_orientation=&#8221;left&#8221;]<\/p>\n<h2>ENTRE DOS MUNDOS<\/h2>\n<p>[\/et_pb_text][\/et_pb_column][\/et_pb_row][et_pb_row _builder_version=&#8221;3.0.47&#8243; background_size=&#8221;initial&#8221; background_position=&#8221;top_left&#8221; background_repeat=&#8221;repeat&#8221; width=&#8221;90%&#8221; max_width=&#8221;1080px&#8221;][et_pb_column type=&#8221;1_4&#8243; custom_padding__hover=&#8221;|||&#8221; custom_padding=&#8221;|||&#8221;][et_pb_sidebar area=&#8221;et_pb_widget_area_6&#8243; _builder_version=&#8221;3.27.4&#8243; header_font=&#8221;|700||on|||||&#8221; body_font=&#8221;Muli||||||||&#8221; text_shadow_horizontal_length=&#8221;text_shadow_style,%91object Object%93&#8243; text_shadow_horizontal_length_tablet=&#8221;0px&#8221; text_shadow_vertical_length=&#8221;text_shadow_style,%91object Object%93&#8243; text_shadow_vertical_length_tablet=&#8221;0px&#8221; text_shadow_blur_strength=&#8221;text_shadow_style,%91object Object%93&#8243; text_shadow_blur_strength_tablet=&#8221;1px&#8221; header_text_shadow_horizontal_length=&#8221;header_text_shadow_style,%91object Object%93&#8243; header_text_shadow_horizontal_length_tablet=&#8221;0px&#8221; header_text_shadow_vertical_length=&#8221;header_text_shadow_style,%91object Object%93&#8243; header_text_shadow_vertical_length_tablet=&#8221;0px&#8221; header_text_shadow_blur_strength=&#8221;header_text_shadow_style,%91object Object%93&#8243; header_text_shadow_blur_strength_tablet=&#8221;1px&#8221; body_text_shadow_horizontal_length=&#8221;body_text_shadow_style,%91object Object%93&#8243; body_text_shadow_horizontal_length_tablet=&#8221;0px&#8221; body_text_shadow_vertical_length=&#8221;body_text_shadow_style,%91object Object%93&#8243; body_text_shadow_vertical_length_tablet=&#8221;0px&#8221; body_text_shadow_blur_strength=&#8221;body_text_shadow_style,%91object Object%93&#8243; body_text_shadow_blur_strength_tablet=&#8221;1px&#8221; box_shadow_horizontal_tablet=&#8221;0px&#8221; box_shadow_vertical_tablet=&#8221;0px&#8221; box_shadow_blur_tablet=&#8221;40px&#8221; box_shadow_spread_tablet=&#8221;0px&#8221; z_index_tablet=&#8221;500&#8243;]<\/p>\n<p><\/p>\n<p>[\/et_pb_sidebar][\/et_pb_column][et_pb_column type=&#8221;1_4&#8243; custom_padding__hover=&#8221;|||&#8221; custom_padding=&#8221;|||&#8221;][et_pb_image src=&#8221;https:\/\/www.fundacionyuste.org\/wp-content\/uploads\/2018\/03\/Portada-Ruben-Dario.jpg&#8221; align=&#8221;center&#8221; _builder_version=&#8221;3.0.85&#8243; use_border_color=&#8221;on&#8221; border_width=&#8221;0px&#8221; custom_margin=&#8221;0px|0px|0px|0px&#8221; animation_style=&#8221;flip&#8221; animation_direction=&#8221;left&#8221; box_shadow_style=&#8221;preset1&#8243; box_shadow_vertical=&#8221;0px&#8221; box_shadow_blur=&#8221;61px&#8221; box_shadow_spread=&#8221;4px&#8221; box_shadow_color=&#8221;rgba(0,0,0,0.15)&#8221; custom_css_main_element=&#8221;border-radius:4px !important;&#8221; force_fullwidth=&#8221;on&#8221; show_in_lightbox=&#8221;off&#8221; url_new_window=&#8221;off&#8221; use_overlay=&#8221;off&#8221; always_center_on_mobile=&#8221;on&#8221; show_bottom_space=&#8221;on&#8221; border_color_all=&#8221;#ffffff&#8221; border_width_all=&#8221;0px&#8221; border_style_all=&#8221;solid&#8221; align_last_edited=&#8221;on|desktop&#8221; align_tablet=&#8221;center&#8221;]<\/p>\n<p><\/p>\n<p>[\/et_pb_image][\/et_pb_column][et_pb_column type=&#8221;1_2&#8243; custom_padding__hover=&#8221;|||&#8221; custom_padding=&#8221;|||&#8221;][et_pb_post_title admin_label=&#8221;T\u00cdTULO DE LA P\u00c1GINA (Autom\u00e1tico)&#8221; meta=&#8221;off&#8221; featured_image=&#8221;off&#8221; _builder_version=&#8221;3.0.85&#8243; title_level=&#8221;h2&#8243; title_font=&#8221;Muli|700||on|||||&#8221; title_font_size=&#8221;18px&#8221; custom_margin=&#8221;6px|||&#8221; title_line_height=&#8221;1.1em&#8221;]<\/p>\n<p><\/p>\n<p>[\/et_pb_post_title][et_pb_text _builder_version=&#8221;3.0.85&#8243; text_font=&#8221;Muli||||||||&#8221; header_font_size=&#8221;20px&#8221; header_2_font=&#8221;Muli||||||||&#8221; header_3_font=&#8221;Muli||||||||&#8221; header_4_font=&#8221;Muli||||||||&#8221; header_4_font_size=&#8221;16px&#8221; header_3_font_size=&#8221;19px&#8221; header_2_font_size=&#8221;22px&#8221; header_5_font=&#8221;Muli||||||||&#8221; header_5_font_size=&#8221;15px&#8221; background_layout=&#8221;light&#8221; text_orientation=&#8221;left&#8221;]<\/p>\n<p>\n<strong>Authors<\/strong>: Jos\u00e9 Luis Bernal Salgado, Miguel \u00c1ngel Lama, Antonio Rivero Machina and J. Igncio \u00dazquiza Gonz\u00e1lez (Eds.)<br \/>\n<strong>Year of Publication:<\/strong> 2017<br \/>\n<strong>Publisher<\/strong>: Fundaci\u00f3n Academia Europea e Iberoamericana de Yuste<br \/>\n<strong>Collection<\/strong>: Entre dos mundos: Am\u00e9rica y Europa desde Extremadura<br \/>\n<strong>Number<\/strong>: 1<br \/>\n<strong>ISBN<\/strong>: 978-84-948078-0-0<br \/>\n<strong>Price<\/strong>: 12 EUR<\/p>\n<p align=\"justify\">A collections of essays on the Nicaraguan writer Rub\u00e9n Dar\u00edo, written by Carmen Alemany Bay, Francisco Javier D\u00edez de Revenga, M\u00aa Isabel L\u00f3pez Mart\u00ednez, Juana Mart\u00ednez G\u00f3mez, Julio Neira, Manuel J. Ramos Ortega, Joaqu\u00edn Roses, \u00c1lvaro Salvador and Jos\u00e9 Ignacio \u00dazquiza Gonz\u00e1lez.<\/p>\n<p>&nbsp;<\/p>\n<p>[\/et_pb_text][\/et_pb_column][\/et_pb_row][et_pb_row _builder_version=&#8221;3.0.85&#8243; width=&#8221;90%&#8221; max_width=&#8221;1080px&#8221;][et_pb_column type=&#8221;1_4&#8243; custom_padding__hover=&#8221;|||&#8221; custom_padding=&#8221;|||&#8221;][\/et_pb_column][et_pb_column type=&#8221;3_4&#8243; custom_padding__hover=&#8221;|||&#8221; custom_padding=&#8221;|||&#8221;][et_pb_tabs _builder_version=&#8221;3.0.85&#8243; width=&#8221;90%&#8221; max_width=&#8221;1080px&#8221;][et_pb_tab _builder_version=&#8221;3.0.85&#8243; title=&#8221;PRESENTACI\u00d3N&#8221; use_background_color_gradient=&#8221;off&#8221; background_color_gradient_start=&#8221;#2b87da&#8221; background_color_gradient_end=&#8221;#29c4a9&#8243; background_color_gradient_type=&#8221;linear&#8221; background_color_gradient_direction=&#8221;180deg&#8221; background_color_gradient_direction_radial=&#8221;center&#8221; background_color_gradient_start_position=&#8221;0%&#8221; background_color_gradient_end_position=&#8221;100%&#8221; parallax=&#8221;off&#8221; parallax_method=&#8221;on&#8221; background_size=&#8221;cover&#8221; background_position=&#8221;center&#8221; background_repeat=&#8221;no-repeat&#8221; background_blend=&#8221;normal&#8221; allow_player_pause=&#8221;off&#8221; tab_font=&#8221;||||||||&#8221; tab_text_shadow_style=&#8221;none&#8221; tab_text_shadow_color=&#8221;rgba(0,0,0,0.4)&#8221; body_font=&#8221;||||||||&#8221; body_text_shadow_style=&#8221;none&#8221; body_text_shadow_color=&#8221;rgba(0,0,0,0.4)&#8221;]<\/p>\n<blockquote class=\"wp-embedded-content\" data-secret=\"s2g4NVDo75\"><p><a href=\"https:\/\/www.fundacionyuste.org\/en\/the-yuste-foundation-presents-a-book-in-madrid-that-portrays-the-multifaceted-figure-of-ruben-dario\/\">Fundaci\u00f3n Yuste presenta en Madrid un libro que muestra la poli\u00e9drica figura de Rub\u00e9n Dar\u00edo<\/a><\/p><\/blockquote>\n<p><iframe class=\"wp-embedded-content\" sandbox=\"allow-scripts\" security=\"restricted\" style=\"position: absolute; clip: rect(1px, 1px, 1px, 1px);\" title=\"&#8220;Fundaci\u00f3n Yuste presenta en Madrid un libro que muestra la poli\u00e9drica figura de Rub\u00e9n Dar\u00edo&#8221; &#8212; FUNDACI\u00d3N YUSTE\" src=\"https:\/\/www.fundacionyuste.org\/en\/the-yuste-foundation-presents-a-book-in-madrid-that-portrays-the-multifaceted-figure-of-ruben-dario\/embed\/#?secret=s2g4NVDo75\" data-secret=\"s2g4NVDo75\" width=\"600\" height=\"338\" frameborder=\"0\" marginwidth=\"0\" marginheight=\"0\" scrolling=\"no\"><\/iframe><\/p>\n<p>&nbsp;<\/p>\n<p>&nbsp;<\/p>\n<p>&nbsp;<\/p>\n<p>[\/et_pb_tab][et_pb_tab _builder_version=&#8221;3.0.85&#8243; title=&#8221;DESCARGAR PUBLICACI\u00d3N&#8221; use_background_color_gradient=&#8221;off&#8221; background_color_gradient_start=&#8221;#2b87da&#8221; background_color_gradient_end=&#8221;#29c4a9&#8243; background_color_gradient_type=&#8221;linear&#8221; background_color_gradient_direction=&#8221;180deg&#8221; background_color_gradient_direction_radial=&#8221;center&#8221; background_color_gradient_start_position=&#8221;0%&#8221; background_color_gradient_end_position=&#8221;100%&#8221; parallax=&#8221;off&#8221; parallax_method=&#8221;on&#8221; background_size=&#8221;cover&#8221; background_position=&#8221;center&#8221; background_repeat=&#8221;no-repeat&#8221; background_blend=&#8221;normal&#8221; allow_player_pause=&#8221;off&#8221; tab_font=&#8221;||||||||&#8221; tab_text_shadow_style=&#8221;none&#8221; tab_text_shadow_color=&#8221;rgba(0,0,0,0.4)&#8221; body_font=&#8221;||||||||&#8221; body_text_shadow_style=&#8221;none&#8221; body_text_shadow_color=&#8221;rgba(0,0,0,0.4)&#8221; \/][\/et_pb_tabs][\/et_pb_column][\/et_pb_row][\/et_pb_section]<\/p>\n","protected":false},"excerpt":{"rendered":"<p>PUBLICACIONES ENTRE DOS MUNDOS Authors: Jos\u00e9 Luis Bernal Salgado, Miguel \u00c1ngel Lama, Antonio Rivero Machina and J. Igncio \u00dazquiza Gonz\u00e1lez (Eds.) Year of Publication: 2017 Publisher: Fundaci\u00f3n Academia Europea e Iberoamericana de Yuste Collection: Entre dos mundos: Am\u00e9rica y Europa desde Extremadura Number: 1 ISBN: 978-84-948078-0-0 Price: 12 EUR A collections of essays on the [&hellip;]<\/p>\n","protected":false},"author":3,"featured_media":208245,"comment_status":"closed","ping_status":"closed","sticky":false,"template":"","format":"standard","meta":{"_et_pb_use_builder":"on","_et_pb_old_content":"<p>[et_pb_section bb_built=\"1\" _builder_version=\"3.0.47\"][et_pb_row admin_label=\"ENCABEZADOS\" _builder_version=\"3.0.85\" background_size=\"initial\" background_position=\"top_left\" background_repeat=\"repeat\"][et_pb_column type=\"1_4\"][et_pb_text admin_label=\"TITULO SECCI\u00d3N\" _builder_version=\"3.0.85\" text_font=\"Muli|600|||||||\" text_font_size=\"33px\" text_text_color=\"#7cda24\" text_text_shadow_style=\"preset3\" text_text_shadow_color=\"rgba(0,0,0,0.28)\" header_font_size=\"31px\" header_text_shadow_style=\"preset3\" text_orientation=\"right\" module_alignment=\"right\" custom_padding=\"|20px||\" header_font=\"Muli||||||||\"]<\/p><h1>PUBLICACIONES<\/h1><p>[\/et_pb_text][\/et_pb_column][et_pb_column type=\"3_4\"][et_pb_text admin_label=\"TITULO COLECCI\u00d3N\" _builder_version=\"3.0.85\" text_font=\"Muli|600|||||||\" text_font_size=\"33px\" text_text_color=\"#7cda24\" text_text_shadow_style=\"preset3\" text_text_shadow_color=\"rgba(0,0,0,0.28)\" header_font_size=\"31px\" header_text_shadow_style=\"preset3\" module_alignment=\"right\" custom_padding=\"|20px||\" header_2_font=\"Muli||||||||\" custom_margin=\"5px|||\" background_layout=\"light\"]<\/p><h2>ENTRE DOS MUNDOS<\/h2><p>[\/et_pb_text][\/et_pb_column][\/et_pb_row][et_pb_row _builder_version=\"3.0.47\" background_size=\"initial\" background_position=\"top_left\" background_repeat=\"repeat\"][et_pb_column type=\"1_4\"][et_pb_sidebar area=\"et_pb_widget_area_8\" _builder_version=\"3.0.85\" header_font=\"|700||on|||||\" body_font=\"Muli||||||||\"]<\/p><p>\u00a0<\/p><p>[\/et_pb_sidebar][\/et_pb_column][et_pb_column type=\"1_4\"][et_pb_image src=\"https:\/\/www.fundacionyuste.org\/wp-content\/uploads\/2018\/03\/Portada-Ruben-Dario.jpg\" align=\"center\" _builder_version=\"3.0.85\" use_border_color=\"on\" border_width=\"0px\" custom_margin=\"0px|0px|0px|0px\" animation_style=\"flip\" animation_direction=\"left\" box_shadow_style=\"preset1\" box_shadow_vertical=\"0px\" box_shadow_blur=\"61px\" box_shadow_spread=\"4px\" box_shadow_color=\"rgba(0,0,0,0.15)\" custom_css_main_element=\"border-radius:4px !important;\" force_fullwidth=\"on\" show_in_lightbox=\"off\" url_new_window=\"off\" use_overlay=\"off\" always_center_on_mobile=\"on\" show_bottom_space=\"on\"]<\/p><p>\u00a0<\/p><p>[\/et_pb_image][\/et_pb_column][et_pb_column type=\"1_2\"][et_pb_post_title admin_label=\"T\u00cdTULO DE LA P\u00c1GINA (Autom\u00e1tico)\" meta=\"off\" featured_image=\"off\" _builder_version=\"3.0.85\" title_level=\"h2\" title_font=\"Muli|700||on|||||\" title_font_size=\"18px\" custom_margin=\"6px|||\" title_line_height=\"1.1em\"]<\/p><p>\u00a0<\/p><p>[\/et_pb_post_title][et_pb_text _builder_version=\"3.0.85\" text_font=\"Muli||||||||\" header_font_size=\"20px\" header_2_font=\"Muli||||||||\" header_3_font=\"Muli||||||||\" header_4_font=\"Muli||||||||\" header_4_font_size=\"16px\" header_3_font_size=\"19px\" header_2_font_size=\"22px\" header_5_font=\"Muli||||||||\" header_5_font_size=\"15px\" background_layout=\"light\"]<\/p><p><strong><b>Autores:<\/b><\/strong>\u00a0Jos\u00e9 Luis Bernal Salgado, Miguel \u00c1ngel Lama, Antonio Rivero Machina y J. Igncio \u00dazquiza Gonz\u00e1lez (Eds.)<\/p><p><strong>Fecha de publicaci\u00f3n:<\/strong>\u00a02017<br \/><strong>Editorial:<\/strong>\u00a0Fundaci\u00f3n Academia Europea e Iberoamericana de Yuste<br \/><strong>Colecci\u00f3n:<\/strong>\u00a0Entre dos mundos: Am\u00e9rica y Europa desde Extremadura<br \/><strong>N\u00famero:<\/strong>\u00a01<br \/><strong>ISBN:<\/strong>\u00a0978-84-948078-0-0<br \/><strong>Precio: <\/strong>12 euros<\/p><p align=\"justigy\">Colecci\u00f3n de ensayos dedicados a la figura del escritor nicarag\u00fcense Rub\u00e9n Dar\u00edo escritos por Carmen Alemany Bay, Francisco Javier D\u00edez de Revenga, M\u00aa Isabel L\u00f3pez Mart\u00ednez, Juana Mart\u00ednez G\u00f3mez, Julio Neira, Manuel J. Ramos Ortega, Joaqu\u00edn Roses, \u00c1lvaro Salvador y Jos\u00e9 Ignacio \u00dazquiza Gonz\u00e1lez.<\/p><p>[\/et_pb_text][\/et_pb_column][\/et_pb_row][et_pb_row _builder_version=\"3.0.85\"][et_pb_column type=\"1_4\"][\/et_pb_column][et_pb_column type=\"3_4\"][et_pb_tabs _builder_version=\"3.0.85\"]<\/p><p>[et_pb_tab _builder_version=\"3.0.85\" title=\"EL AUTOR\" use_background_color_gradient=\"off\" background_color_gradient_start=\"#2b87da\" background_color_gradient_end=\"#29c4a9\" background_color_gradient_type=\"linear\" background_color_gradient_direction=\"180deg\" background_color_gradient_direction_radial=\"center\" background_color_gradient_start_position=\"0%\" background_color_gradient_end_position=\"100%\" parallax=\"off\" parallax_method=\"on\" background_size=\"cover\" background_position=\"center\" background_repeat=\"no-repeat\" background_blend=\"normal\" allow_player_pause=\"off\" tab_font=\"||||||||\" tab_text_shadow_style=\"none\" tab_text_shadow_color=\"rgba(0,0,0,0.4)\" body_font=\"||||||||\" body_text_shadow_style=\"none\" body_text_shadow_color=\"rgba(0,0,0,0.4)\" \/][et_pb_tab _builder_version=\"3.0.85\" title=\"DESCARGAR PUBLICACI\u00d3N\" use_background_color_gradient=\"off\" background_color_gradient_start=\"#2b87da\" background_color_gradient_end=\"#29c4a9\" background_color_gradient_type=\"linear\" background_color_gradient_direction=\"180deg\" background_color_gradient_direction_radial=\"center\" background_color_gradient_start_position=\"0%\" background_color_gradient_end_position=\"100%\" parallax=\"off\" parallax_method=\"on\" background_size=\"cover\" background_position=\"center\" background_repeat=\"no-repeat\" background_blend=\"normal\" allow_player_pause=\"off\" tab_font=\"||||||||\" tab_text_shadow_style=\"none\" tab_text_shadow_color=\"rgba(0,0,0,0.4)\" body_font=\"||||||||\" body_text_shadow_style=\"none\" body_text_shadow_color=\"rgba(0,0,0,0.4)\" \/][et_pb_tab _builder_version=\"3.0.85\" title=\"PRESENTACI\u00d3N\" use_background_color_gradient=\"off\" background_color_gradient_start=\"#2b87da\" background_color_gradient_end=\"#29c4a9\" background_color_gradient_type=\"linear\" background_color_gradient_direction=\"180deg\" background_color_gradient_direction_radial=\"center\" background_color_gradient_start_position=\"0%\" background_color_gradient_end_position=\"100%\" parallax=\"off\" parallax_method=\"on\" background_size=\"cover\" background_position=\"center\" background_repeat=\"no-repeat\" background_blend=\"normal\" allow_player_pause=\"off\" tab_font=\"||||||||\" tab_text_shadow_style=\"none\" tab_text_shadow_color=\"rgba(0,0,0,0.4)\" body_font=\"||||||||\" body_text_shadow_style=\"none\" body_text_shadow_color=\"rgba(0,0,0,0.4)\"]<\/p><p>https:\/\/www.fundacionyuste.org\/fundacion-yuste-presenta-en-madrid-un-libro-que-muestra-la-poliedrica-figura-de-ruben-dario\/<\/p><p>\u00a0<\/p><p>\u00a0<\/p><p>[\/et_pb_tab]<\/p><p>[\/et_pb_tabs][\/et_pb_column][\/et_pb_row][\/et_pb_section]<\/p>","_et_gb_content_width":"","_links_to":"","_links_to_target":""},"categories":[194,192],"tags":[208],"_links":{"self":[{"href":"https:\/\/www.fundacionyuste.org\/en\/wp-json\/wp\/v2\/posts\/211774"}],"collection":[{"href":"https:\/\/www.fundacionyuste.org\/en\/wp-json\/wp\/v2\/posts"}],"about":[{"href":"https:\/\/www.fundacionyuste.org\/en\/wp-json\/wp\/v2\/types\/post"}],"author":[{"embeddable":true,"href":"https:\/\/www.fundacionyuste.org\/en\/wp-json\/wp\/v2\/users\/3"}],"replies":[{"embeddable":true,"href":"https:\/\/www.fundacionyuste.org\/en\/wp-json\/wp\/v2\/comments?post=211774"}],"version-history":[{"count":0,"href":"https:\/\/www.fundacionyuste.org\/en\/wp-json\/wp\/v2\/posts\/211774\/revisions"}],"wp:featuredmedia":[{"embeddable":true,"href":"https:\/\/www.fundacionyuste.org\/en\/wp-json\/wp\/v2\/media\/208245"}],"wp:attachment":[{"href":"https:\/\/www.fundacionyuste.org\/en\/wp-json\/wp\/v2\/media?parent=211774"}],"wp:term":[{"taxonomy":"category","embeddable":true,"href":"https:\/\/www.fundacionyuste.org\/en\/wp-json\/wp\/v2\/categories?post=211774"},{"taxonomy":"post_tag","embeddable":true,"href":"https:\/\/www.fundacionyuste.org\/en\/wp-json\/wp\/v2\/tags?post=211774"}],"curies":[{"name":"wp","href":"https:\/\/api.w.org\/{rel}","templated":true}]}}