{"id":211930,"date":"2018-06-13T07:49:27","date_gmt":"2018-06-13T07:49:27","guid":{"rendered":"https:\/\/www.fundacionyuste.org\/?p=211930"},"modified":"2018-06-13T07:50:40","modified_gmt":"2018-06-13T07:50:40","slug":"24th-iberian-film-festival-of-badajoz","status":"publish","type":"post","link":"https:\/\/www.fundacionyuste.org\/en\/24th-iberian-film-festival-of-badajoz\/","title":{"rendered":"24th Iberian Film Festival of Badajoz"},"content":{"rendered":"<p>[et_pb_section bb_built=&#8221;1&#8243; _builder_version=&#8221;3.0.85&#8243;][et_pb_row _builder_version=&#8221;3.0.47&#8243; background_size=&#8221;initial&#8221; background_position=&#8221;top_left&#8221; background_repeat=&#8221;repeat&#8221;][et_pb_column type=&#8221;1_4&#8243;][et_pb_text admin_label=&#8221;TITULO SECCI\u00d3N&#8221; _builder_version=&#8221;3.0.85&#8243; text_font=&#8221;Muli||||||||&#8221; text_orientation=&#8221;right&#8221; module_alignment=&#8221;right&#8221; custom_padding=&#8221;|20px||&#8221;]<\/p>\n<h1>ACTIVIDADES<\/h1>\n<p>[\/et_pb_text][\/et_pb_column][et_pb_column type=&#8221;3_4&#8243;][et_pb_post_title admin_label=&#8221;T\u00cdTULO DE LA ACTIVIDAD (Autom\u00e1tico)&#8221; meta=&#8221;off&#8221; featured_image=&#8221;off&#8221; _builder_version=&#8221;3.0.85&#8243; title_level=&#8221;h2&#8243; title_font=&#8221;Muli|700||on|||||&#8221; title_font_size=&#8221;20px&#8221; custom_padding=&#8221;6px|||&#8221;]<\/p>\n<p>&nbsp;<\/p>\n<p>[\/et_pb_post_title][\/et_pb_column][\/et_pb_row][et_pb_row _builder_version=&#8221;3.0.47&#8243; background_size=&#8221;initial&#8221; background_position=&#8221;top_left&#8221; background_repeat=&#8221;repeat&#8221;][et_pb_column type=&#8221;1_4&#8243;][et_pb_sidebar admin_label=&#8221;MEN\u00da LATERAL&#8221; area=&#8221;et_pb_widget_area_6&#8243; _builder_version=&#8221;3.0.85&#8243; orientation=&#8221;left&#8221; show_border=&#8221;on&#8221; background_layout=&#8221;light&#8221;]<\/p>\n<p>&nbsp;<\/p>\n<p>[\/et_pb_sidebar][\/et_pb_column][et_pb_column type=&#8221;3_4&#8243;][et_pb_text admin_label=&#8221;CONTENIDO DE LA ACTIVIDAD&#8221; _builder_version=&#8221;3.0.85&#8243; text_font=&#8221;Muli||||||||&#8221; text_text_color=&#8221;#262626&#8243; header_font=&#8221;Muli||||||||&#8221; header_font_size=&#8221;22px&#8221; header_2_font=&#8221;Muli||||||||&#8221; header_3_font=&#8221;Muli||||||||&#8221; header_4_font=&#8221;Muli||||||||&#8221; header_5_font=&#8221;Muli||||||||&#8221; header_6_font=&#8221;Muli||||||||&#8221; background_layout=&#8221;light&#8221;]<\/p>\n<p><img decoding=\"async\" loading=\"lazy\" class=\"wp-image-211883 size-medium alignleft\" src=\"https:\/\/www.fundacionyuste.org\/wp-content\/uploads\/2018\/06\/JuradojovenJ25-300x234.jpg\" alt=\"\" width=\"300\" height=\"234\" srcset=\"https:\/\/www.fundacionyuste.org\/wp-content\/uploads\/2018\/06\/JuradojovenJ25-300x234.jpg 300w, https:\/\/www.fundacionyuste.org\/wp-content\/uploads\/2018\/06\/JuradojovenJ25-768x598.jpg 768w, https:\/\/www.fundacionyuste.org\/wp-content\/uploads\/2018\/06\/JuradojovenJ25-1024x797.jpg 1024w, https:\/\/www.fundacionyuste.org\/wp-content\/uploads\/2018\/06\/JuradojovenJ25-1080x841.jpg 1080w, https:\/\/www.fundacionyuste.org\/wp-content\/uploads\/2018\/06\/JuradojovenJ25.jpg 1169w\" sizes=\"(max-width: 300px) 100vw, 300px\" \/><\/p>\n<p align=\"justify\">The European and Ibero-American Academy of Yuste Foundation promotes the participation and engagement of university students in the audio-visual and cinematographic world through the Youth Jury of the Iberian Film Festival, in collaboration with the Iberian Film Festival of Badajoz.<\/p>\n<p align=\"justify\">Young students between the ages of 18 and 30 from the University of Extremadura may participate in the selection to become a member of this jury, regardless of what they are studying. The deadline to become a member of this jury, which will once again have a voice and a vote and will be in charge of awarding the Luis Alcoriza Award of the Youth Jury, will end on 25 June.<\/p>\n<p align=\"justify\">The members of the Youth Jury will be duly accredited and they will have the right and obligation to attend all the official short-film sessions in the contest played at the L\u00f3pez de Ayala Theatre from the 18<sup>th<\/sup> to the 21<sup>st<\/sup> of July.<\/p>\n<p align=\"justify\">Those interested in signing up must complete a form in the following website: <a href=\"http:\/\/festivaldecine.com\/2018\/inscripcion-jurado-joven\/\">http:\/\/festivaldecine.com\/2018\/inscripcion-jurado-joven\/<\/a>. The organisation of the Iberian Film Festival will carry out a cinematographic test on all those who registered by means of a short-film in order to guarantee the competence and suitability of the final jury chosen.<\/p>\n<p align=\"justify\">The Luis Alcoriza Award of the Youth Jury will take over the CEXECI Award of the Youth Jury, after the merger between the Extremaduran Centre for Studies and Cooperation with Ibero-America (CEXECI) and the European Academy of Yuste Foundation.<\/p>\n<p align=\"justify\">This Award, furthermore, pays tribute to Luis Alcoriza, director, scriptwriter and film actor who was born in Badajoz and exiled to Mexico after the civil war. Luis Alcoriza was one of the greatest figures in Mexican cinema. Collaborations with Luis Bu\u00f1uel in eight film scripts stand out during his career where he wrote some of his best film scripts, such as \u201cLos Olvidados\u201d and \u201cEl \u00e1ngel exterminador\u201d.<\/p>\n<p>&nbsp;<\/p>\n<p>[\/et_pb_text][et_pb_tabs admin_label=&#8221;CONTENIDO EN PESTA\u00d1AS &#8221; active_tab_background_color=&#8221;#368e00&#8243; inactive_tab_background_color=&#8221;#e09900&#8243; _builder_version=&#8221;3.0.85&#8243; tab_font=&#8221;Muli|600||on|||||&#8221; custom_margin=&#8221;||40px|&#8221;] [et_pb_tab title=&#8221;Documents&#8221; _builder_version=&#8221;3.0.85&#8243; tab_font=&#8221;||||||||&#8221; body_font=&#8221;Muli||||||||&#8221; use_background_color_gradient=&#8221;off&#8221; background_color_gradient_start=&#8221;#2b87da&#8221; background_color_gradient_end=&#8221;#29c4a9&#8243; background_color_gradient_type=&#8221;linear&#8221; background_color_gradient_direction=&#8221;180deg&#8221; background_color_gradient_direction_radial=&#8221;center&#8221; background_color_gradient_start_position=&#8221;0%&#8221; background_color_gradient_end_position=&#8221;100%&#8221; parallax=&#8221;off&#8221; parallax_method=&#8221;on&#8221; background_size=&#8221;cover&#8221; background_position=&#8221;center&#8221; background_repeat=&#8221;no-repeat&#8221; background_blend=&#8221;normal&#8221; allow_player_pause=&#8221;off&#8221; tab_text_shadow_style=&#8221;none&#8221; tab_text_shadow_color=&#8221;rgba(0,0,0,0.4)&#8221; body_text_shadow_style=&#8221;none&#8221; body_text_shadow_color=&#8221;rgba(0,0,0,0.4)&#8221;]<\/p>\n<p><img decoding=\"async\" loading=\"lazy\" class=\"wp-image-206700 alignnone\" src=\"https:\/\/www.fundacionyuste.org\/wp-content\/uploads\/2018\/02\/012-file.png\" alt=\"\" width=\"20\" height=\"20\" \/><a  href=\"https:\/\/www.fundacionyuste.org\/wp-content\/uploads\/2018\/06\/JuradojovenJ25Web.png\" data-rel=\"lightbox-gallery-0\" data-rl_title=\"\" data-rl_caption=\"\" title=\"\"><strong>\u00a0POSTER<\/strong><\/a><\/p>\n<p>&nbsp;<\/p>\n<p>[\/et_pb_tab][et_pb_tab title=&#8221;News&#8221; _builder_version=&#8221;3.0.85&#8243; tab_font=&#8221;||||||||&#8221; body_font=&#8221;||||||||&#8221; use_background_color_gradient=&#8221;off&#8221; background_color_gradient_start=&#8221;#2b87da&#8221; background_color_gradient_end=&#8221;#29c4a9&#8243; background_color_gradient_type=&#8221;linear&#8221; background_color_gradient_direction=&#8221;180deg&#8221; background_color_gradient_direction_radial=&#8221;center&#8221; background_color_gradient_start_position=&#8221;0%&#8221; background_color_gradient_end_position=&#8221;100%&#8221; parallax=&#8221;off&#8221; parallax_method=&#8221;on&#8221; background_size=&#8221;cover&#8221; background_position=&#8221;center&#8221; background_repeat=&#8221;no-repeat&#8221; background_blend=&#8221;normal&#8221; allow_player_pause=&#8221;off&#8221; tab_text_shadow_style=&#8221;none&#8221; tab_text_shadow_color=&#8221;rgba(0,0,0,0.4)&#8221; body_text_shadow_style=&#8221;none&#8221; body_text_shadow_color=&#8221;rgba(0,0,0,0.4)&#8221;]<\/p>\n<p>&nbsp;<\/p>\n<blockquote class=\"wp-embedded-content\" data-secret=\"6eUK2CXVno\"><p><a href=\"https:\/\/www.fundacionyuste.org\/en\/yuste-foundation-and-the-iberian-film-festival-keep-the-deadline-open-to-join-the-youth-jury-until-25-june\/\">Fundaci\u00f3n Yuste y el Festival Ib\u00e9rico de Cine mantienen abierto el plazo para formar parte del Jurado Joven hasta el 25 de junio<\/a><\/p><\/blockquote>\n<p><iframe class=\"wp-embedded-content\" sandbox=\"allow-scripts\" security=\"restricted\" style=\"position: absolute; clip: rect(1px, 1px, 1px, 1px);\" title=\"&#8220;Fundaci\u00f3n Yuste y el Festival Ib\u00e9rico de Cine mantienen abierto el plazo para formar parte del Jurado Joven hasta el 25 de junio&#8221; &#8212; FUNDACI\u00d3N YUSTE\" src=\"https:\/\/www.fundacionyuste.org\/en\/yuste-foundation-and-the-iberian-film-festival-keep-the-deadline-open-to-join-the-youth-jury-until-25-june\/embed\/#?secret=6eUK2CXVno\" data-secret=\"6eUK2CXVno\" width=\"600\" height=\"338\" frameborder=\"0\" marginwidth=\"0\" marginheight=\"0\" scrolling=\"no\"><\/iframe><\/p>\n<p>&nbsp;<\/p>\n<p>[\/et_pb_tab][et_pb_tab title=&#8221;Photographs&#8221; _builder_version=&#8221;3.0.85&#8243; tab_font=&#8221;Muli||||||||&#8221; body_font=&#8221;||||||||&#8221; custom_padding=&#8221;6px|0px|0px|0px&#8221; custom_padding_tablet=&#8221;6px|0px|0px|0px&#8221; custom_padding_phone=&#8221;6px|0px|0px|0px&#8221; custom_css_main_element=&#8221;margin-top: -8px; padding; 0px;&#8221; use_background_color_gradient=&#8221;off&#8221; background_color_gradient_start=&#8221;#2b87da&#8221; background_color_gradient_end=&#8221;#29c4a9&#8243; background_color_gradient_type=&#8221;linear&#8221; background_color_gradient_direction=&#8221;180deg&#8221; background_color_gradient_direction_radial=&#8221;center&#8221; background_color_gradient_start_position=&#8221;0%&#8221; background_color_gradient_end_position=&#8221;100%&#8221; parallax=&#8221;off&#8221; parallax_method=&#8221;on&#8221; background_size=&#8221;cover&#8221; background_position=&#8221;center&#8221; background_repeat=&#8221;no-repeat&#8221; background_blend=&#8221;normal&#8221; allow_player_pause=&#8221;off&#8221; tab_text_shadow_style=&#8221;none&#8221; tab_text_shadow_color=&#8221;rgba(0,0,0,0.4)&#8221; body_text_shadow_style=&#8221;none&#8221; body_text_shadow_color=&#8221;rgba(0,0,0,0.4)&#8221; \/][et_pb_tab _builder_version=&#8221;3.0.85&#8243; title=&#8221;Videos&#8221; use_background_color_gradient=&#8221;off&#8221; background_color_gradient_start=&#8221;#2b87da&#8221; background_color_gradient_end=&#8221;#29c4a9&#8243; background_color_gradient_type=&#8221;linear&#8221; background_color_gradient_direction=&#8221;180deg&#8221; background_color_gradient_direction_radial=&#8221;center&#8221; background_color_gradient_start_position=&#8221;0%&#8221; background_color_gradient_end_position=&#8221;100%&#8221; parallax=&#8221;off&#8221; parallax_method=&#8221;on&#8221; background_size=&#8221;cover&#8221; background_position=&#8221;center&#8221; background_repeat=&#8221;no-repeat&#8221; background_blend=&#8221;normal&#8221; allow_player_pause=&#8221;off&#8221; tab_font=&#8221;||||||||&#8221; tab_text_shadow_style=&#8221;none&#8221; tab_text_shadow_color=&#8221;rgba(0,0,0,0.4)&#8221; body_font=&#8221;||||||||&#8221; body_text_shadow_style=&#8221;none&#8221; body_text_shadow_color=&#8221;rgba(0,0,0,0.4)&#8221; \/] [\/et_pb_tabs][\/et_pb_column][\/et_pb_row][\/et_pb_section][et_pb_section bb_built=&#8221;1&#8243;][et_pb_row][\/et_pb_row][\/et_pb_section]<\/p>\n","protected":false},"excerpt":{"rendered":"<p>ACTIVIDADES &nbsp; &nbsp; The European and Ibero-American Academy of Yuste Foundation promotes the participation and engagement of university students in the audio-visual and cinematographic world through the Youth Jury of the Iberian Film Festival, in collaboration with the Iberian Film Festival of Badajoz. Young students between the ages of 18 and 30 from the University [&hellip;]<\/p>\n","protected":false},"author":3,"featured_media":211883,"comment_status":"closed","ping_status":"closed","sticky":false,"template":"","format":"standard","meta":{"_et_pb_use_builder":"on","_et_pb_old_content":"<p>[et_pb_section bb_built=\"1\" _builder_version=\"3.0.85\"][et_pb_row _builder_version=\"3.0.47\" background_size=\"initial\" background_position=\"top_left\" background_repeat=\"repeat\"][et_pb_column type=\"1_4\"][et_pb_text admin_label=\"TITULO SECCI\u00d3N\" _builder_version=\"3.0.85\" text_font=\"Muli||||||||\" text_orientation=\"right\" module_alignment=\"right\" custom_padding=\"|20px||\"]<\/p><h1>ACTIVIDADES<\/h1><p>[\/et_pb_text][\/et_pb_column][et_pb_column type=\"3_4\"][et_pb_post_title admin_label=\"T\u00cdTULO DE LA ACTIVIDAD (Autom\u00e1tico)\" meta=\"off\" featured_image=\"off\" _builder_version=\"3.0.85\" title_level=\"h2\" title_font=\"Muli|700||on|||||\" title_font_size=\"20px\" custom_padding=\"6px|||\"]<\/p><p>\u00a0<\/p><p>[\/et_pb_post_title][\/et_pb_column][\/et_pb_row][et_pb_row _builder_version=\"3.0.47\" background_size=\"initial\" background_position=\"top_left\" background_repeat=\"repeat\"][et_pb_column type=\"1_4\"][et_pb_sidebar admin_label=\"MEN\u00da LATERAL\" area=\"et_pb_widget_area_6\" _builder_version=\"3.0.85\" orientation=\"left\" show_border=\"on\" background_layout=\"light\"]<\/p><p>\u00a0<\/p><p>[\/et_pb_sidebar][\/et_pb_column][et_pb_column type=\"3_4\"][et_pb_text admin_label=\"CONTENIDO DE LA ACTIVIDAD\" _builder_version=\"3.0.85\" text_font=\"Muli||||||||\" text_text_color=\"#262626\" header_font=\"Muli||||||||\" header_font_size=\"22px\" header_2_font=\"Muli||||||||\" header_3_font=\"Muli||||||||\" header_4_font=\"Muli||||||||\" header_5_font=\"Muli||||||||\" header_6_font=\"Muli||||||||\" background_layout=\"light\"]<\/p><p><img class=\"wp-image-211883 size-medium alignleft\" src=\"https:\/\/www.fundacionyuste.org\/wp-content\/uploads\/2018\/06\/JuradojovenJ25-300x234.jpg\" alt=\"\" width=\"300\" height=\"234\" \/><\/p><p align=\"justify\">Pueden participar en la selecci\u00f3n para ser miembro de este jurado estudiantes j\u00f3venes, de edades comprendidas entre los 18 y los 30 a\u00f1os, de la Universidad de Extremadura, independientemente de los estudios que cursen. El plazo para formar parte de este jurado, que volver\u00e1 a tener voz y voto y ser\u00e1 el encargado de fallar el Premio \u2018Luis Alcoriza\u2019 del Jurado Joven, finaliza el pr\u00f3ximo 25 de junio.<\/p><p align=\"justify\">Los miembros del Jurado Joven ser\u00e1n debidamente acreditados y tendr\u00e1n el derecho y la obligaci\u00f3n de asistir a todas las sesiones oficiales de cortometrajes a concurso que tendr\u00e1n lugar en el Teatro L\u00f3pez de Ayala, entre el 18 y el 21 de julio.<\/p><p align=\"justify\">Los interesados en inscribirse deben rellenar un formulario en la web\u00a0<a title=\"Abre en nueva ventana\" href=\"http:\/\/festivaldecine.com\/2018\/inscripcion-jurado-joven\/\" target=\"_blank\" rel=\"noopener\">http:\/\/festivaldecine.com\/2018\/inscripcion-jurado-joven\/<\/a>. Entre todos los inscritos, la organizaci\u00f3n del Festival Ib\u00e9rico de Cine realizar\u00e1 una prueba de an\u00e1lisis cinematogr\u00e1fico de un cortometraje para garantizar la competencia e idoneidad del jurado que resulte elegido.<\/p><p align=\"justify\">El Premio \u2018Luis Alcoriza\u2019 del Jurado Joven toma el relevo del Premio CEXECI del Jurado Joven, tras la fusi\u00f3n del Centro Extreme\u00f1o de Estudios y Cooperaci\u00f3n con Iberoam\u00e9rica, CEXECI, con la Fundaci\u00f3n Academia Europea de Yuste.<\/p><p align=\"justify\">Con este galard\u00f3n se rinde homenaje a Luis Alcoriza, director, guionista y actor de cine nacido en Badajoz y exiliado en M\u00e9xico tras la guerra civil. Luis Alcoriza fue uno de las mayores figuras del cine mexicano. Dentro de su carrera destacan las colaboraciones con Luis Bu\u00f1uel en ocho guiones, escribiendo en algunas de sus mejores cintas, entre las que est\u00e1n \u2018Los olvidados\u2019 y \u2018El \u00e1ngel exterminador\u2019<\/p><p>[\/et_pb_text][et_pb_tabs admin_label=\"CONTENIDO EN PESTA\u00d1AS \" active_tab_background_color=\"#368e00\" inactive_tab_background_color=\"#e09900\" _builder_version=\"3.0.85\" tab_font=\"Muli|600||on|||||\" custom_margin=\"||40px|\"] [et_pb_tab title=\"Documentos\" _builder_version=\"3.0.85\" tab_font=\"||||||||\" body_font=\"Muli||||||||\" use_background_color_gradient=\"off\" background_color_gradient_start=\"#2b87da\" background_color_gradient_end=\"#29c4a9\" background_color_gradient_type=\"linear\" background_color_gradient_direction=\"180deg\" background_color_gradient_direction_radial=\"center\" background_color_gradient_start_position=\"0%\" background_color_gradient_end_position=\"100%\" parallax=\"off\" parallax_method=\"on\" background_size=\"cover\" background_position=\"center\" background_repeat=\"no-repeat\" background_blend=\"normal\" allow_player_pause=\"off\" tab_text_shadow_style=\"none\" tab_text_shadow_color=\"rgba(0,0,0,0.4)\" body_text_shadow_style=\"none\" body_text_shadow_color=\"rgba(0,0,0,0.4)\"]<\/p><p><img class=\"wp-image-206700 alignnone\" src=\"https:\/\/www.fundacionyuste.org\/wp-content\/uploads\/2018\/02\/012-file.png\" alt=\"\" width=\"20\" height=\"20\" \/><a href=\"https:\/\/www.fundacionyuste.org\/wp-content\/uploads\/2018\/06\/JuradojovenJ25Web.png\"><strong>\u00a0CARTEL<\/strong><\/a><\/p><p>\u00a0<\/p><p>\u00a0<\/p><p>[\/et_pb_tab][et_pb_tab title=\"Noticias\" _builder_version=\"3.0.85\" tab_font=\"||||||||\" body_font=\"||||||||\" use_background_color_gradient=\"off\" background_color_gradient_start=\"#2b87da\" background_color_gradient_end=\"#29c4a9\" background_color_gradient_type=\"linear\" background_color_gradient_direction=\"180deg\" background_color_gradient_direction_radial=\"center\" background_color_gradient_start_position=\"0%\" background_color_gradient_end_position=\"100%\" parallax=\"off\" parallax_method=\"on\" background_size=\"cover\" background_position=\"center\" background_repeat=\"no-repeat\" background_blend=\"normal\" allow_player_pause=\"off\" tab_text_shadow_style=\"none\" tab_text_shadow_color=\"rgba(0,0,0,0.4)\" body_text_shadow_style=\"none\" body_text_shadow_color=\"rgba(0,0,0,0.4)\"]<\/p><p>https:\/\/www.fundacionyuste.org\/fundacion-yuste-y-el-festival-iberico-de-cine-mantienen-abierto-el-plazo-para-formar-parte-del-jurado-joven-hasta-el-25-de-junio\/<\/p><p>[\/et_pb_tab][et_pb_tab title=\"Fotograf\u00edas\" _builder_version=\"3.0.85\" tab_font=\"Muli||||||||\" body_font=\"||||||||\" custom_padding=\"6px|0px|0px|0px\" custom_padding_tablet=\"6px|0px|0px|0px\" custom_padding_phone=\"6px|0px|0px|0px\" custom_css_main_element=\"margin-top: -8px; padding; 0px;\" use_background_color_gradient=\"off\" background_color_gradient_start=\"#2b87da\" background_color_gradient_end=\"#29c4a9\" background_color_gradient_type=\"linear\" background_color_gradient_direction=\"180deg\" background_color_gradient_direction_radial=\"center\" background_color_gradient_start_position=\"0%\" background_color_gradient_end_position=\"100%\" parallax=\"off\" parallax_method=\"on\" background_size=\"cover\" background_position=\"center\" background_repeat=\"no-repeat\" background_blend=\"normal\" allow_player_pause=\"off\" tab_text_shadow_style=\"none\" tab_text_shadow_color=\"rgba(0,0,0,0.4)\" body_text_shadow_style=\"none\" body_text_shadow_color=\"rgba(0,0,0,0.4)\" \/][et_pb_tab _builder_version=\"3.0.85\" title=\"V\u00eddeos\" use_background_color_gradient=\"off\" background_color_gradient_start=\"#2b87da\" background_color_gradient_end=\"#29c4a9\" background_color_gradient_type=\"linear\" background_color_gradient_direction=\"180deg\" background_color_gradient_direction_radial=\"center\" background_color_gradient_start_position=\"0%\" background_color_gradient_end_position=\"100%\" parallax=\"off\" parallax_method=\"on\" background_size=\"cover\" background_position=\"center\" background_repeat=\"no-repeat\" background_blend=\"normal\" allow_player_pause=\"off\" tab_font=\"||||||||\" tab_text_shadow_style=\"none\" tab_text_shadow_color=\"rgba(0,0,0,0.4)\" body_font=\"||||||||\" body_text_shadow_style=\"none\" body_text_shadow_color=\"rgba(0,0,0,0.4)\"]<\/p><p>\u00a0<\/p><p>\u00a0<\/p><p>[\/et_pb_tab] [\/et_pb_tabs][\/et_pb_column][\/et_pb_row][\/et_pb_section][et_pb_section bb_built=\"1\"][et_pb_row][\/et_pb_row][\/et_pb_section]<\/p>","_et_gb_content_width":"","_links_to":"","_links_to_target":""},"categories":[179,182],"tags":[203],"_links":{"self":[{"href":"https:\/\/www.fundacionyuste.org\/en\/wp-json\/wp\/v2\/posts\/211930"}],"collection":[{"href":"https:\/\/www.fundacionyuste.org\/en\/wp-json\/wp\/v2\/posts"}],"about":[{"href":"https:\/\/www.fundacionyuste.org\/en\/wp-json\/wp\/v2\/types\/post"}],"author":[{"embeddable":true,"href":"https:\/\/www.fundacionyuste.org\/en\/wp-json\/wp\/v2\/users\/3"}],"replies":[{"embeddable":true,"href":"https:\/\/www.fundacionyuste.org\/en\/wp-json\/wp\/v2\/comments?post=211930"}],"version-history":[{"count":0,"href":"https:\/\/www.fundacionyuste.org\/en\/wp-json\/wp\/v2\/posts\/211930\/revisions"}],"wp:featuredmedia":[{"embeddable":true,"href":"https:\/\/www.fundacionyuste.org\/en\/wp-json\/wp\/v2\/media\/211883"}],"wp:attachment":[{"href":"https:\/\/www.fundacionyuste.org\/en\/wp-json\/wp\/v2\/media?parent=211930"}],"wp:term":[{"taxonomy":"category","embeddable":true,"href":"https:\/\/www.fundacionyuste.org\/en\/wp-json\/wp\/v2\/categories?post=211930"},{"taxonomy":"post_tag","embeddable":true,"href":"https:\/\/www.fundacionyuste.org\/en\/wp-json\/wp\/v2\/tags?post=211930"}],"curies":[{"name":"wp","href":"https:\/\/api.w.org\/{rel}","templated":true}]}}