{"id":211937,"date":"2018-06-13T07:53:23","date_gmt":"2018-06-13T07:53:23","guid":{"rendered":"https:\/\/www.fundacionyuste.org\/?p=211937"},"modified":"2018-06-13T07:53:23","modified_gmt":"2018-06-13T07:53:23","slug":"cinematographic-creation-workshop-on-the-peace-process-in-colombia","status":"publish","type":"post","link":"https:\/\/www.fundacionyuste.org\/en\/cinematographic-creation-workshop-on-the-peace-process-in-colombia\/","title":{"rendered":"Cinematographic Creation Workshop on the Peace Process in Colombia"},"content":{"rendered":"<p>[et_pb_section bb_built=&#8221;1&#8243; _builder_version=&#8221;3.0.85&#8243;][et_pb_row _builder_version=&#8221;3.0.47&#8243; background_size=&#8221;initial&#8221; background_position=&#8221;top_left&#8221; background_repeat=&#8221;repeat&#8221;][et_pb_column type=&#8221;1_4&#8243;][et_pb_text admin_label=&#8221;TITULO SECCI\u00d3N&#8221; _builder_version=&#8221;3.0.85&#8243; text_font=&#8221;Muli||||||||&#8221; text_orientation=&#8221;right&#8221; module_alignment=&#8221;right&#8221; custom_padding=&#8221;|20px||&#8221;]<\/p>\n<h1>ACTIVIDADES<\/h1>\n<p>[\/et_pb_text][\/et_pb_column][et_pb_column type=&#8221;3_4&#8243;][et_pb_post_title admin_label=&#8221;T\u00cdTULO DE LA ACTIVIDAD (Autom\u00e1tico)&#8221; meta=&#8221;off&#8221; featured_image=&#8221;off&#8221; _builder_version=&#8221;3.0.85&#8243; title_level=&#8221;h2&#8243; title_font=&#8221;Muli|700||on|||||&#8221; title_font_size=&#8221;20px&#8221; custom_padding=&#8221;6px|||&#8221;]<br \/>\n[\/et_pb_post_title][\/et_pb_column][\/et_pb_row][et_pb_row _builder_version=&#8221;3.0.47&#8243; background_size=&#8221;initial&#8221; background_position=&#8221;top_left&#8221; background_repeat=&#8221;repeat&#8221;][et_pb_column type=&#8221;1_4&#8243;][et_pb_sidebar admin_label=&#8221;MEN\u00da LATERAL&#8221; area=&#8221;et_pb_widget_area_6&#8243; _builder_version=&#8221;3.0.85&#8243; orientation=&#8221;left&#8221; show_border=&#8221;on&#8221; background_layout=&#8221;light&#8221;]<br \/>\n[\/et_pb_sidebar][\/et_pb_column][et_pb_column type=&#8221;3_4&#8243;][et_pb_text admin_label=&#8221;CONTENIDO DE LA ACTIVIDAD&#8221; _builder_version=&#8221;3.0.85&#8243; text_font=&#8221;Muli||||||||&#8221; text_text_color=&#8221;#262626&#8243; header_font=&#8221;Muli||||||||&#8221; header_font_size=&#8221;22px&#8221; header_2_font=&#8221;Muli||||||||&#8221; header_3_font=&#8221;Muli||||||||&#8221; header_4_font=&#8221;Muli||||||||&#8221; header_5_font=&#8221;Muli||||||||&#8221; header_6_font=&#8221;Muli||||||||&#8221; background_layout=&#8221;light&#8221;]<\/p>\n<p><strong>Badajoz, del 16 al 20 de julio de 2018<\/strong><\/p>\n<p><img decoding=\"async\" loading=\"lazy\" class=\"size-medium wp-image-211889 alignleft\" src=\"https:\/\/www.fundacionyuste.org\/wp-content\/uploads\/2018\/06\/20180611_Cartel_Taller_Cine_Joven_-212x300.jpg\" alt=\"\" width=\"212\" height=\"300\" srcset=\"https:\/\/www.fundacionyuste.org\/wp-content\/uploads\/2018\/06\/20180611_Cartel_Taller_Cine_Joven_-212x300.jpg 212w, https:\/\/www.fundacionyuste.org\/wp-content\/uploads\/2018\/06\/20180611_Cartel_Taller_Cine_Joven_-768x1087.jpg 768w, https:\/\/www.fundacionyuste.org\/wp-content\/uploads\/2018\/06\/20180611_Cartel_Taller_Cine_Joven_-724x1024.jpg 724w, https:\/\/www.fundacionyuste.org\/wp-content\/uploads\/2018\/06\/20180611_Cartel_Taller_Cine_Joven_.jpg 827w\" sizes=\"(max-width: 212px) 100vw, 212px\" \/><\/p>\n<p>Continuing with the intention to bring the cinematographic sphere close to young people and carry out an interesting educational activity related to the cinema, the European and Ibero-American Academy of Yuste Foundation organises a Cinematographic Creation Workshop for the Youth, in collaboration with the Iberian Film Festival of Badajoz.<\/p>\n<p>The workshop is addressed to young people of ages ranging from 14 to 17 and will be carried out form the 16<sup>th<\/sup> to the 20<sup>th<\/sup> of July, coinciding with the celebration of the 24<sup>th<\/sup> Iberian Film Festival.<\/p>\n<p>Having a duration of 25 hours, this workshop employs an eminently practical methodology. The students will carry out an audio-visual presentation and in doing so will learn about the aspects related to language, audio-visual narration, the handling of cameras, sound pickup and outdoor or set recording. The students in this workshop may, furthermore, complete their training having free assistance to the rest of the Iberian Film Festival activities.<\/p>\n<p>This year the subject will be the peace process in Colombia and it is in this manner that the cinema becomes an educational tool, using the power of the image to enable young people to assimilate contents and learn to tell stories.<\/p>\n<p>The deadline for registering is open until 10 July and those interested may complete their application vial mail at: <a href=\"mailto:info@festivaldecine.com\">info@festivaldecine.com<\/a><\/p>\n<p align=\"justify\"><a href=\"http:\/\/festivaldecine.com\/2018\/taller-cine-jovenes\/\">For further information.\u00a0<\/a><\/p>\n<p>&nbsp;<\/p>\n<p>[\/et_pb_text][et_pb_tabs admin_label=&#8221;CONTENIDO EN PESTA\u00d1AS &#8221; active_tab_background_color=&#8221;#368e00&#8243; inactive_tab_background_color=&#8221;#e09900&#8243; _builder_version=&#8221;3.0.85&#8243; tab_font=&#8221;Muli|600||on|||||&#8221; custom_margin=&#8221;||40px|&#8221;]<\/p>\n<p>[et_pb_tab title=&#8221;Documentos&#8221; _builder_version=&#8221;3.0.85&#8243; tab_font=&#8221;||||||||&#8221; body_font=&#8221;Muli||||||||&#8221; use_background_color_gradient=&#8221;off&#8221; background_color_gradient_start=&#8221;#2b87da&#8221; background_color_gradient_end=&#8221;#29c4a9&#8243; background_color_gradient_type=&#8221;linear&#8221; background_color_gradient_direction=&#8221;180deg&#8221; background_color_gradient_direction_radial=&#8221;center&#8221; background_color_gradient_start_position=&#8221;0%&#8221; background_color_gradient_end_position=&#8221;100%&#8221; parallax=&#8221;off&#8221; parallax_method=&#8221;on&#8221; background_size=&#8221;cover&#8221; background_position=&#8221;center&#8221; background_repeat=&#8221;no-repeat&#8221; background_blend=&#8221;normal&#8221; allow_player_pause=&#8221;off&#8221; tab_text_shadow_style=&#8221;none&#8221; tab_text_shadow_color=&#8221;rgba(0,0,0,0.4)&#8221; body_text_shadow_style=&#8221;none&#8221; body_text_shadow_color=&#8221;rgba(0,0,0,0.4)&#8221;]<\/p>\n<p><img decoding=\"async\" loading=\"lazy\" class=\"wp-image-206700 alignnone\" src=\"https:\/\/www.fundacionyuste.org\/wp-content\/uploads\/2018\/02\/012-file.png\" alt=\"\" width=\"20\" height=\"20\" \/><a  href=\"https:\/\/www.fundacionyuste.org\/wp-content\/uploads\/2018\/06\/20180611_Cartel_Taller_Cine_Joven_.jpg\" data-rel=\"lightbox-gallery-0\" data-rl_title=\"\" data-rl_caption=\"\" title=\"\"><strong>CARTEL<\/strong><\/a><\/p>\n<p>[\/et_pb_tab][et_pb_tab title=&#8221;Noticias&#8221; _builder_version=&#8221;3.0.85&#8243; tab_font=&#8221;||||||||&#8221; body_font=&#8221;||||||||&#8221; use_background_color_gradient=&#8221;off&#8221; background_color_gradient_start=&#8221;#2b87da&#8221; background_color_gradient_end=&#8221;#29c4a9&#8243; background_color_gradient_type=&#8221;linear&#8221; background_color_gradient_direction=&#8221;180deg&#8221; background_color_gradient_direction_radial=&#8221;center&#8221; background_color_gradient_start_position=&#8221;0%&#8221; background_color_gradient_end_position=&#8221;100%&#8221; parallax=&#8221;off&#8221; parallax_method=&#8221;on&#8221; background_size=&#8221;cover&#8221; background_position=&#8221;center&#8221; background_repeat=&#8221;no-repeat&#8221; background_blend=&#8221;normal&#8221; allow_player_pause=&#8221;off&#8221; tab_text_shadow_style=&#8221;none&#8221; tab_text_shadow_color=&#8221;rgba(0,0,0,0.4)&#8221; body_text_shadow_style=&#8221;none&#8221; body_text_shadow_color=&#8221;rgba(0,0,0,0.4)&#8221;]<\/p>\n<blockquote class=\"wp-embedded-content\" data-secret=\"h7W4usXXrL\"><p><a href=\"https:\/\/www.fundacionyuste.org\/en\/yuste-foundation-and-the-iberian-film-festival-keep-the-deadline-open-to-join-the-youth-jury-until-25-june\/\">Fundaci\u00f3n Yuste y el Festival Ib\u00e9rico de Cine mantienen abierto el plazo para formar parte del Jurado Joven hasta el 25 de junio<\/a><\/p><\/blockquote>\n<p><iframe class=\"wp-embedded-content\" sandbox=\"allow-scripts\" security=\"restricted\" style=\"position: absolute; clip: rect(1px, 1px, 1px, 1px);\" title=\"&#8220;Fundaci\u00f3n Yuste y el Festival Ib\u00e9rico de Cine mantienen abierto el plazo para formar parte del Jurado Joven hasta el 25 de junio&#8221; &#8212; FUNDACI\u00d3N YUSTE\" src=\"https:\/\/www.fundacionyuste.org\/en\/yuste-foundation-and-the-iberian-film-festival-keep-the-deadline-open-to-join-the-youth-jury-until-25-june\/embed\/#?secret=h7W4usXXrL\" data-secret=\"h7W4usXXrL\" width=\"600\" height=\"338\" frameborder=\"0\" marginwidth=\"0\" marginheight=\"0\" scrolling=\"no\"><\/iframe><\/p>\n<p>[\/et_pb_tab][et_pb_tab title=&#8221;Fotograf\u00edas&#8221; _builder_version=&#8221;3.0.85&#8243; tab_font=&#8221;Muli||||||||&#8221; body_font=&#8221;||||||||&#8221; custom_padding=&#8221;6px|0px|0px|0px&#8221; custom_padding_tablet=&#8221;6px|0px|0px|0px&#8221; custom_padding_phone=&#8221;6px|0px|0px|0px&#8221; custom_css_main_element=&#8221;margin-top: -8px; padding; 0px;&#8221; use_background_color_gradient=&#8221;off&#8221; background_color_gradient_start=&#8221;#2b87da&#8221; background_color_gradient_end=&#8221;#29c4a9&#8243; background_color_gradient_type=&#8221;linear&#8221; background_color_gradient_direction=&#8221;180deg&#8221; background_color_gradient_direction_radial=&#8221;center&#8221; background_color_gradient_start_position=&#8221;0%&#8221; background_color_gradient_end_position=&#8221;100%&#8221; parallax=&#8221;off&#8221; parallax_method=&#8221;on&#8221; background_size=&#8221;cover&#8221; background_position=&#8221;center&#8221; background_repeat=&#8221;no-repeat&#8221; background_blend=&#8221;normal&#8221; allow_player_pause=&#8221;off&#8221; tab_text_shadow_style=&#8221;none&#8221; tab_text_shadow_color=&#8221;rgba(0,0,0,0.4)&#8221; body_text_shadow_style=&#8221;none&#8221; body_text_shadow_color=&#8221;rgba(0,0,0,0.4)&#8221; \/][et_pb_tab _builder_version=&#8221;3.0.85&#8243; title=&#8221;V\u00eddeos&#8221; use_background_color_gradient=&#8221;off&#8221; background_color_gradient_start=&#8221;#2b87da&#8221; background_color_gradient_end=&#8221;#29c4a9&#8243; background_color_gradient_type=&#8221;linear&#8221; background_color_gradient_direction=&#8221;180deg&#8221; background_color_gradient_direction_radial=&#8221;center&#8221; background_color_gradient_start_position=&#8221;0%&#8221; background_color_gradient_end_position=&#8221;100%&#8221; parallax=&#8221;off&#8221; parallax_method=&#8221;on&#8221; background_size=&#8221;cover&#8221; background_position=&#8221;center&#8221; background_repeat=&#8221;no-repeat&#8221; background_blend=&#8221;normal&#8221; allow_player_pause=&#8221;off&#8221; tab_font=&#8221;||||||||&#8221; tab_text_shadow_style=&#8221;none&#8221; tab_text_shadow_color=&#8221;rgba(0,0,0,0.4)&#8221; body_font=&#8221;||||||||&#8221; body_text_shadow_style=&#8221;none&#8221; body_text_shadow_color=&#8221;rgba(0,0,0,0.4)&#8221;]<\/p>\n<p>[\/et_pb_tab]<\/p>\n<p>[\/et_pb_tabs][\/et_pb_column][\/et_pb_row][\/et_pb_section][et_pb_section bb_built=&#8221;1&#8243;][et_pb_row][\/et_pb_row][\/et_pb_section]<\/p>\n","protected":false},"excerpt":{"rendered":"<p>ACTIVIDADES Badajoz, del 16 al 20 de julio de 2018 Continuing with the intention to bring the cinematographic sphere close to young people and carry out an interesting educational activity related to the cinema, the European and Ibero-American Academy of Yuste Foundation organises a Cinematographic Creation Workshop for the Youth, in collaboration with the Iberian [&hellip;]<\/p>\n","protected":false},"author":3,"featured_media":211892,"comment_status":"closed","ping_status":"closed","sticky":false,"template":"","format":"standard","meta":{"_et_pb_use_builder":"on","_et_pb_old_content":"<p>[et_pb_section bb_built=\"1\" _builder_version=\"3.0.85\"][et_pb_row _builder_version=\"3.0.47\" background_size=\"initial\" background_position=\"top_left\" background_repeat=\"repeat\"][et_pb_column type=\"1_4\"][et_pb_text admin_label=\"TITULO SECCI\u00d3N\" _builder_version=\"3.0.85\" text_font=\"Muli||||||||\" text_orientation=\"right\" module_alignment=\"right\" custom_padding=\"|20px||\"]<\/p><h1>ACTIVIDADES<\/h1><p>[\/et_pb_text][\/et_pb_column][et_pb_column type=\"3_4\"][et_pb_post_title admin_label=\"T\u00cdTULO DE LA ACTIVIDAD (Autom\u00e1tico)\" meta=\"off\" featured_image=\"off\" _builder_version=\"3.0.85\" title_level=\"h2\" title_font=\"Muli|700||on|||||\" title_font_size=\"20px\" custom_padding=\"6px|||\"]<\/p><p>\u00a0<\/p><p>[\/et_pb_post_title][\/et_pb_column][\/et_pb_row][et_pb_row _builder_version=\"3.0.47\" background_size=\"initial\" background_position=\"top_left\" background_repeat=\"repeat\"][et_pb_column type=\"1_4\"][et_pb_sidebar admin_label=\"MEN\u00da LATERAL\" area=\"et_pb_widget_area_6\" _builder_version=\"3.0.85\" orientation=\"left\" show_border=\"on\" background_layout=\"light\"]<\/p><p>\u00a0<\/p><p>[\/et_pb_sidebar][\/et_pb_column][et_pb_column type=\"3_4\"][et_pb_text admin_label=\"CONTENIDO DE LA ACTIVIDAD\" _builder_version=\"3.0.85\" text_font=\"Muli||||||||\" text_text_color=\"#262626\" header_font=\"Muli||||||||\" header_font_size=\"22px\" header_2_font=\"Muli||||||||\" header_3_font=\"Muli||||||||\" header_4_font=\"Muli||||||||\" header_5_font=\"Muli||||||||\" header_6_font=\"Muli||||||||\" background_layout=\"light\"]<\/p><p><strong>Badajoz, del 16 al 20 de julio de 2018<\/strong><\/p><p><img class=\"size-medium wp-image-211889 alignleft\" src=\"https:\/\/www.fundacionyuste.org\/wp-content\/uploads\/2018\/06\/20180611_Cartel_Taller_Cine_Joven_-212x300.jpg\" alt=\"\" width=\"212\" height=\"300\" \/><\/p><p align=\"justify\">Continuando con la l\u00ednea de acercar el \u00e1mbito cinematogr\u00e1fico a los m\u00e1s j\u00f3venes y realizar una interesante actividad formativa ligada al cine, la Fundaci\u00f3n Academia Europea e Iberoamericana de Yuste tambi\u00e9n en colaboraci\u00f3n con el Festival Ib\u00e9rico de Cine de Badajoz organizan un Taller de Creaci\u00f3n Cinematogr\u00e1fica para J\u00f3venes.<\/p><p align=\"justify\">El taller, dirigido a j\u00f3venes de edades comprendidas entre los 14 y los 17 a\u00f1os, se realizar\u00e1 entre el 16 y el 20 de julio, coincidiendo con la celebraci\u00f3n del 24\u00ba Festival Ib\u00e9rico de Cine. Con una duraci\u00f3n de 25 horas, este taller tiene una metodolog\u00eda eminentemente pr\u00e1ctica. Los alumnos realizar\u00e1n una pieza audiovisual durante la cual aprender\u00e1n aspectos relacionados con el lenguaje y narrativa audiovisual, manejo de c\u00e1maras, captaci\u00f3n de sonido, grabaci\u00f3n en exteriores y en un plat\u00f3. Adem\u00e1s, los alumnos de este taller podr\u00e1n completar su formaci\u00f3n con la asistencia gratuita a todas las actividades del Festival Ib\u00e9rico de Cine.<\/p><p align=\"justify\">Este a\u00f1o se trabajar\u00e1 en torno al proceso de paz en Colombia, de esta forma, el cine se convierte en una herramienta did\u00e1ctica, utilizando el poder de la imagen para que los j\u00f3venes asimilen contenidos y aprendan a contar historias.<\/p><p align=\"justify\">El plazo de inscripci\u00f3n est\u00e1 abierto hasta el 10 de julio. Los interesados pueden formalizar su solicitud v\u00eda e-mail a\u00a0<a title=\"Abre en nueva ventana\" href=\"mailto:info@festivaldecine.com\" target=\"_blank\" rel=\"noopener\">info@festivaldecine.com<\/a>.<\/p><p align=\"justify\"><a href=\"http:\/\/festivaldecine.com\/2018\/taller-cine-jovenes\/\">M\u00e1s informaci\u00f3n.<\/a><\/p><p>[\/et_pb_text][et_pb_tabs admin_label=\"CONTENIDO EN PESTA\u00d1AS \" active_tab_background_color=\"#368e00\" inactive_tab_background_color=\"#e09900\" _builder_version=\"3.0.85\" tab_font=\"Muli|600||on|||||\" custom_margin=\"||40px|\"]<\/p><p>[et_pb_tab title=\"Documentos\" _builder_version=\"3.0.85\" tab_font=\"||||||||\" body_font=\"Muli||||||||\" use_background_color_gradient=\"off\" background_color_gradient_start=\"#2b87da\" background_color_gradient_end=\"#29c4a9\" background_color_gradient_type=\"linear\" background_color_gradient_direction=\"180deg\" background_color_gradient_direction_radial=\"center\" background_color_gradient_start_position=\"0%\" background_color_gradient_end_position=\"100%\" parallax=\"off\" parallax_method=\"on\" background_size=\"cover\" background_position=\"center\" background_repeat=\"no-repeat\" background_blend=\"normal\" allow_player_pause=\"off\" tab_text_shadow_style=\"none\" tab_text_shadow_color=\"rgba(0,0,0,0.4)\" body_text_shadow_style=\"none\" body_text_shadow_color=\"rgba(0,0,0,0.4)\"]<\/p><p><img class=\"wp-image-206700 alignnone\" src=\"https:\/\/www.fundacionyuste.org\/wp-content\/uploads\/2018\/02\/012-file.png\" alt=\"\" width=\"20\" height=\"20\" \/><a href=\"https:\/\/www.fundacionyuste.org\/wp-content\/uploads\/2018\/06\/20180611_Cartel_Taller_Cine_Joven_.jpg\"><strong>CARTEL<\/strong><\/a><\/p><p>\u00a0<\/p><p>\u00a0<\/p><p>[\/et_pb_tab][et_pb_tab title=\"Noticias\" _builder_version=\"3.0.85\" tab_font=\"||||||||\" body_font=\"||||||||\" use_background_color_gradient=\"off\" background_color_gradient_start=\"#2b87da\" background_color_gradient_end=\"#29c4a9\" background_color_gradient_type=\"linear\" background_color_gradient_direction=\"180deg\" background_color_gradient_direction_radial=\"center\" background_color_gradient_start_position=\"0%\" background_color_gradient_end_position=\"100%\" parallax=\"off\" parallax_method=\"on\" background_size=\"cover\" background_position=\"center\" background_repeat=\"no-repeat\" background_blend=\"normal\" allow_player_pause=\"off\" tab_text_shadow_style=\"none\" tab_text_shadow_color=\"rgba(0,0,0,0.4)\" body_text_shadow_style=\"none\" body_text_shadow_color=\"rgba(0,0,0,0.4)\"]<\/p><p>https:\/\/www.fundacionyuste.org\/fundacion-yuste-y-el-festival-iberico-de-cine-mantienen-abierto-el-plazo-para-formar-parte-del-jurado-joven-hasta-el-25-de-junio\/<\/p><p>[\/et_pb_tab][et_pb_tab title=\"Fotograf\u00edas\" _builder_version=\"3.0.85\" tab_font=\"Muli||||||||\" body_font=\"||||||||\" custom_padding=\"6px|0px|0px|0px\" custom_padding_tablet=\"6px|0px|0px|0px\" custom_padding_phone=\"6px|0px|0px|0px\" custom_css_main_element=\"margin-top: -8px; padding; 0px;\" use_background_color_gradient=\"off\" background_color_gradient_start=\"#2b87da\" background_color_gradient_end=\"#29c4a9\" background_color_gradient_type=\"linear\" background_color_gradient_direction=\"180deg\" background_color_gradient_direction_radial=\"center\" background_color_gradient_start_position=\"0%\" background_color_gradient_end_position=\"100%\" parallax=\"off\" parallax_method=\"on\" background_size=\"cover\" background_position=\"center\" background_repeat=\"no-repeat\" background_blend=\"normal\" allow_player_pause=\"off\" tab_text_shadow_style=\"none\" tab_text_shadow_color=\"rgba(0,0,0,0.4)\" body_text_shadow_style=\"none\" body_text_shadow_color=\"rgba(0,0,0,0.4)\" \/][et_pb_tab _builder_version=\"3.0.85\" title=\"V\u00eddeos\" use_background_color_gradient=\"off\" background_color_gradient_start=\"#2b87da\" background_color_gradient_end=\"#29c4a9\" background_color_gradient_type=\"linear\" background_color_gradient_direction=\"180deg\" background_color_gradient_direction_radial=\"center\" background_color_gradient_start_position=\"0%\" background_color_gradient_end_position=\"100%\" parallax=\"off\" parallax_method=\"on\" background_size=\"cover\" background_position=\"center\" background_repeat=\"no-repeat\" background_blend=\"normal\" allow_player_pause=\"off\" tab_font=\"||||||||\" tab_text_shadow_style=\"none\" tab_text_shadow_color=\"rgba(0,0,0,0.4)\" body_font=\"||||||||\" body_text_shadow_style=\"none\" body_text_shadow_color=\"rgba(0,0,0,0.4)\"]<\/p><p>\u00a0<\/p><p>\u00a0<\/p><p>\u00a0<\/p><p>\u00a0<\/p><p>[\/et_pb_tab]<\/p><p>[\/et_pb_tabs][\/et_pb_column][\/et_pb_row][\/et_pb_section][et_pb_section bb_built=\"1\"][et_pb_row][\/et_pb_row][\/et_pb_section]<\/p>","_et_gb_content_width":"","_links_to":"","_links_to_target":""},"categories":[179,182],"tags":[203],"_links":{"self":[{"href":"https:\/\/www.fundacionyuste.org\/en\/wp-json\/wp\/v2\/posts\/211937"}],"collection":[{"href":"https:\/\/www.fundacionyuste.org\/en\/wp-json\/wp\/v2\/posts"}],"about":[{"href":"https:\/\/www.fundacionyuste.org\/en\/wp-json\/wp\/v2\/types\/post"}],"author":[{"embeddable":true,"href":"https:\/\/www.fundacionyuste.org\/en\/wp-json\/wp\/v2\/users\/3"}],"replies":[{"embeddable":true,"href":"https:\/\/www.fundacionyuste.org\/en\/wp-json\/wp\/v2\/comments?post=211937"}],"version-history":[{"count":0,"href":"https:\/\/www.fundacionyuste.org\/en\/wp-json\/wp\/v2\/posts\/211937\/revisions"}],"wp:featuredmedia":[{"embeddable":true,"href":"https:\/\/www.fundacionyuste.org\/en\/wp-json\/wp\/v2\/media\/211892"}],"wp:attachment":[{"href":"https:\/\/www.fundacionyuste.org\/en\/wp-json\/wp\/v2\/media?parent=211937"}],"wp:term":[{"taxonomy":"category","embeddable":true,"href":"https:\/\/www.fundacionyuste.org\/en\/wp-json\/wp\/v2\/categories?post=211937"},{"taxonomy":"post_tag","embeddable":true,"href":"https:\/\/www.fundacionyuste.org\/en\/wp-json\/wp\/v2\/tags?post=211937"}],"curies":[{"name":"wp","href":"https:\/\/api.w.org\/{rel}","templated":true}]}}