{"id":211970,"date":"2018-06-18T11:58:10","date_gmt":"2018-06-18T11:58:10","guid":{"rendered":"https:\/\/www.fundacionyuste.org\/?p=211970"},"modified":"2018-06-18T11:58:10","modified_gmt":"2018-06-18T11:58:10","slug":"the-training-academy-closes-defending-the-role-of-culture-as-a-potential-to-achieve-the-growth-of-tourism-in-europe","status":"publish","type":"post","link":"https:\/\/www.fundacionyuste.org\/en\/the-training-academy-closes-defending-the-role-of-culture-as-a-potential-to-achieve-the-growth-of-tourism-in-europe\/","title":{"rendered":"The Training Academy closes defending the role of culture as a potential to achieve the growth of tourism in Europe"},"content":{"rendered":"<p>[et_pb_section bb_built=&#8221;1&#8243; _builder_version=&#8221;3.0.47&#8243;][et_pb_row admin_label=&#8221;ENCABEZADOS&#8221; _builder_version=&#8221;3.0.85&#8243; background_size=&#8221;initial&#8221; background_position=&#8221;top_left&#8221; background_repeat=&#8221;repeat&#8221;][et_pb_column type=&#8221;1_4&#8243;][et_pb_text admin_label=&#8221;TITULO SECCI\u00d3N&#8221; _builder_version=&#8221;3.0.85&#8243; text_font=&#8221;Muli|600|||||||&#8221; text_font_size=&#8221;33px&#8221; text_text_color=&#8221;#7cda24&#8243; text_text_shadow_style=&#8221;preset3&#8243; text_text_shadow_color=&#8221;rgba(0,0,0,0.28)&#8221; header_font=&#8221;Muli||||||||&#8221; header_font_size=&#8221;31px&#8221; header_text_shadow_style=&#8221;preset3&#8243; text_orientation=&#8221;right&#8221; module_alignment=&#8221;right&#8221; custom_padding=&#8221;|20px||&#8221;]<\/p>\n<h1>COMUNICACI\u00d3N<\/h1>\n<p>[\/et_pb_text][\/et_pb_column][et_pb_column type=&#8221;3_4&#8243;][et_pb_post_title admin_label=&#8221;T\u00cdTULO DE LA NOTICIA (Autom\u00e1tico)&#8221; meta=&#8221;off&#8221; featured_image=&#8221;off&#8221; _builder_version=&#8221;3.0.85&#8243; title_level=&#8221;h2&#8243; title_font=&#8221;Muli|700||on|||||&#8221; title_font_size=&#8221;20px&#8221; custom_margin=&#8221;6px|||&#8221; \/][\/et_pb_column][\/et_pb_row][et_pb_row custom_padding=&#8221;3px|0px|0px|0px&#8221; _builder_version=&#8221;3.0.47&#8243; background_size=&#8221;initial&#8221; background_position=&#8221;top_left&#8221; background_repeat=&#8221;repeat&#8221;][et_pb_column type=&#8221;1_4&#8243;][et_pb_sidebar admin_label=&#8221;MENU LATERAL&#8221; area=&#8221;et_pb_widget_area_7&#8243; _builder_version=&#8221;3.0.85&#8243; \/][\/et_pb_column][et_pb_column type=&#8221;3_4&#8243;][et_pb_text admin_label=&#8221;CONTENIDO DE LA NOTICIA&#8221; _builder_version=&#8221;3.0.85&#8243; text_font=&#8221;Muli||||||||&#8221; text_text_color=&#8221;#262626&#8243; header_font=&#8221;Muli||||||||&#8221; header_font_size=&#8221;22px&#8221; header_2_font=&#8221;Muli||||||||&#8221; header_3_font=&#8221;Muli||||||||&#8221; header_4_font=&#8221;Muli||||||||&#8221; header_5_font=&#8221;Muli||||||||&#8221; header_6_font=&#8221;Muli||||||||&#8221; text_orientation=&#8221;justified&#8221; custom_margin=&#8221;8px|||&#8221; text_line_height=&#8221;1.4em&#8221; background_layout=&#8221;light&#8221;]<\/p>\n<p>&nbsp;<\/p>\n<div id=\"attachment_211962\" style=\"width: 310px\" class=\"wp-caption alignleft\"><img decoding=\"async\" loading=\"lazy\" aria-describedby=\"caption-attachment-211962\" class=\"wp-image-211962 size-medium\" src=\"https:\/\/www.fundacionyuste.org\/wp-content\/uploads\/2018\/06\/RGC_5425-300x200.jpg\" alt=\"\" width=\"300\" height=\"200\" srcset=\"https:\/\/www.fundacionyuste.org\/wp-content\/uploads\/2018\/06\/RGC_5425-300x200.jpg 300w, https:\/\/www.fundacionyuste.org\/wp-content\/uploads\/2018\/06\/RGC_5425-768x511.jpg 768w, https:\/\/www.fundacionyuste.org\/wp-content\/uploads\/2018\/06\/RGC_5425-1024x682.jpg 1024w, https:\/\/www.fundacionyuste.org\/wp-content\/uploads\/2018\/06\/RGC_5425-1080x719.jpg 1080w\" sizes=\"(max-width: 300px) 100vw, 300px\" \/><p id=\"caption-attachment-211962\" class=\"wp-caption-text\">\u00a9 Rodian Contador<\/p><\/div>\n<p>The 7<sup>th<\/sup> Training Academy of European Cultural Routes of the European Council closed today having gathered approximately 70 people from 16 countries that represent 20 certified routes -as European Cultural Routes- as well as 20 candidate routes and other organisations, such as the Organization of Ibero-American States (OIS) together during three days at the Royal Monastery of Yuste, making up a total of 16 European and Ibero-American countries.<\/p>\n<p>The President of the Regional Government of Extremadura, Guillermo Fern\u00e1ndez Vara, participated in the closure assuring that tourism growth potential in the region is closely linked to culture as far as heritage and cultural activity events are concerned.<\/p>\n<p>The head of the autonomous Executive pointed out Extremadura as a land that has made tourism an important part of its economy, stressing that tourist activity was initiated in the region \u201cby means of culture\u201d. Fern\u00e1ndez Vara highlighted that besides the cultural attractiveness of the region \u201cwe have powerful products, such as our nature, heritage and gastronomy which is accompanied by new ideas, such as ornithological tourism or tourism related to astronomy\u201d.<\/p>\n<p>The Director of the European and Ibero-American Academy of Yuste Foundation, Juan Carlos Moreno, assured that the words \u201croutes, culture and Europe\u201d have been keywords during these three days due to their meaning as far as European construction is concerned. On the one hand, the Director of the Foundation said that \u201cbeing acquainted with the culture of other countries and other forms of living is the best solution to the exclusionary nationalisms of other countries that are a menace to Europe\u201d. On the other hand, the Director of the Foundation claimed this asset to be \u201cpeople\u2019s fundamental right \u201c, rejecting the fact that at times of crisis this is one of the \u201cfirst unnecessary goods that are thrown out of the window\u201d. According to him, culture cannot be the first burden to be thrown out of the boat when it threatens to sink, because \u201cculture is not a luxury; it is a need\u201d.<\/p>\n<p>As for the role played by Europe, Moreno Pi\u00f1ero defended the balancing role it has in the international concert, \u201ccohesive in diversity, respectful in discrepancy, integrating with disability and firm in the preservation of its traditional and imperishable values: democracy, liberty, equality and solidarity\u201d.<\/p>\n<p>To conclude, the Director of the Foundation highlighted the need for the Cultural Routes to include Latin America and in this task, he said \u201cyou may count with the loyal collaboration of this Foundation which is European as well as Ibero-American\u201d.<\/p>\n<p>The Training Academy is the most important annual event organised by the Network of the European Routes of Emperor Charles V and the European Institute of Cultural Routes of the Council of Europe in collaboration with the Regional Government of Extremadura, the Province Council of C\u00e1ceres, the European and Ibero-American Academy of Yuste Foundation, the Assembly of Extremadura and National Heritage.<\/p>\n<p>[\/et_pb_text][et_pb_post_nav admin_label=&#8221;\u2190 NAVEGACION POR NOTICIAS \u2192&#8221; in_same_term=&#8221;on&#8221; prev_text=&#8221;VER NOTICIA ANTERIOR&#8221; next_text=&#8221;VER NOTICIA SIGUIENTE&#8221; _builder_version=&#8221;3.0.85&#8243; custom_margin=&#8221;||3%|&#8221; \/][\/et_pb_column][\/et_pb_row][\/et_pb_section]<\/p>\n","protected":false},"excerpt":{"rendered":"<p>The 7<sup>th<\/sup> Training Academy of European Cultural Routes of the European Council closed today having gathered approximately 70 people from 16 countries that represent 20 certified routes -as European Cultural Routes- as well as 20 candidate routes and other organisations, such as the Organization of Ibero-American States (OIS) together during three days at the Royal Monastery of Yuste, making up a total of 16 European and Ibero-American countries.<\/p>\n","protected":false},"author":3,"featured_media":211962,"comment_status":"closed","ping_status":"closed","sticky":false,"template":"","format":"standard","meta":{"_et_pb_use_builder":"on","_et_pb_old_content":"<p>[et_pb_section bb_built=\"1\" _builder_version=\"3.0.47\"][et_pb_row admin_label=\"ENCABEZADOS\" _builder_version=\"3.0.85\" background_size=\"initial\" background_position=\"top_left\" background_repeat=\"repeat\"][et_pb_column type=\"1_4\"][et_pb_text admin_label=\"TITULO SECCI\u00d3N\" _builder_version=\"3.0.85\" text_font=\"Muli|600|||||||\" text_font_size=\"33px\" text_text_color=\"#7cda24\" text_text_shadow_style=\"preset3\" text_text_shadow_color=\"rgba(0,0,0,0.28)\" header_font=\"Muli||||||||\" header_font_size=\"31px\" header_text_shadow_style=\"preset3\" text_orientation=\"right\" module_alignment=\"right\" custom_padding=\"|20px||\"]<\/p><h1>COMUNICACI\u00d3N<\/h1><p>[\/et_pb_text][\/et_pb_column][et_pb_column type=\"3_4\"][et_pb_post_title admin_label=\"T\u00cdTULO DE LA NOTICIA (Autom\u00e1tico)\" meta=\"off\" featured_image=\"off\" _builder_version=\"3.0.85\" title_level=\"h2\" title_font=\"Muli|700||on|||||\" title_font_size=\"20px\" custom_margin=\"6px|||\" \/][\/et_pb_column][\/et_pb_row][et_pb_row custom_padding=\"3px|0px|0px|0px\" _builder_version=\"3.0.47\" background_size=\"initial\" background_position=\"top_left\" background_repeat=\"repeat\"][et_pb_column type=\"1_4\"][et_pb_sidebar admin_label=\"MENU LATERAL\" area=\"et_pb_widget_area_7\" _builder_version=\"3.0.85\" \/][\/et_pb_column][et_pb_column type=\"3_4\"][et_pb_text admin_label=\"CONTENIDO DE LA NOTICIA\" _builder_version=\"3.0.85\" text_font=\"Muli||||||||\" text_text_color=\"#262626\" header_font=\"Muli||||||||\" header_font_size=\"22px\" header_2_font=\"Muli||||||||\" header_3_font=\"Muli||||||||\" header_4_font=\"Muli||||||||\" header_5_font=\"Muli||||||||\" header_6_font=\"Muli||||||||\" text_orientation=\"justified\" custom_margin=\"8px|||\" text_line_height=\"1.4em\" background_layout=\"light\"]<\/p>[caption id=\"attachment_211962\" align=\"alignleft\" width=\"300\"]<img class=\"wp-image-211962 size-medium\" src=\"https:\/\/www.fundacionyuste.org\/wp-content\/uploads\/2018\/06\/RGC_5425-300x200.jpg\" alt=\"\" width=\"300\" height=\"200\" \/> \u00a9 Rodian Contador[\/caption]<p>Hoy se ha clausurado la VII edici\u00f3n de la Training Academy de las Rutas Culturales del Consejo de Europa que, durante tres d\u00edas, ha reunido en el Real Monasterio de Yuste a unas setenta personas de 16 pa\u00edses que representaban a 20 rutas certificadas como Itinerario Cultural Europeo, as\u00ed como a 20 rutas candidatas, adem\u00e1s de otras organizaciones como la Organizaci\u00f3n de Estados Iberoamericanos (OEI), lo que ha supuesto 16 pa\u00edses europeos e iberoamericanos.<\/p><p>En la clausura ha intervenido el presidente de la Junta de Extremadura, Guillermo Fern\u00e1ndez Vara, que ha asegurado que el potencial de crecimiento tur\u00edstico en la regi\u00f3n est\u00e1 estrechamente ligado a la cultura, tanto patrimonial como de eventos vinculados a la actividad cultural.<\/p><p>El jefe del Ejecutivo auton\u00f3mico ha se\u00f1alado a Extremadura como una tierra que ha conseguido que el turismo suponga una parte importante de su econom\u00eda, subrayando que la actividad tur\u00edstica se inici\u00f3 en la regi\u00f3n \u201cde la mano de la cultura\u201d. Fern\u00e1ndez Vara ha destacado que adem\u00e1s del atractivo cultural, \u201ctenemos productos potentes como son nuestra naturaleza, nuestro patrimonio y nuestra gastronom\u00eda y lo vamos acompa\u00f1ando con nuevas ideas como el turismo ornitol\u00f3gico o el relacionado con la astronom\u00eda\u201d.<\/p><p>Por su parte, el director de la Fundaci\u00f3n Academia Europea e Iberoamericana de Yuste, Juan Carlos Moreno, ha afirmado que las palabras \u201crutas, cultura y Europa\u201d han sido clave durante estos tres d\u00edas por el sentido que tienen para la construcci\u00f3n europea. Por una parte, el director de la Fundaci\u00f3n ha dichoque \u201cconocer la cultura de otros pa\u00edses y otros modos de vivir son el mejor remedio contra los nacionalismos excluyentes que amenazan a Europa\u201d. En cuanto a la cultura, el director de la Fundaci\u00f3n, ha reivindicado este bien como \u201cun derecho fundamental de las personas\u201d, rechazando que en momentos de crisis sea uno de los \u201cprimeros bienes innecesarios que arrojamos por la ventana\u201d. A su juicio, la cultura no puede ser el primer lastre que se arroja del barco cuando amenaza con hundirse porque \u201cla cultura no es un lujo, sino es una necesidad\u201d.<\/p><p>En cuanto al papel de Europa, Moreno Pi\u00f1ero ha defendido el papel de equilibro que sostiene en el concierto internacional, \u201ccohesionada en la diversidad, respetuosa con la discrepancia, integradora con la discapacidad y firme en la preservaci\u00f3n de sus valores tradicionales e imperecederos: la democracia, la libertad, la igualdad y la solidaridad\u201d.<\/p><p>Finalmente, el director de la Fundaci\u00f3n ha destacado la necesidad de que las Rutas Culturales se abran a Iberoam\u00e9rica, y en esta tarea, ha dicho \u201cpueden contar con la colaboraci\u00f3n leal de esta Fundaci\u00f3n que es tanto europea como Iberoamericana\u201d.<\/p><p>La Training Academy es el evento anual m\u00e1s importante organizado por la Red de Rutas Europeas del Emperador Carlos V y el Instituto de Itinerarios Culturales del Consejo de Europa en colaboraci\u00f3n con la Junta de Extremadura, la Diputaci\u00f3n de C\u00e1ceres, la Fundaci\u00f3n Academia Europea e Iberoamericana de Yuste, la Asamblea de Extremadura y Patrimonio Nacional.<\/p><p>[\/et_pb_text][et_pb_post_nav admin_label=\"\u2190 NAVEGACION POR NOTICIAS \u2192\" in_same_term=\"on\" prev_text=\"VER NOTICIA ANTERIOR\" next_text=\"VER NOTICIA SIGUIENTE\" _builder_version=\"3.0.85\" custom_margin=\"||3%|\" \/][\/et_pb_column][\/et_pb_row][\/et_pb_section]<\/p>","_et_gb_content_width":"","_links_to":"","_links_to_target":""},"categories":[190],"tags":[203],"_links":{"self":[{"href":"https:\/\/www.fundacionyuste.org\/en\/wp-json\/wp\/v2\/posts\/211970"}],"collection":[{"href":"https:\/\/www.fundacionyuste.org\/en\/wp-json\/wp\/v2\/posts"}],"about":[{"href":"https:\/\/www.fundacionyuste.org\/en\/wp-json\/wp\/v2\/types\/post"}],"author":[{"embeddable":true,"href":"https:\/\/www.fundacionyuste.org\/en\/wp-json\/wp\/v2\/users\/3"}],"replies":[{"embeddable":true,"href":"https:\/\/www.fundacionyuste.org\/en\/wp-json\/wp\/v2\/comments?post=211970"}],"version-history":[{"count":0,"href":"https:\/\/www.fundacionyuste.org\/en\/wp-json\/wp\/v2\/posts\/211970\/revisions"}],"wp:featuredmedia":[{"embeddable":true,"href":"https:\/\/www.fundacionyuste.org\/en\/wp-json\/wp\/v2\/media\/211962"}],"wp:attachment":[{"href":"https:\/\/www.fundacionyuste.org\/en\/wp-json\/wp\/v2\/media?parent=211970"}],"wp:term":[{"taxonomy":"category","embeddable":true,"href":"https:\/\/www.fundacionyuste.org\/en\/wp-json\/wp\/v2\/categories?post=211970"},{"taxonomy":"post_tag","embeddable":true,"href":"https:\/\/www.fundacionyuste.org\/en\/wp-json\/wp\/v2\/tags?post=211970"}],"curies":[{"name":"wp","href":"https:\/\/api.w.org\/{rel}","templated":true}]}}