{"id":212056,"date":"2018-06-26T11:27:49","date_gmt":"2018-06-26T11:27:49","guid":{"rendered":"https:\/\/www.fundacionyuste.org\/?p=212056"},"modified":"2018-06-26T11:27:49","modified_gmt":"2018-06-26T11:27:49","slug":"europe-and-latin-america-committed-to-multilateralism-in-yuste","status":"publish","type":"post","link":"https:\/\/www.fundacionyuste.org\/en\/europe-and-latin-america-committed-to-multilateralism-in-yuste\/","title":{"rendered":"Europe and Latin America committed to multilateralism in Yuste"},"content":{"rendered":"<p>[et_pb_section bb_built=&#8221;1&#8243; _builder_version=&#8221;3.0.47&#8243;][et_pb_row admin_label=&#8221;ENCABEZADOS&#8221; _builder_version=&#8221;3.0.85&#8243; background_size=&#8221;initial&#8221; background_position=&#8221;top_left&#8221; background_repeat=&#8221;repeat&#8221;][et_pb_column type=&#8221;1_4&#8243;][et_pb_text admin_label=&#8221;TITULO SECCI\u00d3N&#8221; _builder_version=&#8221;3.0.85&#8243; text_font=&#8221;Muli|600|||||||&#8221; text_font_size=&#8221;33px&#8221; text_text_color=&#8221;#7cda24&#8243; text_text_shadow_style=&#8221;preset3&#8243; text_text_shadow_color=&#8221;rgba(0,0,0,0.28)&#8221; header_font=&#8221;Muli||||||||&#8221; header_font_size=&#8221;31px&#8221; header_text_shadow_style=&#8221;preset3&#8243; text_orientation=&#8221;right&#8221; module_alignment=&#8221;right&#8221; custom_padding=&#8221;|20px||&#8221; background_layout=&#8221;light&#8221;]<\/p>\n<h1>COMMUNICATION<\/h1>\n<p>[\/et_pb_text][\/et_pb_column][et_pb_column type=&#8221;3_4&#8243;][et_pb_post_title admin_label=&#8221;T\u00cdTULO DE LA NOTICIA (Autom\u00e1tico)&#8221; meta=&#8221;off&#8221; featured_image=&#8221;off&#8221; _builder_version=&#8221;3.0.85&#8243; title_level=&#8221;h2&#8243; title_font=&#8221;Muli|700||on|||||&#8221; title_font_size=&#8221;20px&#8221; custom_margin=&#8221;6px|||&#8221; \/][\/et_pb_column][\/et_pb_row][et_pb_row custom_padding=&#8221;3px|0px|0px|0px&#8221; _builder_version=&#8221;3.0.47&#8243; background_size=&#8221;initial&#8221; background_position=&#8221;top_left&#8221; background_repeat=&#8221;repeat&#8221;][et_pb_column type=&#8221;1_4&#8243;][et_pb_sidebar admin_label=&#8221;MENU LATERAL&#8221; area=&#8221;et_pb_widget_area_7&#8243; _builder_version=&#8221;3.0.85&#8243; \/][\/et_pb_column][et_pb_column type=&#8221;3_4&#8243;][et_pb_text admin_label=&#8221;CONTENIDO DE LA NOTICIA&#8221; _builder_version=&#8221;3.0.85&#8243; text_font=&#8221;Muli||||||||&#8221; text_text_color=&#8221;#262626&#8243; header_font=&#8221;Muli||||||||&#8221; header_font_size=&#8221;22px&#8221; header_2_font=&#8221;Muli||||||||&#8221; header_3_font=&#8221;Muli||||||||&#8221; header_4_font=&#8221;Muli||||||||&#8221; header_5_font=&#8221;Muli||||||||&#8221; header_6_font=&#8221;Muli||||||||&#8221; text_orientation=&#8221;justified&#8221; custom_margin=&#8221;8px|||&#8221; text_line_height=&#8221;1.4em&#8221; background_layout=&#8221;light&#8221;]<\/p>\n<p><img decoding=\"async\" loading=\"lazy\" class=\"alignleft wp-image-212021 size-medium\" src=\"https:\/\/www.fundacionyuste.org\/wp-content\/uploads\/2018\/06\/EUAL1-300x225.jpg\" alt=\"\" width=\"300\" height=\"225\" srcset=\"https:\/\/www.fundacionyuste.org\/wp-content\/uploads\/2018\/06\/EUAL1-300x225.jpg 300w, https:\/\/www.fundacionyuste.org\/wp-content\/uploads\/2018\/06\/EUAL1-768x576.jpg 768w, https:\/\/www.fundacionyuste.org\/wp-content\/uploads\/2018\/06\/EUAL1.jpg 1024w\" sizes=\"(max-width: 300px) 100vw, 300px\" \/><\/p>\n<p>The Royal Monastery of Yuste hosts the international seminar \u201cLatin American and the European Union Relations: a Renewed Political Alliance?\u201d, where the economic growth that different regions are experiencing\u00a0 and how this fact presents challenges from the economic and geopolitical point of view will be analysed from transdisciplinary approaches. It is in this framework that they are analysing how the relations between the European Union and Latin America are and how they may evolve.<\/p>\n<p>The Director General of External Action of the Regional Government of Extremadura and President of the European and Ibero-American Academy of Yuste Foundation\u2019s Executive Committee, Rosa Balas; the Ibero-American Secretary General, Rebeca Grynspan; the Executive Director of EU-LAC, Paola Amadei; the Ambassador of El Salvador, Jorge Alberto Palencia and the Mayor of Cuacos de Yuste, Jos\u00e9 Mar\u00eda Hern\u00e1ndez, participated in the opening session.<\/p>\n<p>During her speech, Rosa Balas spoke about the relevance of organising this seminar at a moment when \u201cthe international context is so uncertain, where some accessions are cancelled and some agreements are rewritten; when realities we thought were solid are no longer so true\u201d. Europe and Latin America are a priority in their respective agendas and must \u201cgive an example of multilateralism and economic integration as opposed to protectionism and economic nationalism\u201d.<\/p>\n<p>The Ibero-American Secretary General, Rebeca Grynspan, defended that several important messages be sent from the seminar. Firstly, that a call for \u201cthe revaluation of Latin America, not forgetting the challenges nor the strengths that we have developed throughout these years\u201d should be made from Yuste. On the other hand, Grynspan stressed the importance of defending and strengthening personal exchanges, highlighting academic mobility among students, teachers and researchers.<\/p>\n<p>Grynspan pointed out that the \u201creinforcement of the Atlantic Triangle\u201d is necessary as well, as is stressing and putting emphasis on the fact that both region should \u201ccommit to culture, diversity and multilateralism as fundamental elements to build a much more efficient multilateralism, so that our regions may have a say in such an uncertain global world\u201d because in order to \u201ccombat regressive utopias we need a different narrative\u201d.<\/p>\n<p>Jorge Alberto Palencia, Ambassador of El Salvador \u2013the country that holds the pro tempore presidency- invited the attendees of the seminar celebrated in Yuste to explore the common points that unite Europe with Ibero-America and not their differences, \u201cbecause what joins us is our main strength when reacting in the international scene\u201d.<\/p>\n<p>The Executive Director of EU-LAC, Paola Amadei, pointed out that the foundation she manages sponsors this seminar in Yuste because it is important to \u201ctake discussion, knowledge and training on Europe and Latin America to other places, far from the centre of power\u201d. The EU-LAC Foundation chose this seminar among more than a hundred proposals coming from Europe and Latin America.<\/p>\n<p>Among other experts and academicians, the former Finance Minister of Colombia and economist, Guillermo Perry; Argentina&#8217;s former Economy Minister, Jos\u00e9 Luis Machinea; the President of the Institute for the Promotion of Latin America and the Caribbean (IPDAL), Paolo Neves; PhD in Political Science by the University Complutense of Madrid and holds a Master\u2019s degree in International Relations by the United Nations&#8217; University for Peace, Jos\u00e9 Antonio Sanahuja Perales and the person responsible for the Oxfam Intermon Policy for Latin America and the Caribbean, Andrea Costafreda, are present.<\/p>\n<p>The international seminar \u201cLatin American and the European Union Relations: a Renewed Political Alliance?\u201d is organised by the European and Ibero-American Academy of Yuste Foundation with the Ibero-American General Secretariat (SEGIB) and is sponsored by the European Union \u2013 Latin America and Caribbean Foundation (EU-LAC Foundation).<\/p>\n<p>&nbsp;<\/p>\n<p>[\/et_pb_text][et_pb_post_nav admin_label=&#8221;\u2190 NAVEGACION POR NOTICIAS \u2192&#8221; in_same_term=&#8221;on&#8221; prev_text=&#8221;VER NOTICIA ANTERIOR&#8221; next_text=&#8221;VER NOTICIA SIGUIENTE&#8221; _builder_version=&#8221;3.0.85&#8243; custom_margin=&#8221;||3%|&#8221; \/][\/et_pb_column][\/et_pb_row][\/et_pb_section]<\/p>\n","protected":false},"excerpt":{"rendered":"<p>The Royal Monastery of Yuste hosts the international seminar \u201cLatin American and the European Union Relations: a Renewed Political Alliance?\u201d, where the economic growth that different regions are experiencing\u00a0 and how this fact presents challenges from the economic and geopolitical point of view will be analysed from transdisciplinary approaches. It is in this framework that they are analysing how the relations between the European Union and Latin America are and how they may evolve.<\/p>\n","protected":false},"author":3,"featured_media":212021,"comment_status":"closed","ping_status":"closed","sticky":false,"template":"","format":"standard","meta":{"_et_pb_use_builder":"on","_et_pb_old_content":"<p>[et_pb_section bb_built=\"1\" _builder_version=\"3.0.47\"][et_pb_row admin_label=\"ENCABEZADOS\" _builder_version=\"3.0.85\" background_size=\"initial\" background_position=\"top_left\" background_repeat=\"repeat\"][et_pb_column type=\"1_4\"][et_pb_text admin_label=\"TITULO SECCI\u00d3N\" _builder_version=\"3.0.85\" text_font=\"Muli|600|||||||\" text_font_size=\"33px\" text_text_color=\"#7cda24\" text_text_shadow_style=\"preset3\" text_text_shadow_color=\"rgba(0,0,0,0.28)\" header_font=\"Muli||||||||\" header_font_size=\"31px\" header_text_shadow_style=\"preset3\" text_orientation=\"right\" module_alignment=\"right\" custom_padding=\"|20px||\"]<\/p><h1>COMUNICACI\u00d3N<\/h1><p>[\/et_pb_text][\/et_pb_column][et_pb_column type=\"3_4\"][et_pb_post_title admin_label=\"T\u00cdTULO DE LA NOTICIA (Autom\u00e1tico)\" meta=\"off\" featured_image=\"off\" _builder_version=\"3.0.85\" title_level=\"h2\" title_font=\"Muli|700||on|||||\" title_font_size=\"20px\" custom_margin=\"6px|||\" \/][\/et_pb_column][\/et_pb_row][et_pb_row custom_padding=\"3px|0px|0px|0px\" _builder_version=\"3.0.47\" background_size=\"initial\" background_position=\"top_left\" background_repeat=\"repeat\"][et_pb_column type=\"1_4\"][et_pb_sidebar admin_label=\"MENU LATERAL\" area=\"et_pb_widget_area_7\" _builder_version=\"3.0.85\" \/][\/et_pb_column][et_pb_column type=\"3_4\"][et_pb_text admin_label=\"CONTENIDO DE LA NOTICIA\" _builder_version=\"3.0.85\" text_font=\"Muli||||||||\" text_text_color=\"#262626\" header_font=\"Muli||||||||\" header_font_size=\"22px\" header_2_font=\"Muli||||||||\" header_3_font=\"Muli||||||||\" header_4_font=\"Muli||||||||\" header_5_font=\"Muli||||||||\" header_6_font=\"Muli||||||||\" text_orientation=\"justified\" custom_margin=\"8px|||\" text_line_height=\"1.4em\" background_layout=\"light\"]<\/p><p><img class=\"alignleft wp-image-212021 size-medium\" src=\"https:\/\/www.fundacionyuste.org\/wp-content\/uploads\/2018\/06\/EUAL1-300x225.jpg\" alt=\"\" width=\"300\" height=\"225\" \/><\/p><p>El Real Monasterio de Yuste acoge hoy y ma\u00f1ana 'Las relaciones Am\u00e9rica Latina-Uni\u00f3n Europea en un mundo incierto, \u00bfuna alianza pol\u00edtica renovada?', un seminario internacional en el que se analiza, desde enfoques transdisciplinarios, el crecimiento econ\u00f3mico que est\u00e1n experimentando las distintas regiones, y c\u00f3mo este factor presenta desaf\u00edos tanto desde el punto de vista econ\u00f3mico como geopol\u00edtico. En este marco, est\u00e1n analizando c\u00f3mo se encuentra y c\u00f3mo se estima que evolucionar\u00e1n las relaciones entre la Uni\u00f3n Europea y Am\u00e9rica Latina.<\/p><p>En el acto inaugural han participado la directora general de Acci\u00f3n Exterior de la Junta de Extremadura y presidenta de la Comisi\u00f3n Ejecutiva de la Fundaci\u00f3n Yuste, Rosa Balas; la secretaria general Iberoamericana, Rebeca Grynspan; la directora ejecutiva de EU-LAC, Paola Amadei; el embajador de El Salvador, Jorge Alberto Palencia; y el alcalde de Cuacos de Yuste, Jos\u00e9 Mar\u00eda Hern\u00e1ndez.<br \/>Durante su intervenci\u00f3n, Rosa Balas ha hablado de la pertinencia de organizar este seminario en unos momentos donde el \u201ccontexto internacional es tan incierto, donde algunas adhesiones se cancelan y algunos acuerdos se reescriben, cuando realidades que cre\u00edamos s\u00f3lidas ya no son tan ciertas\u201d. Europa y Am\u00e9rica Latina son prioritarias en sus respectivas agendas y deben \u201cdar un ejemplo de multilateralismo e integraci\u00f3n econ\u00f3mica frente al proteccionismo y el nacionalismo econ\u00f3mico\u201d.<\/p><p>Por su parte, la secretaria general Iberoamericana, Rebeca Grynspan, ha abogado para que desde este seminario se lancen varios mensajes importantes. En primer lugar, desde Yuste se tiene que hacer una llamada a la \u201crevalorizaci\u00f3n de Am\u00e9rica Latina, sin ignorar los desaf\u00edos pero sin ignorar las fortalezas que hemos desarrollado durante estos a\u00f1os\u201d. Por otro lado, Grynspan ha subrayado la importancia de apostar y fortalecer los intercambios personales, destacando la movilidad acad\u00e9mica entre estudiantes, profesores e investigadores.<\/p><p><img class=\"alignleft wp-image-212022 size-medium\" src=\"https:\/\/www.fundacionyuste.org\/wp-content\/uploads\/2018\/06\/EUAL3-300x225.jpg\" alt=\"\" width=\"300\" height=\"225\" \/>Asimismo, la responsable iberoamericana ha se\u00f1alado que es necesario el \u201creforzamiento del Tri\u00e1ngulo Atl\u00e1ntico \u201c, as\u00ed como poner el acento y el \u00e9nfasis en que las dos regiones deben \u201capostar por la cultura, por la diversidad y por el multiculturalismo como elementos fundamentales para construir un multilateralismo mucho m\u00e1s eficaz, para que nuestras regiones puedan tener voz en un mundo global tan incierto\u201d, porque para \u201ccombatir utop\u00edas regresivas necesitamos una narrativa distinta\u201d.<\/p><p>Por su parte, Jorge Alberto Palencia, embajador de El Salvador, pa\u00eds que ostenta la presidencia pro tempore, ha invitado a los participantes en este seminario que se celebra en Yuste a que exploren los puntos comunes que unen a Europa y a Am\u00e9rica Latina y no sus diferencias, \u201cporque lo que nos une es nuestra principal fortaleza a la hora de reaccionar en la escena internacional\u201d.<\/p><p>La directora ejecutiva de EU-LAC, Paola Amadei, ha se\u00f1alado que su fundaci\u00f3n patrocina este seminario en Yuste porque es importante \u201cllevar la discusi\u00f3n, el conocimiento y la formaci\u00f3n de las relaciones entre Europa y Am\u00e9rica Latina a otros lugares alejados de los centros de poder\u201d. La Fundaci\u00f3n EU-LAC seleccion\u00f3 este seminario entre m\u00e1s de un centenar de propuestas llegadas provenientes de toda Europa y Am\u00e9rica Latina.<\/p><p>Entre otros, est\u00e1n presentes el exministro de Hacienda de Colombia y economista, Guillermo Perry; el exministro de Econom\u00eda de Argentina, Jos\u00e9 Luis Machinea; el presidente del Instituto para la Promoci\u00f3n de Am\u00e9rica Latina y Portugal (IPDAL), Paolo Neves; el doctor en Ciencias Pol\u00edticas por la Universidad Complutense y Master en Relaciones Internacionales por la Universidad para la Paz de Naciones Unidas, Jos\u00e9 Antonio Sanahuja Perales, y la responsable de Policy de Oxfam Intermon para Am\u00e9rica Latina y El Caribe, Andrea Costafreda, entre otros expertos y acad\u00e9micos.<\/p><p>El seminario internacional 'Las relaciones Am\u00e9rica Latina-Uni\u00f3n Europea en un mundo incierto, \u00bfuna alianza pol\u00edtica renovada?' est\u00e1 organizado por la Fundaci\u00f3n Academia Europea e Iberoamericana de Yuste junto con la Secretar\u00eda General Iberoamericana (SEGIB) y cuenta con el patrocinio de la Fundaci\u00f3n Uni\u00f3n Europea-Am\u00e9rica Latina y El Caribe (Fundaci\u00f3n EU-LAC).<\/p><p>[\/et_pb_text][et_pb_post_nav admin_label=\"\u2190 NAVEGACION POR NOTICIAS \u2192\" in_same_term=\"on\" prev_text=\"VER NOTICIA ANTERIOR\" next_text=\"VER NOTICIA SIGUIENTE\" _builder_version=\"3.0.85\" custom_margin=\"||3%|\" \/][\/et_pb_column][\/et_pb_row][\/et_pb_section]<\/p>","_et_gb_content_width":"","_links_to":"","_links_to_target":""},"categories":[190],"tags":[203],"_links":{"self":[{"href":"https:\/\/www.fundacionyuste.org\/en\/wp-json\/wp\/v2\/posts\/212056"}],"collection":[{"href":"https:\/\/www.fundacionyuste.org\/en\/wp-json\/wp\/v2\/posts"}],"about":[{"href":"https:\/\/www.fundacionyuste.org\/en\/wp-json\/wp\/v2\/types\/post"}],"author":[{"embeddable":true,"href":"https:\/\/www.fundacionyuste.org\/en\/wp-json\/wp\/v2\/users\/3"}],"replies":[{"embeddable":true,"href":"https:\/\/www.fundacionyuste.org\/en\/wp-json\/wp\/v2\/comments?post=212056"}],"version-history":[{"count":0,"href":"https:\/\/www.fundacionyuste.org\/en\/wp-json\/wp\/v2\/posts\/212056\/revisions"}],"wp:featuredmedia":[{"embeddable":true,"href":"https:\/\/www.fundacionyuste.org\/en\/wp-json\/wp\/v2\/media\/212021"}],"wp:attachment":[{"href":"https:\/\/www.fundacionyuste.org\/en\/wp-json\/wp\/v2\/media?parent=212056"}],"wp:term":[{"taxonomy":"category","embeddable":true,"href":"https:\/\/www.fundacionyuste.org\/en\/wp-json\/wp\/v2\/categories?post=212056"},{"taxonomy":"post_tag","embeddable":true,"href":"https:\/\/www.fundacionyuste.org\/en\/wp-json\/wp\/v2\/tags?post=212056"}],"curies":[{"name":"wp","href":"https:\/\/api.w.org\/{rel}","templated":true}]}}