{"id":212659,"date":"2018-09-28T10:43:24","date_gmt":"2018-09-28T10:43:24","guid":{"rendered":"https:\/\/www.fundacionyuste.org\/?p=212659"},"modified":"2020-03-02T18:59:08","modified_gmt":"2020-03-02T18:59:08","slug":"yuste-foundation-participates-in-the-meeting-held-by-the-council-of-rectors-of-the-latin-american-universities-association-in-lisbon","status":"publish","type":"post","link":"https:\/\/www.fundacionyuste.org\/en\/yuste-foundation-participates-in-the-meeting-held-by-the-council-of-rectors-of-the-latin-american-universities-association-in-lisbon\/","title":{"rendered":"YUSTE FOUNDATION PARTICIPATES IN THE MEETING HELD BY THE COUNCIL OF RECTORS OF THE LATIN AMERICAN UNIVERSITIES ASSOCIATION IN LISBON"},"content":{"rendered":"<p>[et_pb_section bb_built=&#8221;1&#8243; _builder_version=&#8221;3.0.47&#8243; inner_width=&#8221;auto&#8221; inner_max_width=&#8221;none&#8221;][et_pb_row admin_label=&#8221;ENCABEZADOS&#8221; _builder_version=&#8221;3.0.85&#8243; background_size=&#8221;initial&#8221; background_position=&#8221;top_left&#8221; background_repeat=&#8221;repeat&#8221; width=&#8221;90%&#8221; max_width=&#8221;1080px&#8221;][et_pb_column type=&#8221;1_4&#8243; custom_padding__hover=&#8221;|||&#8221; custom_padding=&#8221;|||&#8221;][et_pb_text admin_label=&#8221;TITULO SECCI\u00d3N&#8221; _builder_version=&#8221;3.0.85&#8243; text_font=&#8221;Muli|600|||||||&#8221; text_font_size=&#8221;33px&#8221; text_text_color=&#8221;#7cda24&#8243; text_text_shadow_style=&#8221;preset3&#8243; text_text_shadow_color=&#8221;rgba(0,0,0,0.28)&#8221; header_font=&#8221;Muli||||||||&#8221; header_font_size=&#8221;31px&#8221; header_text_shadow_style=&#8221;preset3&#8243; text_orientation=&#8221;right&#8221; module_alignment=&#8221;right&#8221; custom_padding=&#8221;|20px||&#8221;]<\/p>\n<h1>COMUNICACI\u00d3N<\/h1>\n<p>[\/et_pb_text][\/et_pb_column][et_pb_column type=&#8221;3_4&#8243; custom_padding__hover=&#8221;|||&#8221; custom_padding=&#8221;|||&#8221;][et_pb_post_title admin_label=&#8221;T\u00cdTULO DE LA NOTICIA (Autom\u00e1tico)&#8221; meta=&#8221;off&#8221; featured_image=&#8221;off&#8221; _builder_version=&#8221;3.0.85&#8243; title_level=&#8221;h2&#8243; title_font=&#8221;Muli|700||on|||||&#8221; title_font_size=&#8221;20px&#8221; custom_margin=&#8221;6px|||&#8221; \/][\/et_pb_column][\/et_pb_row][et_pb_row custom_padding=&#8221;3px|0px|0px|0px&#8221; _builder_version=&#8221;3.0.47&#8243; background_size=&#8221;initial&#8221; background_position=&#8221;top_left&#8221; background_repeat=&#8221;repeat&#8221; width=&#8221;90%&#8221; max_width=&#8221;1080px&#8221;][et_pb_column type=&#8221;1_4&#8243; custom_padding__hover=&#8221;|||&#8221; custom_padding=&#8221;|||&#8221;][et_pb_sidebar admin_label=&#8221;MENU LATERAL&#8221; area=&#8221;et_pb_widget_area_5&#8243; _builder_version=&#8221;3.27.4&#8243; text_shadow_horizontal_length=&#8221;text_shadow_style,%91object Object%93&#8243; text_shadow_horizontal_length_tablet=&#8221;0px&#8221; text_shadow_vertical_length=&#8221;text_shadow_style,%91object Object%93&#8243; text_shadow_vertical_length_tablet=&#8221;0px&#8221; text_shadow_blur_strength=&#8221;text_shadow_style,%91object Object%93&#8243; text_shadow_blur_strength_tablet=&#8221;1px&#8221; header_text_shadow_horizontal_length=&#8221;header_text_shadow_style,%91object Object%93&#8243; header_text_shadow_horizontal_length_tablet=&#8221;0px&#8221; header_text_shadow_vertical_length=&#8221;header_text_shadow_style,%91object Object%93&#8243; header_text_shadow_vertical_length_tablet=&#8221;0px&#8221; header_text_shadow_blur_strength=&#8221;header_text_shadow_style,%91object Object%93&#8243; header_text_shadow_blur_strength_tablet=&#8221;1px&#8221; body_text_shadow_horizontal_length=&#8221;body_text_shadow_style,%91object Object%93&#8243; body_text_shadow_horizontal_length_tablet=&#8221;0px&#8221; body_text_shadow_vertical_length=&#8221;body_text_shadow_style,%91object Object%93&#8243; body_text_shadow_vertical_length_tablet=&#8221;0px&#8221; body_text_shadow_blur_strength=&#8221;body_text_shadow_style,%91object Object%93&#8243; body_text_shadow_blur_strength_tablet=&#8221;1px&#8221; box_shadow_horizontal_tablet=&#8221;0px&#8221; box_shadow_vertical_tablet=&#8221;0px&#8221; box_shadow_blur_tablet=&#8221;40px&#8221; box_shadow_spread_tablet=&#8221;0px&#8221; z_index_tablet=&#8221;500&#8243; \/][\/et_pb_column][et_pb_column type=&#8221;3_4&#8243; custom_padding__hover=&#8221;|||&#8221; custom_padding=&#8221;|||&#8221;][et_pb_text admin_label=&#8221;CONTENIDO DE LA NOTICIA&#8221; _builder_version=&#8221;3.0.85&#8243; text_font=&#8221;Muli||||||||&#8221; text_text_color=&#8221;#262626&#8243; header_font=&#8221;Muli||||||||&#8221; header_font_size=&#8221;22px&#8221; header_2_font=&#8221;Muli||||||||&#8221; header_3_font=&#8221;Muli||||||||&#8221; header_4_font=&#8221;Muli||||||||&#8221; header_5_font=&#8221;Muli||||||||&#8221; header_6_font=&#8221;Muli||||||||&#8221; text_orientation=&#8221;justified&#8221; custom_margin=&#8221;8px|||&#8221; text_line_height=&#8221;1.4em&#8221; background_layout=&#8221;light&#8221;]<\/p>\n<p>\n<img decoding=\"async\" loading=\"lazy\" class=\"alignleft wp-image-212657 size-medium\" src=\"https:\/\/www.fundacionyuste.org\/wp-content\/uploads\/2018\/09\/cavila2018_2-300x169.jpg\" alt=\"\" width=\"300\" height=\"169\" srcset=\"https:\/\/www.fundacionyuste.org\/wp-content\/uploads\/2018\/09\/cavila2018_2-300x169.jpg 300w, https:\/\/www.fundacionyuste.org\/wp-content\/uploads\/2018\/09\/cavila2018_2-768x432.jpg 768w, https:\/\/www.fundacionyuste.org\/wp-content\/uploads\/2018\/09\/cavila2018_2-1024x576.jpg 1024w, https:\/\/www.fundacionyuste.org\/wp-content\/uploads\/2018\/09\/cavila2018_2-1080x608.jpg 1080w, https:\/\/www.fundacionyuste.org\/wp-content\/uploads\/2018\/09\/cavila2018_2.jpg 1328w\" sizes=\"(max-width: 300px) 100vw, 300px\" \/><\/p>\n<p>The European and Ibero-American Academy of Yuste Foundation participates in the annual meeting held by the Council of Rectors and the Technical Academic Group of the Latin American Universities Association, AULA. This meeting, attended by the Director and the Academic Director of the European and Ibero-American Academy of Yuste Foundation, Juan Carlos Moreno Pi\u00f1ero and C\u00e9sar Chaparro respectively, is being held at the Polytechnic Institute of Lisbon in order to promote and coordinate academic programmes via virtual environments of higher education.<\/p>\n<p>Among the subjects dealt with is the redesign and impulse of the Ibero-American Virtual Magazine of Social Sciences, REVIBE, produced by Yuste Foundation, in order for it to become a modern digital academic platform of the 21<sup>st<\/sup> century. REVIBE intends to create its own scientific space for Ibero-American cultural and educational identity. To this end, its contents are based on the opening of new perspectives and interdisciplinary research areas that may strengthen new visions as far as the American world is concerned. The management team, furthermore, intends to work and boost its presence on the net and social media.<\/p>\n<p>This is how the changes carried out have, thus, been presented in CAVILA\u2019s website as well as the progress of the book of AULA-CAVILA\u2019s tenth anniversary.<\/p>\n<p><strong>Latin American Universities Association<\/strong><\/p>\n<p>AULA is an association that was supported by the former Extremaduran Centre for Studies and Cooperation with Ibero-America (CEXECI) and the University of Extremadura in 2007.The association is composed by the following nineteen public universities from eleven Latin American countries up until now: the Argentinian national universities of La Plata, Entre R\u00edos, Northwest from the Province of Buenos Aires, C\u00f3rdoba, Quilmes and the National University from the Northeast; the University of Porto and the Polytechnic Institute of Lisbon, form Portugal; the University of Extremadura (Spain); the Mexican universities of Guadalajara and the Autonomous University of Chiapas; the University of Santiago de Chile; the National Autonomous University of Honduras; the National Autonomous University of Nicaragua; the University of Panam\u00e1; the Federal University of Santa Maria (Brazil); the University of the Asunci\u00f3n of Paraguay; the Autonomous Latin American University of Medell\u00edn and the Agrarian University of Havana. Moreover, the European and Ibero-American Academy of Yuste Foundation is honorary member of AULA.<\/p>\n<p>AULA\u2019s main initiative is the Latin American Virtual Campus, CAVILA, whose aim is the promotion of teaching, research and Latin American identity through cultural extension (<a href=\"http:\/\/www.cavila.org\">www.cavila.org<\/a>).<\/p>\n<p>CAVILA, which formally began its activities in 2008, has gradually become the campus of a great power, allowing not only a shared academic programme, but also mutual support as far as transfer of new information and communication technologies, the power of sharing virtual libraries, creating research networks or student mobility programmes among the public universities it is composed by is concerned.<\/p>\n<p>The different universities it is composed by offer higher education, degrees and courses, graduate and postgraduate subjects in this virtual space and they work in research networks. The potential beneficiaries of the Latin American Virtual Campus may be close to 839.300 students and around 74.200 teachers\/ researchers.<\/p>\n<p>&nbsp;<\/p>\n<p>[\/et_pb_text][et_pb_post_nav admin_label=&#8221;\u2190 NAVEGACION POR NOTICIAS \u2192&#8221; in_same_term=&#8221;on&#8221; prev_text=&#8221;VER NOTICIA ANTERIOR&#8221; next_text=&#8221;VER NOTICIA SIGUIENTE&#8221; _builder_version=&#8221;3.0.85&#8243; custom_margin=&#8221;||3%|&#8221; \/][\/et_pb_column][\/et_pb_row][\/et_pb_section]<\/p>\n","protected":false},"excerpt":{"rendered":"<p>COMUNICACI\u00d3N The European and Ibero-American Academy of Yuste Foundation participates in the annual meeting held by the Council of Rectors and the Technical Academic Group of the Latin American Universities Association, AULA. This meeting, attended by the Director and the Academic Director of the European and Ibero-American Academy of Yuste Foundation, Juan Carlos Moreno Pi\u00f1ero [&hellip;]<\/p>\n","protected":false},"author":3,"featured_media":212657,"comment_status":"closed","ping_status":"closed","sticky":false,"template":"","format":"standard","meta":{"_et_pb_use_builder":"on","_et_pb_old_content":"<p>[et_pb_section bb_built=\"1\" _builder_version=\"3.0.47\"][et_pb_row admin_label=\"ENCABEZADOS\" _builder_version=\"3.0.85\" background_size=\"initial\" background_position=\"top_left\" background_repeat=\"repeat\"][et_pb_column type=\"1_4\"][et_pb_text admin_label=\"TITULO SECCI\u00d3N\" _builder_version=\"3.0.85\" text_font=\"Muli|600|||||||\" text_font_size=\"33px\" text_text_color=\"#7cda24\" text_text_shadow_style=\"preset3\" text_text_shadow_color=\"rgba(0,0,0,0.28)\" header_font=\"Muli||||||||\" header_font_size=\"31px\" header_text_shadow_style=\"preset3\" text_orientation=\"right\" module_alignment=\"right\" custom_padding=\"|20px||\"]<\/p><h1>COMUNICACI\u00d3N<\/h1><p>[\/et_pb_text][\/et_pb_column][et_pb_column type=\"3_4\"][et_pb_post_title admin_label=\"T\u00cdTULO DE LA NOTICIA (Autom\u00e1tico)\" meta=\"off\" featured_image=\"off\" _builder_version=\"3.0.85\" title_level=\"h2\" title_font=\"Muli|700||on|||||\" title_font_size=\"20px\" custom_margin=\"6px|||\" \/][\/et_pb_column][\/et_pb_row][et_pb_row custom_padding=\"3px|0px|0px|0px\" _builder_version=\"3.0.47\" background_size=\"initial\" background_position=\"top_left\" background_repeat=\"repeat\"][et_pb_column type=\"1_4\"][et_pb_sidebar admin_label=\"MENU LATERAL\" area=\"et_pb_widget_area_7\" _builder_version=\"3.0.85\" \/][\/et_pb_column][et_pb_column type=\"3_4\"][et_pb_text admin_label=\"CONTENIDO DE LA NOTICIA\" _builder_version=\"3.0.85\" text_font=\"Muli||||||||\" text_text_color=\"#262626\" header_font=\"Muli||||||||\" header_font_size=\"22px\" header_2_font=\"Muli||||||||\" header_3_font=\"Muli||||||||\" header_4_font=\"Muli||||||||\" header_5_font=\"Muli||||||||\" header_6_font=\"Muli||||||||\" text_orientation=\"justified\" custom_margin=\"8px|||\" text_line_height=\"1.4em\" background_layout=\"light\"]<\/p><p><img class=\"alignleft wp-image-212657 size-medium\" src=\"https:\/\/www.fundacionyuste.org\/wp-content\/uploads\/2018\/09\/cavila2018_2-300x169.jpg\" alt=\"\" width=\"300\" height=\"169\" \/><\/p><p>La Fundaci\u00f3n Academia Europea e Iberoamericana de Yuste participa en la reuni\u00f3n anual del Consejo de Rectores y del Grupo Acad\u00e9mico T\u00e9cnico de la Asociaci\u00f3n de Universidades Latinoamericanas, AULA. Este encuentro, al que asisten el director y el director acad\u00e9mico de la Fundaci\u00f3n Academia Europea e Iberoamericana de Yuste, Juan Carlos Moreno y C\u00e9sar Chaparro, respectivamente, se est\u00e1 celebrando en el Instituto Polit\u00e9cnico de Lisboa, con el fin de promover y coordinar programas acad\u00e9micos a trav\u00e9s de entornos virtuales de ense\u00f1anza superior.<\/p><p>Entre los asuntos que se abordan est\u00e1 el redise\u00f1o e impulso de la Revista Virtual Iberoamericana de Ciencias Sociales, REVIBE, a cargo de la Fundaci\u00f3n Yuste, con el fin de que se convierta en una moderna plataforma acad\u00e9mica digital del siglo XXI. REVIBE aspira a crear un espacio cient\u00edfico propio sobre la identidad cultural y educativa iberoamericana. Con este fin, sus contenidos se sustentan en la apertura de nuevas perspectivas y l\u00edneas de investigaci\u00f3n interdisciplinar que potencien nuevas visiones sobre el mundo americano. Adem\u00e1s, el equipo gestor tiene el prop\u00f3sito de trabajar e impulsar la presencia en la red y los social media.<\/p><p>Asimismo, se han presentado los cambios llevados a cabo en la p\u00e1gina web de CAVILA y el avance del libro del d\u00e9cimo aniversario de AULA-CAVILA.<\/p><p><strong>Asociaci\u00f3n de Universidades Latinoamericanas<\/strong><\/p><p>AULA es una asociaci\u00f3n que se impuls\u00f3 desde el antiguo Centro Extreme\u00f1o de Estudios y Cooperaci\u00f3n con Iberoam\u00e9rica (CEXECI) y desde la Universidad de Extremadura en 2007. Hasta la fecha son diecinueve universidades p\u00fablicas, de once pa\u00edses latinoamericanos, las que la conforman: las universidades argentinas Nacional de La Plata, Nacional de Entre R\u00edos, Nacional del Noroeste de la Provincia de Buenos Aires, Nacional de C\u00f3rdoba, Universidad de Quilmes y la Universidad Nacional del Nordeste; Universidad de Porto y el Instituto Polit\u00e9cnico de Lisboa, de Portugal; Universidad de Extremadura (Espa\u00f1a); las universidades mejicanas de Guadalajara y Aut\u00f3noma de Chiapas; Universidad Santiago de Chile; Universidad Nacional Aut\u00f3noma de Honduras; Universidad Nacional Aut\u00f3noma de Nicaragua; Universidad de Panam\u00e1; Universidade Federal de Santa Mar\u00eda (Brasil); la Universidad de Asunci\u00f3n de Paraguay; Universidad Aut\u00f3noma Latinoamericana de Medell\u00edn y la Universidad Agraria de La Habana. Adem\u00e1s, la Fundaci\u00f3n Academia Europea e Iberoamericana de Yuste es socia honoraria de AULA.<\/p><p>La principal iniciativa de AULA es el Campus Virtual Latinoamericano, CAVILA, campus para el fomento de la ense\u00f1anza, la investigaci\u00f3n y la identidad latinoamericana a trav\u00e9s de la extensi\u00f3n cultural (<a href=\"http:\/\/www.cavila.org\">www.cavila.org<\/a>).<\/p><p>CAVILA, que inici\u00f3 formalmente sus actividades en el a\u00f1o 2008, se ha ido transformado en un campus de una enorme potencia al permitir no s\u00f3lo una oferta acad\u00e9mica compartida, sino el apoyo mutuo en cuanto a transferencia de nuevas tecnolog\u00edas de informaci\u00f3n y comunicaci\u00f3n, el poder compartir bibliotecas virtuales, conformar redes de investigaci\u00f3n o generar programas de movilidad estudiantil entre las universidades p\u00fablicas que la conforman.<\/p><p>En este espacio virtual, las distintas universidades que la integran ofrecen educaci\u00f3n superior, diplomaturas y cursos, materias de grado y de posgrado, y trabajan en redes de investigaci\u00f3n. Pueden ser beneficiarios potenciales del Campus Virtual Latinoamericano cerca de 839.300 estudiantes y en torno a 74.200 profesores\/investigadores.<\/p><p>[\/et_pb_text][et_pb_post_nav admin_label=\"\u2190 NAVEGACION POR NOTICIAS \u2192\" in_same_term=\"on\" prev_text=\"VER NOTICIA ANTERIOR\" next_text=\"VER NOTICIA SIGUIENTE\" _builder_version=\"3.0.85\" custom_margin=\"||3%|\" \/][\/et_pb_column][\/et_pb_row][\/et_pb_section]<\/p>","_et_gb_content_width":"","_links_to":"","_links_to_target":""},"categories":[190],"tags":[203],"_links":{"self":[{"href":"https:\/\/www.fundacionyuste.org\/en\/wp-json\/wp\/v2\/posts\/212659"}],"collection":[{"href":"https:\/\/www.fundacionyuste.org\/en\/wp-json\/wp\/v2\/posts"}],"about":[{"href":"https:\/\/www.fundacionyuste.org\/en\/wp-json\/wp\/v2\/types\/post"}],"author":[{"embeddable":true,"href":"https:\/\/www.fundacionyuste.org\/en\/wp-json\/wp\/v2\/users\/3"}],"replies":[{"embeddable":true,"href":"https:\/\/www.fundacionyuste.org\/en\/wp-json\/wp\/v2\/comments?post=212659"}],"version-history":[{"count":0,"href":"https:\/\/www.fundacionyuste.org\/en\/wp-json\/wp\/v2\/posts\/212659\/revisions"}],"wp:featuredmedia":[{"embeddable":true,"href":"https:\/\/www.fundacionyuste.org\/en\/wp-json\/wp\/v2\/media\/212657"}],"wp:attachment":[{"href":"https:\/\/www.fundacionyuste.org\/en\/wp-json\/wp\/v2\/media?parent=212659"}],"wp:term":[{"taxonomy":"category","embeddable":true,"href":"https:\/\/www.fundacionyuste.org\/en\/wp-json\/wp\/v2\/categories?post=212659"},{"taxonomy":"post_tag","embeddable":true,"href":"https:\/\/www.fundacionyuste.org\/en\/wp-json\/wp\/v2\/tags?post=212659"}],"curies":[{"name":"wp","href":"https:\/\/api.w.org\/{rel}","templated":true}]}}