{"id":213119,"date":"2018-11-16T08:05:18","date_gmt":"2018-11-16T08:05:18","guid":{"rendered":"https:\/\/www.fundacionyuste.org\/?p=213119"},"modified":"2018-11-16T08:05:18","modified_gmt":"2018-11-16T08:05:18","slug":"yuste-foundation-hosts-the-extremaduran-autonomic-council-of-foundations-meeting","status":"publish","type":"post","link":"https:\/\/www.fundacionyuste.org\/en\/yuste-foundation-hosts-the-extremaduran-autonomic-council-of-foundations-meeting\/","title":{"rendered":"YUSTE FOUNDATION HOSTS THE EXTREMADURAN AUTONOMIC COUNCIL OF FOUNDATIONS\u2019 MEETING"},"content":{"rendered":"<p>[et_pb_section bb_built=&#8221;1&#8243; _builder_version=&#8221;3.0.85&#8243;][et_pb_row _builder_version=&#8221;3.0.47&#8243; background_size=&#8221;initial&#8221; background_position=&#8221;top_left&#8221; background_repeat=&#8221;repeat&#8221;][et_pb_column type=&#8221;1_4&#8243;][et_pb_text admin_label=&#8221;TITULO SECCI\u00d3N&#8221; _builder_version=&#8221;3.0.85&#8243; text_font=&#8221;Muli||||||||&#8221; text_orientation=&#8221;right&#8221; module_alignment=&#8221;right&#8221; custom_padding=&#8221;|20px||&#8221;]<\/p>\n<h1>ACTIVIDADES<\/h1>\n<p>[\/et_pb_text][\/et_pb_column][et_pb_column type=&#8221;3_4&#8243;][et_pb_post_title admin_label=&#8221;T\u00cdTULO DE LA ACTIVIDAD (Autom\u00e1tico)&#8221; meta=&#8221;off&#8221; featured_image=&#8221;off&#8221; _builder_version=&#8221;3.0.85&#8243; title_level=&#8221;h2&#8243; title_font=&#8221;Muli|700||on|||||&#8221; title_font_size=&#8221;20px&#8221; custom_padding=&#8221;6px|||&#8221;]<br \/>\n[\/et_pb_post_title][\/et_pb_column][\/et_pb_row][et_pb_row _builder_version=&#8221;3.0.47&#8243; background_size=&#8221;initial&#8221; background_position=&#8221;top_left&#8221; background_repeat=&#8221;repeat&#8221;][et_pb_column type=&#8221;1_4&#8243;][et_pb_sidebar admin_label=&#8221;MEN\u00da LATERAL&#8221; area=&#8221;et_pb_widget_area_6&#8243; _builder_version=&#8221;3.0.85&#8243; orientation=&#8221;left&#8221; show_border=&#8221;on&#8221; background_layout=&#8221;light&#8221;]<br \/>\n[\/et_pb_sidebar][\/et_pb_column][et_pb_column type=&#8221;3_4&#8243;][et_pb_text admin_label=&#8221;CONTENIDO DE LA ACTIVIDAD&#8221; _builder_version=&#8221;3.0.85&#8243; text_font=&#8221;Muli||||||||&#8221; text_text_color=&#8221;#262626&#8243; header_font=&#8221;Muli||||||||&#8221; header_font_size=&#8221;22px&#8221; header_2_font=&#8221;Muli||||||||&#8221; header_3_font=&#8221;Muli||||||||&#8221; header_4_font=&#8221;Muli||||||||&#8221; header_5_font=&#8221;Muli||||||||&#8221; header_6_font=&#8221;Muli||||||||&#8221; background_layout=&#8221;light&#8221;]<\/p>\n<p><strong>In M\u00e9rida, on 6 November 2018<\/strong><\/p>\n<p><img decoding=\"async\" loading=\"lazy\" class=\"wp-image-213031 size-medium alignleft\" src=\"https:\/\/www.fundacionyuste.org\/wp-content\/uploads\/2018\/11\/CONSEJO-AUTONOMICO-FUNDACIONES-EXTREMADURA-300x251.jpg\" alt=\"\" width=\"300\" height=\"251\" srcset=\"https:\/\/www.fundacionyuste.org\/wp-content\/uploads\/2018\/11\/CONSEJO-AUTONOMICO-FUNDACIONES-EXTREMADURA-300x251.jpg 300w, https:\/\/www.fundacionyuste.org\/wp-content\/uploads\/2018\/11\/CONSEJO-AUTONOMICO-FUNDACIONES-EXTREMADURA-768x644.jpg 768w, https:\/\/www.fundacionyuste.org\/wp-content\/uploads\/2018\/11\/CONSEJO-AUTONOMICO-FUNDACIONES-EXTREMADURA.jpg 940w\" sizes=\"(max-width: 300px) 100vw, 300px\" \/><\/p>\n<p align=\"justify\">The European and Ibero-American Academy of Yuste Foundation hosted the encounter of the Extremaduran Autonomic Council of Foundations of the Spanish Association of Foundations (AEF). This encounter has become a forum where the challenges faced by civil society to create new action strategies to continue improving people\u2019s lives have been analysed.<\/p>\n<p align=\"justify\">The Director of the European and Ibero-American Academy of Yuste Foundation, Juan Carlos Moreno Pi\u00f1ero; the Director-General of the Spanish Association of Foundations (AEF), Silverio Agea, and the President of the Extremaduran Autonomic Council of Foundations, Luis Acha Iturmendi, have participated in the opening session.<\/p>\n<p align=\"justify\">Digital transformation, social innovation, citizen involvement, transparency, collaboration and impact, are some of the great challenges faced by civil society that have been analysed in a session that also intended to strengthen the sector and enable an exchange of experiences among these non-profit organisations.<\/p>\n<p align=\"justify\">Initiatives, works and innovations of the AEF as of the foundational sector have been dealt with during the session. The meeting included Carmen Garc\u00eda de Andr\u00e9s\u2019 speech entitled, \u201cCollaboration Among Foundations and Businesses\u201d, where she tackled the keys of this working technique, from the foundation\u2019s point of view as well as the businesses\u2019 in a participative meeting were all representatives had the chance to share knowledge, questions and doubts.<\/p>\n<p align=\"justify\">Since its creation on 2 February 2006, the Extremaduran Autonomic Council of Foundations of the AEF regularly meets in order to:<\/p>\n<ul>\n<li>Create foundation networks to work more efficiently taking advantage of synergies: coordinate, strengthen and give visibility to the sector.<\/li>\n<li>Represent the interests of the sector at the Autonomic Administrations of Extremadura.<\/li>\n<li>Provide closer services to the associated foundations.<\/li>\n<\/ul>\n<p>Data of the foundational sector in Extremadura<\/p>\n<ul>\n<li>It comprises 144 foundations.<\/li>\n<li>The foundational sector in Extremadura employs 361 people, which represents 0,6% of employment in the Spanish foundational sector.<\/li>\n<li>The number of beneficiaries in the foundational sector of Extremadura is 207.874, which represents 0,5% of the Spanish beneficiaries.<\/li>\n<li>The gross value added of the Autonomous Community of Extremadura\u2019s foundational sector is 73 million EUR, which represents 2,3% of the Spanish foundational sector\u2019s GAV (3.089 million EUR). (Data from 2014).<\/li>\n<\/ul>\n<p>&nbsp;<\/p>\n<p>&nbsp;<\/p>\n<p>[\/et_pb_text][et_pb_tabs admin_label=&#8221;CONTENIDO EN PESTA\u00d1AS &#8221; active_tab_background_color=&#8221;#368e00&#8243; inactive_tab_background_color=&#8221;#e09900&#8243; _builder_version=&#8221;3.0.85&#8243; tab_font=&#8221;Muli|600||on|||||&#8221; custom_margin=&#8221;||40px|&#8221;] [et_pb_tab title=&#8221;Documents&#8221; _builder_version=&#8221;3.0.85&#8243; tab_font=&#8221;||||||||&#8221; body_font=&#8221;Muli||||||||&#8221; use_background_color_gradient=&#8221;off&#8221; background_color_gradient_start=&#8221;#2b87da&#8221; background_color_gradient_end=&#8221;#29c4a9&#8243; background_color_gradient_type=&#8221;linear&#8221; background_color_gradient_direction=&#8221;180deg&#8221; background_color_gradient_direction_radial=&#8221;center&#8221; background_color_gradient_start_position=&#8221;0%&#8221; background_color_gradient_end_position=&#8221;100%&#8221; parallax=&#8221;off&#8221; parallax_method=&#8221;on&#8221; background_size=&#8221;cover&#8221; background_position=&#8221;center&#8221; background_repeat=&#8221;no-repeat&#8221; background_blend=&#8221;normal&#8221; allow_player_pause=&#8221;off&#8221; tab_text_shadow_style=&#8221;none&#8221; tab_text_shadow_color=&#8221;rgba(0,0,0,0.4)&#8221; body_text_shadow_style=&#8221;none&#8221; body_text_shadow_color=&#8221;rgba(0,0,0,0.4)&#8221;]<\/p>\n<p><img decoding=\"async\" loading=\"lazy\" class=\"wp-image-206700 alignnone\" src=\"https:\/\/www.fundacionyuste.org\/wp-content\/uploads\/2018\/02\/012-file.png\" alt=\"\" width=\"20\" height=\"20\" \/><a href=\"https:\/\/www.fundacionyuste.org\/wp-content\/uploads\/2018\/11\/C_AUTON_FUND_EXTR_v2.pdf\"><strong> PROGRAMA DEL CURSO<\/strong><\/a><\/p>\n<p>&nbsp;<\/p>\n<p>&nbsp;<\/p>\n<p>[\/et_pb_tab][et_pb_tab title=&#8221;News&#8221; _builder_version=&#8221;3.0.85&#8243; tab_font=&#8221;||||||||&#8221; body_font=&#8221;||||||||&#8221; use_background_color_gradient=&#8221;off&#8221; background_color_gradient_start=&#8221;#2b87da&#8221; background_color_gradient_end=&#8221;#29c4a9&#8243; background_color_gradient_type=&#8221;linear&#8221; background_color_gradient_direction=&#8221;180deg&#8221; background_color_gradient_direction_radial=&#8221;center&#8221; background_color_gradient_start_position=&#8221;0%&#8221; background_color_gradient_end_position=&#8221;100%&#8221; parallax=&#8221;off&#8221; parallax_method=&#8221;on&#8221; background_size=&#8221;cover&#8221; background_position=&#8221;center&#8221; background_repeat=&#8221;no-repeat&#8221; background_blend=&#8221;normal&#8221; allow_player_pause=&#8221;off&#8221; tab_text_shadow_style=&#8221;none&#8221; tab_text_shadow_color=&#8221;rgba(0,0,0,0.4)&#8221; body_text_shadow_style=&#8221;none&#8221; body_text_shadow_color=&#8221;rgba(0,0,0,0.4)&#8221;]<\/p>\n<p>&nbsp;<\/p>\n<p>&nbsp;<\/p>\n<p>[\/et_pb_tab][et_pb_tab title=&#8221; Photographs&#8221; _builder_version=&#8221;3.0.85&#8243; tab_font=&#8221;Muli||||||||&#8221; body_font=&#8221;||||||||&#8221; custom_padding=&#8221;6px|0px|0px|0px&#8221; custom_padding_tablet=&#8221;6px|0px|0px|0px&#8221; custom_padding_phone=&#8221;6px|0px|0px|0px&#8221; custom_css_main_element=&#8221;margin-top: -8px; padding; 0px;&#8221; use_background_color_gradient=&#8221;off&#8221; background_color_gradient_start=&#8221;#2b87da&#8221; background_color_gradient_end=&#8221;#29c4a9&#8243; background_color_gradient_type=&#8221;linear&#8221; background_color_gradient_direction=&#8221;180deg&#8221; background_color_gradient_direction_radial=&#8221;center&#8221; background_color_gradient_start_position=&#8221;0%&#8221; background_color_gradient_end_position=&#8221;100%&#8221; parallax=&#8221;off&#8221; parallax_method=&#8221;on&#8221; background_size=&#8221;cover&#8221; background_position=&#8221;center&#8221; background_repeat=&#8221;no-repeat&#8221; background_blend=&#8221;normal&#8221; allow_player_pause=&#8221;off&#8221; tab_text_shadow_style=&#8221;none&#8221; tab_text_shadow_color=&#8221;rgba(0,0,0,0.4)&#8221; body_text_shadow_style=&#8221;none&#8221; body_text_shadow_color=&#8221;rgba(0,0,0,0.4)&#8221;]<\/p>\n<p>&nbsp;<\/p>\n\n\t\t<style type=\"text\/css\">\n\t\t\t#gallery-1 {\n\t\t\t\tmargin: auto;\n\t\t\t}\n\t\t\t#gallery-1 .gallery-item {\n\t\t\t\tfloat: left;\n\t\t\t\tmargin-top: 10px;\n\t\t\t\ttext-align: center;\n\t\t\t\twidth: 33%;\n\t\t\t}\n\t\t\t#gallery-1 img {\n\t\t\t\tborder: 2px solid #cfcfcf;\n\t\t\t}\n\t\t\t#gallery-1 .gallery-caption {\n\t\t\t\tmargin-left: 0;\n\t\t\t}\n\t\t\t\/* see gallery_shortcode() in wp-includes\/media.php *\/\n\t\t<\/style>\n\t\t<div id='gallery-1' class='gallery galleryid-213119 gallery-columns-3 gallery-size-thumbnail'><dl class='gallery-item'>\n\t\t\t<dt class='gallery-icon landscape'>\n\t\t\t\t<a href='https:\/\/www.fundacionyuste.org\/wp-content\/uploads\/2018\/11\/WhatsApp-Image-2018-11-06-at-14.11.12-1-1024x768.jpeg' title=\"\" data-rl_title=\"\" class=\"rl-gallery-link\" data-rl_caption=\"\" data-rel=\"lightbox-gallery-1\"><img width=\"150\" height=\"150\" src=\"https:\/\/www.fundacionyuste.org\/wp-content\/uploads\/2018\/11\/WhatsApp-Image-2018-11-06-at-14.11.12-1-150x150.jpeg\" class=\"attachment-thumbnail size-thumbnail\" alt=\"\" decoding=\"async\" loading=\"lazy\" srcset=\"https:\/\/www.fundacionyuste.org\/wp-content\/uploads\/2018\/11\/WhatsApp-Image-2018-11-06-at-14.11.12-1-150x150.jpeg 150w, https:\/\/www.fundacionyuste.org\/wp-content\/uploads\/2018\/11\/WhatsApp-Image-2018-11-06-at-14.11.12-1-300x300.jpeg 300w, https:\/\/www.fundacionyuste.org\/wp-content\/uploads\/2018\/11\/WhatsApp-Image-2018-11-06-at-14.11.12-1-440x440.jpeg 440w\" sizes=\"(max-width: 150px) 100vw, 150px\" \/><\/a>\n\t\t\t<\/dt><\/dl><dl class='gallery-item'>\n\t\t\t<dt class='gallery-icon landscape'>\n\t\t\t\t<a href='https:\/\/www.fundacionyuste.org\/wp-content\/uploads\/2018\/11\/WhatsApp-Image-2018-11-06-at-11.52.50-1-1024x576.jpeg' title=\"\" data-rl_title=\"\" class=\"rl-gallery-link\" data-rl_caption=\"\" data-rel=\"lightbox-gallery-1\"><img width=\"150\" height=\"150\" src=\"https:\/\/www.fundacionyuste.org\/wp-content\/uploads\/2018\/11\/WhatsApp-Image-2018-11-06-at-11.52.50-1-150x150.jpeg\" class=\"attachment-thumbnail size-thumbnail\" alt=\"\" decoding=\"async\" loading=\"lazy\" srcset=\"https:\/\/www.fundacionyuste.org\/wp-content\/uploads\/2018\/11\/WhatsApp-Image-2018-11-06-at-11.52.50-1-150x150.jpeg 150w, https:\/\/www.fundacionyuste.org\/wp-content\/uploads\/2018\/11\/WhatsApp-Image-2018-11-06-at-11.52.50-1-300x300.jpeg 300w, https:\/\/www.fundacionyuste.org\/wp-content\/uploads\/2018\/11\/WhatsApp-Image-2018-11-06-at-11.52.50-1-440x440.jpeg 440w\" sizes=\"(max-width: 150px) 100vw, 150px\" \/><\/a>\n\t\t\t<\/dt><\/dl><dl class='gallery-item'>\n\t\t\t<dt class='gallery-icon landscape'>\n\t\t\t\t<a href='https:\/\/www.fundacionyuste.org\/wp-content\/uploads\/2018\/11\/WhatsApp-Image-2018-11-06-at-11.52.50-2-1024x576.jpeg' title=\"\" data-rl_title=\"\" class=\"rl-gallery-link\" data-rl_caption=\"\" data-rel=\"lightbox-gallery-1\"><img width=\"150\" height=\"150\" src=\"https:\/\/www.fundacionyuste.org\/wp-content\/uploads\/2018\/11\/WhatsApp-Image-2018-11-06-at-11.52.50-2-150x150.jpeg\" class=\"attachment-thumbnail size-thumbnail\" alt=\"\" decoding=\"async\" loading=\"lazy\" srcset=\"https:\/\/www.fundacionyuste.org\/wp-content\/uploads\/2018\/11\/WhatsApp-Image-2018-11-06-at-11.52.50-2-150x150.jpeg 150w, https:\/\/www.fundacionyuste.org\/wp-content\/uploads\/2018\/11\/WhatsApp-Image-2018-11-06-at-11.52.50-2-300x300.jpeg 300w, https:\/\/www.fundacionyuste.org\/wp-content\/uploads\/2018\/11\/WhatsApp-Image-2018-11-06-at-11.52.50-2-440x440.jpeg 440w\" sizes=\"(max-width: 150px) 100vw, 150px\" \/><\/a>\n\t\t\t<\/dt><\/dl><br style=\"clear: both\" \/><dl class='gallery-item'>\n\t\t\t<dt class='gallery-icon landscape'>\n\t\t\t\t<a href='https:\/\/www.fundacionyuste.org\/wp-content\/uploads\/2018\/11\/WhatsApp-Image-2018-11-06-at-11.52.50-3-1024x576.jpeg' title=\"\" data-rl_title=\"\" class=\"rl-gallery-link\" data-rl_caption=\"\" data-rel=\"lightbox-gallery-1\"><img width=\"150\" height=\"150\" src=\"https:\/\/www.fundacionyuste.org\/wp-content\/uploads\/2018\/11\/WhatsApp-Image-2018-11-06-at-11.52.50-3-150x150.jpeg\" class=\"attachment-thumbnail size-thumbnail\" alt=\"\" decoding=\"async\" loading=\"lazy\" srcset=\"https:\/\/www.fundacionyuste.org\/wp-content\/uploads\/2018\/11\/WhatsApp-Image-2018-11-06-at-11.52.50-3-150x150.jpeg 150w, https:\/\/www.fundacionyuste.org\/wp-content\/uploads\/2018\/11\/WhatsApp-Image-2018-11-06-at-11.52.50-3-300x300.jpeg 300w, https:\/\/www.fundacionyuste.org\/wp-content\/uploads\/2018\/11\/WhatsApp-Image-2018-11-06-at-11.52.50-3-440x440.jpeg 440w\" sizes=\"(max-width: 150px) 100vw, 150px\" \/><\/a>\n\t\t\t<\/dt><\/dl><dl class='gallery-item'>\n\t\t\t<dt class='gallery-icon landscape'>\n\t\t\t\t<a href='https:\/\/www.fundacionyuste.org\/wp-content\/uploads\/2018\/11\/WhatsApp-Image-2018-11-06-at-11.52.50-5-1024x576.jpeg' title=\"\" data-rl_title=\"\" class=\"rl-gallery-link\" data-rl_caption=\"\" data-rel=\"lightbox-gallery-1\"><img width=\"150\" height=\"150\" src=\"https:\/\/www.fundacionyuste.org\/wp-content\/uploads\/2018\/11\/WhatsApp-Image-2018-11-06-at-11.52.50-5-150x150.jpeg\" class=\"attachment-thumbnail size-thumbnail\" alt=\"\" decoding=\"async\" loading=\"lazy\" srcset=\"https:\/\/www.fundacionyuste.org\/wp-content\/uploads\/2018\/11\/WhatsApp-Image-2018-11-06-at-11.52.50-5-150x150.jpeg 150w, https:\/\/www.fundacionyuste.org\/wp-content\/uploads\/2018\/11\/WhatsApp-Image-2018-11-06-at-11.52.50-5-300x300.jpeg 300w, https:\/\/www.fundacionyuste.org\/wp-content\/uploads\/2018\/11\/WhatsApp-Image-2018-11-06-at-11.52.50-5-440x440.jpeg 440w\" sizes=\"(max-width: 150px) 100vw, 150px\" \/><\/a>\n\t\t\t<\/dt><\/dl><dl class='gallery-item'>\n\t\t\t<dt class='gallery-icon landscape'>\n\t\t\t\t<a href='https:\/\/www.fundacionyuste.org\/wp-content\/uploads\/2018\/11\/WhatsApp-Image-2018-11-06-at-11.52.50-6-1024x576.jpeg' title=\"\" data-rl_title=\"\" class=\"rl-gallery-link\" data-rl_caption=\"\" data-rel=\"lightbox-gallery-1\"><img width=\"150\" height=\"150\" src=\"https:\/\/www.fundacionyuste.org\/wp-content\/uploads\/2018\/11\/WhatsApp-Image-2018-11-06-at-11.52.50-6-150x150.jpeg\" class=\"attachment-thumbnail size-thumbnail\" alt=\"\" decoding=\"async\" loading=\"lazy\" srcset=\"https:\/\/www.fundacionyuste.org\/wp-content\/uploads\/2018\/11\/WhatsApp-Image-2018-11-06-at-11.52.50-6-150x150.jpeg 150w, https:\/\/www.fundacionyuste.org\/wp-content\/uploads\/2018\/11\/WhatsApp-Image-2018-11-06-at-11.52.50-6-300x300.jpeg 300w, https:\/\/www.fundacionyuste.org\/wp-content\/uploads\/2018\/11\/WhatsApp-Image-2018-11-06-at-11.52.50-6-440x440.jpeg 440w\" sizes=\"(max-width: 150px) 100vw, 150px\" \/><\/a>\n\t\t\t<\/dt><\/dl><br style=\"clear: both\" \/><dl class='gallery-item'>\n\t\t\t<dt class='gallery-icon landscape'>\n\t\t\t\t<a href='https:\/\/www.fundacionyuste.org\/wp-content\/uploads\/2018\/11\/WhatsApp-Image-2018-11-06-at-11.53.14-1024x768.jpeg' title=\"\" data-rl_title=\"\" class=\"rl-gallery-link\" data-rl_caption=\"\" data-rel=\"lightbox-gallery-1\"><img width=\"150\" height=\"150\" src=\"https:\/\/www.fundacionyuste.org\/wp-content\/uploads\/2018\/11\/WhatsApp-Image-2018-11-06-at-11.53.14-150x150.jpeg\" class=\"attachment-thumbnail size-thumbnail\" alt=\"\" decoding=\"async\" loading=\"lazy\" srcset=\"https:\/\/www.fundacionyuste.org\/wp-content\/uploads\/2018\/11\/WhatsApp-Image-2018-11-06-at-11.53.14-150x150.jpeg 150w, https:\/\/www.fundacionyuste.org\/wp-content\/uploads\/2018\/11\/WhatsApp-Image-2018-11-06-at-11.53.14-300x300.jpeg 300w, https:\/\/www.fundacionyuste.org\/wp-content\/uploads\/2018\/11\/WhatsApp-Image-2018-11-06-at-11.53.14-440x440.jpeg 440w\" sizes=\"(max-width: 150px) 100vw, 150px\" \/><\/a>\n\t\t\t<\/dt><\/dl><dl class='gallery-item'>\n\t\t\t<dt class='gallery-icon landscape'>\n\t\t\t\t<a href='https:\/\/www.fundacionyuste.org\/wp-content\/uploads\/2018\/11\/WhatsApp-Image-2018-11-06-at-11.53.12-1024x768.jpeg' title=\"\" data-rl_title=\"\" class=\"rl-gallery-link\" data-rl_caption=\"\" data-rel=\"lightbox-gallery-1\"><img width=\"150\" height=\"150\" src=\"https:\/\/www.fundacionyuste.org\/wp-content\/uploads\/2018\/11\/WhatsApp-Image-2018-11-06-at-11.53.12-150x150.jpeg\" class=\"attachment-thumbnail size-thumbnail\" alt=\"\" decoding=\"async\" loading=\"lazy\" srcset=\"https:\/\/www.fundacionyuste.org\/wp-content\/uploads\/2018\/11\/WhatsApp-Image-2018-11-06-at-11.53.12-150x150.jpeg 150w, https:\/\/www.fundacionyuste.org\/wp-content\/uploads\/2018\/11\/WhatsApp-Image-2018-11-06-at-11.53.12-300x300.jpeg 300w, https:\/\/www.fundacionyuste.org\/wp-content\/uploads\/2018\/11\/WhatsApp-Image-2018-11-06-at-11.53.12-440x440.jpeg 440w\" sizes=\"(max-width: 150px) 100vw, 150px\" \/><\/a>\n\t\t\t<\/dt><\/dl><dl class='gallery-item'>\n\t\t\t<dt class='gallery-icon landscape'>\n\t\t\t\t<a href='https:\/\/www.fundacionyuste.org\/wp-content\/uploads\/2018\/11\/WhatsApp-Image-2018-11-06-at-11.52.50-8-1024x576.jpeg' title=\"\" data-rl_title=\"\" class=\"rl-gallery-link\" data-rl_caption=\"\" data-rel=\"lightbox-gallery-1\"><img width=\"150\" height=\"150\" src=\"https:\/\/www.fundacionyuste.org\/wp-content\/uploads\/2018\/11\/WhatsApp-Image-2018-11-06-at-11.52.50-8-150x150.jpeg\" class=\"attachment-thumbnail size-thumbnail\" alt=\"\" decoding=\"async\" loading=\"lazy\" srcset=\"https:\/\/www.fundacionyuste.org\/wp-content\/uploads\/2018\/11\/WhatsApp-Image-2018-11-06-at-11.52.50-8-150x150.jpeg 150w, https:\/\/www.fundacionyuste.org\/wp-content\/uploads\/2018\/11\/WhatsApp-Image-2018-11-06-at-11.52.50-8-300x300.jpeg 300w, https:\/\/www.fundacionyuste.org\/wp-content\/uploads\/2018\/11\/WhatsApp-Image-2018-11-06-at-11.52.50-8-440x440.jpeg 440w\" sizes=\"(max-width: 150px) 100vw, 150px\" \/><\/a>\n\t\t\t<\/dt><\/dl><br style=\"clear: both\" \/><dl class='gallery-item'>\n\t\t\t<dt class='gallery-icon landscape'>\n\t\t\t\t<a href='https:\/\/www.fundacionyuste.org\/wp-content\/uploads\/2018\/11\/WhatsApp-Image-2018-11-06-at-11.52.50-7-1024x576.jpeg' title=\"\" data-rl_title=\"\" class=\"rl-gallery-link\" data-rl_caption=\"\" data-rel=\"lightbox-gallery-1\"><img width=\"150\" height=\"150\" src=\"https:\/\/www.fundacionyuste.org\/wp-content\/uploads\/2018\/11\/WhatsApp-Image-2018-11-06-at-11.52.50-7-150x150.jpeg\" class=\"attachment-thumbnail size-thumbnail\" alt=\"\" decoding=\"async\" loading=\"lazy\" srcset=\"https:\/\/www.fundacionyuste.org\/wp-content\/uploads\/2018\/11\/WhatsApp-Image-2018-11-06-at-11.52.50-7-150x150.jpeg 150w, https:\/\/www.fundacionyuste.org\/wp-content\/uploads\/2018\/11\/WhatsApp-Image-2018-11-06-at-11.52.50-7-300x300.jpeg 300w, https:\/\/www.fundacionyuste.org\/wp-content\/uploads\/2018\/11\/WhatsApp-Image-2018-11-06-at-11.52.50-7-440x440.jpeg 440w\" sizes=\"(max-width: 150px) 100vw, 150px\" \/><\/a>\n\t\t\t<\/dt><\/dl><dl class='gallery-item'>\n\t\t\t<dt class='gallery-icon landscape'>\n\t\t\t\t<a href='https:\/\/www.fundacionyuste.org\/wp-content\/uploads\/2018\/11\/WhatsApp-Image-2018-11-06-at-11.53.16-1024x768.jpeg' title=\"\" data-rl_title=\"\" class=\"rl-gallery-link\" data-rl_caption=\"\" data-rel=\"lightbox-gallery-1\"><img width=\"150\" height=\"150\" src=\"https:\/\/www.fundacionyuste.org\/wp-content\/uploads\/2018\/11\/WhatsApp-Image-2018-11-06-at-11.53.16-150x150.jpeg\" class=\"attachment-thumbnail size-thumbnail\" alt=\"\" decoding=\"async\" loading=\"lazy\" srcset=\"https:\/\/www.fundacionyuste.org\/wp-content\/uploads\/2018\/11\/WhatsApp-Image-2018-11-06-at-11.53.16-150x150.jpeg 150w, https:\/\/www.fundacionyuste.org\/wp-content\/uploads\/2018\/11\/WhatsApp-Image-2018-11-06-at-11.53.16-300x300.jpeg 300w, https:\/\/www.fundacionyuste.org\/wp-content\/uploads\/2018\/11\/WhatsApp-Image-2018-11-06-at-11.53.16-440x440.jpeg 440w\" sizes=\"(max-width: 150px) 100vw, 150px\" \/><\/a>\n\t\t\t<\/dt><\/dl><dl class='gallery-item'>\n\t\t\t<dt class='gallery-icon landscape'>\n\t\t\t\t<a href='https:\/\/www.fundacionyuste.org\/wp-content\/uploads\/2018\/11\/WhatsApp-Image-2018-11-06-at-11.53.24-1024x768.jpeg' title=\"\" data-rl_title=\"\" class=\"rl-gallery-link\" data-rl_caption=\"\" data-rel=\"lightbox-gallery-1\"><img width=\"150\" height=\"150\" src=\"https:\/\/www.fundacionyuste.org\/wp-content\/uploads\/2018\/11\/WhatsApp-Image-2018-11-06-at-11.53.24-150x150.jpeg\" class=\"attachment-thumbnail size-thumbnail\" alt=\"\" decoding=\"async\" loading=\"lazy\" srcset=\"https:\/\/www.fundacionyuste.org\/wp-content\/uploads\/2018\/11\/WhatsApp-Image-2018-11-06-at-11.53.24-150x150.jpeg 150w, https:\/\/www.fundacionyuste.org\/wp-content\/uploads\/2018\/11\/WhatsApp-Image-2018-11-06-at-11.53.24-300x300.jpeg 300w, https:\/\/www.fundacionyuste.org\/wp-content\/uploads\/2018\/11\/WhatsApp-Image-2018-11-06-at-11.53.24-440x440.jpeg 440w\" sizes=\"(max-width: 150px) 100vw, 150px\" \/><\/a>\n\t\t\t<\/dt><\/dl><br style=\"clear: both\" \/><dl class='gallery-item'>\n\t\t\t<dt class='gallery-icon landscape'>\n\t\t\t\t<a href='https:\/\/www.fundacionyuste.org\/wp-content\/uploads\/2018\/11\/WhatsApp-Image-2018-11-06-at-11.53.26-1-1024x768.jpeg' title=\"\" data-rl_title=\"\" class=\"rl-gallery-link\" data-rl_caption=\"\" data-rel=\"lightbox-gallery-1\"><img width=\"150\" height=\"150\" src=\"https:\/\/www.fundacionyuste.org\/wp-content\/uploads\/2018\/11\/WhatsApp-Image-2018-11-06-at-11.53.26-1-150x150.jpeg\" class=\"attachment-thumbnail size-thumbnail\" alt=\"\" decoding=\"async\" loading=\"lazy\" srcset=\"https:\/\/www.fundacionyuste.org\/wp-content\/uploads\/2018\/11\/WhatsApp-Image-2018-11-06-at-11.53.26-1-150x150.jpeg 150w, https:\/\/www.fundacionyuste.org\/wp-content\/uploads\/2018\/11\/WhatsApp-Image-2018-11-06-at-11.53.26-1-300x300.jpeg 300w, https:\/\/www.fundacionyuste.org\/wp-content\/uploads\/2018\/11\/WhatsApp-Image-2018-11-06-at-11.53.26-1-440x440.jpeg 440w\" sizes=\"(max-width: 150px) 100vw, 150px\" \/><\/a>\n\t\t\t<\/dt><\/dl><dl class='gallery-item'>\n\t\t\t<dt class='gallery-icon landscape'>\n\t\t\t\t<a href='https:\/\/www.fundacionyuste.org\/wp-content\/uploads\/2018\/11\/WhatsApp-Image-2018-11-06-at-11.53.26-1024x768.jpeg' title=\"\" data-rl_title=\"\" class=\"rl-gallery-link\" data-rl_caption=\"\" data-rel=\"lightbox-gallery-1\"><img width=\"150\" height=\"150\" src=\"https:\/\/www.fundacionyuste.org\/wp-content\/uploads\/2018\/11\/WhatsApp-Image-2018-11-06-at-11.53.26-150x150.jpeg\" class=\"attachment-thumbnail size-thumbnail\" alt=\"\" decoding=\"async\" loading=\"lazy\" srcset=\"https:\/\/www.fundacionyuste.org\/wp-content\/uploads\/2018\/11\/WhatsApp-Image-2018-11-06-at-11.53.26-150x150.jpeg 150w, https:\/\/www.fundacionyuste.org\/wp-content\/uploads\/2018\/11\/WhatsApp-Image-2018-11-06-at-11.53.26-300x300.jpeg 300w, https:\/\/www.fundacionyuste.org\/wp-content\/uploads\/2018\/11\/WhatsApp-Image-2018-11-06-at-11.53.26-440x440.jpeg 440w\" sizes=\"(max-width: 150px) 100vw, 150px\" \/><\/a>\n\t\t\t<\/dt><\/dl>\n\t\t\t<br style='clear: both' \/>\n\t\t<\/div>\n\n<h3><\/h3>\n<p>&nbsp;<\/p>\n<p>[\/et_pb_tab] [\/et_pb_tabs][\/et_pb_column][\/et_pb_row][\/et_pb_section]<\/p>\n","protected":false},"excerpt":{"rendered":"<p>ACTIVIDADES In M\u00e9rida, on 6 November 2018 The European and Ibero-American Academy of Yuste Foundation hosted the encounter of the Extremaduran Autonomic Council of Foundations of the Spanish Association of Foundations (AEF). This encounter has become a forum where the challenges faced by civil society to create new action strategies to continue improving people\u2019s lives [&hellip;]<\/p>\n","protected":false},"author":3,"featured_media":213031,"comment_status":"closed","ping_status":"closed","sticky":false,"template":"","format":"standard","meta":{"_et_pb_use_builder":"on","_et_pb_old_content":"<p>[et_pb_section bb_built=\"1\" _builder_version=\"3.0.85\"][et_pb_row _builder_version=\"3.0.47\" background_size=\"initial\" background_position=\"top_left\" background_repeat=\"repeat\"][et_pb_column type=\"1_4\"][et_pb_text admin_label=\"TITULO SECCI\u00d3N\" _builder_version=\"3.0.85\" text_font=\"Muli||||||||\" text_orientation=\"right\" module_alignment=\"right\" custom_padding=\"|20px||\"]<\/p><h1>ACTIVIDADES<\/h1><p>[\/et_pb_text][\/et_pb_column][et_pb_column type=\"3_4\"][et_pb_post_title admin_label=\"T\u00cdTULO DE LA ACTIVIDAD (Autom\u00e1tico)\" meta=\"off\" featured_image=\"off\" _builder_version=\"3.0.85\" title_level=\"h2\" title_font=\"Muli|700||on|||||\" title_font_size=\"20px\" custom_padding=\"6px|||\"]<\/p><p>\u00a0<\/p><p>[\/et_pb_post_title][\/et_pb_column][\/et_pb_row][et_pb_row _builder_version=\"3.0.47\" background_size=\"initial\" background_position=\"top_left\" background_repeat=\"repeat\"][et_pb_column type=\"1_4\"][et_pb_sidebar admin_label=\"MEN\u00da LATERAL\" area=\"et_pb_widget_area_6\" _builder_version=\"3.0.85\" orientation=\"left\" show_border=\"on\" background_layout=\"light\"]<\/p><p>\u00a0<\/p><p>[\/et_pb_sidebar][\/et_pb_column][et_pb_column type=\"3_4\"][et_pb_text admin_label=\"CONTENIDO DE LA ACTIVIDAD\" _builder_version=\"3.0.85\" text_font=\"Muli||||||||\" text_text_color=\"#262626\" header_font=\"Muli||||||||\" header_font_size=\"22px\" header_2_font=\"Muli||||||||\" header_3_font=\"Muli||||||||\" header_4_font=\"Muli||||||||\" header_5_font=\"Muli||||||||\" header_6_font=\"Muli||||||||\" background_layout=\"light\"]<\/p><p><strong>M\u00e9rida, 6 de noviembre de 2018<\/strong><\/p><p><img class=\"wp-image-213031 size-medium alignleft\" src=\"https:\/\/www.fundacionyuste.org\/wp-content\/uploads\/2018\/11\/CONSEJO-AUTONOMICO-FUNDACIONES-EXTREMADURA-300x251.jpg\" alt=\"\" width=\"300\" height=\"251\" \/><\/p><p align=\"justify\">La Fundaci\u00f3n Academia Europea e Iberoamericana de Yuste ha acogido la reuni\u00f3n del Consejo Auton\u00f3mico de Fundaciones de Extremadura de la Asociaci\u00f3n Espa\u00f1ola de Fundaciones (AEF). Este encuentro se ha convertido en un foro en el que se han analizado los retos de la sociedad civil para crear nuevas estrategias de actuaci\u00f3n con las que seguir mejorando vida de las personas.<\/p><p align=\"justify\">En la sesi\u00f3n inaugural han participado el director de la Fundaci\u00f3n Academia Europea e Iberoamericana de Yuste, Juan Carlos Moreno, el director general de la Asociaci\u00f3n Espa\u00f1ola de Fundaciones (AEF), Silverio Agea, y el presidente de la Asociaci\u00f3n Extreme\u00f1a de Fundaciones, Luis Acha Iturmendi.<\/p><p align=\"justify\">Transformaci\u00f3n digital, innovaci\u00f3n social, implicaci\u00f3n del ciudadano, transparencia, colaboraci\u00f3n e impacto, son algunos de los grandes retos de la sociedad civil que se han analizado en una jornada que tambi\u00e9n busca fortalecer el sector y facilitar el intercambio de experiencias entre estas entidades no lucrativas.<\/p><p align=\"justify\">Durante la sesi\u00f3n se han tratado iniciativas, trabajos y novedades de la AEF, as\u00ed como del sector fundacional. La convocatoria incluy\u00f3 la <strong>charla <\/strong>\u2018Colaboraci\u00f3n entre fundaciones y empresas\u2019, en la que Carmen Garc\u00eda de Andr\u00e9s ha hablado de las claves de esta forma de trabajo, tanto desde el punto de vista de la fundaci\u00f3n como del de la empresa, en un encuentro participativo en el que habr\u00e1 oportunidad de compartir conocimiento, preguntas y dudas.<\/p><p align=\"justify\">Desde su creaci\u00f3n el 2 de febrero de 2006, el Consejo Auton\u00f3mico de Fundaciones de Extremadura de la AEF se re\u00fane peri\u00f3dicamente para:<\/p><ul><li>Crear redes de fundaciones para trabajar de forma m\u00e1s eficiente aprovechando las sinergias: articular, fortalecer y dar visibilidad al sector.<\/li><li>Representar los intereses del sector ante las Administraciones Auton\u00f3micas de Extremadura.<\/li><li>Prestar servicios m\u00e1s pr\u00f3ximos a las fundaciones asociadas.<\/li><\/ul><p>Datos del sector fundacional en Extremadura<\/p><ul><li>Est\u00e1 formado por 144 fundaciones.<\/li><li>El sector fundacional en Extremadura emplea a 361 personas, lo que representa el 0,6 % del empleo en el sector fundacional espa\u00f1ol.<\/li><li>El n\u00famero de beneficiarios del sector fundacional en Extremadura es de 207.874, lo que representa el 0,5% de los beneficiarios espa\u00f1oles.<\/li><li>El valor a\u00f1adido bruto del sector fundacional de la Comunidad Aut\u00f3noma de Extremadura es de 73 millones de \u20ac, lo que representa el 2,3 % del VAB del sector fundacional espa\u00f1ol (3.089m\u20ac). (Datos 2014)<\/li><\/ul><p>[\/et_pb_text][et_pb_tabs admin_label=\"CONTENIDO EN PESTA\u00d1AS \" active_tab_background_color=\"#368e00\" inactive_tab_background_color=\"#e09900\" _builder_version=\"3.0.85\" tab_font=\"Muli|600||on|||||\" custom_margin=\"||40px|\"]<\/p><p>[et_pb_tab title=\"Documentos\" _builder_version=\"3.0.85\" tab_font=\"||||||||\" body_font=\"Muli||||||||\" use_background_color_gradient=\"off\" background_color_gradient_start=\"#2b87da\" background_color_gradient_end=\"#29c4a9\" background_color_gradient_type=\"linear\" background_color_gradient_direction=\"180deg\" background_color_gradient_direction_radial=\"center\" background_color_gradient_start_position=\"0%\" background_color_gradient_end_position=\"100%\" parallax=\"off\" parallax_method=\"on\" background_size=\"cover\" background_position=\"center\" background_repeat=\"no-repeat\" background_blend=\"normal\" allow_player_pause=\"off\" tab_text_shadow_style=\"none\" tab_text_shadow_color=\"rgba(0,0,0,0.4)\" body_text_shadow_style=\"none\" body_text_shadow_color=\"rgba(0,0,0,0.4)\"]<img class=\"wp-image-206700 alignnone\" src=\"https:\/\/www.fundacionyuste.org\/wp-content\/uploads\/2018\/02\/012-file.png\" alt=\"\" width=\"20\" height=\"20\" \/><a href=\"https:\/\/www.fundacionyuste.org\/wp-content\/uploads\/2018\/11\/C_AUTON_FUND_EXTR_v2.pdf\"><strong> PROGRAMA DEL CURSO<\/strong><\/a><\/p><p>[\/et_pb_tab][et_pb_tab title=\"Noticias\" _builder_version=\"3.0.85\" tab_font=\"||||||||\" body_font=\"||||||||\" use_background_color_gradient=\"off\" background_color_gradient_start=\"#2b87da\" background_color_gradient_end=\"#29c4a9\" background_color_gradient_type=\"linear\" background_color_gradient_direction=\"180deg\" background_color_gradient_direction_radial=\"center\" background_color_gradient_start_position=\"0%\" background_color_gradient_end_position=\"100%\" parallax=\"off\" parallax_method=\"on\" background_size=\"cover\" background_position=\"center\" background_repeat=\"no-repeat\" background_blend=\"normal\" allow_player_pause=\"off\" tab_text_shadow_style=\"none\" tab_text_shadow_color=\"rgba(0,0,0,0.4)\" body_text_shadow_style=\"none\" body_text_shadow_color=\"rgba(0,0,0,0.4)\"]<\/p><p>\u00a0<\/p><p>\u00a0<\/p><p>\u00a0<\/p><p>\u00a0<\/p><p>[\/et_pb_tab][et_pb_tab title=\"Fotograf\u00edas\" _builder_version=\"3.0.85\" tab_font=\"Muli||||||||\" body_font=\"||||||||\" custom_padding=\"6px|0px|0px|0px\" custom_padding_tablet=\"6px|0px|0px|0px\" custom_padding_phone=\"6px|0px|0px|0px\" custom_css_main_element=\"margin-top: -8px; padding; 0px;\" use_background_color_gradient=\"off\" background_color_gradient_start=\"#2b87da\" background_color_gradient_end=\"#29c4a9\" background_color_gradient_type=\"linear\" background_color_gradient_direction=\"180deg\" background_color_gradient_direction_radial=\"center\" background_color_gradient_start_position=\"0%\" background_color_gradient_end_position=\"100%\" parallax=\"off\" parallax_method=\"on\" background_size=\"cover\" background_position=\"center\" background_repeat=\"no-repeat\" background_blend=\"normal\" allow_player_pause=\"off\" tab_text_shadow_style=\"none\" tab_text_shadow_color=\"rgba(0,0,0,0.4)\" body_text_shadow_style=\"none\" body_text_shadow_color=\"rgba(0,0,0,0.4)\"]<\/p><p>[gallery ids=\"213051,213036,213037,213038,213040,213041,213046,213045,213043,213042,213047,213048,213049,213050\"]<\/p><h3>\u00a0<\/h3><p>[\/et_pb_tab]<\/p><p>[\/et_pb_tabs][\/et_pb_column][\/et_pb_row][\/et_pb_section]<\/p>","_et_gb_content_width":"","_links_to":"","_links_to_target":""},"categories":[179,182],"tags":[203],"_links":{"self":[{"href":"https:\/\/www.fundacionyuste.org\/en\/wp-json\/wp\/v2\/posts\/213119"}],"collection":[{"href":"https:\/\/www.fundacionyuste.org\/en\/wp-json\/wp\/v2\/posts"}],"about":[{"href":"https:\/\/www.fundacionyuste.org\/en\/wp-json\/wp\/v2\/types\/post"}],"author":[{"embeddable":true,"href":"https:\/\/www.fundacionyuste.org\/en\/wp-json\/wp\/v2\/users\/3"}],"replies":[{"embeddable":true,"href":"https:\/\/www.fundacionyuste.org\/en\/wp-json\/wp\/v2\/comments?post=213119"}],"version-history":[{"count":0,"href":"https:\/\/www.fundacionyuste.org\/en\/wp-json\/wp\/v2\/posts\/213119\/revisions"}],"wp:featuredmedia":[{"embeddable":true,"href":"https:\/\/www.fundacionyuste.org\/en\/wp-json\/wp\/v2\/media\/213031"}],"wp:attachment":[{"href":"https:\/\/www.fundacionyuste.org\/en\/wp-json\/wp\/v2\/media?parent=213119"}],"wp:term":[{"taxonomy":"category","embeddable":true,"href":"https:\/\/www.fundacionyuste.org\/en\/wp-json\/wp\/v2\/categories?post=213119"},{"taxonomy":"post_tag","embeddable":true,"href":"https:\/\/www.fundacionyuste.org\/en\/wp-json\/wp\/v2\/tags?post=213119"}],"curies":[{"name":"wp","href":"https:\/\/api.w.org\/{rel}","templated":true}]}}