{"id":213219,"date":"2018-11-23T10:25:13","date_gmt":"2018-11-23T10:25:13","guid":{"rendered":"https:\/\/www.fundacionyuste.org\/?p=213219"},"modified":"2020-03-02T18:52:06","modified_gmt":"2020-03-02T18:52:06","slug":"yuste-foundation-analyses-the-figure-of-pedro-cieza-de-leon-in-llerena-his-home-town","status":"publish","type":"post","link":"https:\/\/www.fundacionyuste.org\/en\/yuste-foundation-analyses-the-figure-of-pedro-cieza-de-leon-in-llerena-his-home-town\/","title":{"rendered":"YUSTE FOUNDATION ANALYSES THE FIGURE OF PEDRO CIEZA DE LE\u00d3N IN LLERENA, HIS HOME TOWN"},"content":{"rendered":"<p>[et_pb_section bb_built=&#8221;1&#8243; _builder_version=&#8221;3.0.47&#8243; inner_width=&#8221;auto&#8221; inner_max_width=&#8221;none&#8221;][et_pb_row admin_label=&#8221;ENCABEZADOS&#8221; _builder_version=&#8221;3.0.85&#8243; background_size=&#8221;initial&#8221; background_position=&#8221;top_left&#8221; background_repeat=&#8221;repeat&#8221; width=&#8221;90%&#8221; max_width=&#8221;1080px&#8221;][et_pb_column type=&#8221;1_4&#8243; custom_padding__hover=&#8221;|||&#8221; custom_padding=&#8221;|||&#8221;][et_pb_text admin_label=&#8221;TITULO SECCI\u00d3N&#8221; _builder_version=&#8221;3.0.85&#8243; text_font=&#8221;Muli|600|||||||&#8221; text_font_size=&#8221;33px&#8221; text_text_color=&#8221;#7cda24&#8243; text_text_shadow_style=&#8221;preset3&#8243; text_text_shadow_color=&#8221;rgba(0,0,0,0.28)&#8221; header_font=&#8221;Muli||||||||&#8221; header_font_size=&#8221;31px&#8221; header_text_shadow_style=&#8221;preset3&#8243; text_orientation=&#8221;right&#8221; module_alignment=&#8221;right&#8221; custom_padding=&#8221;|20px||&#8221;]<\/p>\n<h1>COMUNICACI\u00d3N<\/h1>\n<p>[\/et_pb_text][\/et_pb_column][et_pb_column type=&#8221;3_4&#8243; custom_padding__hover=&#8221;|||&#8221; custom_padding=&#8221;|||&#8221;][et_pb_post_title admin_label=&#8221;T\u00cdTULO DE LA NOTICIA (Autom\u00e1tico)&#8221; meta=&#8221;off&#8221; featured_image=&#8221;off&#8221; _builder_version=&#8221;3.0.85&#8243; title_level=&#8221;h2&#8243; title_font=&#8221;Muli|700||on|||||&#8221; title_font_size=&#8221;20px&#8221; custom_margin=&#8221;6px|||&#8221; \/][\/et_pb_column][\/et_pb_row][et_pb_row custom_padding=&#8221;3px|0px|0px|0px&#8221; _builder_version=&#8221;3.0.47&#8243; background_size=&#8221;initial&#8221; background_position=&#8221;top_left&#8221; background_repeat=&#8221;repeat&#8221; width=&#8221;90%&#8221; max_width=&#8221;1080px&#8221;][et_pb_column type=&#8221;1_4&#8243; custom_padding__hover=&#8221;|||&#8221; custom_padding=&#8221;|||&#8221;][et_pb_sidebar admin_label=&#8221;MENU LATERAL&#8221; area=&#8221;et_pb_widget_area_5&#8243; _builder_version=&#8221;3.27.4&#8243; text_shadow_horizontal_length=&#8221;text_shadow_style,%91object Object%93&#8243; text_shadow_horizontal_length_tablet=&#8221;0px&#8221; text_shadow_vertical_length=&#8221;text_shadow_style,%91object Object%93&#8243; text_shadow_vertical_length_tablet=&#8221;0px&#8221; text_shadow_blur_strength=&#8221;text_shadow_style,%91object Object%93&#8243; text_shadow_blur_strength_tablet=&#8221;1px&#8221; header_text_shadow_horizontal_length=&#8221;header_text_shadow_style,%91object Object%93&#8243; header_text_shadow_horizontal_length_tablet=&#8221;0px&#8221; header_text_shadow_vertical_length=&#8221;header_text_shadow_style,%91object Object%93&#8243; header_text_shadow_vertical_length_tablet=&#8221;0px&#8221; header_text_shadow_blur_strength=&#8221;header_text_shadow_style,%91object Object%93&#8243; header_text_shadow_blur_strength_tablet=&#8221;1px&#8221; body_text_shadow_horizontal_length=&#8221;body_text_shadow_style,%91object Object%93&#8243; body_text_shadow_horizontal_length_tablet=&#8221;0px&#8221; body_text_shadow_vertical_length=&#8221;body_text_shadow_style,%91object Object%93&#8243; body_text_shadow_vertical_length_tablet=&#8221;0px&#8221; body_text_shadow_blur_strength=&#8221;body_text_shadow_style,%91object Object%93&#8243; body_text_shadow_blur_strength_tablet=&#8221;1px&#8221; box_shadow_horizontal_tablet=&#8221;0px&#8221; box_shadow_vertical_tablet=&#8221;0px&#8221; box_shadow_blur_tablet=&#8221;40px&#8221; box_shadow_spread_tablet=&#8221;0px&#8221; z_index_tablet=&#8221;500&#8243; \/][\/et_pb_column][et_pb_column type=&#8221;3_4&#8243; custom_padding__hover=&#8221;|||&#8221; custom_padding=&#8221;|||&#8221;][et_pb_text admin_label=&#8221;CONTENIDO DE LA NOTICIA&#8221; _builder_version=&#8221;3.0.85&#8243; text_font=&#8221;Muli||||||||&#8221; text_text_color=&#8221;#262626&#8243; header_font=&#8221;Muli||||||||&#8221; header_font_size=&#8221;22px&#8221; header_2_font=&#8221;Muli||||||||&#8221; header_3_font=&#8221;Muli||||||||&#8221; header_4_font=&#8221;Muli||||||||&#8221; header_5_font=&#8221;Muli||||||||&#8221; header_6_font=&#8221;Muli||||||||&#8221; text_orientation=&#8221;justified&#8221; custom_margin=&#8221;8px|||&#8221; text_line_height=&#8221;1.4em&#8221; background_layout=&#8221;light&#8221;]<\/p>\n<p>\n<img decoding=\"async\" loading=\"lazy\" class=\"alignleft wp-image-213212 size-medium\" src=\"https:\/\/www.fundacionyuste.org\/wp-content\/uploads\/2018\/11\/DSCN2053-300x169.jpg\" alt=\"\" width=\"300\" height=\"169\" srcset=\"https:\/\/www.fundacionyuste.org\/wp-content\/uploads\/2018\/11\/DSCN2053-300x169.jpg 300w, https:\/\/www.fundacionyuste.org\/wp-content\/uploads\/2018\/11\/DSCN2053-768x432.jpg 768w, https:\/\/www.fundacionyuste.org\/wp-content\/uploads\/2018\/11\/DSCN2053-1024x576.jpg 1024w, https:\/\/www.fundacionyuste.org\/wp-content\/uploads\/2018\/11\/DSCN2053-1080x607.jpg 1080w, https:\/\/www.fundacionyuste.org\/wp-content\/uploads\/2018\/11\/DSCN2053.jpg 1170w\" sizes=\"(max-width: 300px) 100vw, 300px\" \/><\/p>\n<p><strong>The European and Ibero-American Academy of Yuste Foundation organises the seminar \u201cPedro Cieza de Le\u00f3n. Conquest and Evangelisation of Peru\u201d in order to analyse and place value on this polyhedral character from Llerena on the commemoration of the 5th centenary since his birth.<\/strong><\/p>\n<p>This scientific and academic event opened this morning in Llerena, Pedro Cieza de Le\u00f3n\u2019s home town, and was attended by the General Secretary of Culture, Miriam Garc\u00eda Cabezas; the Mayor of Llerena, Valent\u00edn Cort\u00e9s, and the Academic Director of the European and Ibero-American Academy of Yuste Foundation, C\u00e9sar Chaparro.<\/p>\n<p>The General Secretary of Culture pointed out that such initiatives place value not only on Llerena\u2019s heritage and history, but also on the \u201cstories of history\u201d and on many characters who have contributed to local and global development, such as Pedro Cieza de Le\u00f3n.<\/p>\n<p>Garc\u00eda Cabezas stated that focusing on Cieza de Le\u00f3n \u201cis taking notice of more than just discoveries, the foundation of cities and territorial expansion; it is to take notice of characters who contributed to the knowledge of Andean people with their chronicles for global history\u201d.<\/p>\n<p>The Head of Culture underlined that Cieza de Le\u00f3n was not the only relevant character from Llerena in American history; she also wanted to highlight the role played by those who travelled with the discoverers: the \u201cfemale conquerors of silence\u201d. She claimed that there is also another relevant figure from Llerena: Catalina de Bustamante, \u201ca teacher; a conqueror through teaching and through the spoken word\u201d and pointed out the possibility to place value on her figure as has been done with Cieza de Le\u00f3n.<\/p>\n<p>The Academic Director of the European and Ibero-American Academy of Yuste Foundation highlighted that one of the aims of this seminar is to bring important characters from 16<sup>th<\/sup> century Extremadura to the present and to today\u2019s reality.<\/p>\n<p>C\u00e9sar Chaparro stated that \u201cExtremadura cannot be understood without its American dimension and the fact that we come across names that evoke characters related to America in towns and cities of Extremadura is proof of this, just as one may find names such as Trujillo or Medell\u00edn on the other side of the Atlantic\u201d.<\/p>\n<p>He pointed out, in this sense, that \u201cthis dimension of Extremadura and Ibero-America is vital in order to understand our present reality\u201d. He added that \u201cwe shouldn\u2019t remain in the past\u201d and the European and Ibero-American Academy of Yuste Foundation seeks to \u201canalyse the past in order to project it to the present and the future in a peer-to-peer cooperation with other entities and other regions on each side of the Ocean, respecting both identities\u201d.<\/p>\n<p>The Academic Director of Yuste Foundation assured that \u201cesteem and self-esteem are achieved through the knowledge of things and that knowledge of History and of certain characters helps to remove clich\u00e9s about Extremadura\u201d; that is why it is \u201cinteresting to recover lesser-known characters, such as Cieza de Le\u00f3n\u201d, a character from Llerena who rightly coined the appellation \u201cPrince of chroniclers\u201d, stated Chaparro, and added that in spite of his short life, Cieza wrote the Chronicles of Peru, which \u201chelped us to get better acquainted with the identity of the Incan Empire, as he described its geography, ethnography, the Incan dynasties, evangelisation, etc.\u201d.<\/p>\n<p>Chaparro claimed that the speeches of the seminar would be included in a publication arranged by Yuste Foundation so that \u201call reflections and analyses made in these sessions may always redound in society\u2019s benefit\u201d.<\/p>\n<p>Academicians and experts who study the figure and work of this chronicler of the Indies, meet in this event that takes place this Wednesday and Thursday at the Cultural Centre \u201cLa Merced\u201d. They belong to prestigious institutions, such as the Spanish National Research Council (Consejo Superior de Investigaciones Cient\u00edficas, CSIC) and universities, such as the University of Le\u00f3n, Barcelona, the Complutense University of Madrid or the Pablo de Olavide University of Seville.<\/p>\n<p>[\/et_pb_text][et_pb_post_nav admin_label=&#8221;\u2190 NAVEGACION POR NOTICIAS \u2192&#8221; in_same_term=&#8221;on&#8221; prev_text=&#8221;VER NOTICIA ANTERIOR&#8221; next_text=&#8221;VER NOTICIA SIGUIENTE&#8221; _builder_version=&#8221;3.0.85&#8243; custom_margin=&#8221;||3%|&#8221; \/][\/et_pb_column][\/et_pb_row][\/et_pb_section]<\/p>\n","protected":false},"excerpt":{"rendered":"<p>COMUNICACI\u00d3N The European and Ibero-American Academy of Yuste Foundation organises the seminar \u201cPedro Cieza de Le\u00f3n. Conquest and Evangelisation of Peru\u201d in order to analyse and place value on this polyhedral character from Llerena on the commemoration of the 5th centenary since his birth. This scientific and academic event opened this morning in Llerena, Pedro [&hellip;]<\/p>\n","protected":false},"author":3,"featured_media":218376,"comment_status":"closed","ping_status":"closed","sticky":false,"template":"","format":"standard","meta":{"_et_pb_use_builder":"on","_et_pb_old_content":"<p>[et_pb_section bb_built=\"1\" _builder_version=\"3.0.47\"][et_pb_row admin_label=\"ENCABEZADOS\" _builder_version=\"3.0.85\" background_size=\"initial\" background_position=\"top_left\" background_repeat=\"repeat\"][et_pb_column type=\"1_4\"][et_pb_text admin_label=\"TITULO SECCI\u00d3N\" _builder_version=\"3.0.85\" text_font=\"Muli|600|||||||\" text_font_size=\"33px\" text_text_color=\"#7cda24\" text_text_shadow_style=\"preset3\" text_text_shadow_color=\"rgba(0,0,0,0.28)\" header_font=\"Muli||||||||\" header_font_size=\"31px\" header_text_shadow_style=\"preset3\" text_orientation=\"right\" module_alignment=\"right\" custom_padding=\"|20px||\"]<\/p><h1>COMUNICACI\u00d3N<\/h1><p>[\/et_pb_text][\/et_pb_column][et_pb_column type=\"3_4\"][et_pb_post_title admin_label=\"T\u00cdTULO DE LA NOTICIA (Autom\u00e1tico)\" meta=\"off\" featured_image=\"off\" _builder_version=\"3.0.85\" title_level=\"h2\" title_font=\"Muli|700||on|||||\" title_font_size=\"20px\" custom_margin=\"6px|||\" \/][\/et_pb_column][\/et_pb_row][et_pb_row custom_padding=\"3px|0px|0px|0px\" _builder_version=\"3.0.47\" background_size=\"initial\" background_position=\"top_left\" background_repeat=\"repeat\"][et_pb_column type=\"1_4\"][et_pb_sidebar admin_label=\"MENU LATERAL\" area=\"et_pb_widget_area_7\" _builder_version=\"3.0.85\" \/][\/et_pb_column][et_pb_column type=\"3_4\"][et_pb_text admin_label=\"CONTENIDO DE LA NOTICIA\" _builder_version=\"3.0.85\" text_font=\"Muli||||||||\" text_text_color=\"#262626\" header_font=\"Muli||||||||\" header_font_size=\"22px\" header_2_font=\"Muli||||||||\" header_3_font=\"Muli||||||||\" header_4_font=\"Muli||||||||\" header_5_font=\"Muli||||||||\" header_6_font=\"Muli||||||||\" text_orientation=\"justified\" custom_margin=\"8px|||\" text_line_height=\"1.4em\" background_layout=\"light\"]<\/p><p><img class=\"alignleft wp-image-213212 size-medium\" src=\"https:\/\/www.fundacionyuste.org\/wp-content\/uploads\/2018\/11\/DSCN2053-300x169.jpg\" alt=\"\" width=\"300\" height=\"169\" \/><\/p><p><strong>La Fundaci\u00f3n Academia Europea e Iberoamericana de Yuste organiza el seminario \u2018Pedro Cieza de Le\u00f3n. Conquista y Evangelizaci\u00f3n del Per\u00fa\u2019 con el objetivo de analizar y poner en valor la figura de este poli\u00e9drico llerenense, cuando se conmemora el quinto centenario de su nacimiento.<\/strong><\/p><p>Este encuentro cient\u00edfico y acad\u00e9mico se ha inaugurado esta ma\u00f1ana en Llerena, ciudad natal de Pedro Cieza de Le\u00f3n, con la presencia de la secretaria general de Cultura, Miriam Garc\u00eda Cabezas; el alcalde de Llerena, Valent\u00edn Cort\u00e9s, y el director acad\u00e9mico de la Fundaci\u00f3n Academia Europea e Iberoamericana de Yuste, C\u00e9sar Chaparro.<\/p><p>La secretaria general de Cultura ha se\u00f1alado que con iniciativas como este seminario se pone en valor no solo el patrimonio y la historia de Llerena, sino tambi\u00e9n las \u201chistorias de la Historia\u201d, a muchos personajes que han contribuido al desarrollo local y al desarrollo global, como Pedro Cieza de Le\u00f3n.<\/p><p>Garc\u00eda Cabezas ha apuntado que poner el foco en Cieza de Le\u00f3n \u201ces fijarse m\u00e1s all\u00e1 de los propios descubrimientos, de las fundaciones de ciudades y m\u00e1s all\u00e1 de la expansi\u00f3n territorial, es fijarse en figuras que contribuyeron al conocimiento del pueblo andino con sus cr\u00f3nicas para la historia global\u201d.<\/p><p>La responsable de Cultura ha subrayado que Cieza de Le\u00f3n no fue el \u00fanico llerenense relevante en la historia con Am\u00e9rica; tambi\u00e9n ha querido destacar el papel de quienes acompa\u00f1aron a los descubridores, a \u201clas conquistadoras del silencio\u201d, y Llerena tiene otra figura relevante, Catalina de Bustamante, \u201cuna maestra, una conquistadora a trav\u00e9s de la ense\u00f1anza y a trav\u00e9s de la palabra\u201d, y ha apuntado la idea de valorizar su figura igual que se ha hecho con Cieza de Le\u00f3n.<\/p><p>Por su parte, el director acad\u00e9mico de la Fundaci\u00f3n Yuste ha destacado que uno de los objetivos de este seminario es traer al presente y a la realidad de hoy personajes importantes de la Extremadura del siglo XVI.<\/p><p>C\u00e9sar Chaparro ha se\u00f1alado que \u201cExtremadura no se entiende sin su dimensi\u00f3n americana, y prueba de ello es que en los pueblos y ciudades extreme\u00f1as vemos nombres que nos evocan a personajes que tienen que ver con Am\u00e9rica, igual que al otro lado del Atl\u00e1ntico nos encontramos nombres como Trujillo o Medell\u00edn\u201d.<\/p><p>En este sentido, ha puntualizado que \u201cesa dimensi\u00f3n de Extremadura e Iberoam\u00e9rica es imprescindible para entender nuestra realidad presente\u201d. Por eso, ha dicho, \u201cno nos debemos quedar en el pasado\u201d, y la Fundaci\u00f3n Academia Europea e Iberoamericana de Yuste busca \u201canalizar el pasado para proyectarlo al presente y al futuro, en una cooperaci\u00f3n de igual a igual con otras entidades y otros regiones de un lado y otro del Oc\u00e9ano, respetando las identidades mutuas\u201d.<\/p><p>El responsable acad\u00e9mico de la Fundaci\u00f3n Yuste ha asegurado que \u201cla estima y la autoestima se consiguen por el conocimiento de las cosas, y ese conocimiento de la Historia y de determinadas figuras ayuda a quitar t\u00f3picos sobre Extremadura\u201d; por eso, es \u201cinteresante rescatar a personajes menos conocidos como Cieza de L\u00e9on\u201d, un llerenense que acu\u00f1\u00f3 justamente en el siglo XIX el apelativo de \u2018Pr\u00edncipe de los Cronistas\u2019, ha detallado Chaparro, que en una vida corta escribi\u00f3 las Cr\u00f3nicas del Per\u00fa, que \u201cnos han servido para conocer mucho mejor la identidad del imperio incaico, porque describi\u00f3 su geograf\u00eda, su etnograf\u00eda, las dinast\u00edas incas, la evangelizaci\u00f3n, etc\u00e9tera\u201d.<\/p><p>Chaparro ha indicado que las ponencias de este congreso se recoger\u00e1n en una publicaci\u00f3n de la Fundaci\u00f3n Yuste, con el fin de que \u201ctodas las reflexiones y an\u00e1lisis vertidos en estas jornadas redunden siempre en beneficio de la sociedad\u201d.<\/p><p>En este encuentro, que se desarrolla este mi\u00e9rcoles y jueves en el Centro Cultural La Merced, se dan cita acad\u00e9micos y expertos investigadores de la figura y obra de este cronista de las Indias, incardinados en prestigiosas instituciones, como Consejo Superior de Investigaciones Cient\u00edficas (CSIC), y universidades como la Le\u00f3n; Barcelona; la Complutense de Madrid o la Pablo de Olavide de Sevilla.<\/p><p>[\/et_pb_text][et_pb_post_nav admin_label=\"\u2190 NAVEGACION POR NOTICIAS \u2192\" in_same_term=\"on\" prev_text=\"VER NOTICIA ANTERIOR\" next_text=\"VER NOTICIA SIGUIENTE\" _builder_version=\"3.0.85\" custom_margin=\"||3%|\" \/][\/et_pb_column][\/et_pb_row][\/et_pb_section]<\/p>","_et_gb_content_width":"","_links_to":"","_links_to_target":""},"categories":[190],"tags":[203],"_links":{"self":[{"href":"https:\/\/www.fundacionyuste.org\/en\/wp-json\/wp\/v2\/posts\/213219"}],"collection":[{"href":"https:\/\/www.fundacionyuste.org\/en\/wp-json\/wp\/v2\/posts"}],"about":[{"href":"https:\/\/www.fundacionyuste.org\/en\/wp-json\/wp\/v2\/types\/post"}],"author":[{"embeddable":true,"href":"https:\/\/www.fundacionyuste.org\/en\/wp-json\/wp\/v2\/users\/3"}],"replies":[{"embeddable":true,"href":"https:\/\/www.fundacionyuste.org\/en\/wp-json\/wp\/v2\/comments?post=213219"}],"version-history":[{"count":0,"href":"https:\/\/www.fundacionyuste.org\/en\/wp-json\/wp\/v2\/posts\/213219\/revisions"}],"wp:featuredmedia":[{"embeddable":true,"href":"https:\/\/www.fundacionyuste.org\/en\/wp-json\/wp\/v2\/media\/218376"}],"wp:attachment":[{"href":"https:\/\/www.fundacionyuste.org\/en\/wp-json\/wp\/v2\/media?parent=213219"}],"wp:term":[{"taxonomy":"category","embeddable":true,"href":"https:\/\/www.fundacionyuste.org\/en\/wp-json\/wp\/v2\/categories?post=213219"},{"taxonomy":"post_tag","embeddable":true,"href":"https:\/\/www.fundacionyuste.org\/en\/wp-json\/wp\/v2\/tags?post=213219"}],"curies":[{"name":"wp","href":"https:\/\/api.w.org\/{rel}","templated":true}]}}