{"id":216346,"date":"2019-12-15T17:20:22","date_gmt":"2019-12-15T17:20:22","guid":{"rendered":"https:\/\/www.fundacionyuste.org\/?p=216346"},"modified":"2020-03-18T11:54:48","modified_gmt":"2020-03-18T11:54:48","slug":"cuadernos11-en","status":"publish","type":"post","link":"https:\/\/www.fundacionyuste.org\/en\/cuadernos11-en\/","title":{"rendered":"Peace and European values as a potential model for integration and progress in a global world"},"content":{"rendered":"<p>[et_pb_section bb_built=&#8221;1&#8243; _builder_version=&#8221;3.0.47&#8243; inner_width=&#8221;auto&#8221; inner_max_width=&#8221;none&#8221;][et_pb_row admin_label=&#8221;ENCABEZADOS&#8221; _builder_version=&#8221;3.0.85&#8243; background_size=&#8221;initial&#8221; background_position=&#8221;top_left&#8221; background_repeat=&#8221;repeat&#8221; width=&#8221;90%&#8221; max_width=&#8221;1080px&#8221;][et_pb_column type=&#8221;1_4&#8243; custom_padding__hover=&#8221;|||&#8221; custom_padding=&#8221;|||&#8221;][et_pb_text admin_label=&#8221;TITULO SECCI\u00d3N&#8221; _builder_version=&#8221;3.0.85&#8243; text_font=&#8221;Muli|600|||||||&#8221; text_font_size=&#8221;33px&#8221; text_text_color=&#8221;#7cda24&#8243; text_text_shadow_style=&#8221;preset3&#8243; text_text_shadow_color=&#8221;rgba(0,0,0,0.28)&#8221; header_font_size=&#8221;25px&#8221; header_text_shadow_style=&#8221;preset3&#8243; text_orientation=&#8221;right&#8221; module_alignment=&#8221;right&#8221; custom_padding=&#8221;|20px||&#8221; header_font=&#8221;Muli||||||||&#8221; background_layout=&#8221;light&#8221; saved_tabs=&#8221;all&#8221;]<\/p>\n<h1>PUBLICATIONS<\/h1>\n<p>[\/et_pb_text][\/et_pb_column][et_pb_column type=&#8221;3_4&#8243; custom_padding__hover=&#8221;|||&#8221; custom_padding=&#8221;|||&#8221;][et_pb_text admin_label=&#8221;TITULO COLECCI\u00d3N&#8221; _builder_version=&#8221;3.0.85&#8243; text_font=&#8221;Muli|600|||||||&#8221; text_font_size=&#8221;33px&#8221; text_text_color=&#8221;#7cda24&#8243; text_text_shadow_style=&#8221;preset3&#8243; text_text_shadow_color=&#8221;rgba(0,0,0,0.28)&#8221; header_font_size=&#8221;31px&#8221; header_text_shadow_style=&#8221;preset3&#8243; module_alignment=&#8221;right&#8221; custom_padding=&#8221;|20px||&#8221; header_2_font=&#8221;Muli||||||||&#8221; custom_margin=&#8221;5px|||&#8221; background_layout=&#8221;light&#8221; text_orientation=&#8221;left&#8221;]<\/p>\n<h2>CUADERNOS DE YUSTE<\/h2>\n<p>[\/et_pb_text][\/et_pb_column][\/et_pb_row][et_pb_row _builder_version=&#8221;3.0.47&#8243; background_size=&#8221;initial&#8221; background_position=&#8221;top_left&#8221; background_repeat=&#8221;repeat&#8221; width=&#8221;90%&#8221; max_width=&#8221;1080px&#8221;][et_pb_column type=&#8221;1_4&#8243; custom_padding__hover=&#8221;|||&#8221; custom_padding=&#8221;|||&#8221;][et_pb_sidebar area=&#8221;et_pb_widget_area_6&#8243; _builder_version=&#8221;3.27.4&#8243; header_font=&#8221;|700||on|||||&#8221; body_font=&#8221;Muli||||||||&#8221; text_shadow_horizontal_length=&#8221;text_shadow_style,%91object Object%93&#8243; text_shadow_horizontal_length_tablet=&#8221;0px&#8221; text_shadow_vertical_length=&#8221;text_shadow_style,%91object Object%93&#8243; text_shadow_vertical_length_tablet=&#8221;0px&#8221; text_shadow_blur_strength=&#8221;text_shadow_style,%91object Object%93&#8243; text_shadow_blur_strength_tablet=&#8221;1px&#8221; header_text_shadow_horizontal_length=&#8221;header_text_shadow_style,%91object Object%93&#8243; header_text_shadow_horizontal_length_tablet=&#8221;0px&#8221; header_text_shadow_vertical_length=&#8221;header_text_shadow_style,%91object Object%93&#8243; header_text_shadow_vertical_length_tablet=&#8221;0px&#8221; header_text_shadow_blur_strength=&#8221;header_text_shadow_style,%91object Object%93&#8243; header_text_shadow_blur_strength_tablet=&#8221;1px&#8221; body_text_shadow_horizontal_length=&#8221;body_text_shadow_style,%91object Object%93&#8243; body_text_shadow_horizontal_length_tablet=&#8221;0px&#8221; body_text_shadow_vertical_length=&#8221;body_text_shadow_style,%91object Object%93&#8243; body_text_shadow_vertical_length_tablet=&#8221;0px&#8221; body_text_shadow_blur_strength=&#8221;body_text_shadow_style,%91object Object%93&#8243; body_text_shadow_blur_strength_tablet=&#8221;1px&#8221; box_shadow_horizontal_tablet=&#8221;0px&#8221; box_shadow_vertical_tablet=&#8221;0px&#8221; box_shadow_blur_tablet=&#8221;40px&#8221; box_shadow_spread_tablet=&#8221;0px&#8221; z_index_tablet=&#8221;500&#8243;]<\/p>\n<p>\n&nbsp;<\/p>\n<p>[\/et_pb_sidebar][\/et_pb_column][et_pb_column type=&#8221;1_4&#8243; custom_padding__hover=&#8221;|||&#8221; custom_padding=&#8221;|||&#8221;][et_pb_image src=&#8221;https:\/\/www.fundacionyuste.org\/wp-content\/uploads\/2019\/10\/cuadernos11-1.jpg&#8221; align=&#8221;center&#8221; _builder_version=&#8221;3.0.85&#8243; use_border_color=&#8221;on&#8221; border_width=&#8221;0px&#8221; custom_margin=&#8221;0px|0px|0px|0px&#8221; animation_style=&#8221;flip&#8221; animation_direction=&#8221;left&#8221; box_shadow_style=&#8221;preset1&#8243; box_shadow_vertical=&#8221;0px&#8221; box_shadow_blur=&#8221;61px&#8221; box_shadow_spread=&#8221;4px&#8221; box_shadow_color=&#8221;rgba(0,0,0,0.15)&#8221; custom_css_main_element=&#8221;border-radius:4px !important;&#8221; force_fullwidth=&#8221;on&#8221; show_in_lightbox=&#8221;off&#8221; url_new_window=&#8221;off&#8221; use_overlay=&#8221;off&#8221; always_center_on_mobile=&#8221;on&#8221; show_bottom_space=&#8221;on&#8221; border_color_all=&#8221;#ffffff&#8221; border_width_all=&#8221;0px&#8221; border_style_all=&#8221;solid&#8221; align_last_edited=&#8221;on|desktop&#8221; align_tablet=&#8221;center&#8221;]<\/p>\n<p>\n&nbsp;<\/p>\n<p>[\/et_pb_image][\/et_pb_column][et_pb_column type=&#8221;1_2&#8243; custom_padding__hover=&#8221;|||&#8221; custom_padding=&#8221;|||&#8221;][et_pb_post_title admin_label=&#8221;T\u00cdTULO DE LA P\u00c1GINA (Autom\u00e1tico)&#8221; meta=&#8221;off&#8221; featured_image=&#8221;off&#8221; _builder_version=&#8221;3.0.85&#8243; title_level=&#8221;h2&#8243; title_font=&#8221;Muli|700||on|||||&#8221; title_font_size=&#8221;18px&#8221; custom_margin=&#8221;6px|||&#8221; title_line_height=&#8221;1.1em&#8221;]<\/p>\n<p>\n&nbsp;<\/p>\n<p>[\/et_pb_post_title][et_pb_text _builder_version=&#8221;3.0.85&#8243; text_font=&#8221;Muli||||||||&#8221; header_font_size=&#8221;20px&#8221; header_2_font=&#8221;Muli||||||||&#8221; header_3_font=&#8221;Muli||||||||&#8221; header_4_font=&#8221;Muli||||||||&#8221; header_4_font_size=&#8221;16px&#8221; header_3_font_size=&#8221;19px&#8221; header_2_font_size=&#8221;22px&#8221; header_5_font=&#8221;Muli||||||||&#8221; header_5_font_size=&#8221;15px&#8221; background_layout=&#8221;light&#8221; text_orientation=&#8221;left&#8221;]<\/p>\n<p>\n<strong>Authors<\/strong>: Jes\u00fas Baigorri and J\u00fcrgen Elvert (Coords.)<br \/><strong>Year of Publication<\/strong>: 2019<br \/><strong>Publisher<\/strong>: European and Ibero-American Academy of Yuste Foundation &amp; Peter Lang<br \/><strong>Collection<\/strong>: Cuadernos de Yuste<br \/><strong>Number<\/strong>: 11<br \/><strong>ISBN<\/strong>: 978-2-8076-1142-9<br \/><strong>Buy this book<\/strong>: <a href=\"https:\/\/www.peterlang.com\/\">Peter Lang<\/a><\/p>\n<p align=\"justify\">This book includes the contributions to the Doctoral Seminar on <i>Peace and European Values as a potential model for integration and progress in a global world<\/i><b> <\/b>held at the Royal Monastery of Yuste, Headquarters of the European and Ibero-American Academy of Yuste Foundation, in Cuacos de Yuste, Spain from 24th to 26th July 2017. The contents of this volume cover different areas of research, among which we find the lines proposed in its title, namely the European model and values in a global world. Most are articulated around the EU\u2019s internal policies like the genesis of European values; the role of the Erasmus scholarships in the internationalization of higher education; the youth participation in EU Law; religious rights in the EU; the safeguarding of the external borders; the EU\u2019s policies of historical memory; the EU\u2019s external projection the narrative of what Europe is about from a critical peripheral view.<\/p>\n<p>[\/et_pb_text][\/et_pb_column][\/et_pb_row][et_pb_row _builder_version=&#8221;3.0.85&#8243; width=&#8221;90%&#8221; max_width=&#8221;1080px&#8221;][et_pb_column type=&#8221;1_4&#8243; custom_padding__hover=&#8221;|||&#8221; custom_padding=&#8221;|||&#8221;][\/et_pb_column][et_pb_column type=&#8221;3_4&#8243; custom_padding__hover=&#8221;|||&#8221; custom_padding=&#8221;|||&#8221;][et_pb_tabs _builder_version=&#8221;3.0.85&#8243; \/][\/et_pb_column][\/et_pb_row][\/et_pb_section]<\/p>\n","protected":false},"excerpt":{"rendered":"<p>PUBLICATIONS CUADERNOS DE YUSTE &nbsp; &nbsp; &nbsp; Authors: Jes\u00fas Baigorri and J\u00fcrgen Elvert (Coords.)Year of Publication: 2019Publisher: European and Ibero-American Academy of Yuste Foundation &amp; Peter LangCollection: Cuadernos de YusteNumber: 11ISBN: 978-2-8076-1142-9Buy this book: Peter Lang This book includes the contributions to the Doctoral Seminar on Peace and European Values as a potential model for [&hellip;]<\/p>\n","protected":false},"author":2,"featured_media":216350,"comment_status":"closed","ping_status":"closed","sticky":false,"template":"","format":"standard","meta":{"_et_pb_use_builder":"on","_et_pb_old_content":"[et_pb_section bb_built=\"1\" _builder_version=\"3.0.47\"][et_pb_row admin_label=\"ENCABEZADOS\" _builder_version=\"3.0.85\" background_size=\"initial\" background_position=\"top_left\" background_repeat=\"repeat\"][et_pb_column type=\"1_4\"][et_pb_text admin_label=\"TITULO SECCI\u00d3N\" _builder_version=\"3.0.85\" text_font=\"Muli|600|||||||\" text_font_size=\"33px\" text_text_color=\"#7cda24\" text_text_shadow_style=\"preset3\" text_text_shadow_color=\"rgba(0,0,0,0.28)\" header_font_size=\"25px\" header_text_shadow_style=\"preset3\" text_orientation=\"right\" module_alignment=\"right\" custom_padding=\"|20px||\" header_font=\"Muli||||||||\" background_layout=\"light\" saved_tabs=\"all\"]\r\n<h1>PUBLICACIONES<\/h1>\r\n[\/et_pb_text][\/et_pb_column][et_pb_column type=\"3_4\"][et_pb_text admin_label=\"TITULO COLECCI\u00d3N\" _builder_version=\"3.0.85\" text_font=\"Muli|600|||||||\" text_font_size=\"33px\" text_text_color=\"#7cda24\" text_text_shadow_style=\"preset3\" text_text_shadow_color=\"rgba(0,0,0,0.28)\" header_font_size=\"31px\" header_text_shadow_style=\"preset3\" module_alignment=\"right\" custom_padding=\"|20px||\" header_2_font=\"Muli||||||||\" custom_margin=\"5px|||\" background_layout=\"light\"]\r\n<h2>ENTRE DOS MUNDOS<\/h2>\r\n[\/et_pb_text][\/et_pb_column][\/et_pb_row][et_pb_row _builder_version=\"3.0.47\" background_size=\"initial\" background_position=\"top_left\" background_repeat=\"repeat\"][et_pb_column type=\"1_4\"][et_pb_sidebar area=\"et_pb_widget_area_8\" _builder_version=\"3.0.85\" header_font=\"|700||on|||||\" body_font=\"Muli||||||||\"]\r\n\r\n\u00a0\r\n\r\n[\/et_pb_sidebar][\/et_pb_column][et_pb_column type=\"1_4\"][et_pb_image src=\"https:\/\/www.fundacionyuste.org\/wp-content\/uploads\/2018\/03\/inca-garcilaso.jpg\" align=\"center\" _builder_version=\"3.0.85\" use_border_color=\"on\" border_width=\"0px\" custom_margin=\"0px|0px|0px|0px\" animation_style=\"flip\" animation_direction=\"left\" box_shadow_style=\"preset1\" box_shadow_vertical=\"0px\" box_shadow_blur=\"61px\" box_shadow_spread=\"4px\" box_shadow_color=\"rgba(0,0,0,0.15)\" custom_css_main_element=\"border-radius:4px !important;\" force_fullwidth=\"on\" show_in_lightbox=\"off\" url_new_window=\"off\" use_overlay=\"off\" always_center_on_mobile=\"on\" show_bottom_space=\"on\"]\r\n\r\n\u00a0\r\n\r\n[\/et_pb_image][\/et_pb_column][et_pb_column type=\"1_2\"][et_pb_post_title admin_label=\"T\u00cdTULO DE LA P\u00c1GINA (Autom\u00e1tico)\" meta=\"off\" featured_image=\"off\" _builder_version=\"3.0.85\" title_level=\"h2\" title_font=\"Muli|700||on|||||\" title_font_size=\"18px\" custom_margin=\"6px|||\" title_line_height=\"1.1em\"]\r\n\r\n\u00a0\r\n\r\n[\/et_pb_post_title][et_pb_text _builder_version=\"3.0.85\" text_font=\"Muli||||||||\" header_font_size=\"20px\" header_2_font=\"Muli||||||||\" header_3_font=\"Muli||||||||\" header_4_font=\"Muli||||||||\" header_4_font_size=\"16px\" header_3_font_size=\"19px\" header_2_font_size=\"22px\" header_5_font=\"Muli||||||||\" header_5_font_size=\"15px\" background_layout=\"light\"]\r\n\r\n<strong><b>Autores:<\/b><\/strong>\u00a0C\u00e9sar Chaparro G\u00f3mez y J. Igncio \u00dazquiza Gonz\u00e1lez (Coords.)\r\n<div class=\"entry-content\">\r\n\r\n<strong>Fecha de publicaci\u00f3n:<\/strong>\u00a02017\r\n<strong>Editorial:<\/strong>\u00a0Fundaci\u00f3n Academia Europea e Iberoamericana de Yuste\r\n<strong>Colecci\u00f3n:<\/strong>\u00a0Entre dos mundos: Am\u00e9rica y Europa desde Extremadura\r\n<strong>N\u00famero:<\/strong>\u00a02\r\n<strong>ISBN:<\/strong>\u00a0978-84-948078-1-7\r\n<strong>Precio: <\/strong>12 euros\r\n\r\n\u00a0\r\n\r\n<\/div>\r\nColecci\u00f3n de ensayos dedicados a la figura del Inca Garcilaso de la Vega escritos por Juan Gil, Evangelina Soltero S\u00e1nchez, Jos\u00e9 Ignacio \u00dazquiza, Jos\u00e9 Carlos Gonz\u00e1lez Boixo, Mercedes Serna, Marta Ortiz Canseco y Carmen de Mora.\r\n\r\n[\/et_pb_text][\/et_pb_column][\/et_pb_row][et_pb_row _builder_version=\"3.0.85\"][et_pb_column type=\"1_4\"][\/et_pb_column][et_pb_column type=\"3_4\"][et_pb_tabs _builder_version=\"3.0.85\"] [et_pb_tab _builder_version=\"3.0.85\" title=\"EL AUTOR\" use_background_color_gradient=\"off\" background_color_gradient_start=\"#2b87da\" background_color_gradient_end=\"#29c4a9\" background_color_gradient_type=\"linear\" background_color_gradient_direction=\"180deg\" background_color_gradient_direction_radial=\"center\" background_color_gradient_start_position=\"0%\" background_color_gradient_end_position=\"100%\" parallax=\"off\" parallax_method=\"on\" background_size=\"cover\" background_position=\"center\" background_repeat=\"no-repeat\" background_blend=\"normal\" allow_player_pause=\"off\" tab_font=\"||||||||\" tab_text_shadow_style=\"none\" tab_text_shadow_color=\"rgba(0,0,0,0.4)\" body_font=\"||||||||\" body_text_shadow_style=\"none\" body_text_shadow_color=\"rgba(0,0,0,0.4)\" \/][et_pb_tab _builder_version=\"3.0.85\" title=\"DESCARGAR PUBLICACI\u00d3N\" use_background_color_gradient=\"off\" background_color_gradient_start=\"#2b87da\" background_color_gradient_end=\"#29c4a9\" background_color_gradient_type=\"linear\" background_color_gradient_direction=\"180deg\" background_color_gradient_direction_radial=\"center\" background_color_gradient_start_position=\"0%\" background_color_gradient_end_position=\"100%\" parallax=\"off\" parallax_method=\"on\" background_size=\"cover\" background_position=\"center\" background_repeat=\"no-repeat\" background_blend=\"normal\" allow_player_pause=\"off\" tab_font=\"||||||||\" tab_text_shadow_style=\"none\" tab_text_shadow_color=\"rgba(0,0,0,0.4)\" body_font=\"||||||||\" body_text_shadow_style=\"none\" body_text_shadow_color=\"rgba(0,0,0,0.4)\" \/] [\/et_pb_tabs][\/et_pb_column][\/et_pb_row][\/et_pb_section]","_et_gb_content_width":"","_links_to":"","_links_to_target":""},"categories":[193,192],"tags":[],"_links":{"self":[{"href":"https:\/\/www.fundacionyuste.org\/en\/wp-json\/wp\/v2\/posts\/216346"}],"collection":[{"href":"https:\/\/www.fundacionyuste.org\/en\/wp-json\/wp\/v2\/posts"}],"about":[{"href":"https:\/\/www.fundacionyuste.org\/en\/wp-json\/wp\/v2\/types\/post"}],"author":[{"embeddable":true,"href":"https:\/\/www.fundacionyuste.org\/en\/wp-json\/wp\/v2\/users\/2"}],"replies":[{"embeddable":true,"href":"https:\/\/www.fundacionyuste.org\/en\/wp-json\/wp\/v2\/comments?post=216346"}],"version-history":[{"count":0,"href":"https:\/\/www.fundacionyuste.org\/en\/wp-json\/wp\/v2\/posts\/216346\/revisions"}],"wp:featuredmedia":[{"embeddable":true,"href":"https:\/\/www.fundacionyuste.org\/en\/wp-json\/wp\/v2\/media\/216350"}],"wp:attachment":[{"href":"https:\/\/www.fundacionyuste.org\/en\/wp-json\/wp\/v2\/media?parent=216346"}],"wp:term":[{"taxonomy":"category","embeddable":true,"href":"https:\/\/www.fundacionyuste.org\/en\/wp-json\/wp\/v2\/categories?post=216346"},{"taxonomy":"post_tag","embeddable":true,"href":"https:\/\/www.fundacionyuste.org\/en\/wp-json\/wp\/v2\/tags?post=216346"}],"curies":[{"name":"wp","href":"https:\/\/api.w.org\/{rel}","templated":true}]}}