{"id":217142,"date":"2019-12-27T07:06:38","date_gmt":"2019-12-27T07:06:38","guid":{"rendered":"https:\/\/www.fundacionyuste.org\/?p=217142"},"modified":"2020-01-31T12:05:11","modified_gmt":"2020-01-31T12:05:11","slug":"presentation-of-the-book-peace-and-european-values-as-a-potential-model-for-integration-and-progress-in-a-global-world","status":"publish","type":"post","link":"https:\/\/www.fundacionyuste.org\/en\/presentation-of-the-book-peace-and-european-values-as-a-potential-model-for-integration-and-progress-in-a-global-world\/","title":{"rendered":"Presentation of the Book, Peace and European Values as a Potential Model for Integration and Progress in a Global World"},"content":{"rendered":"<p>[et_pb_section bb_built=&#8221;1&#8243; _builder_version=&#8221;3.0.85&#8243;][et_pb_row _builder_version=&#8221;3.0.47&#8243; background_size=&#8221;initial&#8221; background_position=&#8221;top_left&#8221; background_repeat=&#8221;repeat&#8221;][et_pb_column type=&#8221;1_4&#8243;][et_pb_text admin_label=&#8221;TITULO SECCI\u00d3N&#8221; _builder_version=&#8221;3.0.85&#8243; text_font=&#8221;Muli||||||||&#8221; text_orientation=&#8221;right&#8221; module_alignment=&#8221;right&#8221; custom_padding=&#8221;|20px||&#8221;]<\/p>\n<h1>ACTIVIDADES<\/h1>\n<p>[\/et_pb_text][\/et_pb_column][et_pb_column type=&#8221;3_4&#8243;][et_pb_post_title admin_label=&#8221;T\u00cdTULO DE LA ACTIVIDAD (Autom\u00e1tico)&#8221; meta=&#8221;off&#8221; featured_image=&#8221;off&#8221; _builder_version=&#8221;3.0.85&#8243; title_level=&#8221;h2&#8243; title_font=&#8221;Muli|700||on|||||&#8221; title_font_size=&#8221;20px&#8221; custom_padding=&#8221;6px|||&#8221;]<\/p>\n<p>&nbsp;<\/p>\n<p>[\/et_pb_post_title][\/et_pb_column][\/et_pb_row][et_pb_row _builder_version=&#8221;3.0.47&#8243; background_size=&#8221;initial&#8221; background_position=&#8221;top_left&#8221; background_repeat=&#8221;repeat&#8221;][et_pb_column type=&#8221;1_4&#8243;][et_pb_sidebar admin_label=&#8221;MEN\u00da LATERAL&#8221; area=&#8221;et_pb_widget_area_6&#8243; _builder_version=&#8221;3.0.85&#8243; orientation=&#8221;left&#8221; show_border=&#8221;on&#8221; background_layout=&#8221;light&#8221;]<\/p>\n<p>&nbsp;<\/p>\n<p>[\/et_pb_sidebar][\/et_pb_column][et_pb_column type=&#8221;3_4&#8243;][et_pb_text admin_label=&#8221;CONTENIDO DE LA ACTIVIDAD&#8221; _builder_version=&#8221;3.0.85&#8243; text_font=&#8221;Muli||||||||&#8221; text_text_color=&#8221;#262626&#8243; header_font=&#8221;Muli||||||||&#8221; header_font_size=&#8221;22px&#8221; header_2_font=&#8221;Muli||||||||&#8221; header_3_font=&#8221;Muli||||||||&#8221; header_4_font=&#8221;Muli||||||||&#8221; header_5_font=&#8221;Muli||||||||&#8221; header_6_font=&#8221;Muli||||||||&#8221; background_layout=&#8221;light&#8221;]<\/p>\n<p><strong>On 30 January 2020, in Rome (Italy)<\/strong><\/p>\n<p align=\"justify\"><img decoding=\"async\" loading=\"lazy\" class=\"size-medium wp-image-217345 alignleft\" src=\"https:\/\/www.fundacionyuste.org\/wp-content\/uploads\/2019\/12\/Presentacion-Libro-Sofia-Corradi-IN-1-212x300.jpg\" alt=\"\" width=\"212\" height=\"300\" srcset=\"https:\/\/www.fundacionyuste.org\/wp-content\/uploads\/2019\/12\/Presentacion-Libro-Sofia-Corradi-IN-1-212x300.jpg 212w, https:\/\/www.fundacionyuste.org\/wp-content\/uploads\/2019\/12\/Presentacion-Libro-Sofia-Corradi-IN-1-768x1086.jpg 768w, https:\/\/www.fundacionyuste.org\/wp-content\/uploads\/2019\/12\/Presentacion-Libro-Sofia-Corradi-IN-1-724x1024.jpg 724w, https:\/\/www.fundacionyuste.org\/wp-content\/uploads\/2019\/12\/Presentacion-Libro-Sofia-Corradi-IN-1-1080x1528.jpg 1080w, https:\/\/www.fundacionyuste.org\/wp-content\/uploads\/2019\/12\/Presentacion-Libro-Sofia-Corradi-IN-1-1320x1867.jpg 1320w, https:\/\/www.fundacionyuste.org\/wp-content\/uploads\/2019\/12\/Presentacion-Libro-Sofia-Corradi-IN-1.jpg 1414w\" sizes=\"(max-width: 212px) 100vw, 212px\" \/>The European and Ibero-American Academy of Yuste Foundation published the book, <em>Peace and European Values as a Potential Model for Integration and Progress in a Global World,<\/em>\u00a0which includes the contributions presented by PhD students who were awarded a \u201cCarlos V European Award- Sofia Corradi European Research and Mobility Grant for European Studies\u201d, at the doctoral seminar held between the 24<sup>th<\/sup> and the 26<sup>th<\/sup> July 2017 in Yuste (C\u00e1ceres). This book is included in the book collection \u201cCuadernos de Yuste\u201d.<\/p>\n<p align=\"justify\">The Carlos V European Award includes grants addressed to researchers who are completing their PhD in any European country and who are working on their doctoral thesis. This topic is chosen by the winner of the Carlos V European Award. In this case it was the Italian professor, Sofia Corradi \u2013better known as Mamma Erasmus as she drove this mobility programme- who chose \u201cpeace and European values\u201d as the research topic.<\/p>\n<p align=\"justify\">The book includes a reflection made by Corradi on peace; a value she describes as \u201ca challenge, an achievement and a reward\u201d. The winner of the 2016 Carlos V European Award also states that \u201cit requires great maturity to actually attain and maintain peaceful coexistence\u201d and she vindicates the personal commitment with \u201cthe humble endeavour of prioritising peace, struggling for peace, and developing peace\u201d, because when wanting to achieve it \u201cpeace requires work, peace is a daily challenge\u201d. Lastly, Sofia Corradi considers that the Erasmus Programme is \u201ca working instrument of peace, a small pre-emptive contribution\u201d.<\/p>\n<p align=\"justify\">The book includes a preface written by Corradi that describes the evolution of the Erasmus Programme since 1987 till present time, where approximately five million people have been exchanged with the programme.<\/p>\n<p align=\"justify\">The contents of the volume cover different research areas, giving particular emphasis to the model and European values in a global world; the European Union\u2019s internal policies; the genesis in European values; the role of the Erasmus grants in the internationalisation of higher education; juvenile participation in European Union law; religious rights; the preservation of external frontiers; the policy of historical memory in the Union; external projection or the concept of Europe from a peripheral critical view.<\/p>\n<p align=\"justify\">The book is coordinated by the emeritus professor from the University of Salamanca, Jes\u00fas Baigorri and by J\u00fcrgen Elvert, Jean Monnet Professor for European History from the University of Cologne (Germany) and has been published by the prestigious publisher of scientific works, Peter Lang.<\/p>\n<p align=\"justify\">These research works have had the support of the Regional Government of Extremadura, the Extremaduran Agency for International Development Cooperation\u2019s (AEXCID), the Italian Embassy in Spain, the Extremaduran Assembly, the Provincial Councils of C\u00e1ceres and Badajoz, the University of Extremadura, the Socio-Economic Governance and European Identity Network (SEGEI) and National Heritage.<\/p>\n<p align=\"justify\">The<strong> book will be presented on 30 January 2020<\/strong> during an academic event at the Office of the European Parliament in Italy (Rome), where the authors, researchers as well as the editors of the book and Sofia Corradi \u2013Mamma Erasmus- herself, will participate. The latter will deliver the main keynote address of the event. The Director of the Office of the European Parliament in Rome and the Spanish Ambassador in Italy will also attend the event.<\/p>\n<p align=\"justify\">Researchers from diverse nationalities participate in this publication. There are 7 female and 3 male researchers from the following countries: Spain, Italy, Serbia, Hungary, France and Peru, and one of them comes from the University of Extremadura.<\/p>\n<p align=\"justify\">The chosen researchers come from the following universities: Leuven (Belgium); Maastricht (the Netherlands); La Sapienza (Italy); the National University of Distance Education (UNED); the Autonomous National University of Mexico; Szeged (Hungary); the Freie Universit\u00e4t Belin (Germany); the Autonomous University of Barcelona (Spain); the University of Extremadura (Spain), West Hungary (Hungary); Sant\u2019Anna Pisa (Italy) and C\u00f3rdoba (Spain).<\/p>\n<p align=\"justify\">Once the academic presentation concludes, Sofia Corradi will deliver the diplomas to the researchers.<\/p>\n<p>[\/et_pb_text][et_pb_tabs admin_label=&#8221;CONTENIDO EN PESTA\u00d1AS &#8221; active_tab_background_color=&#8221;#368e00&#8243; inactive_tab_background_color=&#8221;#e09900&#8243; _builder_version=&#8221;3.0.85&#8243; tab_font=&#8221;Muli|600||on|||||&#8221; custom_margin=&#8221;||40px|&#8221;] [et_pb_tab title=&#8221;Documents&#8221; _builder_version=&#8221;3.0.85&#8243; tab_font=&#8221;||||||||&#8221; body_font=&#8221;Muli||||||||&#8221; use_background_color_gradient=&#8221;off&#8221; background_color_gradient_start=&#8221;#2b87da&#8221; background_color_gradient_end=&#8221;#29c4a9&#8243; background_color_gradient_type=&#8221;linear&#8221; background_color_gradient_direction=&#8221;180deg&#8221; background_color_gradient_direction_radial=&#8221;center&#8221; background_color_gradient_start_position=&#8221;0%&#8221; background_color_gradient_end_position=&#8221;100%&#8221; parallax=&#8221;off&#8221; parallax_method=&#8221;on&#8221; background_size=&#8221;cover&#8221; background_position=&#8221;center&#8221; background_repeat=&#8221;no-repeat&#8221; background_blend=&#8221;normal&#8221; allow_player_pause=&#8221;off&#8221; tab_text_shadow_style=&#8221;none&#8221; tab_text_shadow_color=&#8221;rgba(0,0,0,0.4)&#8221; body_text_shadow_style=&#8221;none&#8221; body_text_shadow_color=&#8221;rgba(0,0,0,0.4)&#8221;]<\/p>\n<p><img decoding=\"async\" loading=\"lazy\" class=\"wp-image-206700 alignnone\" src=\"https:\/\/www.fundacionyuste.org\/wp-content\/uploads\/2018\/02\/012-file.png\" alt=\"\" width=\"20\" height=\"20\" \/> <a href=\"https:\/\/www.fundacionyuste.org\/wp-content\/uploads\/2019\/12\/Presentacion-Libro-Sofia-Corradi-IN.pdf\">INVITATION<\/a><\/p>\n<p><img decoding=\"async\" loading=\"lazy\" class=\"wp-image-206700 alignnone\" src=\"https:\/\/www.fundacionyuste.org\/wp-content\/uploads\/2018\/02\/012-file.png\" alt=\"\" width=\"20\" height=\"20\" \/> <a href=\"https:\/\/www.fundacionyuste.org\/wp-content\/uploads\/2019\/12\/Programa-Presentaci\u00f3n-Libro-Sof\u00eda-Corradi-Roma-IN.pdf\">PROGRAMME<\/a><\/p>\n<p>[\/et_pb_tab][et_pb_tab _builder_version=&#8221;3.0.85&#8243; title=&#8221;News&#8221; use_background_color_gradient=&#8221;off&#8221; background_color_gradient_start=&#8221;#2b87da&#8221; background_color_gradient_end=&#8221;#29c4a9&#8243; background_color_gradient_type=&#8221;linear&#8221; background_color_gradient_direction=&#8221;180deg&#8221; background_color_gradient_direction_radial=&#8221;center&#8221; background_color_gradient_start_position=&#8221;0%&#8221; background_color_gradient_end_position=&#8221;100%&#8221; parallax=&#8221;off&#8221; parallax_method=&#8221;on&#8221; background_size=&#8221;cover&#8221; background_position=&#8221;center&#8221; background_repeat=&#8221;no-repeat&#8221; background_blend=&#8221;normal&#8221; allow_player_pause=&#8221;off&#8221; tab_font=&#8221;||||||||&#8221; tab_text_shadow_style=&#8221;none&#8221; tab_text_shadow_color=&#8221;rgba(0,0,0,0.4)&#8221; body_font=&#8221;||||||||&#8221; body_text_shadow_style=&#8221;none&#8221; body_text_shadow_color=&#8221;rgba(0,0,0,0.4)&#8221;]<\/p>\n<blockquote class=\"wp-embedded-content\" data-secret=\"eDMNiP7aJ9\"><p><a href=\"https:\/\/www.fundacionyuste.org\/en\/yuste-foundation-stresses-the-role-of-young-researchers-in-bringing-up-solutions-to-european-challenges-in-rome\/\">Yuste Foundation stresses the role of young researchers in bringing up solutions to European challenges in Rome<\/a><\/p><\/blockquote>\n<p><iframe class=\"wp-embedded-content\" sandbox=\"allow-scripts\" security=\"restricted\" style=\"position: absolute; clip: rect(1px, 1px, 1px, 1px);\" title=\"&#8220;Yuste Foundation stresses the role of young researchers in bringing up solutions to European challenges in Rome&#8221; &#8212; FUNDACI\u00d3N YUSTE\" src=\"https:\/\/www.fundacionyuste.org\/en\/yuste-foundation-stresses-the-role-of-young-researchers-in-bringing-up-solutions-to-european-challenges-in-rome\/embed\/#?secret=eDMNiP7aJ9\" data-secret=\"eDMNiP7aJ9\" width=\"600\" height=\"338\" frameborder=\"0\" marginwidth=\"0\" marginheight=\"0\" scrolling=\"no\"><\/iframe><\/p>\n<blockquote class=\"wp-embedded-content\" data-secret=\"INImsGUQwV\"><p><a href=\"https:\/\/www.fundacionyuste.org\/en\/european-values-as-a-potential-model-for-integration-and-progress-in-a-global-world-have-a-leading-role-in-an-event-with-sofia-corradi-mamma-erasmus-in-rome\/\">European values as a potential model for integration and progress in a global world have a leading role in an event with Sofia Corradi- Mamma Erasmus in Rome<\/a><\/p><\/blockquote>\n<p><iframe class=\"wp-embedded-content\" sandbox=\"allow-scripts\" security=\"restricted\" style=\"position: absolute; clip: rect(1px, 1px, 1px, 1px);\" title=\"&#8220;European values as a potential model for integration and progress in a global world have a leading role in an event with Sofia Corradi- Mamma Erasmus in Rome&#8221; &#8212; FUNDACI\u00d3N YUSTE\" src=\"https:\/\/www.fundacionyuste.org\/en\/european-values-as-a-potential-model-for-integration-and-progress-in-a-global-world-have-a-leading-role-in-an-event-with-sofia-corradi-mamma-erasmus-in-rome\/embed\/#?secret=INImsGUQwV\" data-secret=\"INImsGUQwV\" width=\"600\" height=\"338\" frameborder=\"0\" marginwidth=\"0\" marginheight=\"0\" scrolling=\"no\"><\/iframe><\/p>\n<blockquote class=\"wp-embedded-content\" data-secret=\"G6jdtvYoiW\"><p><a href=\"https:\/\/www.fundacionyuste.org\/en\/yuste-foundation-presents-the-book-peace-and-european-values-as-a-potential-model-for-integration-and-progress-in-a-global-world-in-rome\/\">Yuste Foundation presents the book Peace and European values as a potential model for integration and progress in a global world in Rome<\/a><\/p><\/blockquote>\n<p><iframe class=\"wp-embedded-content\" sandbox=\"allow-scripts\" security=\"restricted\" style=\"position: absolute; clip: rect(1px, 1px, 1px, 1px);\" title=\"&#8220;Yuste Foundation presents the book Peace and European values as a potential model for integration and progress in a global world in Rome&#8221; &#8212; FUNDACI\u00d3N YUSTE\" src=\"https:\/\/www.fundacionyuste.org\/en\/yuste-foundation-presents-the-book-peace-and-european-values-as-a-potential-model-for-integration-and-progress-in-a-global-world-in-rome\/embed\/#?secret=G6jdtvYoiW\" data-secret=\"G6jdtvYoiW\" width=\"600\" height=\"338\" frameborder=\"0\" marginwidth=\"0\" marginheight=\"0\" scrolling=\"no\"><\/iframe><\/p>\n<p>[\/et_pb_tab][et_pb_tab _builder_version=&#8221;3.0.85&#8243; title=&#8221;Photos&#8221; use_background_color_gradient=&#8221;off&#8221; background_color_gradient_start=&#8221;#2b87da&#8221; background_color_gradient_end=&#8221;#29c4a9&#8243; background_color_gradient_type=&#8221;linear&#8221; background_color_gradient_direction=&#8221;180deg&#8221; background_color_gradient_direction_radial=&#8221;center&#8221; background_color_gradient_start_position=&#8221;0%&#8221; background_color_gradient_end_position=&#8221;100%&#8221; parallax=&#8221;off&#8221; parallax_method=&#8221;on&#8221; background_size=&#8221;cover&#8221; background_position=&#8221;center&#8221; background_repeat=&#8221;no-repeat&#8221; background_blend=&#8221;normal&#8221; allow_player_pause=&#8221;off&#8221; tab_font=&#8221;||||||||&#8221; tab_text_shadow_style=&#8221;none&#8221; tab_text_shadow_color=&#8221;rgba(0,0,0,0.4)&#8221; body_font=&#8221;||||||||&#8221; body_text_shadow_style=&#8221;none&#8221; body_text_shadow_color=&#8221;rgba(0,0,0,0.4)&#8221;]<\/p>\n\n\t\t<style type=\"text\/css\">\n\t\t\t#gallery-1 {\n\t\t\t\tmargin: auto;\n\t\t\t}\n\t\t\t#gallery-1 .gallery-item {\n\t\t\t\tfloat: left;\n\t\t\t\tmargin-top: 10px;\n\t\t\t\ttext-align: center;\n\t\t\t\twidth: 25%;\n\t\t\t}\n\t\t\t#gallery-1 img {\n\t\t\t\tborder: 2px solid #cfcfcf;\n\t\t\t}\n\t\t\t#gallery-1 .gallery-caption {\n\t\t\t\tmargin-left: 0;\n\t\t\t}\n\t\t\t\/* see gallery_shortcode() in wp-includes\/media.php *\/\n\t\t<\/style>\n\t\t<div id='gallery-1' class='gallery galleryid-217142 gallery-columns-4 gallery-size-thumbnail'><dl class='gallery-item'>\n\t\t\t<dt class='gallery-icon landscape'>\n\t\t\t\t<a href='https:\/\/www.fundacionyuste.org\/wp-content\/uploads\/2019\/12\/IMG-20200130-WA0033-1-1024x768.jpg' title=\"\" data-rl_title=\"\" class=\"rl-gallery-link\" data-rl_caption=\"\" data-rel=\"lightbox-gallery-1\"><img width=\"150\" height=\"150\" src=\"https:\/\/www.fundacionyuste.org\/wp-content\/uploads\/2019\/12\/IMG-20200130-WA0033-1-150x150.jpg\" class=\"attachment-thumbnail size-thumbnail\" alt=\"\" decoding=\"async\" loading=\"lazy\" srcset=\"https:\/\/www.fundacionyuste.org\/wp-content\/uploads\/2019\/12\/IMG-20200130-WA0033-1-150x150.jpg 150w, https:\/\/www.fundacionyuste.org\/wp-content\/uploads\/2019\/12\/IMG-20200130-WA0033-1-300x300.jpg 300w, https:\/\/www.fundacionyuste.org\/wp-content\/uploads\/2019\/12\/IMG-20200130-WA0033-1-440x440.jpg 440w\" sizes=\"(max-width: 150px) 100vw, 150px\" \/><\/a>\n\t\t\t<\/dt><\/dl><dl class='gallery-item'>\n\t\t\t<dt class='gallery-icon landscape'>\n\t\t\t\t<a href='https:\/\/www.fundacionyuste.org\/wp-content\/uploads\/2019\/12\/IMG-20200130-WA0071-1024x768.jpg' title=\"\" data-rl_title=\"\" class=\"rl-gallery-link\" data-rl_caption=\"\" data-rel=\"lightbox-gallery-1\"><img width=\"150\" height=\"150\" src=\"https:\/\/www.fundacionyuste.org\/wp-content\/uploads\/2019\/12\/IMG-20200130-WA0071-150x150.jpg\" class=\"attachment-thumbnail size-thumbnail\" alt=\"\" decoding=\"async\" loading=\"lazy\" srcset=\"https:\/\/www.fundacionyuste.org\/wp-content\/uploads\/2019\/12\/IMG-20200130-WA0071-150x150.jpg 150w, https:\/\/www.fundacionyuste.org\/wp-content\/uploads\/2019\/12\/IMG-20200130-WA0071-300x300.jpg 300w, https:\/\/www.fundacionyuste.org\/wp-content\/uploads\/2019\/12\/IMG-20200130-WA0071-440x440.jpg 440w\" sizes=\"(max-width: 150px) 100vw, 150px\" \/><\/a>\n\t\t\t<\/dt><\/dl><dl class='gallery-item'>\n\t\t\t<dt class='gallery-icon landscape'>\n\t\t\t\t<a href='https:\/\/www.fundacionyuste.org\/wp-content\/uploads\/2019\/12\/IMG-20200130-WA0066-1024x768.jpg' title=\"\" data-rl_title=\"\" class=\"rl-gallery-link\" data-rl_caption=\"\" data-rel=\"lightbox-gallery-1\"><img width=\"150\" height=\"150\" src=\"https:\/\/www.fundacionyuste.org\/wp-content\/uploads\/2019\/12\/IMG-20200130-WA0066-150x150.jpg\" class=\"attachment-thumbnail size-thumbnail\" alt=\"\" decoding=\"async\" loading=\"lazy\" srcset=\"https:\/\/www.fundacionyuste.org\/wp-content\/uploads\/2019\/12\/IMG-20200130-WA0066-150x150.jpg 150w, https:\/\/www.fundacionyuste.org\/wp-content\/uploads\/2019\/12\/IMG-20200130-WA0066-300x300.jpg 300w, https:\/\/www.fundacionyuste.org\/wp-content\/uploads\/2019\/12\/IMG-20200130-WA0066-440x440.jpg 440w\" sizes=\"(max-width: 150px) 100vw, 150px\" \/><\/a>\n\t\t\t<\/dt><\/dl><dl class='gallery-item'>\n\t\t\t<dt class='gallery-icon landscape'>\n\t\t\t\t<a href='https:\/\/www.fundacionyuste.org\/wp-content\/uploads\/2019\/12\/IMG-20200130-WA0039-1024x768.jpg' title=\"\" data-rl_title=\"\" class=\"rl-gallery-link\" data-rl_caption=\"\" data-rel=\"lightbox-gallery-1\"><img width=\"150\" height=\"150\" src=\"https:\/\/www.fundacionyuste.org\/wp-content\/uploads\/2019\/12\/IMG-20200130-WA0039-150x150.jpg\" class=\"attachment-thumbnail size-thumbnail\" alt=\"\" decoding=\"async\" loading=\"lazy\" srcset=\"https:\/\/www.fundacionyuste.org\/wp-content\/uploads\/2019\/12\/IMG-20200130-WA0039-150x150.jpg 150w, https:\/\/www.fundacionyuste.org\/wp-content\/uploads\/2019\/12\/IMG-20200130-WA0039-300x300.jpg 300w, https:\/\/www.fundacionyuste.org\/wp-content\/uploads\/2019\/12\/IMG-20200130-WA0039-440x440.jpg 440w\" sizes=\"(max-width: 150px) 100vw, 150px\" \/><\/a>\n\t\t\t<\/dt><\/dl><br style=\"clear: both\" \/><dl class='gallery-item'>\n\t\t\t<dt class='gallery-icon landscape'>\n\t\t\t\t<a href='https:\/\/www.fundacionyuste.org\/wp-content\/uploads\/2019\/12\/IMG-20200130-WA0038-1024x768.jpg' title=\"\" data-rl_title=\"\" class=\"rl-gallery-link\" data-rl_caption=\"\" data-rel=\"lightbox-gallery-1\"><img width=\"150\" height=\"150\" src=\"https:\/\/www.fundacionyuste.org\/wp-content\/uploads\/2019\/12\/IMG-20200130-WA0038-150x150.jpg\" class=\"attachment-thumbnail size-thumbnail\" alt=\"\" decoding=\"async\" loading=\"lazy\" srcset=\"https:\/\/www.fundacionyuste.org\/wp-content\/uploads\/2019\/12\/IMG-20200130-WA0038-150x150.jpg 150w, https:\/\/www.fundacionyuste.org\/wp-content\/uploads\/2019\/12\/IMG-20200130-WA0038-300x300.jpg 300w, https:\/\/www.fundacionyuste.org\/wp-content\/uploads\/2019\/12\/IMG-20200130-WA0038-440x440.jpg 440w\" sizes=\"(max-width: 150px) 100vw, 150px\" \/><\/a>\n\t\t\t<\/dt><\/dl><dl class='gallery-item'>\n\t\t\t<dt class='gallery-icon landscape'>\n\t\t\t\t<a href='https:\/\/www.fundacionyuste.org\/wp-content\/uploads\/2019\/12\/IMG-20200130-WA0037-1024x768.jpg' title=\"\" data-rl_title=\"\" class=\"rl-gallery-link\" data-rl_caption=\"\" data-rel=\"lightbox-gallery-1\"><img width=\"150\" height=\"150\" src=\"https:\/\/www.fundacionyuste.org\/wp-content\/uploads\/2019\/12\/IMG-20200130-WA0037-150x150.jpg\" class=\"attachment-thumbnail size-thumbnail\" alt=\"\" decoding=\"async\" loading=\"lazy\" srcset=\"https:\/\/www.fundacionyuste.org\/wp-content\/uploads\/2019\/12\/IMG-20200130-WA0037-150x150.jpg 150w, https:\/\/www.fundacionyuste.org\/wp-content\/uploads\/2019\/12\/IMG-20200130-WA0037-300x300.jpg 300w, https:\/\/www.fundacionyuste.org\/wp-content\/uploads\/2019\/12\/IMG-20200130-WA0037-440x440.jpg 440w\" sizes=\"(max-width: 150px) 100vw, 150px\" \/><\/a>\n\t\t\t<\/dt><\/dl><dl class='gallery-item'>\n\t\t\t<dt class='gallery-icon landscape'>\n\t\t\t\t<a href='https:\/\/www.fundacionyuste.org\/wp-content\/uploads\/2019\/12\/IMG-20200130-WA0035-1024x768.jpg' title=\"\" data-rl_title=\"\" class=\"rl-gallery-link\" data-rl_caption=\"\" data-rel=\"lightbox-gallery-1\"><img width=\"150\" height=\"150\" src=\"https:\/\/www.fundacionyuste.org\/wp-content\/uploads\/2019\/12\/IMG-20200130-WA0035-150x150.jpg\" class=\"attachment-thumbnail size-thumbnail\" alt=\"\" decoding=\"async\" loading=\"lazy\" srcset=\"https:\/\/www.fundacionyuste.org\/wp-content\/uploads\/2019\/12\/IMG-20200130-WA0035-150x150.jpg 150w, https:\/\/www.fundacionyuste.org\/wp-content\/uploads\/2019\/12\/IMG-20200130-WA0035-300x300.jpg 300w, https:\/\/www.fundacionyuste.org\/wp-content\/uploads\/2019\/12\/IMG-20200130-WA0035-440x440.jpg 440w\" sizes=\"(max-width: 150px) 100vw, 150px\" \/><\/a>\n\t\t\t<\/dt><\/dl><dl class='gallery-item'>\n\t\t\t<dt class='gallery-icon landscape'>\n\t\t\t\t<a href='https:\/\/www.fundacionyuste.org\/wp-content\/uploads\/2019\/12\/IMG-20200130-WA0076-1024x768.jpg' title=\"\" data-rl_title=\"\" class=\"rl-gallery-link\" data-rl_caption=\"\" data-rel=\"lightbox-gallery-1\"><img width=\"150\" height=\"150\" src=\"https:\/\/www.fundacionyuste.org\/wp-content\/uploads\/2019\/12\/IMG-20200130-WA0076-150x150.jpg\" class=\"attachment-thumbnail size-thumbnail\" alt=\"\" decoding=\"async\" loading=\"lazy\" srcset=\"https:\/\/www.fundacionyuste.org\/wp-content\/uploads\/2019\/12\/IMG-20200130-WA0076-150x150.jpg 150w, https:\/\/www.fundacionyuste.org\/wp-content\/uploads\/2019\/12\/IMG-20200130-WA0076-300x300.jpg 300w, https:\/\/www.fundacionyuste.org\/wp-content\/uploads\/2019\/12\/IMG-20200130-WA0076-440x440.jpg 440w\" sizes=\"(max-width: 150px) 100vw, 150px\" \/><\/a>\n\t\t\t<\/dt><\/dl><br style=\"clear: both\" \/>\n\t\t<\/div>\n\n<p>[\/et_pb_tab] [\/et_pb_tabs][\/et_pb_column][\/et_pb_row][\/et_pb_section]<\/p>\n","protected":false},"excerpt":{"rendered":"<p>ACTIVIDADES &nbsp; &nbsp; On 30 January 2020, in Rome (Italy) The European and Ibero-American Academy of Yuste Foundation published the book, Peace and European Values as a Potential Model for Integration and Progress in a Global World,\u00a0which includes the contributions presented by PhD students who were awarded a \u201cCarlos V European Award- Sofia Corradi European [&hellip;]<\/p>\n","protected":false},"author":3,"featured_media":217345,"comment_status":"closed","ping_status":"closed","sticky":false,"template":"","format":"standard","meta":{"_et_pb_use_builder":"on","_et_pb_old_content":"<p>[et_pb_section bb_built=\"1\" _builder_version=\"3.0.85\"][et_pb_row _builder_version=\"3.0.47\" background_size=\"initial\" background_position=\"top_left\" background_repeat=\"repeat\"][et_pb_column type=\"1_4\"][et_pb_text admin_label=\"TITULO SECCI\u00d3N\" _builder_version=\"3.0.85\" text_font=\"Muli||||||||\" text_orientation=\"right\" module_alignment=\"right\" custom_padding=\"|20px||\"]<\/p><h1>ACTIVIDADES<\/h1><p>[\/et_pb_text][\/et_pb_column][et_pb_column type=\"3_4\"][et_pb_post_title admin_label=\"T\u00cdTULO DE LA ACTIVIDAD (Autom\u00e1tico)\" meta=\"off\" featured_image=\"off\" _builder_version=\"3.0.85\" title_level=\"h2\" title_font=\"Muli|700||on|||||\" title_font_size=\"20px\" custom_padding=\"6px|||\"]<\/p><p>\u00a0<\/p><p>[\/et_pb_post_title][\/et_pb_column][\/et_pb_row][et_pb_row _builder_version=\"3.0.47\" background_size=\"initial\" background_position=\"top_left\" background_repeat=\"repeat\"][et_pb_column type=\"1_4\"][et_pb_sidebar admin_label=\"MEN\u00da LATERAL\" area=\"et_pb_widget_area_6\" _builder_version=\"3.0.85\" orientation=\"left\" show_border=\"on\" background_layout=\"light\"]<\/p><p>\u00a0<\/p><p>[\/et_pb_sidebar][\/et_pb_column][et_pb_column type=\"3_4\"][et_pb_text admin_label=\"CONTENIDO DE LA ACTIVIDAD\" _builder_version=\"3.0.85\" text_font=\"Muli||||||||\" text_text_color=\"#262626\" header_font=\"Muli||||||||\" header_font_size=\"22px\" header_2_font=\"Muli||||||||\" header_3_font=\"Muli||||||||\" header_4_font=\"Muli||||||||\" header_5_font=\"Muli||||||||\" header_6_font=\"Muli||||||||\" background_layout=\"light\"]<\/p><p><strong>Roma (Italia), 30 de Enero de 2020<\/strong><\/p><p><img class=\"size-medium wp-image-217136 alignleft\" src=\"https:\/\/www.fundacionyuste.org\/wp-content\/uploads\/2019\/12\/Presentaci\u00f3n-Libro-Sof\u00eda-Corradi-Roma-ES-212x300.jpg\" alt=\"\" width=\"212\" height=\"300\" \/><\/p><p align=\"justify\">La Fundaci\u00f3n Academia Europea e Iberoamericana de Yuste ha publicado el libro\u00a0<strong>\u2018Paz y valores europeos como posible modelo de\u00a0integraci\u00f3n y progreso en un mundo global<\/strong><strong>\u2019,<\/strong>\u00a0que incluye las contribuciones presentadas en el seminario doctoral celebrado en Yuste, entre el 24 y el 26 de julio de 2017, por los estudiantes de doctorado ganadores de una Beca de Investigaci\u00f3n y Movilidad en Estudios Europeos Premio Europeo Carlos V-Sofia Corradi. Este libro se enmarca en la colecci\u00f3n \u2018Cuadernos de Yuste\u2019.<\/p><p align=\"justify\">El Premio Europeo Carlos V lleva asociadas unas becas dirigidas a investigadores que est\u00e1n cursando el doctorado en cualquier pa\u00eds europeo y que se encuentren preparando una tesis doctoral. La tem\u00e1tica es elegida por la persona galardonada, que en este caso fue la profesora italiana Sofia Corradi, m\u00e1s conocida como\u00a0<em>Mamma Erasmus<\/em>\u00a0por ser la impulsora de este programa de movilidad, quien eligi\u00f3 la paz y los valores europeos como tema de investigaci\u00f3n.<\/p><p align=\"justify\">El libro incluye una reflexi\u00f3n de Corradi sobre la paz, valor que califica como un \u201cdesaf\u00edo, un logro y una recompensa\u201d. La ganadora del Premio Europeo Carlos V en 2016 tambi\u00e9n se\u00f1ala que \u201cel mantenimiento de la paz y la convivencia pac\u00edfica exige grandes dosis de madurez\u201d y reivindica el compromiso personal con \u201cel humilde empe\u00f1o de dar prioridad a la paz, de luchar por la paz y de desarrollar la paz\u201d porque su consecuci\u00f3n \u201ces un reto diario y requiere de un gran trabajo\u201d. Finalmente, Sofia Corradi considera que el programa Erasmus es un \u201cinstrumento en pro de la paz, haciendo una peque\u00f1a aportaci\u00f3n preventiva\u201d.<\/p><p style=\"font-weight: 400;\">Adem\u00e1s, el libro incluye un prefacio de Sofia Corradi que describe la evoluci\u00f3n del Programa Erasmus desde el a\u00f1o 1987 hasta la actualidad, habi\u00e9ndose beneficiado durante este tiempo unos cinco millones de personas.<\/p><p align=\"justify\">Los contenidos del volumen cubren diferentes \u00e1reas de investigaci\u00f3n, haciendo especial hincapi\u00e9 en el modelo y valores europeos en un mundo global; pol\u00edticas internas de la Uni\u00f3n Europea; la propia g\u00e9nesis en los valores europeos; el papel de las becas Erasmus en la internacionalizaci\u00f3n de la educaci\u00f3n superior; la\u00a0participaci\u00f3n juvenil en el Derecho de la Uni\u00f3n Europea; los derechos religiosos; la preservaci\u00f3n de las fronteras exteriores; la pol\u00edtica de memoria hist\u00f3rica en la Uni\u00f3n; la proyecci\u00f3n exterior o el concepto de Europa desde una visi\u00f3n cr\u00edtica perif\u00e9rica.<\/p><p align=\"justify\">El libro, coordinado por el profesor em\u00e9rito de la Universidad de Salamanca Jes\u00fas Baigorri y por J\u00fcrgen Elvert,\u00a0c\u00e1tedra Jean Monnet de Historia Europea de la Universidad de Colonia (Alemania), ha\u00a0sido publicado por la prestigiosa editorial de trabajos cient\u00edficos Peter Lang.<\/p><p align=\"justify\">Estos trabajos de investigaci\u00f3n han contado con el apoyo de la Junta de Extremadura, la Agencia Extreme\u00f1a de Cooperaci\u00f3n Internacional al Desarrollo (AEXCID), la\u00a0Embajada\u00a0de Italia en Espa\u00f1a, la Asamblea de Extremadura, las diputaciones de C\u00e1ceres y Badajoz, la Universidad de Extremadura, la red SEGEI y Patrimonio Nacional.<\/p><p align=\"justify\">El libro <strong>ser\u00e1 presentado el pr\u00f3ximo 30 de enero de 2020<\/strong> en un acto acad\u00e9mico en Roma, en la Oficina de Informaci\u00f3n del Parlamento Europeo en dicha ciudad, y en el participar\u00e1n los autores e investigadores del libro, los editores de la obra, as\u00ed como la propia Sof\u00eda Corradi, Mama-Erasmus, quien se encargar\u00e1 de ofrecer la intervenci\u00f3n principal del evento. As\u00ed mismo, el evento contar\u00e1 con el Director de la Oficina del Parlamento Europeo en Roma, y el Embajador de Espa\u00f1a en Italia.<\/p><p align=\"justify\">En la publicaci\u00f3n participan investigadores de varias nacionalidades:\u00a07 investigadoras y 3 investigadores de nacionalidad espa\u00f1ola, italiana, serbia, h\u00fangara, francesa y peruana, uno de ellos procedente de la Universidad de Extremadura.<\/p><p align=\"justify\">Los investigadores seleccionados provienen de las universidades de Leuven (B\u00e9lgica), Maastricht (Pa\u00edses Bajos), La Sapienza (Italia), la UNED (Espa\u00f1a), La Universidad Nacional Aut\u00f3noma de M\u00e9xico, Szeged (Hungr\u00eda), la Freie Universit\u00e4t Berlin (Alemania), la Aut\u00f3noma de Barcelona (Espa\u00f1a), Extremadura (Espa\u00f1a) , West Hungary (Hungria), Sant\u2019Anna Pisa (Italia), y C\u00f3rdoba (Espa\u00f1a).<\/p><p align=\"justify\">Tras la presentaci\u00f3n acad\u00e9mica se proceder\u00e1 a la entrega de diplomas a los investigadores por parte de Sof\u00eda Corradi.<\/p><p>[\/et_pb_text][et_pb_tabs admin_label=\"CONTENIDO EN PESTA\u00d1AS \" active_tab_background_color=\"#368e00\" inactive_tab_background_color=\"#e09900\" _builder_version=\"3.0.85\" tab_font=\"Muli|600||on|||||\" custom_margin=\"||40px|\"] [et_pb_tab title=\"Documentos\" _builder_version=\"3.0.85\" tab_font=\"||||||||\" body_font=\"Muli||||||||\" use_background_color_gradient=\"off\" background_color_gradient_start=\"#2b87da\" background_color_gradient_end=\"#29c4a9\" background_color_gradient_type=\"linear\" background_color_gradient_direction=\"180deg\" background_color_gradient_direction_radial=\"center\" background_color_gradient_start_position=\"0%\" background_color_gradient_end_position=\"100%\" parallax=\"off\" parallax_method=\"on\" background_size=\"cover\" background_position=\"center\" background_repeat=\"no-repeat\" background_blend=\"normal\" allow_player_pause=\"off\" tab_text_shadow_style=\"none\" tab_text_shadow_color=\"rgba(0,0,0,0.4)\" body_text_shadow_style=\"none\" body_text_shadow_color=\"rgba(0,0,0,0.4)\"]<\/p><p><img class=\"wp-image-206700 alignnone\" src=\"https:\/\/www.fundacionyuste.org\/wp-content\/uploads\/2018\/02\/012-file.png\" alt=\"\" width=\"20\" height=\"20\" \/><a href=\"https:\/\/www.fundacionyuste.org\/wp-content\/uploads\/2019\/12\/Presentaci\u00f3n-Libro-Sof\u00eda-Corradi-Roma-1.pdf\"><strong> INVITACI\u00d3N<\/strong><\/a><\/p><p>\u00a0<\/p><p>[\/et_pb_tab] [\/et_pb_tabs][\/et_pb_column][\/et_pb_row][\/et_pb_section]<\/p>","_et_gb_content_width":"","_links_to":"","_links_to_target":""},"categories":[179,187],"tags":[215,230],"_links":{"self":[{"href":"https:\/\/www.fundacionyuste.org\/en\/wp-json\/wp\/v2\/posts\/217142"}],"collection":[{"href":"https:\/\/www.fundacionyuste.org\/en\/wp-json\/wp\/v2\/posts"}],"about":[{"href":"https:\/\/www.fundacionyuste.org\/en\/wp-json\/wp\/v2\/types\/post"}],"author":[{"embeddable":true,"href":"https:\/\/www.fundacionyuste.org\/en\/wp-json\/wp\/v2\/users\/3"}],"replies":[{"embeddable":true,"href":"https:\/\/www.fundacionyuste.org\/en\/wp-json\/wp\/v2\/comments?post=217142"}],"version-history":[{"count":0,"href":"https:\/\/www.fundacionyuste.org\/en\/wp-json\/wp\/v2\/posts\/217142\/revisions"}],"wp:featuredmedia":[{"embeddable":true,"href":"https:\/\/www.fundacionyuste.org\/en\/wp-json\/wp\/v2\/media\/217345"}],"wp:attachment":[{"href":"https:\/\/www.fundacionyuste.org\/en\/wp-json\/wp\/v2\/media?parent=217142"}],"wp:term":[{"taxonomy":"category","embeddable":true,"href":"https:\/\/www.fundacionyuste.org\/en\/wp-json\/wp\/v2\/categories?post=217142"},{"taxonomy":"post_tag","embeddable":true,"href":"https:\/\/www.fundacionyuste.org\/en\/wp-json\/wp\/v2\/tags?post=217142"}],"curies":[{"name":"wp","href":"https:\/\/api.w.org\/{rel}","templated":true}]}}