{"id":217292,"date":"2020-01-20T11:10:31","date_gmt":"2020-01-20T11:10:31","guid":{"rendered":"https:\/\/www.fundacionyuste.org\/?p=217292"},"modified":"2020-03-02T18:23:02","modified_gmt":"2020-03-02T18:23:02","slug":"yuste-foundation-presents-the-book-peace-and-european-values-as-a-potential-model-for-integration-and-progress-in-a-global-world-in-rome","status":"publish","type":"post","link":"https:\/\/www.fundacionyuste.org\/en\/yuste-foundation-presents-the-book-peace-and-european-values-as-a-potential-model-for-integration-and-progress-in-a-global-world-in-rome\/","title":{"rendered":"Yuste Foundation presents the book Peace and European values as a potential model for integration and progress in a global world in Rome"},"content":{"rendered":"<p>[et_pb_section bb_built=&#8221;1&#8243; _builder_version=&#8221;3.0.47&#8243; inner_width=&#8221;auto&#8221; inner_max_width=&#8221;none&#8221;][et_pb_row admin_label=&#8221;ENCABEZADOS&#8221; _builder_version=&#8221;3.0.85&#8243; background_size=&#8221;initial&#8221; background_position=&#8221;top_left&#8221; background_repeat=&#8221;repeat&#8221; width=&#8221;90%&#8221; max_width=&#8221;1080px&#8221;][et_pb_column type=&#8221;1_4&#8243; custom_padding__hover=&#8221;|||&#8221; custom_padding=&#8221;|||&#8221;][et_pb_text admin_label=&#8221;TITULO SECCI\u00d3N&#8221; _builder_version=&#8221;3.0.85&#8243; text_font=&#8221;Muli|600|||||||&#8221; text_font_size=&#8221;33px&#8221; text_text_color=&#8221;#7cda24&#8243; text_text_shadow_style=&#8221;preset3&#8243; text_text_shadow_color=&#8221;rgba(0,0,0,0.28)&#8221; header_font=&#8221;Muli||||||||&#8221; header_font_size=&#8221;31px&#8221; header_text_shadow_style=&#8221;preset3&#8243; text_orientation=&#8221;right&#8221; module_alignment=&#8221;right&#8221; custom_padding=&#8221;|20px||&#8221;]<\/p>\n<h1>COMUNICACI\u00d3N<\/h1>\n<p>[\/et_pb_text][\/et_pb_column][et_pb_column type=&#8221;3_4&#8243; custom_padding__hover=&#8221;|||&#8221; custom_padding=&#8221;|||&#8221;][et_pb_post_title admin_label=&#8221;T\u00cdTULO DE LA NOTICIA (Autom\u00e1tico)&#8221; meta=&#8221;off&#8221; featured_image=&#8221;off&#8221; _builder_version=&#8221;3.0.85&#8243; title_level=&#8221;h2&#8243; title_font=&#8221;Muli|700||on|||||&#8221; title_font_size=&#8221;20px&#8221; custom_margin=&#8221;6px|||&#8221; \/][\/et_pb_column][\/et_pb_row][et_pb_row custom_padding=&#8221;3px|0px|0px|0px&#8221; _builder_version=&#8221;3.0.47&#8243; background_size=&#8221;initial&#8221; background_position=&#8221;top_left&#8221; background_repeat=&#8221;repeat&#8221; width=&#8221;90%&#8221; max_width=&#8221;1080px&#8221;][et_pb_column type=&#8221;1_4&#8243; custom_padding__hover=&#8221;|||&#8221; custom_padding=&#8221;|||&#8221;][et_pb_sidebar admin_label=&#8221;MENU LATERAL&#8221; area=&#8221;et_pb_widget_area_5&#8243; _builder_version=&#8221;3.27.4&#8243; text_shadow_horizontal_length=&#8221;text_shadow_style,%91object Object%93&#8243; text_shadow_horizontal_length_tablet=&#8221;0px&#8221; text_shadow_vertical_length=&#8221;text_shadow_style,%91object Object%93&#8243; text_shadow_vertical_length_tablet=&#8221;0px&#8221; text_shadow_blur_strength=&#8221;text_shadow_style,%91object Object%93&#8243; text_shadow_blur_strength_tablet=&#8221;1px&#8221; header_text_shadow_horizontal_length=&#8221;header_text_shadow_style,%91object Object%93&#8243; header_text_shadow_horizontal_length_tablet=&#8221;0px&#8221; header_text_shadow_vertical_length=&#8221;header_text_shadow_style,%91object Object%93&#8243; header_text_shadow_vertical_length_tablet=&#8221;0px&#8221; header_text_shadow_blur_strength=&#8221;header_text_shadow_style,%91object Object%93&#8243; header_text_shadow_blur_strength_tablet=&#8221;1px&#8221; body_text_shadow_horizontal_length=&#8221;body_text_shadow_style,%91object Object%93&#8243; body_text_shadow_horizontal_length_tablet=&#8221;0px&#8221; body_text_shadow_vertical_length=&#8221;body_text_shadow_style,%91object Object%93&#8243; body_text_shadow_vertical_length_tablet=&#8221;0px&#8221; body_text_shadow_blur_strength=&#8221;body_text_shadow_style,%91object Object%93&#8243; body_text_shadow_blur_strength_tablet=&#8221;1px&#8221; box_shadow_horizontal_tablet=&#8221;0px&#8221; box_shadow_vertical_tablet=&#8221;0px&#8221; box_shadow_blur_tablet=&#8221;40px&#8221; box_shadow_spread_tablet=&#8221;0px&#8221; z_index_tablet=&#8221;500&#8243; \/][\/et_pb_column][et_pb_column type=&#8221;3_4&#8243; custom_padding__hover=&#8221;|||&#8221; custom_padding=&#8221;|||&#8221;][et_pb_text admin_label=&#8221;CONTENIDO DE LA NOTICIA&#8221; _builder_version=&#8221;3.27.4&#8243; text_font=&#8221;Muli||||||||&#8221; text_text_color=&#8221;#262626&#8243; header_font=&#8221;Muli||||||||&#8221; header_font_size=&#8221;22px&#8221; header_2_font=&#8221;Muli||||||||&#8221; header_3_font=&#8221;Muli||||||||&#8221; header_4_font=&#8221;Muli||||||||&#8221; header_5_font=&#8221;Muli||||||||&#8221; header_6_font=&#8221;Muli||||||||&#8221; text_orientation=&#8221;justified&#8221; custom_margin=&#8221;8px|||&#8221; text_line_height=&#8221;1.4em&#8221; background_layout=&#8221;light&#8221;]<\/p>\n<p>\n<img decoding=\"async\" loading=\"lazy\" class=\"alignleft wp-image-216349 size-medium\" src=\"https:\/\/www.fundacionyuste.org\/wp-content\/uploads\/2019\/10\/cuadernos11-1-208x300.jpg\" alt=\"\" width=\"208\" height=\"300\" srcset=\"https:\/\/www.fundacionyuste.org\/wp-content\/uploads\/2019\/10\/cuadernos11-1-208x300.jpg 208w, https:\/\/www.fundacionyuste.org\/wp-content\/uploads\/2019\/10\/cuadernos11-1.jpg 533w\" sizes=\"(max-width: 208px) 100vw, 208px\" \/><\/p>\n<p align=\"justify\"><strong>The publication includes the research works presented at the doctoral seminar by the ten researchers who were awarded a Sofia Corradi- European Research and Mobility Grant for European Studies.<\/strong><\/p>\n<p align=\"justify\">The European and Ibero-American Academy of Yuste Foundation, in collaboration with the Spanish Embassy and the Office of the European Parliament in Italy, will present the book <em>Peace and European values as a potential model for integration and progress in a global world<\/em> at the building of the European Parliament in Rome, on 30 January at 16:00 pm.<\/p>\n<p align=\"justify\">This publication, included in the book collection \u201cCuadernos de Yuste\u201d, is the result of the research works carried out by the researchers awarded the Sofia Corradi Research and Mobility Grants for European Studies, which are in turn linked to the Carlos V European Award. These were exposed and discussed at the doctoral seminar organised by the Foundation from 24 to 26 July 2017, at the Royal Monastery of Yuste.<\/p>\n<p align=\"justify\">The Director of the Office of the European Parliament in Italy, Carlo Corazza; the Spanish Ambassador in Italy, Alfonso Dastis; Professor and winner of the Carlos V European Award, Sofia Corradi; the President of the Foundation\u2019s Executive Committee and Director General of External Action, Rosa Balas; the coordinator of the publication, Jes\u00fas Baigorri and two of the researchers who are responsible of the contents of the book, Bettina Steible and Luigi Cino, will take part in the presentation. Following the institutional words and the presentation of the book, diplomas will be given to the authors of the works included in the book. The event is supported by Alimentos de Extremadura and Extremadura Avante, the Regional Government of Extremadura\u2019s group of public entities.<\/p>\n<p align=\"justify\">In the preface of the book, Sofia Corradi reviews the most notable milestones of the Erasmus Programme, giving special emphasis to those who she has collaborated with, contributing with her knowledge and personal experience. In this sense, she recalls that ever since the Erasmus Programme was launched in 1987 it has made the exchange of approximately five million students from around five thousand higher education European institutions possible. She, furthermore, points out that since 2014 the Erasmus Programme \u2013now Erasmus Plus- has a broader scope to include other programmes, institutions and pre-existing European organisations of all sort in order to offer young managers and workers similar opportunities and to get a greater amount of geographical areas involved.<\/p>\n<p align=\"justify\">The winner of the Carlos V European Award explains that the programme\u2019s budget has reached fifteen thousand million euros for the period from 2014 to 2020 in her text, a figure that only includes the European Union\u2019s contribution.<\/p>\n<p align=\"justify\">Finally, Corradi affirms that ever since she began her research on the Erasmus Programme, she has systematically observed that \u201cyoung adults who spend a period of their lives fully immersed in a different culture develop precious personal traits\u201d and adds that the Erasmus Programme \u201ccreates a dialogical mindset. This mindset becomes a very general and permanent characteristic of the individual and works with regard to any culture, that is to say the effect is general and lasting, and it influences all future relationships the individual will have when encountering new people\u201d.<\/p>\n<p align=\"justify\">The publication includes different research works on subjects, such as: border management; the importance of peripheries as opposed to Eurocentrism; the construction of European citizenship; foreign policy of the European Union in the Mediterranean; the role of women in the process of European construction, as the cases of Simone Veil, the first woman President of the European Parliament, and Sofia Corradi in the defence of European values and religious laws \u2013both winners of the Carlos V European Award-, among other subjects.<\/p>\n<p align=\"justify\">The works published in this book have had the support of the Regional Government of Extremadura; the Agency for International Development Cooperation (AEXCID); the Italian Embassy in Spain; the Italian Government through the Ministry of Education, Universities and Research; the Assembly of Extremadura; the city Council of C\u00e1ceres; the City Council of Badajoz; the University of Extremadura; National Heritage; and the Socio Economic Governance and European Identity Network (SEGEI).<\/p>\n<p>For further information: <a href=\"https:\/\/www.fundacionyuste.org\/cuadernos11\/\">https:\/\/www.fundacionyuste.org\/cuadernos11\/<\/a><\/p>\n<p>Purchase: <a href=\"http:\/\/www.peterlang.com\/search?q1=peace+and+european+values&amp;searchBtn\">www.peterlang.com\/search?q1=peace+and+european+values&amp;searchBtn<\/a>=<\/p>\n<p>[\/et_pb_text][et_pb_post_nav admin_label=&#8221;\u2190 NAVEGACION POR NOTICIAS \u2192&#8221; in_same_term=&#8221;on&#8221; prev_text=&#8221;VER NOTICIA ANTERIOR&#8221; next_text=&#8221;VER NOTICIA SIGUIENTE&#8221; _builder_version=&#8221;3.0.85&#8243; custom_margin=&#8221;||3%|&#8221; \/][\/et_pb_column][\/et_pb_row][\/et_pb_section]<\/p>\n","protected":false},"excerpt":{"rendered":"<p>The publication includes the research works presented at the doctoral seminar by the ten researchers who were awarded a Sofia Corradi- European Research and Mobility Grant for European Studies.<\/p>\n","protected":false},"author":3,"featured_media":217288,"comment_status":"closed","ping_status":"closed","sticky":false,"template":"","format":"standard","meta":{"_et_pb_use_builder":"on","_et_pb_old_content":"<p>[et_pb_section bb_built=\"1\" _builder_version=\"3.0.47\"][et_pb_row admin_label=\"ENCABEZADOS\" _builder_version=\"3.0.85\" background_size=\"initial\" background_position=\"top_left\" background_repeat=\"repeat\"][et_pb_column type=\"1_4\"][et_pb_text admin_label=\"TITULO SECCI\u00d3N\" _builder_version=\"3.0.85\" text_font=\"Muli|600|||||||\" text_font_size=\"33px\" text_text_color=\"#7cda24\" text_text_shadow_style=\"preset3\" text_text_shadow_color=\"rgba(0,0,0,0.28)\" header_font=\"Muli||||||||\" header_font_size=\"31px\" header_text_shadow_style=\"preset3\" text_orientation=\"right\" module_alignment=\"right\" custom_padding=\"|20px||\"]<\/p><h1>COMUNICACI\u00d3N<\/h1><p>[\/et_pb_text][\/et_pb_column][et_pb_column type=\"3_4\"][et_pb_post_title admin_label=\"T\u00cdTULO DE LA NOTICIA (Autom\u00e1tico)\" meta=\"off\" featured_image=\"off\" _builder_version=\"3.0.85\" title_level=\"h2\" title_font=\"Muli|700||on|||||\" title_font_size=\"20px\" custom_margin=\"6px|||\" \/][\/et_pb_column][\/et_pb_row][et_pb_row custom_padding=\"3px|0px|0px|0px\" _builder_version=\"3.0.47\" background_size=\"initial\" background_position=\"top_left\" background_repeat=\"repeat\"][et_pb_column type=\"1_4\"][et_pb_sidebar admin_label=\"MENU LATERAL\" area=\"et_pb_widget_area_7\" _builder_version=\"3.0.85\" \/][\/et_pb_column][et_pb_column type=\"3_4\"][et_pb_text admin_label=\"CONTENIDO DE LA NOTICIA\" _builder_version=\"3.0.85\" text_font=\"Muli||||||||\" text_text_color=\"#262626\" header_font=\"Muli||||||||\" header_font_size=\"22px\" header_2_font=\"Muli||||||||\" header_3_font=\"Muli||||||||\" header_4_font=\"Muli||||||||\" header_5_font=\"Muli||||||||\" header_6_font=\"Muli||||||||\" text_orientation=\"justified\" custom_margin=\"8px|||\" text_line_height=\"1.4em\" background_layout=\"light\"]<\/p><p><img class=\"alignleft wp-image-216349 size-medium\" src=\"https:\/\/www.fundacionyuste.org\/wp-content\/uploads\/2019\/10\/cuadernos11-1-208x300.jpg\" alt=\"\" width=\"208\" height=\"300\" \/><\/p><p><strong>La publicaci\u00f3n recoge los trabajos presentados en el seminario doctoral por los diez investigadores seleccionados en las Becas Europeas de Investigaci\u00f3n y Movilidad en Estudios Europeos-Sofia Corradi.<\/strong><\/p><p>La Fundaci\u00f3n Academia Europea e Iberoamericana de Yuste en colaboraci\u00f3n con la Embajada de Espa\u00f1a en Italia y la Oficina de Informaci\u00f3n del Parlamento Europeo en Italia presentar\u00e1n el libro \u2018Paz y valores europeos como posible modelo de integraci\u00f3n y progreso en un mundo global\u2019, el pr\u00f3ximo d\u00eda 30 de enero a las 16:00 horas en el edificio del Parlamento Europeo en Roma. El acto contar\u00e1 con la presencia de Sofia Corradi, Mamma Erasmus, quien recibi\u00f3 el Premio Europeo Carlos V en un acto presidido por el Rey Felipe VI, el 9 de mayo de 2016 en el Real Monasterio de Yuste.<\/p><p>Esta publicaci\u00f3n, que se enmarca en la colecci\u00f3n Cuadernos de Yuste, es el resultado de los trabajos de investigaci\u00f3n realizados por los diez investigadores seleccionados en las Becas de Investigaci\u00f3n y Movilidad en Estudios Europeos Sofia Corradi, ligadas al Premio Europeo Carlos V, que fueron presentados y debatidos el seminario doctoral organizado por la Fundaci\u00f3n en el Real Monasterio de Yuste entre el 24 y 26 de julio de 2017.<\/p><p>En la presentaci\u00f3n intervendr\u00e1 el director de la Oficina en Italia del Parlamento Europeo, Carlo Corazza; el embajador de Espa\u00f1a en Italia, Alfonso Dastis; la profesora y Premio Europeo Carlos V, Sofia Corradi; la presidenta de la Comisi\u00f3n Ejecutiva de la Fundaci\u00f3n y directora general Acci\u00f3n Exterior, Rosa Balas; el coordinador de la publicaci\u00f3n, Jes\u00fas Baigorri, y dos de los investigadores que han participado en el libro, Bettina Steible y Luigi Cino. Tras las palabras institucionales y la presentaci\u00f3n del libro, se proceder\u00e1 a la entrega de diplomas a los autores de los trabajos incluidos en el libro. El acto cuenta con el apoyo de Alimentos de Extremadura y Extremadura Avante, el grupo de empresas p\u00fablicas de la Junta de Extremadura.<\/p><p>En el prefacio del libro, Sofia Corradi hace un recorrido por los hitos m\u00e1s destacados del Programa Erasmus, haciendo especial hincapi\u00e9 en aquellos en los que ella ha colaborado aportando sus conocimientos y experiencia personal. As\u00ed, recuerda que desde que el programa Erasmus se lanz\u00f3 en 1987, ha hecho posible el intercambio de cinco millones de estudiantes de unas cinco mil instituciones europeas de educaci\u00f3n superior. Adem\u00e1s, se\u00f1ala que desde 2014 el programa Erasmus \u2013ahora Erasmus Plus- ha ampliado su alcance para incluir a otros programas, instituciones y organizaciones preexistentes europeas de diferentes tipos para ofrecer oportunidades similares a j\u00f3venes directivos y trabajadores y para implicar a una mayor cantidad de \u00e1reas geogr\u00e1ficas.<\/p><p>La galardonada con el Premio Europeo Carlos V explica en su texto, que el presupuesto del programa ha alcanzado los quince mil millones de euros para el periodo que va desde 2014 al 2020, cifra que solo incluye la contribuci\u00f3n de la Uni\u00f3n Europea.<\/p><p>Finalmente, Corradi afirma que desde que empez\u00f3 a investigar sobre el programa Erasmus ha observado sistem\u00e1ticamente que \u201clos j\u00f3venes adultos que pasan un periodo de su vida completamente inmersos en una cultura diferentes desarrollan valiosos rasgos personales\u201d, y a\u00f1ade que el Programa Erasmus \u201ccrea una mentalidad dial\u00f3gica, una caracter\u00edstica general y permanente que permanece en cada individuo y opera con respecto a cualquier cultura, es decir, el efecto es general y duradero e influencia todas las futuras relaciones que el individuo tenga cuando conoce a gente nueva\u201d.<\/p><p>La publicaci\u00f3n recoge diversos trabajos de investigaci\u00f3n como la gesti\u00f3n de las fronteras; la importancia de las periferias frente al eurocentrismo; la construcci\u00f3n de la ciudadan\u00eda europea; la pol\u00edtica exterior de la Uni\u00f3n Europea en el Mediterr\u00e1neo; el papel de la mujer en el proceso de construcci\u00f3n europea, como el caso de Simone Veil, primera mujer presidenta del Parlamento Europeo y el de Sofia Corradi en la defensa de los valores europeos y las leyes religiosas, -ambas galardonadas con el Premio Europeo Carlos V-, entre otros temas.<\/p><p>Los trabajos publicados en este libro han contado con el apoyo de la Junta de Extremadura, la Agencia Extreme\u00f1a de Cooperaci\u00f3n Internacional para el Desarrollo (AEXCID), la Embajada de Italia en Espa\u00f1a, el gobierno de Italia a trav\u00e9s del Ministerio de Educaci\u00f3n, Universidades e Investigaci\u00f3n, la Asamblea de Extremadura, la Diputaci\u00f3n de C\u00e1ceres, la Diputaci\u00f3n de Badajoz, la Universidad de Extremadura, Patrimonio Nacional y la red SEGEI (Socio Economic Governance and European Identity).<\/p><p>M\u00e1s informaci\u00f3n: <a href=\"https:\/\/www.fundacionyuste.org\/cuadernos11\/\">https:\/\/www.fundacionyuste.org\/cuadernos11\/<\/a><br \/>Compra: <a href=\"http:\/\/www.peterlang.com\/search?q1=peace+and+european+values&searchBtn=\">www.peterlang.com\/search?q1=peace+and+european+values&searchBtn=<\/a><\/p><p>[\/et_pb_text][et_pb_post_nav admin_label=\"\u2190 NAVEGACION POR NOTICIAS \u2192\" in_same_term=\"on\" prev_text=\"VER NOTICIA ANTERIOR\" next_text=\"VER NOTICIA SIGUIENTE\" _builder_version=\"3.0.85\" custom_margin=\"||3%|\" \/][\/et_pb_column][\/et_pb_row][\/et_pb_section]<\/p>","_et_gb_content_width":"","_links_to":"","_links_to_target":""},"categories":[190],"tags":[215,230],"_links":{"self":[{"href":"https:\/\/www.fundacionyuste.org\/en\/wp-json\/wp\/v2\/posts\/217292"}],"collection":[{"href":"https:\/\/www.fundacionyuste.org\/en\/wp-json\/wp\/v2\/posts"}],"about":[{"href":"https:\/\/www.fundacionyuste.org\/en\/wp-json\/wp\/v2\/types\/post"}],"author":[{"embeddable":true,"href":"https:\/\/www.fundacionyuste.org\/en\/wp-json\/wp\/v2\/users\/3"}],"replies":[{"embeddable":true,"href":"https:\/\/www.fundacionyuste.org\/en\/wp-json\/wp\/v2\/comments?post=217292"}],"version-history":[{"count":0,"href":"https:\/\/www.fundacionyuste.org\/en\/wp-json\/wp\/v2\/posts\/217292\/revisions"}],"wp:featuredmedia":[{"embeddable":true,"href":"https:\/\/www.fundacionyuste.org\/en\/wp-json\/wp\/v2\/media\/217288"}],"wp:attachment":[{"href":"https:\/\/www.fundacionyuste.org\/en\/wp-json\/wp\/v2\/media?parent=217292"}],"wp:term":[{"taxonomy":"category","embeddable":true,"href":"https:\/\/www.fundacionyuste.org\/en\/wp-json\/wp\/v2\/categories?post=217292"},{"taxonomy":"post_tag","embeddable":true,"href":"https:\/\/www.fundacionyuste.org\/en\/wp-json\/wp\/v2\/tags?post=217292"}],"curies":[{"name":"wp","href":"https:\/\/api.w.org\/{rel}","templated":true}]}}