{"id":220422,"date":"2020-06-16T19:21:32","date_gmt":"2020-06-16T19:21:32","guid":{"rendered":"https:\/\/www.fundacionyuste.org\/?p=220422"},"modified":"2020-06-16T19:21:32","modified_gmt":"2020-06-16T19:21:32","slug":"yuste-foundation-organises-a-webinar-on-the-first-circumnavigation-and-to-know-the-latest-research-on-spiceries","status":"publish","type":"post","link":"https:\/\/www.fundacionyuste.org\/en\/yuste-foundation-organises-a-webinar-on-the-first-circumnavigation-and-to-know-the-latest-research-on-spiceries\/","title":{"rendered":"YUSTE FOUNDATION ORGANISES A WEBINAR ON THE FIRST CIRCUMNAVIGATION AND TO KNOW THE LATEST RESEARCH ON SPICERIES"},"content":{"rendered":"<p>[et_pb_section bb_built=&#8221;1&#8243; _builder_version=&#8221;3.0.47&#8243; inner_width=&#8221;auto&#8221; inner_max_width=&#8221;none&#8221;][et_pb_row admin_label=&#8221;ENCABEZADOS&#8221; _builder_version=&#8221;3.0.85&#8243; background_size=&#8221;initial&#8221; background_position=&#8221;top_left&#8221; background_repeat=&#8221;repeat&#8221; width=&#8221;90%&#8221; max_width=&#8221;1080px&#8221;][et_pb_column type=&#8221;1_4&#8243; _builder_version=&#8221;3.0.47&#8243; parallax=&#8221;off&#8221; parallax_method=&#8221;on&#8221; custom_padding__hover=&#8221;|||&#8221; custom_padding=&#8221;|||&#8221;][et_pb_text admin_label=&#8221;TITULO SECCI\u00d3N&#8221; _builder_version=&#8221;3.0.85&#8243; text_font=&#8221;Muli|600|||||||&#8221; text_font_size=&#8221;33px&#8221; text_text_color=&#8221;#7cda24&#8243; text_text_shadow_style=&#8221;preset3&#8243; text_text_shadow_color=&#8221;rgba(0,0,0,0.28)&#8221; header_font=&#8221;Muli||||||||&#8221; header_font_size=&#8221;31px&#8221; header_text_shadow_style=&#8221;preset3&#8243; text_orientation=&#8221;right&#8221; module_alignment=&#8221;right&#8221; custom_padding=&#8221;|20px||&#8221;]<\/p>\n<h1>COMUNICACI\u00d3N<\/h1>\n<p>[\/et_pb_text][\/et_pb_column][et_pb_column type=&#8221;3_4&#8243; _builder_version=&#8221;3.0.47&#8243; parallax=&#8221;off&#8221; parallax_method=&#8221;on&#8221; custom_padding__hover=&#8221;|||&#8221; custom_padding=&#8221;|||&#8221;][et_pb_post_title admin_label=&#8221;T\u00cdTULO DE LA NOTICIA (Autom\u00e1tico)&#8221; meta=&#8221;off&#8221; featured_image=&#8221;off&#8221; _builder_version=&#8221;3.0.85&#8243; title_level=&#8221;h2&#8243; title_font=&#8221;Muli|700||on|||||&#8221; title_font_size=&#8221;20px&#8221; custom_margin=&#8221;6px|||&#8221; \/][\/et_pb_column][\/et_pb_row][et_pb_row custom_padding=&#8221;3px|0px|0px|0px&#8221; _builder_version=&#8221;3.0.47&#8243; background_size=&#8221;initial&#8221; background_position=&#8221;top_left&#8221; background_repeat=&#8221;repeat&#8221; width=&#8221;90%&#8221; max_width=&#8221;1080px&#8221;][et_pb_column type=&#8221;1_4&#8243; _builder_version=&#8221;3.0.47&#8243; parallax=&#8221;off&#8221; parallax_method=&#8221;on&#8221; custom_padding__hover=&#8221;|||&#8221; custom_padding=&#8221;|||&#8221;][et_pb_sidebar admin_label=&#8221;MENU LATERAL&#8221; area=&#8221;et_pb_widget_area_7&#8243; _builder_version=&#8221;3.0.85&#8243; \/][\/et_pb_column][et_pb_column type=&#8221;3_4&#8243; _builder_version=&#8221;3.0.47&#8243; parallax=&#8221;off&#8221; parallax_method=&#8221;on&#8221; custom_padding__hover=&#8221;|||&#8221; custom_padding=&#8221;|||&#8221;][et_pb_text admin_label=&#8221;CONTENIDO DE LA NOTICIA&#8221; _builder_version=&#8221;3.27.4&#8243; text_font=&#8221;Muli||||||||&#8221; text_text_color=&#8221;#262626&#8243; header_font=&#8221;Muli||||||||&#8221; header_font_size=&#8221;22px&#8221; header_2_font=&#8221;Muli||||||||&#8221; header_3_font=&#8221;Muli||||||||&#8221; header_4_font=&#8221;Muli||||||||&#8221; header_5_font=&#8221;Muli||||||||&#8221; header_6_font=&#8221;Muli||||||||&#8221; text_orientation=&#8221;justified&#8221; custom_margin=&#8221;8px|||&#8221; text_line_height=&#8221;1.4em&#8221; text_text_shadow_horizontal_length=&#8221;text_text_shadow_style,%91object Object%93&#8243; text_text_shadow_horizontal_length_tablet=&#8221;0px&#8221; text_text_shadow_vertical_length=&#8221;text_text_shadow_style,%91object Object%93&#8243; text_text_shadow_vertical_length_tablet=&#8221;0px&#8221; text_text_shadow_blur_strength=&#8221;text_text_shadow_style,%91object Object%93&#8243; text_text_shadow_blur_strength_tablet=&#8221;1px&#8221; link_text_shadow_horizontal_length=&#8221;link_text_shadow_style,%91object Object%93&#8243; link_text_shadow_horizontal_length_tablet=&#8221;0px&#8221; link_text_shadow_vertical_length=&#8221;link_text_shadow_style,%91object Object%93&#8243; link_text_shadow_vertical_length_tablet=&#8221;0px&#8221; link_text_shadow_blur_strength=&#8221;link_text_shadow_style,%91object Object%93&#8243; link_text_shadow_blur_strength_tablet=&#8221;1px&#8221; ul_text_shadow_horizontal_length=&#8221;ul_text_shadow_style,%91object Object%93&#8243; ul_text_shadow_horizontal_length_tablet=&#8221;0px&#8221; ul_text_shadow_vertical_length=&#8221;ul_text_shadow_style,%91object Object%93&#8243; ul_text_shadow_vertical_length_tablet=&#8221;0px&#8221; ul_text_shadow_blur_strength=&#8221;ul_text_shadow_style,%91object Object%93&#8243; ul_text_shadow_blur_strength_tablet=&#8221;1px&#8221; ol_text_shadow_horizontal_length=&#8221;ol_text_shadow_style,%91object Object%93&#8243; ol_text_shadow_horizontal_length_tablet=&#8221;0px&#8221; ol_text_shadow_vertical_length=&#8221;ol_text_shadow_style,%91object Object%93&#8243; ol_text_shadow_vertical_length_tablet=&#8221;0px&#8221; ol_text_shadow_blur_strength=&#8221;ol_text_shadow_style,%91object Object%93&#8243; ol_text_shadow_blur_strength_tablet=&#8221;1px&#8221; quote_text_shadow_horizontal_length=&#8221;quote_text_shadow_style,%91object Object%93&#8243; quote_text_shadow_horizontal_length_tablet=&#8221;0px&#8221; quote_text_shadow_vertical_length=&#8221;quote_text_shadow_style,%91object Object%93&#8243; quote_text_shadow_vertical_length_tablet=&#8221;0px&#8221; quote_text_shadow_blur_strength=&#8221;quote_text_shadow_style,%91object Object%93&#8243; quote_text_shadow_blur_strength_tablet=&#8221;1px&#8221; header_text_shadow_horizontal_length=&#8221;header_text_shadow_style,%91object Object%93&#8243; header_text_shadow_horizontal_length_tablet=&#8221;0px&#8221; header_text_shadow_vertical_length=&#8221;header_text_shadow_style,%91object Object%93&#8243; header_text_shadow_vertical_length_tablet=&#8221;0px&#8221; header_text_shadow_blur_strength=&#8221;header_text_shadow_style,%91object Object%93&#8243; header_text_shadow_blur_strength_tablet=&#8221;1px&#8221; header_2_text_shadow_horizontal_length=&#8221;header_2_text_shadow_style,%91object Object%93&#8243; header_2_text_shadow_horizontal_length_tablet=&#8221;0px&#8221; header_2_text_shadow_vertical_length=&#8221;header_2_text_shadow_style,%91object Object%93&#8243; header_2_text_shadow_vertical_length_tablet=&#8221;0px&#8221; header_2_text_shadow_blur_strength=&#8221;header_2_text_shadow_style,%91object Object%93&#8243; header_2_text_shadow_blur_strength_tablet=&#8221;1px&#8221; header_3_text_shadow_horizontal_length=&#8221;header_3_text_shadow_style,%91object Object%93&#8243; header_3_text_shadow_horizontal_length_tablet=&#8221;0px&#8221; header_3_text_shadow_vertical_length=&#8221;header_3_text_shadow_style,%91object Object%93&#8243; header_3_text_shadow_vertical_length_tablet=&#8221;0px&#8221; header_3_text_shadow_blur_strength=&#8221;header_3_text_shadow_style,%91object Object%93&#8243; header_3_text_shadow_blur_strength_tablet=&#8221;1px&#8221; header_4_text_shadow_horizontal_length=&#8221;header_4_text_shadow_style,%91object Object%93&#8243; header_4_text_shadow_horizontal_length_tablet=&#8221;0px&#8221; header_4_text_shadow_vertical_length=&#8221;header_4_text_shadow_style,%91object Object%93&#8243; header_4_text_shadow_vertical_length_tablet=&#8221;0px&#8221; header_4_text_shadow_blur_strength=&#8221;header_4_text_shadow_style,%91object Object%93&#8243; header_4_text_shadow_blur_strength_tablet=&#8221;1px&#8221; header_5_text_shadow_horizontal_length=&#8221;header_5_text_shadow_style,%91object Object%93&#8243; header_5_text_shadow_horizontal_length_tablet=&#8221;0px&#8221; header_5_text_shadow_vertical_length=&#8221;header_5_text_shadow_style,%91object Object%93&#8243; header_5_text_shadow_vertical_length_tablet=&#8221;0px&#8221; header_5_text_shadow_blur_strength=&#8221;header_5_text_shadow_style,%91object Object%93&#8243; header_5_text_shadow_blur_strength_tablet=&#8221;1px&#8221; header_6_text_shadow_horizontal_length=&#8221;header_6_text_shadow_style,%91object Object%93&#8243; header_6_text_shadow_horizontal_length_tablet=&#8221;0px&#8221; header_6_text_shadow_vertical_length=&#8221;header_6_text_shadow_style,%91object Object%93&#8243; header_6_text_shadow_vertical_length_tablet=&#8221;0px&#8221; header_6_text_shadow_blur_strength=&#8221;header_6_text_shadow_style,%91object Object%93&#8243; header_6_text_shadow_blur_strength_tablet=&#8221;1px&#8221; box_shadow_horizontal_tablet=&#8221;0px&#8221; box_shadow_vertical_tablet=&#8221;0px&#8221; box_shadow_blur_tablet=&#8221;40px&#8221; box_shadow_spread_tablet=&#8221;0px&#8221; z_index_tablet=&#8221;500&#8243;]<\/p>\n<p><img decoding=\"async\" loading=\"lazy\" class=\" wp-image-220423 alignleft\" src=\"https:\/\/www.fundacionyuste.org\/wp-content\/uploads\/2020\/06\/WEBINAR-YUSTE-300x169.jpg\" alt=\"\" width=\"380\" height=\"214\" srcset=\"https:\/\/www.fundacionyuste.org\/wp-content\/uploads\/2020\/06\/WEBINAR-YUSTE-300x169.jpg 300w, https:\/\/www.fundacionyuste.org\/wp-content\/uploads\/2020\/06\/WEBINAR-YUSTE-1024x576.jpg 1024w, https:\/\/www.fundacionyuste.org\/wp-content\/uploads\/2020\/06\/WEBINAR-YUSTE-768x432.jpg 768w, https:\/\/www.fundacionyuste.org\/wp-content\/uploads\/2020\/06\/WEBINAR-YUSTE-1536x864.jpg 1536w, https:\/\/www.fundacionyuste.org\/wp-content\/uploads\/2020\/06\/WEBINAR-YUSTE-1080x608.jpg 1080w, https:\/\/www.fundacionyuste.org\/wp-content\/uploads\/2020\/06\/WEBINAR-YUSTE-1320x743.jpg 1320w, https:\/\/www.fundacionyuste.org\/wp-content\/uploads\/2020\/06\/WEBINAR-YUSTE.jpg 1920w\" sizes=\"(max-width: 380px) 100vw, 380px\" \/><\/p>\n<p><strong>The European and Ibero-American Academy of Yuste Foundation organises the webinar &#8220;The Imperial Project of Charles V and the Spiceries&#8221; on Thursday 25 June at 18:00 pm, where Professor of American History at Pablo de Olavide University in Seville, Juan Marchena; the President of the Puerta de Am\u00e9rica Foundation, Juan Antonio Manzano, and the Director of the European and Ibero-American Academy of Yuste Foundation, Juan Carlos Moreno, will participate.<\/strong><\/p>\n<p>When commemorating the 5<sup>th<\/sup> centenary of the first circumnavigation to the Earth, Yuste Foundation wishes to delve into those decades, between the end of the 15<sup>th<\/sup> and the beginning of the 16<sup>th<\/sup> century, with this webinar; a time when &#8220;the concept of the world, not only geographically, but also economically, socially, ideologically, religiously\u2026 changed dramatically. As never before in any historical moment, thirty years, 1490-1520, that changed the world, &#8220;as Professor Marchena states.<\/p>\n<p>&#8220;When business and politics shook hands, in financing the construction of the greater Europe of monarchies that was emerging from the sources of the Renaissance in the early 16<sup>th<\/sup> century, the search for the sources of wealth that sustained them became consubstantial with their own existence. It was then, between 1516 and 1520, that a young Charles V designed a great imperial project based on the construction of a new world, a vast ocean of business, which would allow him to establish himself and consolidate himself as lord and rector of the new Christianity, and in which spiceries were the main engine, &#8220;explains Juan Marchena.<\/p>\n<p>It is here, analyses Professor Marchena, &#8220;when the great transformation from the old time to the new begins: from merchants to financiers, from sailors to navigators, from astronomers to cosmographers, from adventurers to businessmen, from serfs to captains of honour, fame and wealth&#8221;.<\/p>\n<p>The how, where, why and by whom, are answers that will be set forward by Professor of American History, Juan Marchena, after carrying out new research in Spanish, Portuguese and Italian archives on the process of European expansion.<\/p>\n<p>The president of Puerta de Am\u00e9rica Foundation, Juan Antonio Manzano, will speak of the greatest maritime feat in history: the expedition of Magellan and Elcano, which was the empirical proof that the Earth is round.<\/p>\n<p>He will tell us how Sanl\u00facar de Barrameda was like when it saw the five ships (the Trinidad, the Victoria, the Conception, the Santiago and the San Antonio), commanded by Ferdinand Magellan, depart on September 20, 1519 and saw the Victoria return on September 6, 1522, commanded by Juan Sebasti\u00e1n Elcano after completing the first round the world voyage, in what was the transition from the Middle Ages to Modernity.<\/p>\n<p>This webinar is part of Euro-Ibero-American Tribune, a programme launched by the foundation so that Extremadura\u2019s university students may complete their training with contributions made by experts in different social, economic, cultural fields, etc.<\/p>\n<p>On this occasion, it broadens its target audience and can register all those interested in this historical issue. To follow and participate in this webinar you must register by filling out the following questionnaire: <a href=\"https:\/\/us02web.zoom.us\/webinar\/register\/WN_Yb7-QKQsRZy8pVbC4R0cEw\">https:\/\/us02web.zoom.us\/webinar\/register\/WN_Yb7-QKQsRZy8pVbC4R0cEw<\/a>.<\/p>\n<p>It can also be followed live through Yuste Foundation\u2019s Facebook profile.<\/p>\n<p>[\/et_pb_text][et_pb_post_nav admin_label=&#8221;\u2190 NAVEGACION POR NOTICIAS \u2192&#8221; in_same_term=&#8221;on&#8221; prev_text=&#8221;VER NOTICIA ANTERIOR&#8221; next_text=&#8221;VER NOTICIA SIGUIENTE&#8221; _builder_version=&#8221;3.0.85&#8243; custom_margin=&#8221;||3%|&#8221; \/][\/et_pb_column][\/et_pb_row][\/et_pb_section]<\/p>\n","protected":false},"excerpt":{"rendered":"<p>COMUNICACI\u00d3N The European and Ibero-American Academy of Yuste Foundation organises the webinar &#8220;The Imperial Project of Charles V and the Spiceries&#8221; on Thursday 25 June at 18:00 pm, where Professor of American History at Pablo de Olavide University in Seville, Juan Marchena; the President of the Puerta de Am\u00e9rica Foundation, Juan Antonio Manzano, and the [&hellip;]<\/p>\n","protected":false},"author":3,"featured_media":220423,"comment_status":"closed","ping_status":"closed","sticky":false,"template":"","format":"standard","meta":{"_et_pb_use_builder":"on","_et_pb_old_content":"<p>[et_pb_section bb_built=\"1\" _builder_version=\"3.0.47\" inner_width=\"auto\" inner_max_width=\"none\"][et_pb_row admin_label=\"ENCABEZADOS\" _builder_version=\"3.0.85\" background_size=\"initial\" background_position=\"top_left\" background_repeat=\"repeat\" width=\"90%\" max_width=\"1080px\"][et_pb_column type=\"1_4\" _builder_version=\"3.0.47\" parallax=\"off\" parallax_method=\"on\" custom_padding__hover=\"|||\" custom_padding=\"|||\"][et_pb_text admin_label=\"TITULO SECCI\u00d3N\" _builder_version=\"3.0.85\" text_font=\"Muli|600|||||||\" text_font_size=\"33px\" text_text_color=\"#7cda24\" text_text_shadow_style=\"preset3\" text_text_shadow_color=\"rgba(0,0,0,0.28)\" header_font=\"Muli||||||||\" header_font_size=\"31px\" header_text_shadow_style=\"preset3\" text_orientation=\"right\" module_alignment=\"right\" custom_padding=\"|20px||\"]<\/p><h1>COMUNICACI\u00d3N<\/h1><p>[\/et_pb_text][\/et_pb_column][et_pb_column type=\"3_4\" _builder_version=\"3.0.47\" parallax=\"off\" parallax_method=\"on\" custom_padding__hover=\"|||\" custom_padding=\"|||\"][et_pb_post_title admin_label=\"T\u00cdTULO DE LA NOTICIA (Autom\u00e1tico)\" meta=\"off\" featured_image=\"off\" _builder_version=\"3.0.85\" title_level=\"h2\" title_font=\"Muli|700||on|||||\" title_font_size=\"20px\" custom_margin=\"6px|||\" \/][\/et_pb_column][\/et_pb_row][et_pb_row custom_padding=\"3px|0px|0px|0px\" _builder_version=\"3.0.47\" background_size=\"initial\" background_position=\"top_left\" background_repeat=\"repeat\" width=\"90%\" max_width=\"1080px\"][et_pb_column type=\"1_4\" _builder_version=\"3.0.47\" parallax=\"off\" parallax_method=\"on\" custom_padding__hover=\"|||\" custom_padding=\"|||\"][et_pb_sidebar admin_label=\"MENU LATERAL\" area=\"et_pb_widget_area_7\" _builder_version=\"3.0.85\" \/][\/et_pb_column][et_pb_column type=\"3_4\" _builder_version=\"3.0.47\" parallax=\"off\" parallax_method=\"on\" custom_padding__hover=\"|||\" custom_padding=\"|||\"][et_pb_text admin_label=\"CONTENIDO DE LA NOTICIA\" _builder_version=\"3.27.4\" text_font=\"Muli||||||||\" text_text_color=\"#262626\" header_font=\"Muli||||||||\" header_font_size=\"22px\" header_2_font=\"Muli||||||||\" header_3_font=\"Muli||||||||\" header_4_font=\"Muli||||||||\" header_5_font=\"Muli||||||||\" header_6_font=\"Muli||||||||\" text_orientation=\"justified\" custom_margin=\"8px|||\" text_line_height=\"1.4em\" text_text_shadow_horizontal_length=\"text_text_shadow_style,%91object Object%93\" text_text_shadow_horizontal_length_tablet=\"0px\" text_text_shadow_vertical_length=\"text_text_shadow_style,%91object Object%93\" text_text_shadow_vertical_length_tablet=\"0px\" text_text_shadow_blur_strength=\"text_text_shadow_style,%91object Object%93\" text_text_shadow_blur_strength_tablet=\"1px\" link_text_shadow_horizontal_length=\"link_text_shadow_style,%91object Object%93\" link_text_shadow_horizontal_length_tablet=\"0px\" link_text_shadow_vertical_length=\"link_text_shadow_style,%91object Object%93\" link_text_shadow_vertical_length_tablet=\"0px\" link_text_shadow_blur_strength=\"link_text_shadow_style,%91object Object%93\" link_text_shadow_blur_strength_tablet=\"1px\" ul_text_shadow_horizontal_length=\"ul_text_shadow_style,%91object Object%93\" ul_text_shadow_horizontal_length_tablet=\"0px\" ul_text_shadow_vertical_length=\"ul_text_shadow_style,%91object Object%93\" ul_text_shadow_vertical_length_tablet=\"0px\" ul_text_shadow_blur_strength=\"ul_text_shadow_style,%91object Object%93\" ul_text_shadow_blur_strength_tablet=\"1px\" ol_text_shadow_horizontal_length=\"ol_text_shadow_style,%91object Object%93\" ol_text_shadow_horizontal_length_tablet=\"0px\" ol_text_shadow_vertical_length=\"ol_text_shadow_style,%91object Object%93\" ol_text_shadow_vertical_length_tablet=\"0px\" ol_text_shadow_blur_strength=\"ol_text_shadow_style,%91object Object%93\" ol_text_shadow_blur_strength_tablet=\"1px\" quote_text_shadow_horizontal_length=\"quote_text_shadow_style,%91object Object%93\" quote_text_shadow_horizontal_length_tablet=\"0px\" quote_text_shadow_vertical_length=\"quote_text_shadow_style,%91object Object%93\" quote_text_shadow_vertical_length_tablet=\"0px\" quote_text_shadow_blur_strength=\"quote_text_shadow_style,%91object Object%93\" quote_text_shadow_blur_strength_tablet=\"1px\" header_text_shadow_horizontal_length=\"header_text_shadow_style,%91object Object%93\" header_text_shadow_horizontal_length_tablet=\"0px\" header_text_shadow_vertical_length=\"header_text_shadow_style,%91object Object%93\" header_text_shadow_vertical_length_tablet=\"0px\" header_text_shadow_blur_strength=\"header_text_shadow_style,%91object Object%93\" header_text_shadow_blur_strength_tablet=\"1px\" header_2_text_shadow_horizontal_length=\"header_2_text_shadow_style,%91object Object%93\" header_2_text_shadow_horizontal_length_tablet=\"0px\" header_2_text_shadow_vertical_length=\"header_2_text_shadow_style,%91object Object%93\" header_2_text_shadow_vertical_length_tablet=\"0px\" header_2_text_shadow_blur_strength=\"header_2_text_shadow_style,%91object Object%93\" header_2_text_shadow_blur_strength_tablet=\"1px\" header_3_text_shadow_horizontal_length=\"header_3_text_shadow_style,%91object Object%93\" header_3_text_shadow_horizontal_length_tablet=\"0px\" header_3_text_shadow_vertical_length=\"header_3_text_shadow_style,%91object Object%93\" header_3_text_shadow_vertical_length_tablet=\"0px\" header_3_text_shadow_blur_strength=\"header_3_text_shadow_style,%91object Object%93\" header_3_text_shadow_blur_strength_tablet=\"1px\" header_4_text_shadow_horizontal_length=\"header_4_text_shadow_style,%91object Object%93\" header_4_text_shadow_horizontal_length_tablet=\"0px\" header_4_text_shadow_vertical_length=\"header_4_text_shadow_style,%91object Object%93\" header_4_text_shadow_vertical_length_tablet=\"0px\" header_4_text_shadow_blur_strength=\"header_4_text_shadow_style,%91object Object%93\" header_4_text_shadow_blur_strength_tablet=\"1px\" header_5_text_shadow_horizontal_length=\"header_5_text_shadow_style,%91object Object%93\" header_5_text_shadow_horizontal_length_tablet=\"0px\" header_5_text_shadow_vertical_length=\"header_5_text_shadow_style,%91object Object%93\" header_5_text_shadow_vertical_length_tablet=\"0px\" header_5_text_shadow_blur_strength=\"header_5_text_shadow_style,%91object Object%93\" header_5_text_shadow_blur_strength_tablet=\"1px\" header_6_text_shadow_horizontal_length=\"header_6_text_shadow_style,%91object Object%93\" header_6_text_shadow_horizontal_length_tablet=\"0px\" header_6_text_shadow_vertical_length=\"header_6_text_shadow_style,%91object Object%93\" header_6_text_shadow_vertical_length_tablet=\"0px\" header_6_text_shadow_blur_strength=\"header_6_text_shadow_style,%91object Object%93\" header_6_text_shadow_blur_strength_tablet=\"1px\" box_shadow_horizontal_tablet=\"0px\" box_shadow_vertical_tablet=\"0px\" box_shadow_blur_tablet=\"40px\" box_shadow_spread_tablet=\"0px\" z_index_tablet=\"500\"]<\/p><p><img class=\"size-medium wp-image-220385 alignleft\" src=\"https:\/\/www.fundacionyuste.org\/wp-content\/uploads\/2020\/05\/WEBINAR-Proyecto-Imperial-de-Carlos-V-y-las-especierias-1-300x169.jpg\" alt=\"\" width=\"300\" height=\"169\" \/><strong>La Fundaci\u00f3n Academia Europea e Iberoamericana de Yuste organiza, el jueves 25 de junio a las 18:00 horas, el seminario web o webinar \u201cEl proyecto imperial de Carlos V y las especier\u00edas\u201d, en el que participar\u00e1n el catedr\u00e1tico de Historia de Am\u00e9rica de la Universidad Pablo de Olavide de Sevilla, Juan Marchena; el presidente de la Fundaci\u00f3n Puerta de Am\u00e9rica, Juan Antonio Manzano, y el director de la Fundaci\u00f3n Academia Europea e Iberoamericana de Yuste, Juan Carlos Moreno.<\/strong><\/p><p>Cuando se conmemora el quinto centenario de la primera circunnavegaci\u00f3n a la Tierra, la Fundaci\u00f3n Yuste quiere con este webinar profundizar en esas d\u00e9cadas, entre finales del siglo XV y principios del XVI, cuando \u201cla concepci\u00f3n del mundo, no solo en lo geogr\u00e1fico sino tambi\u00e9n en lo econ\u00f3mico, lo social, lo ideol\u00f3gico, lo religioso... cambi\u00f3 dr\u00e1sticamente. Como nunca en otro momento hist\u00f3rico, fueron treinta a\u00f1os, 1490-1520, que cambiaron el mundo\u201d, como adelanta el profesor Marchena.<\/p><p>\u201cCuando negocio y pol\u00edtica se dieron la mano, en la financiaci\u00f3n de la construcci\u00f3n de la gran Europa de las monarqu\u00edas que estaba surgiendo de las fuentes del Renacimiento a inicios del siglo XVI, la b\u00fasqueda de las fuentes de riqueza que las sostuvieran se volvi\u00f3 consustancial con su propia existencia. Es entonces, entre 1516 y 1520, cuando un joven Carlos V dise\u00f1\u00f3 un gran proyecto imperial basado en la construcci\u00f3n de un mundo nuevo, un vasto oc\u00e9ano de negocios, que le permitir\u00eda establecerse y consolidarse como se\u00f1or y rector de la nueva cristiandad, y en el cual las especias constitu\u00edan el motor principal\u201d, explica Juan Marchena.<\/p><p>Es aqu\u00ed, analiza el profesor Marchena, \u201ccuando empieza la gran transformaci\u00f3n del viejo tiempo al nuevo: de comerciantes a financistas, de marineros a navegantes, de astr\u00f3nomos a cosm\u00f3grafos, de aventureros a hombres de empresa, de siervos sometidos a capitanes de honra, fama y riquezas\u201d.<\/p><p>El c\u00f3mo, el d\u00f3nde, el porqu\u00e9 y por qui\u00e9nes ser\u00e1n respuestas que ofrecer\u00e1 el catedr\u00e1tico de Historia de Am\u00e9rica Juan Marchena despu\u00e9s de realizar nuevas investigaciones en torno al proceso de expansi\u00f3n europea, en archivos espa\u00f1oles, portugueses e italianos.<\/p><p>Por su parte, el presidente de la Fundaci\u00f3n Puerta de Am\u00e9rica, Juan Antonio Manzano, hablar\u00e1 de la mayor haza\u00f1a mar\u00edtima de la historia, la expedici\u00f3n de Magallanes y Elcano, que supuso la comprobaci\u00f3n emp\u00edrica de que la Tierra es redonda.<\/p><p>Detallar\u00e1 c\u00f3mo era la Sanl\u00facar de Barrameda que vio partir el 20 de septiembre de 1519 a las cinco naos al mando de Fernando de Magallanes (Trinidad, Victoria, Concepci\u00f3n, Santiago y San Antonio) y vio regresar, el 6 de septiembre de 1522, a la nao Victoria, comandada por Juan Sebasti\u00e1n Elcano, tras completar la primera vuelta al mundo, en lo que fue el tr\u00e1nsito de la Edad Media a la Modernidad.<\/p><p>Este webinar se inscribe en Tribuna Euro-Iberoam\u00e9rica, programa puesto en marcha por la fundaci\u00f3n para que los universitarios extreme\u00f1os puedan completar su formaci\u00f3n con las aportaciones realizadas por expertos en distintos \u00e1mbitos sociales, econ\u00f3micos, culturales, etc.<\/p><p>En esta ocasi\u00f3n, ampl\u00eda sus destinatarios y pueden inscribirse todas las personas interesadas en esta cuesti\u00f3n hist\u00f3rica. Para ello, para seguir y participar en este webinar deben inscribirse rellenando el siguiente cuestionario:\u00a0<a title=\"Abre en nueva ventana\" href=\"https:\/\/us02web.zoom.us\/webinar\/register\/WN_Yb7-QKQsRZy8pVbC4R0cEw\" target=\"_blank\" rel=\"noopener noreferrer\">https:\/\/us02web.zoom.us\/webinar\/register\/WN_Yb7-QKQsRZy8pVbC4R0cEw<\/a>.<\/p><p>Asimismo, se podr\u00e1 seguir en directo por el perfil de Facebook de la Fundaci\u00f3n Yuste.<\/p><p>\u00a0<\/p><p>[\/et_pb_text][et_pb_post_nav admin_label=\"\u2190 NAVEGACION POR NOTICIAS \u2192\" in_same_term=\"on\" prev_text=\"VER NOTICIA ANTERIOR\" next_text=\"VER NOTICIA SIGUIENTE\" _builder_version=\"3.0.85\" custom_margin=\"||3%|\" \/][\/et_pb_column][\/et_pb_row][\/et_pb_section]<\/p>","_et_gb_content_width":"","_links_to":"","_links_to_target":""},"categories":[190],"tags":[215,230],"_links":{"self":[{"href":"https:\/\/www.fundacionyuste.org\/en\/wp-json\/wp\/v2\/posts\/220422"}],"collection":[{"href":"https:\/\/www.fundacionyuste.org\/en\/wp-json\/wp\/v2\/posts"}],"about":[{"href":"https:\/\/www.fundacionyuste.org\/en\/wp-json\/wp\/v2\/types\/post"}],"author":[{"embeddable":true,"href":"https:\/\/www.fundacionyuste.org\/en\/wp-json\/wp\/v2\/users\/3"}],"replies":[{"embeddable":true,"href":"https:\/\/www.fundacionyuste.org\/en\/wp-json\/wp\/v2\/comments?post=220422"}],"version-history":[{"count":0,"href":"https:\/\/www.fundacionyuste.org\/en\/wp-json\/wp\/v2\/posts\/220422\/revisions"}],"wp:featuredmedia":[{"embeddable":true,"href":"https:\/\/www.fundacionyuste.org\/en\/wp-json\/wp\/v2\/media\/220423"}],"wp:attachment":[{"href":"https:\/\/www.fundacionyuste.org\/en\/wp-json\/wp\/v2\/media?parent=220422"}],"wp:term":[{"taxonomy":"category","embeddable":true,"href":"https:\/\/www.fundacionyuste.org\/en\/wp-json\/wp\/v2\/categories?post=220422"},{"taxonomy":"post_tag","embeddable":true,"href":"https:\/\/www.fundacionyuste.org\/en\/wp-json\/wp\/v2\/tags?post=220422"}],"curies":[{"name":"wp","href":"https:\/\/api.w.org\/{rel}","templated":true}]}}