{"id":221600,"date":"2020-10-30T20:55:00","date_gmt":"2020-10-30T20:55:00","guid":{"rendered":"https:\/\/www.fundacionyuste.org\/?p=221600"},"modified":"2020-11-09T19:18:50","modified_gmt":"2020-11-09T19:18:50","slug":"yuste-foundation-organises-the-online-cycle-of-meetings-guadalupe-as-a-destiny-to-promote-dialogue-on-governance-science-history-and-culture","status":"publish","type":"post","link":"https:\/\/www.fundacionyuste.org\/en\/yuste-foundation-organises-the-online-cycle-of-meetings-guadalupe-as-a-destiny-to-promote-dialogue-on-governance-science-history-and-culture\/","title":{"rendered":"Yuste Foundation Organises the Online Cycle of Meetings \u201cGuadalupe as a Destiny\u201d to Promote Dialogue on Governance, Science, History and Culture"},"content":{"rendered":"<p>[et_pb_section fb_built=&#8221;1&#8243; _builder_version=&#8221;3.22&#8243; fb_built=&#8221;1&#8243; _i=&#8221;0&#8243; _address=&#8221;0&#8243;][et_pb_row column_structure=&#8221;1_4,3_4&#8243; admin_label=&#8221;ENCABEZADOS&#8221; _builder_version=&#8221;3.25&#8243; background_size=&#8221;initial&#8221; background_position=&#8221;top_left&#8221; background_repeat=&#8221;repeat&#8221; _i=&#8221;0&#8243; _address=&#8221;0.0&#8243;][et_pb_column type=&#8221;1_4&#8243; _builder_version=&#8221;3.25&#8243; custom_padding=&#8221;|||&#8221; _i=&#8221;0&#8243; _address=&#8221;0.0.0&#8243; custom_padding__hover=&#8221;|||&#8221;][et_pb_text admin_label=&#8221;TITULO SECCI\u00d3N&#8221; _builder_version=&#8221;3.27.4&#8243; text_font=&#8221;Muli|600|||||||&#8221; text_text_color=&#8221;#7cda24&#8243; text_font_size=&#8221;33px&#8221; text_text_shadow_style=&#8221;preset3&#8243; text_text_shadow_color=&#8221;rgba(0,0,0,0.28)&#8221; header_font=&#8221;Muli||||||||&#8221; header_font_size=&#8221;31px&#8221; header_text_shadow_style=&#8221;preset3&#8243; text_orientation=&#8221;right&#8221; module_alignment=&#8221;right&#8221; custom_padding=&#8221;|20px||&#8221; _i=&#8221;0&#8243; _address=&#8221;0.0.0.0&#8243;]<\/p>\n<h1>COMUNICATION<\/h1>\n<p>[\/et_pb_text][\/et_pb_column][et_pb_column type=&#8221;3_4&#8243; _builder_version=&#8221;3.25&#8243; custom_padding=&#8221;|||&#8221; _i=&#8221;1&#8243; _address=&#8221;0.0.1&#8243; custom_padding__hover=&#8221;|||&#8221;][et_pb_post_title meta=&#8221;off&#8221; featured_image=&#8221;off&#8221; admin_label=&#8221;T\u00cdTULO DE LA NOTICIA (Autom\u00e1tico)&#8221; _builder_version=&#8221;3.27.4&#8243; title_level=&#8221;h2&#8243; title_font=&#8221;Muli|700||on|||||&#8221; title_font_size=&#8221;20px&#8221; custom_margin=&#8221;6px|||&#8221; hover_enabled=&#8221;0&#8243; _i=&#8221;0&#8243; _address=&#8221;0.0.1.0&#8243;][\/et_pb_post_title][\/et_pb_column][\/et_pb_row][et_pb_row column_structure=&#8221;1_4,3_4&#8243; _builder_version=&#8221;3.25&#8243; background_size=&#8221;initial&#8221; background_position=&#8221;top_left&#8221; background_repeat=&#8221;repeat&#8221; custom_padding=&#8221;3px|0px|0px|0px&#8221; _i=&#8221;1&#8243; _address=&#8221;0.1&#8243;][et_pb_column type=&#8221;1_4&#8243; _builder_version=&#8221;3.25&#8243; custom_padding=&#8221;|||&#8221; _i=&#8221;0&#8243; _address=&#8221;0.1.0&#8243; custom_padding__hover=&#8221;|||&#8221;][et_pb_sidebar area=&#8221;et_pb_widget_area_7&#8243; admin_label=&#8221;MENU LATERAL&#8221; _builder_version=&#8221;3.0.85&#8243; _i=&#8221;0&#8243; _address=&#8221;0.1.0.0&#8243;][\/et_pb_sidebar][\/et_pb_column][et_pb_column type=&#8221;3_4&#8243; _builder_version=&#8221;3.25&#8243; custom_padding=&#8221;|||&#8221; _i=&#8221;1&#8243; _address=&#8221;0.1.1&#8243; custom_padding__hover=&#8221;|||&#8221;][et_pb_text admin_label=&#8221;CONTENIDO DE LA NOTICIA&#8221; _builder_version=&#8221;3.27.4&#8243; text_font=&#8221;Muli||||||||&#8221; text_text_color=&#8221;#262626&#8243; text_line_height=&#8221;1.4em&#8221; header_font=&#8221;Muli||||||||&#8221; header_font_size=&#8221;22px&#8221; header_2_font=&#8221;Muli||||||||&#8221; header_3_font=&#8221;Muli||||||||&#8221; header_4_font=&#8221;Muli||||||||&#8221; header_5_font=&#8221;Muli||||||||&#8221; header_6_font=&#8221;Muli||||||||&#8221; text_orientation=&#8221;justified&#8221; custom_margin=&#8221;8px|||&#8221; hover_enabled=&#8221;0&#8243; _i=&#8221;0&#8243; _address=&#8221;0.1.1.0&#8243;]<\/p>\n<p><img decoding=\"async\" loading=\"lazy\" src=\"https:\/\/www.fundacionyuste.org\/wp-content\/uploads\/2020\/10\/gobernarlaincertidumbre-300x169.jpg\" width=\"300\" height=\"169\" alt=\"\" class=\"wp-image-221573 alignleft size-medium\" srcset=\"https:\/\/www.fundacionyuste.org\/wp-content\/uploads\/2020\/10\/gobernarlaincertidumbre-300x169.jpg 300w, https:\/\/www.fundacionyuste.org\/wp-content\/uploads\/2020\/10\/gobernarlaincertidumbre-1024x576.jpg 1024w, https:\/\/www.fundacionyuste.org\/wp-content\/uploads\/2020\/10\/gobernarlaincertidumbre-768x432.jpg 768w, https:\/\/www.fundacionyuste.org\/wp-content\/uploads\/2020\/10\/gobernarlaincertidumbre-1080x607.jpg 1080w, https:\/\/www.fundacionyuste.org\/wp-content\/uploads\/2020\/10\/gobernarlaincertidumbre-1320x742.jpg 1320w, https:\/\/www.fundacionyuste.org\/wp-content\/uploads\/2020\/10\/gobernarlaincertidumbre.jpg 1366w\" sizes=\"(max-width: 300px) 100vw, 300px\" \/><\/p>\n<p>Yesterday, the European and Ibero-American Academy of Yuste Foundation organised the webinar \u201cGoverning Uncertainty\u201d in collaboration with the City Council of Guadalupe. It counted with the participation of the former President of the Spanish Government and recipient of the Carlos V European Award, Felipe Gonz\u00e1lez, and with the former President of the Regional Government of Extremadura and member of the European and Ibero-American Academy of Yuste, Juan Carlos Rodr\u00edguez Ibarra.<\/p>\n<p>This webinar is the first one celebrated as far the cycle of meetings \u201cGuadalupe Destino\u201d (Guadalupe as a Destiny) is concerned, and are to be held during the months of November and December. There will be a total of four meetings with the aim of promoting dialogue on issues of public interest such as governance, science, history and culture. Various personalities and experts will participate to this end.<\/p>\n<p>At the first webinar, Gonz\u00e1lez and Rodr\u00edguez Ibarra exchanged views on how to overcome the uncertainty caused by the pandemic in areas such as education, economics and politics. For Rodr\u00edguez Ibarra, governing uncertainty &#8220;is equivalent to governing over lack of certainty, security and trust,&#8221; and only accepting that &#8220;radical changes will occur in our way of life and being able to reach agreements to reach a certain harmony can we reach certainty&#8221;.<\/p>\n<p>Felipe Gonz\u00e1lez, for his part, affirmed that never in his political career had he lived &#8220;such a hard time&#8221; as the current one, adding that factors such as &#8220;confrontation, political tension and the permanent search for a culprit of the crisis and not finding an answer, add more uncertainty to the uncertainty&#8221;. In his view, the only certainty we have today is uncertainty, &#8220;so we have to be providers of certainty and not make further unnecessary mistakes&#8221;.<\/p>\n<p>For the former President of the Spanish Government, one of the possible solutions to overcome this moment of uncertainty is the application of the knowledge that we treasure to reality in order to &#8220;transform, reform, digitize, fight climate change and dignify work&#8221;.<\/p>\n<p>Finally, Felipe Gonz\u00e1lez called for the need &#8220;to reach cross-cutting agreements such as the Constitution or the Moncloa Pacts &#8221; to overcome the high degree of uncertainty in which, in his opinion, we find ourselves because our success to overcome the situation depends on it.<\/p>\n<p>The cycle of meetings \u201cGuadalupe Destino\u201d is part of the activity plan for the following events of exceptional public interest in Guadalupe: the \u201c25th Anniversary of the Declaration of the Royal Monastery of Santa Mar\u00eda de Guadalupe as a World Heritage Site by UNESCO\u201d and the \u201cHoly Year of Guadalupe 2021\u201d.<\/p>\n<p>The next webinars included in the cycle of meetings \u201cGuadalupe Destino\u201d are:<\/p>\n<p>&#8211; \u201cLa Botica de Guadalupe y las plantas del nuevo mundo\u201d (\u201cThe Chemists\u2019 in Guadalupe and Plants from the New World\u201d), which will be held on 12 November and will count with the participation of the President of the Official College of Pharmacists of Badajoz and member of the Royal National Academy of Pharmacy, Cecilio J. Venegas Fito.<\/p>\n<p>&#8211; \u201cDel culto al mito. Nuestra Se\u00f1ora de Guadalupe\u201d (\u201cFrom Cult to Myth. Our Lady of Guadalupe\u201d), to be held on 26 November and will count with the Professor of History of America at the Complutense University of Madrid, Rosa Mar\u00eda Mart\u00ednez de Codes and the Professor of Literature at the University of Paris VIII, Fran\u00e7oise Cr\u00e9moux, as panelists.<\/p>\n<p>&#8211; \u201cRutas culturales del Consejo de Europa. Ruta de los Jer\u00f3nimos\u201d (Cultural Routes of the Council of Europe. The Hieronymite Route), which will take place on 10 December and will count with the participation of the President of the Cooperation Network of the Routes of Charles V, Miguel \u00c1ngel Mart\u00edn Ramos and the head of the Management Unit of the Cooperation Network of the Routes of Charles V, Quintin Correas Domingo.<\/p>\n<p>The meetings are virtual, not only due to the health situation which we find ourselves in, but also in order to offer people from different time zones the possibility to participate. All meetings will start at 17.30 (Madrid UTC+1) and will last an hour and a half.<\/p>\n<p>\u201cGoverning Uncertainty\u201d webinar:&nbsp;<a href=\"https:\/\/www.youtube.com\/watch?v=XadOIDel5qI&amp;t=1369s\" data-rel=\"lightbox-video-0\">https:\/\/www.youtube.com\/watch?v=XadOIDel5qI&amp;t=1369s<\/a><\/p>\n<p>&nbsp;<\/p>\n<p>[\/et_pb_text][et_pb_post_nav in_same_term=&#8221;on&#8221; prev_text=&#8221;VER NOTICIA ANTERIOR&#8221; next_text=&#8221;VER NOTICIA SIGUIENTE&#8221; admin_label=&#8221;\u2190 NAVEGACION POR NOTICIAS \u2192&#8221; _builder_version=&#8221;3.0.85&#8243; custom_margin=&#8221;||3%|&#8221; _i=&#8221;1&#8243; _address=&#8221;0.1.1.1&#8243;][\/et_pb_post_nav][\/et_pb_column][\/et_pb_row][\/et_pb_section]<\/p>\n","protected":false},"excerpt":{"rendered":"<p>Yesterday, the European and Ibero-American Academy of Yuste Foundation organised the webinar \u201cGoverning Uncertainty\u201d in collaboration with the City Council of Guadalupe. It counted with the participation of the former President of the Spanish Government and recipient of the Carlos V European Award, Felipe Gonz\u00e1lez, and with the former President of the Regional Government of Extremadura and member of the European and Ibero-American Academy of Yuste, Juan Carlos Rodr\u00edguez Ibarra.<\/p>\n","protected":false},"author":2,"featured_media":221330,"comment_status":"closed","ping_status":"closed","sticky":false,"template":"","format":"standard","meta":{"_et_pb_use_builder":"on","_et_pb_old_content":"","_et_gb_content_width":"","_links_to":"","_links_to_target":""},"categories":[190],"tags":[],"_links":{"self":[{"href":"https:\/\/www.fundacionyuste.org\/en\/wp-json\/wp\/v2\/posts\/221600"}],"collection":[{"href":"https:\/\/www.fundacionyuste.org\/en\/wp-json\/wp\/v2\/posts"}],"about":[{"href":"https:\/\/www.fundacionyuste.org\/en\/wp-json\/wp\/v2\/types\/post"}],"author":[{"embeddable":true,"href":"https:\/\/www.fundacionyuste.org\/en\/wp-json\/wp\/v2\/users\/2"}],"replies":[{"embeddable":true,"href":"https:\/\/www.fundacionyuste.org\/en\/wp-json\/wp\/v2\/comments?post=221600"}],"version-history":[{"count":0,"href":"https:\/\/www.fundacionyuste.org\/en\/wp-json\/wp\/v2\/posts\/221600\/revisions"}],"wp:featuredmedia":[{"embeddable":true,"href":"https:\/\/www.fundacionyuste.org\/en\/wp-json\/wp\/v2\/media\/221330"}],"wp:attachment":[{"href":"https:\/\/www.fundacionyuste.org\/en\/wp-json\/wp\/v2\/media?parent=221600"}],"wp:term":[{"taxonomy":"category","embeddable":true,"href":"https:\/\/www.fundacionyuste.org\/en\/wp-json\/wp\/v2\/categories?post=221600"},{"taxonomy":"post_tag","embeddable":true,"href":"https:\/\/www.fundacionyuste.org\/en\/wp-json\/wp\/v2\/tags?post=221600"}],"curies":[{"name":"wp","href":"https:\/\/api.w.org\/{rel}","templated":true}]}}