{"id":228141,"date":"2022-01-19T08:35:34","date_gmt":"2022-01-19T08:35:34","guid":{"rendered":"https:\/\/www.fundacionyuste.org\/?p=228141"},"modified":"2022-01-19T08:35:39","modified_gmt":"2022-01-19T08:35:39","slug":"tesismoniquepalma","status":"publish","type":"post","link":"https:\/\/www.fundacionyuste.org\/en\/tesismoniquepalma\/","title":{"rendered":"Yuste Foundation Publishes the Doctoral Thesis that Won the 1st Research Prize to Ibero-American Doctoral Theses"},"content":{"rendered":"<p>[et_pb_section fb_built=&#8221;1&#8243; _builder_version=&#8221;3.22&#8243;][et_pb_row column_structure=&#8221;1_4,3_4&#8243; admin_label=&#8221;ENCABEZADOS&#8221; _builder_version=&#8221;3.25&#8243; background_size=&#8221;initial&#8221; background_position=&#8221;top_left&#8221; background_repeat=&#8221;repeat&#8221;][et_pb_column type=&#8221;1_4&#8243; _builder_version=&#8221;3.25&#8243; custom_padding=&#8221;|||&#8221; custom_padding__hover=&#8221;|||&#8221;][et_pb_text admin_label=&#8221;TITULO SECCI\u00d3N&#8221; _builder_version=&#8221;4.7.7&#8243; text_font=&#8221;Muli|600|||||||&#8221; text_text_color=&#8221;#7cda24&#8243; text_font_size=&#8221;33px&#8221; header_font=&#8221;Muli||||||||&#8221; header_font_size=&#8221;31px&#8221; text_orientation=&#8221;right&#8221; module_alignment=&#8221;right&#8221; custom_padding=&#8221;|20px||&#8221; text_text_shadow_style=&#8221;preset3&#8243; text_text_shadow_color=&#8221;rgba(0,0,0,0.28)&#8221; header_text_shadow_style=&#8221;preset3&#8243;]<\/p>\n<h1>COMUNICATION<\/h1>\n<p>[\/et_pb_text][\/et_pb_column][et_pb_column type=&#8221;3_4&#8243; _builder_version=&#8221;3.25&#8243; custom_padding=&#8221;|||&#8221; custom_padding__hover=&#8221;|||&#8221;][et_pb_post_title meta=&#8221;off&#8221; featured_image=&#8221;off&#8221; admin_label=&#8221;T\u00cdTULO DE LA NOTICIA (Autom\u00e1tico)&#8221; _builder_version=&#8221;3.0.85&#8243; title_level=&#8221;h2&#8243; title_font=&#8221;Muli|700||on|||||&#8221; title_font_size=&#8221;20px&#8221; custom_margin=&#8221;6px|||&#8221;][\/et_pb_post_title][\/et_pb_column][\/et_pb_row][et_pb_row column_structure=&#8221;1_4,3_4&#8243; _builder_version=&#8221;3.25&#8243; background_size=&#8221;initial&#8221; background_position=&#8221;top_left&#8221; background_repeat=&#8221;repeat&#8221; custom_padding=&#8221;3px|0px|0px|0px&#8221;][et_pb_column type=&#8221;1_4&#8243; _builder_version=&#8221;3.25&#8243; custom_padding=&#8221;|||&#8221; custom_padding__hover=&#8221;|||&#8221;][et_pb_sidebar area=&#8221;et_pb_widget_area_6&#8243; admin_label=&#8221;MENU LATERAL&#8221; _builder_version=&#8221;4.8.2&#8243;][\/et_pb_sidebar][\/et_pb_column][et_pb_column type=&#8221;3_4&#8243; _builder_version=&#8221;3.25&#8243; custom_padding=&#8221;|||&#8221; custom_padding__hover=&#8221;|||&#8221;][et_pb_text admin_label=&#8221;CONTENIDO DE LA NOTICIA&#8221; _builder_version=&#8221;4.9.7&#8243; text_font=&#8221;Muli||||||||&#8221; text_text_color=&#8221;#262626&#8243; text_line_height=&#8221;1.4em&#8221; header_font=&#8221;Muli||||||||&#8221; header_font_size=&#8221;22px&#8221; header_2_font=&#8221;Muli||||||||&#8221; header_3_font=&#8221;Muli||||||||&#8221; header_4_font=&#8221;Muli||||||||&#8221; header_5_font=&#8221;Muli||||||||&#8221; header_6_font=&#8221;Muli||||||||&#8221; text_orientation=&#8221;justified&#8221; custom_margin=&#8221;8px|||&#8221; hover_enabled=&#8221;0&#8243; sticky_enabled=&#8221;0&#8243;]<\/p>\n<p><a  href=\"https:\/\/www.fundacionyuste.org\/wp-content\/uploads\/2021\/12\/monique-palma.jpg\" data-rel=\"lightbox-gallery-0\" data-rl_title=\"\" data-rl_caption=\"\" title=\"\"><img decoding=\"async\" loading=\"lazy\" class=\"alignleft wp-image-227965 size-medium\" src=\"https:\/\/www.fundacionyuste.org\/wp-content\/uploads\/2021\/12\/monique-palma-203x300.jpg\" alt=\"\" width=\"203\" height=\"300\" srcset=\"https:\/\/www.fundacionyuste.org\/wp-content\/uploads\/2021\/12\/monique-palma-203x300.jpg 203w, https:\/\/www.fundacionyuste.org\/wp-content\/uploads\/2021\/12\/monique-palma-692x1024.jpg 692w, https:\/\/www.fundacionyuste.org\/wp-content\/uploads\/2021\/12\/monique-palma-768x1136.jpg 768w, https:\/\/www.fundacionyuste.org\/wp-content\/uploads\/2021\/12\/monique-palma.jpg 960w\" sizes=\"(max-width: 203px) 100vw, 203px\" \/><\/a><\/p>\n<p><strong>The European and Ibero-American Academy of Yuste Foundation has just published the doctoral thesis &#8220;Cirurgi\u00f5es, pr\u00e1ticas e saberes cir\u00fargicos na Am\u00e9rica portuguesa no s\u00e9culo XVIII&#8221;, by Brazilian Monique Palma. This is the winning thesis of the Research Prize to Ibero-American Doctoral Theses convened by the European and Ibero-American Academy of Yuste Foundation whose prize was awarded in the framework of the I International Congress \u201cRelations between Europe, Latin America and the Caribbean: A Meeting Space\u201d, which was held between 18 and 20 March 2021 at the Royal Monastery of Santa Mar\u00eda de Guadalupe.<\/strong>(18\/01\/2022)<\/p>\n<p>This is the fourth publication of the Foundation\u2019s book collection \u201cTesis Doctorales\u201d, the previous one was: \u201cFilosof\u00eda de la historia de Am\u00e9rica: los cronistas de Indias en el pensamiento espa\u00f1ol\u201d by Natalia K. Denisova.<\/p>\n<p>This research, which focuses on the eighteenth century, must be considered valid in the current world health situation, as it exposes the flows of knowledge and understanding that have existed for centuries between Europe and Ibero-America in a comprehensive way, as the thesis itself states as it claims that \u201cit involves a study of the processes of the circulation of people and knowledge in a world that tends towards globalisation\u201d.<\/p>\n<p>Monique Palma has a PhD in History from the University of Porto, Portugal. MA in History from the University of Maring\u00e1, Brazil. She is a Member of the Transdisciplinary Culture, Space and Memory Research Centre of the University of Porto. She currently works as a researcher in the DUNES ~ o Mar, a Areia e as Gentes project of the History Centre of the Faculty of Letters of the University of Lisbon. She received the international research award at doctoral level \u201cPina Manique \u2013 From Enlightenment to the Liberal Revolution\u201d, from the Portuguese Academy of History \/ Pina Manique Foundation, 2020.<\/p>\n<p>[\/et_pb_text][et_pb_post_nav in_same_term=&#8221;on&#8221; prev_text=&#8221;VER NOTICIA ANTERIOR&#8221; next_text=&#8221;VER NOTICIA SIGUIENTE&#8221; admin_label=&#8221;\u2190 NAVEGACION POR NOTICIAS \u2192&#8221; _builder_version=&#8221;3.0.85&#8243; custom_margin=&#8221;||3%|&#8221;][\/et_pb_post_nav][\/et_pb_column][\/et_pb_row][\/et_pb_section]<\/p>\n","protected":false},"excerpt":{"rendered":"<p>The European and Ibero-American Academy of Yuste Foundation has just published the doctoral thesis &#8220;Cirurgi\u00f5es, pr\u00e1ticas e saberes cir\u00fargicos na Am\u00e9rica portuguesa no s\u00e9culo XVIII&#8221;, by Brazilian Monique Palma. This is the winning thesis of the Research Prize to Ibero-American Doctoral Theses convened by the European and Ibero-American Academy of Yuste Foundation whose prize was awarded in the framework of the I International Congress \u201cRelations between Europe, Latin America and the Caribbean: A Meeting Space\u201d, which was held between 18 and 20 March 2021 at the Royal Monastery of Santa Mar\u00eda de Guadalupe.<\/p>\n","protected":false},"author":2,"featured_media":227965,"comment_status":"closed","ping_status":"closed","sticky":false,"template":"","format":"standard","meta":{"_et_pb_use_builder":"on","_et_pb_old_content":"","_et_gb_content_width":"","_links_to":"","_links_to_target":""},"categories":[190,191],"tags":[290],"_links":{"self":[{"href":"https:\/\/www.fundacionyuste.org\/en\/wp-json\/wp\/v2\/posts\/228141"}],"collection":[{"href":"https:\/\/www.fundacionyuste.org\/en\/wp-json\/wp\/v2\/posts"}],"about":[{"href":"https:\/\/www.fundacionyuste.org\/en\/wp-json\/wp\/v2\/types\/post"}],"author":[{"embeddable":true,"href":"https:\/\/www.fundacionyuste.org\/en\/wp-json\/wp\/v2\/users\/2"}],"replies":[{"embeddable":true,"href":"https:\/\/www.fundacionyuste.org\/en\/wp-json\/wp\/v2\/comments?post=228141"}],"version-history":[{"count":3,"href":"https:\/\/www.fundacionyuste.org\/en\/wp-json\/wp\/v2\/posts\/228141\/revisions"}],"predecessor-version":[{"id":228150,"href":"https:\/\/www.fundacionyuste.org\/en\/wp-json\/wp\/v2\/posts\/228141\/revisions\/228150"}],"wp:featuredmedia":[{"embeddable":true,"href":"https:\/\/www.fundacionyuste.org\/en\/wp-json\/wp\/v2\/media\/227965"}],"wp:attachment":[{"href":"https:\/\/www.fundacionyuste.org\/en\/wp-json\/wp\/v2\/media?parent=228141"}],"wp:term":[{"taxonomy":"category","embeddable":true,"href":"https:\/\/www.fundacionyuste.org\/en\/wp-json\/wp\/v2\/categories?post=228141"},{"taxonomy":"post_tag","embeddable":true,"href":"https:\/\/www.fundacionyuste.org\/en\/wp-json\/wp\/v2\/tags?post=228141"}],"curies":[{"name":"wp","href":"https:\/\/api.w.org\/{rel}","templated":true}]}}