{"id":228388,"date":"2022-02-07T16:01:33","date_gmt":"2022-02-07T16:01:33","guid":{"rendered":"https:\/\/www.fundacionyuste.org\/?p=228388"},"modified":"2022-02-07T16:01:41","modified_gmt":"2022-02-07T16:01:41","slug":"conflictos2022","status":"publish","type":"post","link":"https:\/\/www.fundacionyuste.org\/en\/conflictos2022\/","title":{"rendered":"Journalists Specialising in International Conflicts Meet in Badajoz"},"content":{"rendered":"<p>[et_pb_section fb_built=&#8221;1&#8243; _builder_version=&#8221;3.22&#8243;][et_pb_row column_structure=&#8221;1_4,3_4&#8243; admin_label=&#8221;ENCABEZADOS&#8221; _builder_version=&#8221;3.25&#8243; background_size=&#8221;initial&#8221; background_position=&#8221;top_left&#8221; background_repeat=&#8221;repeat&#8221;][et_pb_column type=&#8221;1_4&#8243; _builder_version=&#8221;3.25&#8243; custom_padding=&#8221;|||&#8221; custom_padding__hover=&#8221;|||&#8221;][et_pb_text admin_label=&#8221;TITULO SECCI\u00d3N&#8221; _builder_version=&#8221;4.7.7&#8243; text_font=&#8221;Muli|600|||||||&#8221; text_text_color=&#8221;#7cda24&#8243; text_font_size=&#8221;33px&#8221; header_font=&#8221;Muli||||||||&#8221; header_font_size=&#8221;31px&#8221; text_orientation=&#8221;right&#8221; module_alignment=&#8221;right&#8221; custom_padding=&#8221;|20px||&#8221; text_text_shadow_style=&#8221;preset3&#8243; text_text_shadow_color=&#8221;rgba(0,0,0,0.28)&#8221; header_text_shadow_style=&#8221;preset3&#8243;]<\/p>\n<h1>COMUNICATION<\/h1>\n<p>[\/et_pb_text][\/et_pb_column][et_pb_column type=&#8221;3_4&#8243; _builder_version=&#8221;3.25&#8243; custom_padding=&#8221;|||&#8221; custom_padding__hover=&#8221;|||&#8221;][et_pb_post_title meta=&#8221;off&#8221; featured_image=&#8221;off&#8221; admin_label=&#8221;T\u00cdTULO DE LA NOTICIA (Autom\u00e1tico)&#8221; _builder_version=&#8221;3.0.85&#8243; title_level=&#8221;h2&#8243; title_font=&#8221;Muli|700||on|||||&#8221; title_font_size=&#8221;20px&#8221; custom_margin=&#8221;6px|||&#8221;][\/et_pb_post_title][\/et_pb_column][\/et_pb_row][et_pb_row column_structure=&#8221;1_4,3_4&#8243; _builder_version=&#8221;3.25&#8243; background_size=&#8221;initial&#8221; background_position=&#8221;top_left&#8221; background_repeat=&#8221;repeat&#8221; custom_padding=&#8221;3px|0px|0px|0px&#8221;][et_pb_column type=&#8221;1_4&#8243; _builder_version=&#8221;3.25&#8243; custom_padding=&#8221;|||&#8221; custom_padding__hover=&#8221;|||&#8221;][et_pb_sidebar area=&#8221;et_pb_widget_area_6&#8243; admin_label=&#8221;MENU LATERAL&#8221; _builder_version=&#8221;4.8.2&#8243;][\/et_pb_sidebar][\/et_pb_column][et_pb_column type=&#8221;3_4&#8243; _builder_version=&#8221;3.25&#8243; custom_padding=&#8221;|||&#8221; custom_padding__hover=&#8221;|||&#8221;][et_pb_text admin_label=&#8221;CONTENIDO DE LA NOTICIA&#8221; _builder_version=&#8221;4.9.7&#8243; text_font=&#8221;Muli||||||||&#8221; text_text_color=&#8221;#262626&#8243; text_line_height=&#8221;1.4em&#8221; header_font=&#8221;Muli||||||||&#8221; header_font_size=&#8221;22px&#8221; header_2_font=&#8221;Muli||||||||&#8221; header_3_font=&#8221;Muli||||||||&#8221; header_4_font=&#8221;Muli||||||||&#8221; header_5_font=&#8221;Muli||||||||&#8221; header_6_font=&#8221;Muli||||||||&#8221; text_orientation=&#8221;justified&#8221; custom_margin=&#8221;8px|||&#8221; hover_enabled=&#8221;0&#8243; sticky_enabled=&#8221;0&#8243;]<\/p>\n<p><a  href=\"https:\/\/www.fundacionyuste.org\/wp-content\/uploads\/2022\/02\/Cartel_para_rrss.jpg\" data-rel=\"lightbox-gallery-0\" data-rl_title=\"\" data-rl_caption=\"\" title=\"\"><img decoding=\"async\" loading=\"lazy\" class=\"alignleft wp-image-228392 size-medium\" src=\"https:\/\/www.fundacionyuste.org\/wp-content\/uploads\/2022\/02\/Cartel_para_rrss-300x300.jpg\" alt=\"\" width=\"300\" height=\"300\" srcset=\"https:\/\/www.fundacionyuste.org\/wp-content\/uploads\/2022\/02\/Cartel_para_rrss-300x300.jpg 300w, https:\/\/www.fundacionyuste.org\/wp-content\/uploads\/2022\/02\/Cartel_para_rrss-1024x1024.jpg 1024w, https:\/\/www.fundacionyuste.org\/wp-content\/uploads\/2022\/02\/Cartel_para_rrss-150x150.jpg 150w, https:\/\/www.fundacionyuste.org\/wp-content\/uploads\/2022\/02\/Cartel_para_rrss-768x768.jpg 768w, https:\/\/www.fundacionyuste.org\/wp-content\/uploads\/2022\/02\/Cartel_para_rrss-440x440.jpg 440w, https:\/\/www.fundacionyuste.org\/wp-content\/uploads\/2022\/02\/Cartel_para_rrss.jpg 1080w\" sizes=\"(max-width: 300px) 100vw, 300px\" \/><\/a><\/p>\n<p><strong>The European and Ibero-American Academy of Yuste Foundation and the Extremaduran Agency for International Development Cooperation (AEXCID) are organising the sessions, \u201cRevealing Conflicts. Journalism and Communication for International Cooperation\u201d in collaboration with the Faculty of Documentation and Communication Sciences of the University of Extremadura. These will be held on 16 and 17 February in the afternoon at the faculty\u2019s auditorium via streaming. The sessions are directed by journalist Angel Sastre, who was awarded the Medal of Extremadura in 2018. <\/strong>(04\/02\/2022)<\/p>\n<p>These sessions intend to make the manner in which international conflicts are tackled from the standpoint of communication and journalism known, highlighting the importance of the facts, on the one hand, and the relevance of contrasting information, on the other, in order to carry out a deep analysis in perspective so as to prevent the trivialisation and manipulation of complex situations.<\/p>\n<p>It is with this objective that journalists, reporters, photojournalists, war correspondents, and investigative journalism professionals will bring their personal and professional experience forward on how accounts are shaped and how information is transmitted in order to analyse current events, such as the COVID pandemic, climate emergencies, refugee crises, and the situation in countries where there are armed, political or social conflicts. The difficulties and personal risks that these professionals come across with when trying to access first-hand information in contexts that are a menace to human rights will also be dealt with.<\/p>\n<p>All these subjects will be dealt with by the following professionals among others: Agus Morales, director of the magazine 5W; Pablo Tosco, the award-winner photojournalist of the 1st World Press Photo 2021 in the category of Contemporary Issues; El Pa\u00eds correspondent in the Middle East from 2008 to 2021 and author of the book Una bala para todas, Natalia Sancha; Director-General of the porCausa Foundation, Lucila Rodr\u00edguez-Alarc\u00f3n; El Pa\u00eds correspondent in Mexico, Jacobo Garc\u00eda; El Mundo correspondent in Colombia, Salud Hern\u00e1ndez-Mora; the Agencia EFE correspondent in Venezuela, Gonzalo Dom\u00ednguez.<\/p>\n<p>The sessions will also include a table including three young journalists from Extremadura who will present the difficulties they face when trying to find opportunities for them to carry out their projects and how they manage to pull them off.<\/p>\n<p>These professionals are Roberto Palomo, a freelance reporter who mainly works for El Pa\u00eds; the journalist specialised in international cooperation and human rights, Silvia Arjona, who currently lives in Colombia, and the photographer Blanca Gonz\u00e1lez, who is the author of the exhibitions \u201cGitanas de Badajoz\u201d and \u201cMi familia\u201d, among others.<\/p>\n<p>This activity is part of the AEXCID\u2019s actions to promote the resolution of conflicts and the construction of peace as part of its competences in the Regional Government of Extremadura.<br \/>The sessions \u201cRevealing Conflicts. Journalism and Communication for International Cooperation\u201d is a project of the Extremaduran Agency for International Development Cooperation (AEXCID) which is carried out by the European and Ibero-American Academy of Yuste Foundation within its \u201cAula Abierta\u201d programme.<\/p>\n<p>For further information: https:\/\/www.fundacionyuste.org\/en\/revealing-conflicts-journalism-and-communication-for-international-cooperation-sessions\/ <br \/>Registration: <a href=\"https:\/\/bit.ly\/3HIAF7D\">https:\/\/bit.ly\/3HIAF7D<\/a> <br \/>Video presentation: <a href=\"https:\/\/www.youtube.com\/watch?v=JGS147Lj95E\" data-rel=\"lightbox-video-0\">https:\/\/www.youtube.com\/watch?v=JGS147Lj95E<\/a><\/p>\n<p>[\/et_pb_text][et_pb_post_nav in_same_term=&#8221;on&#8221; prev_text=&#8221;VER NOTICIA ANTERIOR&#8221; next_text=&#8221;VER NOTICIA SIGUIENTE&#8221; admin_label=&#8221;\u2190 NAVEGACION POR NOTICIAS \u2192&#8221; _builder_version=&#8221;3.0.85&#8243; custom_margin=&#8221;||3%|&#8221;][\/et_pb_post_nav][\/et_pb_column][\/et_pb_row][\/et_pb_section]<\/p>\n","protected":false},"excerpt":{"rendered":"<p>The European and Ibero-American Academy of Yuste Foundation has just published the doctoral thesis &#8220;Cirurgi\u00f5es, pr\u00e1ticas e saberes cir\u00fargicos na Am\u00e9rica portuguesa no s\u00e9culo XVIII&#8221;, by Brazilian Monique Palma. This is the winning thesis of the Research Prize to Ibero-American Doctoral Theses convened by the European and Ibero-American Academy of Yuste Foundation whose prize was awarded in the framework of the I International Congress \u201cRelations between Europe, Latin America and the Caribbean: A Meeting Space\u201d, which was held between 18 and 20 March 2021 at the Royal Monastery of Santa Mar\u00eda de Guadalupe.<\/p>\n","protected":false},"author":2,"featured_media":228392,"comment_status":"closed","ping_status":"closed","sticky":false,"template":"","format":"standard","meta":{"_et_pb_use_builder":"on","_et_pb_old_content":"","_et_gb_content_width":"","_links_to":"","_links_to_target":""},"categories":[190,191],"tags":[290],"_links":{"self":[{"href":"https:\/\/www.fundacionyuste.org\/en\/wp-json\/wp\/v2\/posts\/228388"}],"collection":[{"href":"https:\/\/www.fundacionyuste.org\/en\/wp-json\/wp\/v2\/posts"}],"about":[{"href":"https:\/\/www.fundacionyuste.org\/en\/wp-json\/wp\/v2\/types\/post"}],"author":[{"embeddable":true,"href":"https:\/\/www.fundacionyuste.org\/en\/wp-json\/wp\/v2\/users\/2"}],"replies":[{"embeddable":true,"href":"https:\/\/www.fundacionyuste.org\/en\/wp-json\/wp\/v2\/comments?post=228388"}],"version-history":[{"count":3,"href":"https:\/\/www.fundacionyuste.org\/en\/wp-json\/wp\/v2\/posts\/228388\/revisions"}],"predecessor-version":[{"id":228426,"href":"https:\/\/www.fundacionyuste.org\/en\/wp-json\/wp\/v2\/posts\/228388\/revisions\/228426"}],"wp:featuredmedia":[{"embeddable":true,"href":"https:\/\/www.fundacionyuste.org\/en\/wp-json\/wp\/v2\/media\/228392"}],"wp:attachment":[{"href":"https:\/\/www.fundacionyuste.org\/en\/wp-json\/wp\/v2\/media?parent=228388"}],"wp:term":[{"taxonomy":"category","embeddable":true,"href":"https:\/\/www.fundacionyuste.org\/en\/wp-json\/wp\/v2\/categories?post=228388"},{"taxonomy":"post_tag","embeddable":true,"href":"https:\/\/www.fundacionyuste.org\/en\/wp-json\/wp\/v2\/tags?post=228388"}],"curies":[{"name":"wp","href":"https:\/\/api.w.org\/{rel}","templated":true}]}}