{"id":228474,"date":"2022-02-17T09:29:52","date_gmt":"2022-02-17T09:29:52","guid":{"rendered":"https:\/\/www.fundacionyuste.org\/?p=228474"},"modified":"2022-02-17T09:38:23","modified_gmt":"2022-02-17T09:38:23","slug":"revelandoconflictos","status":"publish","type":"post","link":"https:\/\/www.fundacionyuste.org\/en\/revelandoconflictos\/","title":{"rendered":"Communication Professionals Share Their Experience in International Conflicts"},"content":{"rendered":"<p>[et_pb_section fb_built=&#8221;1&#8243; _builder_version=&#8221;3.22&#8243;][et_pb_row column_structure=&#8221;1_4,3_4&#8243; admin_label=&#8221;ENCABEZADOS&#8221; _builder_version=&#8221;3.25&#8243; background_size=&#8221;initial&#8221; background_position=&#8221;top_left&#8221; background_repeat=&#8221;repeat&#8221;][et_pb_column type=&#8221;1_4&#8243; _builder_version=&#8221;3.25&#8243; custom_padding=&#8221;|||&#8221; custom_padding__hover=&#8221;|||&#8221;][et_pb_text admin_label=&#8221;TITULO SECCI\u00d3N&#8221; _builder_version=&#8221;4.7.7&#8243; text_font=&#8221;Muli|600|||||||&#8221; text_text_color=&#8221;#7cda24&#8243; text_font_size=&#8221;33px&#8221; header_font=&#8221;Muli||||||||&#8221; header_font_size=&#8221;31px&#8221; text_orientation=&#8221;right&#8221; module_alignment=&#8221;right&#8221; custom_padding=&#8221;|20px||&#8221; text_text_shadow_style=&#8221;preset3&#8243; text_text_shadow_color=&#8221;rgba(0,0,0,0.28)&#8221; header_text_shadow_style=&#8221;preset3&#8243;]<\/p>\n<h1>COMUNICATION<\/h1>\n<p>[\/et_pb_text][\/et_pb_column][et_pb_column type=&#8221;3_4&#8243; _builder_version=&#8221;3.25&#8243; custom_padding=&#8221;|||&#8221; custom_padding__hover=&#8221;|||&#8221;][et_pb_post_title meta=&#8221;off&#8221; featured_image=&#8221;off&#8221; admin_label=&#8221;T\u00cdTULO DE LA NOTICIA (Autom\u00e1tico)&#8221; _builder_version=&#8221;3.0.85&#8243; title_level=&#8221;h2&#8243; title_font=&#8221;Muli|700||on|||||&#8221; title_font_size=&#8221;20px&#8221; custom_margin=&#8221;6px|||&#8221;][\/et_pb_post_title][\/et_pb_column][\/et_pb_row][et_pb_row column_structure=&#8221;1_4,3_4&#8243; _builder_version=&#8221;3.25&#8243; background_size=&#8221;initial&#8221; background_position=&#8221;top_left&#8221; background_repeat=&#8221;repeat&#8221; custom_padding=&#8221;3px|0px|0px|0px&#8221;][et_pb_column type=&#8221;1_4&#8243; _builder_version=&#8221;3.25&#8243; custom_padding=&#8221;|||&#8221; custom_padding__hover=&#8221;|||&#8221;][et_pb_sidebar area=&#8221;et_pb_widget_area_6&#8243; admin_label=&#8221;MENU LATERAL&#8221; _builder_version=&#8221;4.8.2&#8243;][\/et_pb_sidebar][\/et_pb_column][et_pb_column type=&#8221;3_4&#8243; _builder_version=&#8221;3.25&#8243; custom_padding=&#8221;|||&#8221; custom_padding__hover=&#8221;|||&#8221;][et_pb_text admin_label=&#8221;CONTENIDO DE LA NOTICIA&#8221; _builder_version=&#8221;4.9.7&#8243; text_font=&#8221;Muli||||||||&#8221; text_text_color=&#8221;#262626&#8243; text_line_height=&#8221;1.4em&#8221; header_font=&#8221;Muli||||||||&#8221; header_font_size=&#8221;22px&#8221; header_2_font=&#8221;Muli||||||||&#8221; header_3_font=&#8221;Muli||||||||&#8221; header_4_font=&#8221;Muli||||||||&#8221; header_5_font=&#8221;Muli||||||||&#8221; header_6_font=&#8221;Muli||||||||&#8221; text_orientation=&#8221;justified&#8221; custom_margin=&#8221;8px|||&#8221; hover_enabled=&#8221;0&#8243; sticky_enabled=&#8221;0&#8243;]<\/p>\n<p><a  href=\"https:\/\/www.fundacionyuste.org\/wp-content\/uploads\/2022\/02\/REVELANDOCONFLICTOS-1.jpeg\" data-rel=\"lightbox-gallery-0\" data-rl_title=\"\" data-rl_caption=\"\" title=\"\"><img decoding=\"async\" loading=\"lazy\" class=\"alignleft wp-image-228477 size-medium\" src=\"https:\/\/www.fundacionyuste.org\/wp-content\/uploads\/2022\/02\/REVELANDOCONFLICTOS-1-300x225.jpeg\" alt=\"\" width=\"300\" height=\"225\" srcset=\"https:\/\/www.fundacionyuste.org\/wp-content\/uploads\/2022\/02\/REVELANDOCONFLICTOS-1-300x225.jpeg 300w, https:\/\/www.fundacionyuste.org\/wp-content\/uploads\/2022\/02\/REVELANDOCONFLICTOS-1-768x576.jpeg 768w, https:\/\/www.fundacionyuste.org\/wp-content\/uploads\/2022\/02\/REVELANDOCONFLICTOS-1.jpeg 1024w\" sizes=\"(max-width: 300px) 100vw, 300px\" \/><\/a><\/p>\n<p><strong>More than four hundred people registered for the \u201cRevealing Conflicts. Journalism and Communication for International Cooperation&#8217;\u201d sessions, which have been inaugurated at the auditorium of the Faculty of Documentation and Communication Sciences of the University of Extremadura in Badajoz today. This event is organised by the European and Ibero-American Academy of Yuste Foundation and the Extremaduran Agency for International Development Cooperation (AEXCID). The talks, which are streamed, are directed by the journalist from Don Benito \u00c1ngel Sastre, who was awarded the Medal of Extremadura in 2018. <\/strong>(16\/02\/2022)<\/p>\n<p>The vice-rector of Students, Employment and Mobility of the University of Extremadura, Roc\u00edo Yuste, participated in the opening of the event. She thanked the organisers for the opportunity to bring these sessions over to the university, a place which in addition to research and internships, \u201calso needs direct contact with professionals\u201d. In this manner, she stressed the importance of holding these sessions at the Faculty of Documentation and Communication Sciences, \u201csince it can be a great opportunity for students, not only to know the first-hand difficulties encountered to carry out research work, but also to create future networking groups\u201d.<br \/>The director general of the Extremaduran Agency for International Development Cooperation, \u00c1ngel Calle, for his part, pointed out that it is very important for the AEXCID to support this type of initiatives that foster great alliances \u201cto combat, reverse and, above all, to know the truth about the international conflicts that generate those enormous inequality gaps\u201d.<\/p>\n<p>Finally, the director of Yuste Foundation, Juan Carlos Moreno, highlighted the work of communication professionals noting that \u201cthe work, texts, photographs and communication reportages of all kind are the key that must open the consciences of all and should be the spotlight that illuminates where the action of public administrations should be directed, because you\u2019re aim will surely be the most needy and those who find themselves in the most unequal circumstances\u201d.<br \/>The director of Yuste Foundation also denounced in his speech that \u201ca short distance from where we are standing, people are still living and dying as they have always lived and died: with an empty stomach, with a weapon in hand or defeated by a disease that would have a cure anywhere else in the world\u201d.<\/p>\n<p>The director of the magazine 5W, Agus Morales, participated in today\u2019s session affirming that journalism is, above all, \u201ca look because it is not the same to see than it is to look, and I believe that the media is increasingly losing the ability to look and this is something that should be recovered\u201d.<\/p>\n<p>The photojournalist and award-winner of the 1st World Press Photo 2021 in the category of Contemporary Issues, Pablo Tosco, showed the daily lives of women in Africa in his photos; through his images, he exposed poverty, exclusion, inequality, wars and man as a result of political decisions that need to be changed. The correspondent for El Pa\u00eds in the Middle East from 2008 to 2021 and author of the book Balas para todas, Natalia Sancha, reflected through her images on how the progressive immersion of women in the coverings of conflicts in the Middle East and North Africa has transformed the narrative sustained for many years in the last decade.<\/p>\n<p>The sessions \u201cRevealing Conflicts. Journalism and Communication for International Cooperation\u201d will continue tomorrow with the speech \u201cDe Norte a Sur: c\u00f3mo comunicar desde un continente donde las venas siguen abiertas\u201d, which will be shared by the Extremaduran reporter \u00c1ngel Sastre; the correspondent of El Pa\u00eds in Mexico, Central America and the Caribbean, Jacobo Garc\u00eda and El Mundo\u2019s correspondent in Colombia, Salud Hern\u00e1ndez-Mora. The session will end with the speech \u201cLos conflictos que nos rodean y merecen ser contados\u201d, presented by three Extremaduran journalists: the freelance reporter from Badajoz, Roberto Palomo; the Extremaduran journalist specialised in International Cooperation and Human Rights, Silvia Arjona, who currently resides in Colombia, and the photographer from Badajoz, Blanca Gonz\u00e1lez.<br \/>The sessions \u201cRevealing Conflicts. Journalism and Communication for International Cooperation\u201d is a project of the Extremaduran Agency for International Development Cooperation (AEXCID), which is carried out by the European and Ibero-American Academy of Yuste Foundation within its \u201cAula Abierta\u201d programme.<\/p>\n<p>For further information: <a href=\"https:\/\/bit.ly\/32WmAEb\">https:\/\/bit.ly\/32WmAEb<\/a><\/p>\n<p>Video presentation: <a href=\"https:\/\/www.youtube.com\/watch?v=JGS147Lj95E\" data-rel=\"lightbox-video-0\">https:\/\/www.youtube.com\/watch?v=JGS147Lj95E<\/a><\/p>\n<p>[\/et_pb_text][et_pb_post_nav in_same_term=&#8221;on&#8221; prev_text=&#8221;VER NOTICIA ANTERIOR&#8221; next_text=&#8221;VER NOTICIA SIGUIENTE&#8221; admin_label=&#8221;\u2190 NAVEGACION POR NOTICIAS \u2192&#8221; _builder_version=&#8221;3.0.85&#8243; custom_margin=&#8221;||3%|&#8221;][\/et_pb_post_nav][\/et_pb_column][\/et_pb_row][\/et_pb_section]<\/p>\n","protected":false},"excerpt":{"rendered":"<p>The European and Ibero-American Academy of Yuste Foundation has just published the doctoral thesis &#8220;Cirurgi\u00f5es, pr\u00e1ticas e saberes cir\u00fargicos na Am\u00e9rica portuguesa no s\u00e9culo XVIII&#8221;, by Brazilian Monique Palma. This is the winning thesis of the Research Prize to Ibero-American Doctoral Theses convened by the European and Ibero-American Academy of Yuste Foundation whose prize was awarded in the framework of the I International Congress \u201cRelations between Europe, Latin America and the Caribbean: A Meeting Space\u201d, which was held between 18 and 20 March 2021 at the Royal Monastery of Santa Mar\u00eda de Guadalupe.<\/p>\n","protected":false},"author":2,"featured_media":228392,"comment_status":"closed","ping_status":"closed","sticky":false,"template":"","format":"standard","meta":{"_et_pb_use_builder":"on","_et_pb_old_content":"","_et_gb_content_width":"","_links_to":"","_links_to_target":""},"categories":[190,191],"tags":[290],"_links":{"self":[{"href":"https:\/\/www.fundacionyuste.org\/en\/wp-json\/wp\/v2\/posts\/228474"}],"collection":[{"href":"https:\/\/www.fundacionyuste.org\/en\/wp-json\/wp\/v2\/posts"}],"about":[{"href":"https:\/\/www.fundacionyuste.org\/en\/wp-json\/wp\/v2\/types\/post"}],"author":[{"embeddable":true,"href":"https:\/\/www.fundacionyuste.org\/en\/wp-json\/wp\/v2\/users\/2"}],"replies":[{"embeddable":true,"href":"https:\/\/www.fundacionyuste.org\/en\/wp-json\/wp\/v2\/comments?post=228474"}],"version-history":[{"count":4,"href":"https:\/\/www.fundacionyuste.org\/en\/wp-json\/wp\/v2\/posts\/228474\/revisions"}],"predecessor-version":[{"id":228489,"href":"https:\/\/www.fundacionyuste.org\/en\/wp-json\/wp\/v2\/posts\/228474\/revisions\/228489"}],"wp:featuredmedia":[{"embeddable":true,"href":"https:\/\/www.fundacionyuste.org\/en\/wp-json\/wp\/v2\/media\/228392"}],"wp:attachment":[{"href":"https:\/\/www.fundacionyuste.org\/en\/wp-json\/wp\/v2\/media?parent=228474"}],"wp:term":[{"taxonomy":"category","embeddable":true,"href":"https:\/\/www.fundacionyuste.org\/en\/wp-json\/wp\/v2\/categories?post=228474"},{"taxonomy":"post_tag","embeddable":true,"href":"https:\/\/www.fundacionyuste.org\/en\/wp-json\/wp\/v2\/tags?post=228474"}],"curies":[{"name":"wp","href":"https:\/\/api.w.org\/{rel}","templated":true}]}}