{"id":228545,"date":"2022-02-25T08:17:43","date_gmt":"2022-02-25T08:17:43","guid":{"rendered":"https:\/\/www.fundacionyuste.org\/?p=228545"},"modified":"2022-02-25T08:17:51","modified_gmt":"2022-02-25T08:17:51","slug":"presentation-of-the-book-carlos-v-y-el-mar","status":"publish","type":"post","link":"https:\/\/www.fundacionyuste.org\/en\/presentation-of-the-book-carlos-v-y-el-mar\/","title":{"rendered":"PRESENTATION OF THE BOOK CARLOS V Y EL MAR: EL VIAJE DE CIRCUNNAVEGACI\u00d3N DE MAGALLANES-ELCANO Y LA ERA DE LAS ESPECIAS"},"content":{"rendered":"<p>[et_pb_section fb_built=&#8221;1&#8243; _builder_version=&#8221;3.22&#8243; global_colors_info=&#8221;{}&#8221;][et_pb_row column_structure=&#8221;1_4,3_4&#8243; _builder_version=&#8221;3.25&#8243; background_size=&#8221;initial&#8221; background_position=&#8221;top_left&#8221; background_repeat=&#8221;repeat&#8221; global_colors_info=&#8221;{}&#8221;][et_pb_column type=&#8221;1_4&#8243; _builder_version=&#8221;3.25&#8243; custom_padding=&#8221;|||&#8221; global_colors_info=&#8221;{}&#8221; custom_padding__hover=&#8221;|||&#8221;][et_pb_text admin_label=&#8221;TITULO SECCI\u00d3N&#8221; _builder_version=&#8221;4.8.2&#8243; text_font=&#8221;Muli||||||||&#8221; text_orientation=&#8221;right&#8221; module_alignment=&#8221;right&#8221; custom_padding=&#8221;|20px||&#8221; global_colors_info=&#8221;{}&#8221;]<\/p>\n<h1>ACTIVITIES<\/h1>\n<p>[\/et_pb_text][\/et_pb_column][et_pb_column type=&#8221;3_4&#8243; _builder_version=&#8221;3.25&#8243; custom_padding=&#8221;|||&#8221; global_colors_info=&#8221;{}&#8221; custom_padding__hover=&#8221;|||&#8221;][et_pb_post_title meta=&#8221;off&#8221; featured_image=&#8221;off&#8221; admin_label=&#8221;T\u00cdTULO DE LA ACTIVIDAD (Autom\u00e1tico)&#8221; _builder_version=&#8221;3.0.85&#8243; title_level=&#8221;h2&#8243; title_font=&#8221;Muli|700||on|||||&#8221; title_font_size=&#8221;20px&#8221; custom_padding=&#8221;6px|||&#8221; global_colors_info=&#8221;{}&#8221;]\u00a0[\/et_pb_post_title][\/et_pb_column][\/et_pb_row][et_pb_row column_structure=&#8221;1_4,3_4&#8243; _builder_version=&#8221;3.25&#8243; background_size=&#8221;initial&#8221; background_position=&#8221;top_left&#8221; background_repeat=&#8221;repeat&#8221; global_colors_info=&#8221;{}&#8221;][et_pb_column type=&#8221;1_4&#8243; _builder_version=&#8221;3.25&#8243; custom_padding=&#8221;|||&#8221; global_colors_info=&#8221;{}&#8221; custom_padding__hover=&#8221;|||&#8221;][et_pb_sidebar area=&#8221;et_pb_widget_area_5&#8243; admin_label=&#8221;MEN\u00da LATERAL&#8221; _builder_version=&#8221;4.8.2&#8243; global_colors_info=&#8221;{}&#8221;]\u00a0[\/et_pb_sidebar][\/et_pb_column][et_pb_column type=&#8221;3_4&#8243; _builder_version=&#8221;3.25&#8243; custom_padding=&#8221;|||&#8221; global_colors_info=&#8221;{}&#8221; custom_padding__hover=&#8221;|||&#8221;][et_pb_text admin_label=&#8221;CONTENIDO DE LA ACTIVIDAD&#8221; _builder_version=&#8221;4.14.8&#8243; text_font=&#8221;Muli||||||||&#8221; text_text_color=&#8221;#262626&#8243; header_font=&#8221;Muli||||||||&#8221; header_font_size=&#8221;22px&#8221; header_2_font=&#8221;Muli||||||||&#8221; header_3_font=&#8221;Muli||||||||&#8221; header_4_font=&#8221;Muli||||||||&#8221; header_5_font=&#8221;Muli||||||||&#8221; header_6_font=&#8221;Muli||||||||&#8221; hover_enabled=&#8221;0&#8243; global_colors_info=&#8221;{}&#8221; sticky_enabled=&#8221;0&#8243;]<\/p>\n<p><strong>Sanl\u00facar de Barrameda (C\u00e1diz), 5 March 2022<\/strong><strong>.<\/strong><\/p>\n<p><a  href=\"https:\/\/www.fundacionyuste.org\/wp-content\/uploads\/2022\/02\/Presentacion-Carlos-V-y-el-mar.jpg\" data-rel=\"lightbox-gallery-0\" data-rl_title=\"\" data-rl_caption=\"\" title=\"\"><img decoding=\"async\" loading=\"lazy\" class=\"wp-image-228548 size-medium alignleft\" src=\"https:\/\/www.fundacionyuste.org\/wp-content\/uploads\/2022\/02\/Presentacion-Carlos-V-y-el-mar-300x213.jpg\" alt=\"\" width=\"300\" height=\"213\" srcset=\"https:\/\/www.fundacionyuste.org\/wp-content\/uploads\/2022\/02\/Presentacion-Carlos-V-y-el-mar-300x213.jpg 300w, https:\/\/www.fundacionyuste.org\/wp-content\/uploads\/2022\/02\/Presentacion-Carlos-V-y-el-mar-1024x726.jpg 1024w, https:\/\/www.fundacionyuste.org\/wp-content\/uploads\/2022\/02\/Presentacion-Carlos-V-y-el-mar-768x545.jpg 768w, https:\/\/www.fundacionyuste.org\/wp-content\/uploads\/2022\/02\/Presentacion-Carlos-V-y-el-mar-1536x1090.jpg 1536w, https:\/\/www.fundacionyuste.org\/wp-content\/uploads\/2022\/02\/Presentacion-Carlos-V-y-el-mar-400x284.jpg 400w, https:\/\/www.fundacionyuste.org\/wp-content\/uploads\/2022\/02\/Presentacion-Carlos-V-y-el-mar-1080x766.jpg 1080w, https:\/\/www.fundacionyuste.org\/wp-content\/uploads\/2022\/02\/Presentacion-Carlos-V-y-el-mar.jpg 1748w\" sizes=\"(max-width: 300px) 100vw, 300px\" \/><\/a><\/p>\n<p align=\"justify\">The Puerta de Am\u00e9rica Foundation and the European and Ibero-American Academy of Yuste Foundation are pleased to invite you to the presentation of the book <em>Carlos V y el mar: el viaje de circunnavegaci\u00f3n de Magallanes-Elcano y la era de la especias<\/em>. This book gathers the contributions made to the Campus Yuste summer course entitled \u201cCHARLES V AND THE SEA: THE MAGELLAN-EL CANO CIRCUMNAVIGATION VOYAGE AND THE SPICE ERA\u201d, held from 21 to 25 September 2020.<\/p>\n<p align=\"justify\">The presentation will take place on 5 March 2022 at 12:30 pm at the Bodega Monte de Piedad in Sanl\u00facar. The event will feature the speeches by Juan Antonio Manzano P\u00e9rez, president of the Puerta de Am\u00e9rica Foundation, and Juan Carlos Moreno Pi\u00f1ero, director of the European and Ibero-American Academy of Yuste Foundation.<\/p>\n<p><strong><a href=\"https:\/\/www.fundacionyuste.org\/en\/carlos-v-y-el-mar\/\">Information about the book<\/a><\/strong><\/p>\n<p>[\/et_pb_text][et_pb_tabs active_tab_background_color=&#8221;#368e00&#8243; inactive_tab_background_color=&#8221;#e09900&#8243; admin_label=&#8221;CONTENIDO EN PESTA\u00d1AS &#8221; _builder_version=&#8221;4.14.8&#8243; tab_font=&#8221;Muli|600||on|||||&#8221; custom_margin=&#8221;||40px|&#8221; hover_enabled=&#8221;0&#8243; global_colors_info=&#8221;{}&#8221; sticky_enabled=&#8221;0&#8243;][et_pb_tab title=&#8221;Documents&#8221; _builder_version=&#8221;4.14.8&#8243; body_font=&#8221;Muli||||||||&#8221; tab_font=&#8221;||||||||&#8221; hover_enabled=&#8221;0&#8243; global_colors_info=&#8221;{}&#8221; sticky_enabled=&#8221;0&#8243;]<\/p>\n<pre id=\"tw-target-text\" class=\"tw-data-text tw-text-large tw-ta\" dir=\"ltr\" data-placeholder=\"Traducci\u00f3n\"><a href=\"https:\/\/www.fundacionyuste.org\/wp-content\/uploads\/2022\/02\/Presentacion-Carlos-V-y-el-mar-2022.pdf\"><span class=\"Y2IQFc\" lang=\"en\"><strong><img decoding=\"async\" loading=\"lazy\" class=\"wp-image-206700 alignnone\" src=\"https:\/\/www.fundacionyuste.org\/wp-content\/uploads\/2018\/02\/012-file.png\" alt=\"\" width=\"20\" height=\"20\" \/><\/strong> Invitation<\/span><\/a><\/pre>\n<p>[\/et_pb_tab][\/et_pb_tabs][\/et_pb_column][\/et_pb_row][\/et_pb_section]<\/p>\n","protected":false},"excerpt":{"rendered":"<p>ACTIVITIES\u00a0\u00a0Sanl\u00facar de Barrameda (C\u00e1diz), 5 March 2022. The Puerta de Am\u00e9rica Foundation and the European and Ibero-American Academy of Yuste Foundation are pleased to invite you to the presentation of the book Carlos V y el mar: el viaje de circunnavegaci\u00f3n de Magallanes-Elcano y la era de la especias. This book gathers the contributions made [&hellip;]<\/p>\n","protected":false},"author":3,"featured_media":228548,"comment_status":"closed","ping_status":"closed","sticky":false,"template":"","format":"standard","meta":{"_et_pb_use_builder":"on","_et_pb_old_content":"","_et_gb_content_width":"","_links_to":"","_links_to_target":""},"categories":[187],"tags":[215,290],"_links":{"self":[{"href":"https:\/\/www.fundacionyuste.org\/en\/wp-json\/wp\/v2\/posts\/228545"}],"collection":[{"href":"https:\/\/www.fundacionyuste.org\/en\/wp-json\/wp\/v2\/posts"}],"about":[{"href":"https:\/\/www.fundacionyuste.org\/en\/wp-json\/wp\/v2\/types\/post"}],"author":[{"embeddable":true,"href":"https:\/\/www.fundacionyuste.org\/en\/wp-json\/wp\/v2\/users\/3"}],"replies":[{"embeddable":true,"href":"https:\/\/www.fundacionyuste.org\/en\/wp-json\/wp\/v2\/comments?post=228545"}],"version-history":[{"count":3,"href":"https:\/\/www.fundacionyuste.org\/en\/wp-json\/wp\/v2\/posts\/228545\/revisions"}],"predecessor-version":[{"id":228588,"href":"https:\/\/www.fundacionyuste.org\/en\/wp-json\/wp\/v2\/posts\/228545\/revisions\/228588"}],"wp:featuredmedia":[{"embeddable":true,"href":"https:\/\/www.fundacionyuste.org\/en\/wp-json\/wp\/v2\/media\/228548"}],"wp:attachment":[{"href":"https:\/\/www.fundacionyuste.org\/en\/wp-json\/wp\/v2\/media?parent=228545"}],"wp:term":[{"taxonomy":"category","embeddable":true,"href":"https:\/\/www.fundacionyuste.org\/en\/wp-json\/wp\/v2\/categories?post=228545"},{"taxonomy":"post_tag","embeddable":true,"href":"https:\/\/www.fundacionyuste.org\/en\/wp-json\/wp\/v2\/tags?post=228545"}],"curies":[{"name":"wp","href":"https:\/\/api.w.org\/{rel}","templated":true}]}}