{"id":228734,"date":"2022-03-18T08:12:21","date_gmt":"2022-03-18T08:12:21","guid":{"rendered":"https:\/\/www.fundacionyuste.org\/?p=228734"},"modified":"2022-03-18T08:12:28","modified_gmt":"2022-03-18T08:12:28","slug":"consejorectores2022","status":"publish","type":"post","link":"https:\/\/www.fundacionyuste.org\/en\/consejorectores2022\/","title":{"rendered":"YUSTE FOUNDATION PARTICIPATES IN THE ANNUAL MEETING OF THE COUNCIL OF RECTORS OF THE ASSOCIATION OF LATIN AMERICAN UNIVERSITIES (AULA)"},"content":{"rendered":"<p>[et_pb_section fb_built=&#8221;1&#8243; _builder_version=&#8221;3.22&#8243; global_colors_info=&#8221;{}&#8221;][et_pb_row column_structure=&#8221;1_4,3_4&#8243; admin_label=&#8221;ENCABEZADOS&#8221; _builder_version=&#8221;3.25&#8243; background_size=&#8221;initial&#8221; background_position=&#8221;top_left&#8221; background_repeat=&#8221;repeat&#8221; global_colors_info=&#8221;{}&#8221;][et_pb_column type=&#8221;1_4&#8243; _builder_version=&#8221;3.25&#8243; custom_padding=&#8221;|||&#8221; global_colors_info=&#8221;{}&#8221; custom_padding__hover=&#8221;|||&#8221;][et_pb_text admin_label=&#8221;TITULO SECCI\u00d3N&#8221; _builder_version=&#8221;4.7.7&#8243; text_font=&#8221;Muli|600|||||||&#8221; text_text_color=&#8221;#7cda24&#8243; text_font_size=&#8221;33px&#8221; header_font=&#8221;Muli||||||||&#8221; header_font_size=&#8221;31px&#8221; text_orientation=&#8221;right&#8221; module_alignment=&#8221;right&#8221; custom_padding=&#8221;|20px||&#8221; text_text_shadow_style=&#8221;preset3&#8243; text_text_shadow_color=&#8221;rgba(0,0,0,0.28)&#8221; header_text_shadow_style=&#8221;preset3&#8243; global_colors_info=&#8221;{}&#8221;]<\/p>\n<h1>COMUNICATION<\/h1>\n<p>[\/et_pb_text][\/et_pb_column][et_pb_column type=&#8221;3_4&#8243; _builder_version=&#8221;3.25&#8243; custom_padding=&#8221;|||&#8221; global_colors_info=&#8221;{}&#8221; custom_padding__hover=&#8221;|||&#8221;][et_pb_post_title meta=&#8221;off&#8221; featured_image=&#8221;off&#8221; admin_label=&#8221;T\u00cdTULO DE LA NOTICIA (Autom\u00e1tico)&#8221; _builder_version=&#8221;3.0.85&#8243; title_level=&#8221;h2&#8243; title_font=&#8221;Muli|700||on|||||&#8221; title_font_size=&#8221;20px&#8221; custom_margin=&#8221;6px|||&#8221; global_colors_info=&#8221;{}&#8221;][\/et_pb_post_title][\/et_pb_column][\/et_pb_row][et_pb_row column_structure=&#8221;1_4,3_4&#8243; _builder_version=&#8221;3.25&#8243; background_size=&#8221;initial&#8221; background_position=&#8221;top_left&#8221; background_repeat=&#8221;repeat&#8221; custom_padding=&#8221;3px|0px|0px|0px&#8221; global_colors_info=&#8221;{}&#8221;][et_pb_column type=&#8221;1_4&#8243; _builder_version=&#8221;3.25&#8243; custom_padding=&#8221;|||&#8221; global_colors_info=&#8221;{}&#8221; custom_padding__hover=&#8221;|||&#8221;][et_pb_sidebar area=&#8221;et_pb_widget_area_6&#8243; admin_label=&#8221;MENU LATERAL&#8221; _builder_version=&#8221;4.8.2&#8243; global_colors_info=&#8221;{}&#8221;][\/et_pb_sidebar][\/et_pb_column][et_pb_column type=&#8221;3_4&#8243; _builder_version=&#8221;3.25&#8243; custom_padding=&#8221;|||&#8221; global_colors_info=&#8221;{}&#8221; custom_padding__hover=&#8221;|||&#8221;][et_pb_text admin_label=&#8221;CONTENIDO DE LA NOTICIA&#8221; _builder_version=&#8221;4.14.8&#8243; text_font=&#8221;Muli||||||||&#8221; text_text_color=&#8221;#262626&#8243; text_line_height=&#8221;1.4em&#8221; header_font=&#8221;Muli||||||||&#8221; header_font_size=&#8221;22px&#8221; header_2_font=&#8221;Muli||||||||&#8221; header_3_font=&#8221;Muli||||||||&#8221; header_4_font=&#8221;Muli||||||||&#8221; header_5_font=&#8221;Muli||||||||&#8221; header_6_font=&#8221;Muli||||||||&#8221; text_orientation=&#8221;justified&#8221; custom_margin=&#8221;8px|||&#8221; hover_enabled=&#8221;0&#8243; global_colors_info=&#8221;{}&#8221; sticky_enabled=&#8221;0&#8243;]<\/p>\n<p><strong><a  href=\"https:\/\/www.fundacionyuste.org\/wp-content\/uploads\/2022\/03\/conferenciarectores2022.jpg\" data-rel=\"lightbox-gallery-0\" data-rl_title=\"\" data-rl_caption=\"\" title=\"\"><img decoding=\"async\" loading=\"lazy\" class=\"alignleft wp-image-228736 size-medium\" src=\"https:\/\/www.fundacionyuste.org\/wp-content\/uploads\/2022\/03\/conferenciarectores2022-300x158.jpg\" alt=\"\" width=\"300\" height=\"158\" srcset=\"https:\/\/www.fundacionyuste.org\/wp-content\/uploads\/2022\/03\/conferenciarectores2022-300x158.jpg 300w, https:\/\/www.fundacionyuste.org\/wp-content\/uploads\/2022\/03\/conferenciarectores2022-768x405.jpg 768w, https:\/\/www.fundacionyuste.org\/wp-content\/uploads\/2022\/03\/conferenciarectores2022.jpg 921w\" sizes=\"(max-width: 300px) 100vw, 300px\" \/><\/a>The European and Ibero-American Academy of Yuste Foundation participated in the Annual Meeting of the Council of Rectors of the Association of Latin American Universities (AULA) which has approved, by unanimous agreement of its members, that the University of Extremadura together with the European and Ibero-American Academy of Yuste Foundation assume the presidency of the Association of Latin American Universities for the period 2022-23.\u00a0 <\/strong>(17\/03\/2022)<\/p>\n<p>In the online meeting, chaired by the rector of the University of Guadalajara of Mexico, the director of the European and Ibero-American Academy of Yuste Foundation, Juan Carlos Moreno, spoke and highlighted the role of Yuste Foundation in improving and promoting the space for relations between Europe and Ibero-America based on the promotion of education and culture.<\/p>\n<p>Furthermore, among the issues that have been addressed in this meeting is the academic offer of the International Virtual School, where Yuste Foundation collaborates annually with 60 grants for three of the courses offered by the University of Extremadura. The International Virtual School of AULA-CAVILA (EVI) is the strategy of the association in order to promote teacher training with an international and innovative perspective in the disciplinary and pedagogical fields. The EVI promotes the exchange of scientific and educational experiences to advance towards the integration of an Ibero-American university space and the consolidation of learning communities.<\/p>\n<p>The agenda of the meeting also included an item on the Aula-Cavila newsletter, which publishes information on trends in online education, research developments and academic activities related to education and their open, online and distance learning modalities; and another item on the challenges of the 21<sup>st<\/sup> century university.<\/p>\n<p><strong>THE ASSOCIATION OF LATIN AMERICAN UNIVERSITIES<\/strong><\/p>\n<p>AULA is an association promoted by the Extremaduran Centre for Studies and Cooperation with Ibero-America, which merged with the Yuste Foundation in 2017, and by the University of Extremadura in 2007. To date, 20 public universities make it up. The Argentinian universities: the National University of La Plata, the National University of C\u00f3rdoba, the Ntional University of Entre R\u00edos, the National University of Northwestern Buenos Aires, the National University of Quilmes, and the Northeast National University; the University of Porto and the Polytechnic Institute of Lisbon, Portugal; the University of Extremadura (Spain); the Mexican universities of Guadalajara, the National Autonomous University of Mexico and the Autonomous University of Chiapas; Santiago de Chile University; the Autonomous National University of Honduras, the National Autonomous University of Nicaragua; the University of Panama; Universidade Federal de Santa Mar\u00eda (Brazil); the University of Asunci\u00f3n in Oaraguay; the Latin American Autonomous University of Medell\u00edn, and the Agrarian University of Havana. In addition, the European and Ibero-American Academy of Yuste Foundation is its honorary member.<\/p>\n<p>The main initiative of AULA is the Latin American Virtual Campus, CAVILA, a campus for the promotion of teaching, research and Latin American identity through cultural extension (<a href=\"http:\/\/www.cavila.org\">www.cavila.org<\/a>).<\/p>\n<p>CAVILA, which formally began its activities in 2008, has been transformed into a campus of enormous power by allowing not only a shared academic offer, but mutual support in the transfer of new information and communication technologies, the ability to share virtual libraries, form research networks or generate student mobility programmes among the public universities that comprise it.<\/p>\n<p>In this virtual space, the different universities that integrate it offer higher education, degrees and courses, undergraduate and postgraduate subjects, and work in research networks. The Latin American Virtual Campus covers around 835,400 students and around 74,000 professors\/researchers.<\/p>\n<p>&nbsp;<\/p>\n<p>[\/et_pb_text][et_pb_post_nav in_same_term=&#8221;on&#8221; prev_text=&#8221;VER NOTICIA ANTERIOR&#8221; next_text=&#8221;VER NOTICIA SIGUIENTE&#8221; admin_label=&#8221;\u2190 NAVEGACION POR NOTICIAS \u2192&#8221; _builder_version=&#8221;4.14.8&#8243; custom_margin=&#8221;||3%|&#8221; global_colors_info=&#8221;{}&#8221;][\/et_pb_post_nav][\/et_pb_column][\/et_pb_row][\/et_pb_section]<\/p>\n","protected":false},"excerpt":{"rendered":"<p>The European and Ibero-American Academy of Yuste Foundation participated in the Annual Meeting of the Council of Rectors of the Association of Latin American Universities (AULA) which has approved, by unanimous agreement of its members, that the University of Extremadura together with the European and Ibero-American Academy of Yuste Foundation assume the presidency of the Association of Latin American Universities for the period 2022-23. <\/p>\n","protected":false},"author":2,"featured_media":228736,"comment_status":"closed","ping_status":"closed","sticky":false,"template":"","format":"standard","meta":{"_et_pb_use_builder":"on","_et_pb_old_content":"","_et_gb_content_width":"","_links_to":"","_links_to_target":""},"categories":[190,191],"tags":[290],"_links":{"self":[{"href":"https:\/\/www.fundacionyuste.org\/en\/wp-json\/wp\/v2\/posts\/228734"}],"collection":[{"href":"https:\/\/www.fundacionyuste.org\/en\/wp-json\/wp\/v2\/posts"}],"about":[{"href":"https:\/\/www.fundacionyuste.org\/en\/wp-json\/wp\/v2\/types\/post"}],"author":[{"embeddable":true,"href":"https:\/\/www.fundacionyuste.org\/en\/wp-json\/wp\/v2\/users\/2"}],"replies":[{"embeddable":true,"href":"https:\/\/www.fundacionyuste.org\/en\/wp-json\/wp\/v2\/comments?post=228734"}],"version-history":[{"count":3,"href":"https:\/\/www.fundacionyuste.org\/en\/wp-json\/wp\/v2\/posts\/228734\/revisions"}],"predecessor-version":[{"id":228767,"href":"https:\/\/www.fundacionyuste.org\/en\/wp-json\/wp\/v2\/posts\/228734\/revisions\/228767"}],"wp:featuredmedia":[{"embeddable":true,"href":"https:\/\/www.fundacionyuste.org\/en\/wp-json\/wp\/v2\/media\/228736"}],"wp:attachment":[{"href":"https:\/\/www.fundacionyuste.org\/en\/wp-json\/wp\/v2\/media?parent=228734"}],"wp:term":[{"taxonomy":"category","embeddable":true,"href":"https:\/\/www.fundacionyuste.org\/en\/wp-json\/wp\/v2\/categories?post=228734"},{"taxonomy":"post_tag","embeddable":true,"href":"https:\/\/www.fundacionyuste.org\/en\/wp-json\/wp\/v2\/tags?post=228734"}],"curies":[{"name":"wp","href":"https:\/\/api.w.org\/{rel}","templated":true}]}}