{"id":234144,"date":"2023-05-05T08:43:19","date_gmt":"2023-05-05T08:43:19","guid":{"rendered":"https:\/\/www.fundacionyuste.org\/?p=234144"},"modified":"2023-05-05T08:43:24","modified_gmt":"2023-05-05T08:43:24","slug":"premioaquieuropa2023","status":"publish","type":"post","link":"https:\/\/www.fundacionyuste.org\/en\/premioaquieuropa2023\/","title":{"rendered":"YUSTE FOUNDATION RECEIVES AQU\u00cd EUROPA\u2019S EUROPEAN CULTURAL ACTIVITY AWARD IN BRUSSELS"},"content":{"rendered":"<p>[et_pb_section fb_built=&#8221;1&#8243; _builder_version=&#8221;4.16&#8243; global_colors_info=&#8221;{}&#8221;][et_pb_row column_structure=&#8221;1_4,3_4&#8243; admin_label=&#8221;ENCABEZADOS&#8221; _builder_version=&#8221;4.16&#8243; background_size=&#8221;initial&#8221; background_position=&#8221;top_left&#8221; background_repeat=&#8221;repeat&#8221; global_colors_info=&#8221;{}&#8221;][et_pb_column type=&#8221;1_4&#8243; _builder_version=&#8221;4.16&#8243; custom_padding=&#8221;|||&#8221; global_colors_info=&#8221;{}&#8221; custom_padding__hover=&#8221;|||&#8221;][et_pb_text admin_label=&#8221;TITULO SECCI\u00d3N&#8221; _builder_version=&#8221;4.16&#8243; text_font=&#8221;Muli|600|||||||&#8221; text_text_color=&#8221;#7cda24&#8243; text_font_size=&#8221;33px&#8221; header_font=&#8221;Muli||||||||&#8221; header_font_size=&#8221;31px&#8221; text_orientation=&#8221;right&#8221; module_alignment=&#8221;right&#8221; custom_padding=&#8221;|20px||&#8221; text_text_shadow_style=&#8221;preset3&#8243; text_text_shadow_color=&#8221;rgba(0,0,0,0.28)&#8221; header_text_shadow_style=&#8221;preset3&#8243; global_colors_info=&#8221;{}&#8221;]<\/p>\n<h1>COMUNICATION<\/h1>\n<p>[\/et_pb_text][\/et_pb_column][et_pb_column type=&#8221;3_4&#8243; _builder_version=&#8221;4.16&#8243; custom_padding=&#8221;|||&#8221; global_colors_info=&#8221;{}&#8221; custom_padding__hover=&#8221;|||&#8221;][et_pb_post_title meta=&#8221;off&#8221; featured_image=&#8221;off&#8221; admin_label=&#8221;T\u00cdTULO DE LA NOTICIA (Autom\u00e1tico)&#8221; _builder_version=&#8221;4.16&#8243; title_level=&#8221;h2&#8243; title_font=&#8221;Muli|700||on|||||&#8221; title_font_size=&#8221;20px&#8221; custom_margin=&#8221;6px|||&#8221; global_colors_info=&#8221;{}&#8221;][\/et_pb_post_title][\/et_pb_column][\/et_pb_row][et_pb_row column_structure=&#8221;1_4,3_4&#8243; _builder_version=&#8221;4.16&#8243; background_size=&#8221;initial&#8221; background_position=&#8221;top_left&#8221; background_repeat=&#8221;repeat&#8221; custom_padding=&#8221;3px|0px|0px|0px&#8221; global_colors_info=&#8221;{}&#8221;][et_pb_column type=&#8221;1_4&#8243; _builder_version=&#8221;4.16&#8243; custom_padding=&#8221;|||&#8221; global_colors_info=&#8221;{}&#8221; custom_padding__hover=&#8221;|||&#8221;][et_pb_sidebar area=&#8221;et_pb_widget_area_6&#8243; admin_label=&#8221;MENU LATERAL&#8221; _builder_version=&#8221;4.16&#8243; global_colors_info=&#8221;{}&#8221;][\/et_pb_sidebar][\/et_pb_column][et_pb_column type=&#8221;3_4&#8243; _builder_version=&#8221;4.16&#8243; custom_padding=&#8221;|||&#8221; global_colors_info=&#8221;{}&#8221; custom_padding__hover=&#8221;|||&#8221;][et_pb_text admin_label=&#8221;CONTENIDO DE LA NOTICIA&#8221; _builder_version=&#8221;4.19.5&#8243; text_font=&#8221;Muli||||||||&#8221; text_text_color=&#8221;#262626&#8243; text_line_height=&#8221;1.4em&#8221; header_font=&#8221;Muli||||||||&#8221; header_font_size=&#8221;22px&#8221; header_2_font=&#8221;Muli||||||||&#8221; header_3_font=&#8221;Muli||||||||&#8221; header_4_font=&#8221;Muli||||||||&#8221; header_5_font=&#8221;Muli||||||||&#8221; header_6_font=&#8221;Muli||||||||&#8221; text_orientation=&#8221;justified&#8221; custom_margin=&#8221;8px|||&#8221; hover_enabled=&#8221;0&#8243; global_colors_info=&#8221;{}&#8221; sticky_enabled=&#8221;0&#8243;]<div id=\"attachment_234148\" style=\"width: 310px\" class=\"wp-caption alignleft\"><a  href=\"https:\/\/www.fundacionyuste.org\/wp-content\/uploads\/2023\/05\/PREMIOSAQUIEUROPA2023.jpg\" data-rel=\"lightbox-gallery-0\" data-rl_title=\"\" data-rl_caption=\"\" title=\"\"><img decoding=\"async\" loading=\"lazy\" aria-describedby=\"caption-attachment-234148\" class=\"wp-image-234148 size-medium\" src=\"https:\/\/www.fundacionyuste.org\/wp-content\/uploads\/2023\/05\/PREMIOSAQUIEUROPA2023-300x200.jpg\" alt=\"\" width=\"300\" height=\"200\" srcset=\"https:\/\/www.fundacionyuste.org\/wp-content\/uploads\/2023\/05\/PREMIOSAQUIEUROPA2023-300x200.jpg 300w, https:\/\/www.fundacionyuste.org\/wp-content\/uploads\/2023\/05\/PREMIOSAQUIEUROPA2023-768x512.jpg 768w, https:\/\/www.fundacionyuste.org\/wp-content\/uploads\/2023\/05\/PREMIOSAQUIEUROPA2023-391x260.jpg 391w, https:\/\/www.fundacionyuste.org\/wp-content\/uploads\/2023\/05\/PREMIOSAQUIEUROPA2023.jpg 1024w\" sizes=\"(max-width: 300px) 100vw, 300px\" \/><\/a><p id=\"caption-attachment-234148\" class=\"wp-caption-text\">\u00a9 L.R. Aqu\u00ed Europa<\/p><\/div><\/p>\n<p><strong>The European and Ibero-American Academy of Yuste Foundation has been awarded the \u201cEuropean Cultural Activity Award\u201d by Aqu\u00ed Europa-Canal Europa. The Director of External Action and President of Yuste Foundation\u2019s Executive Committee, Rosa Balas, received the award from the Ambassador of Spain to the Kingdom of Belgium, Alberto Ant\u00f3n Cort\u00e9s, during a ceremony in Brussels. <\/strong>(05\/05\/2023)<\/p>\n<p>Rosa Balas pointed out that this award \u201crecognises the work we have been doing to promote European cultural diversity and protect Europe\u2019s cultural heritage\u201d. In this sense, she stressed that Yuste Foundation\u2019s mission \u201chas always been to promote a deeper understanding of European culture\u201d, because culture \u201cis a key element of European integration\u201d.<\/p>\n<p>The jury of the 6<sup>th<\/sup> edition of the Aqui Europa-Canal Europa awards for European construction recognised Yuste Foundation for its \u201ccontribution to the promotion and consolidation of the existing links between Extremadura, Europe and Latin America under the principles of loyalty, respect for the respective identity, mutual benefit and solidarity\u201d.<\/p>\n<p>With these awards, Aqu\u00ed Europa-Canal Europa, a media specialised in information of the European Union made entirely in Spanish from Brussels, wishes to give recognition to personalities, institutions, initiatives and companies that have contributed most to the construction of the community project. In this sixth edition, the High Representative of the European Union for Foreign Affairs, Josep Borrell, the European Parliament, the Minister for Foreign Affairs, International Trade and Worship of the Argentine Republic, Santiago Cafiero; the former director of the European Commission representation in Madrid, Mar\u00eda \u00c1ngeles Ben\u00edtez; the president and vice president of <em>Prensa Ib\u00e9rica<\/em>, Javier Moll and Arantza Sarasola; and the airline Iberia, were also honoured.<\/p>\n<p>[\/et_pb_text][et_pb_post_nav in_same_term=&#8221;on&#8221; prev_text=&#8221;VER NOTICIA ANTERIOR&#8221; next_text=&#8221;VER NOTICIA SIGUIENTE&#8221; admin_label=&#8221;\u2190 NAVEGACION POR NOTICIAS \u2192&#8221; _builder_version=&#8221;4.16&#8243; custom_margin=&#8221;||3%|&#8221; global_colors_info=&#8221;{}&#8221;][\/et_pb_post_nav][\/et_pb_column][\/et_pb_row][\/et_pb_section]<\/p>\n","protected":false},"excerpt":{"rendered":"<p>The European and Ibero-American Academy of Yuste Foundation has been awarded the \u201cEuropean Cultural Activity Award\u201d by Aqu\u00ed Europa-Canal Europa. The Director of External Action and President of Yuste Foundation\u2019s Executive Committee, Rosa Balas, received the award from the Ambassador of Spain to the Kingdom of Belgium, Alberto Ant\u00f3n Cort\u00e9s, during a ceremony in Brussels.<\/p>\n","protected":false},"author":2,"featured_media":234148,"comment_status":"closed","ping_status":"closed","sticky":false,"template":"","format":"standard","meta":{"_et_pb_use_builder":"on","_et_pb_old_content":"","_et_gb_content_width":"","_links_to":"","_links_to_target":""},"categories":[190,191],"tags":[298],"_links":{"self":[{"href":"https:\/\/www.fundacionyuste.org\/en\/wp-json\/wp\/v2\/posts\/234144"}],"collection":[{"href":"https:\/\/www.fundacionyuste.org\/en\/wp-json\/wp\/v2\/posts"}],"about":[{"href":"https:\/\/www.fundacionyuste.org\/en\/wp-json\/wp\/v2\/types\/post"}],"author":[{"embeddable":true,"href":"https:\/\/www.fundacionyuste.org\/en\/wp-json\/wp\/v2\/users\/2"}],"replies":[{"embeddable":true,"href":"https:\/\/www.fundacionyuste.org\/en\/wp-json\/wp\/v2\/comments?post=234144"}],"version-history":[{"count":3,"href":"https:\/\/www.fundacionyuste.org\/en\/wp-json\/wp\/v2\/posts\/234144\/revisions"}],"predecessor-version":[{"id":234155,"href":"https:\/\/www.fundacionyuste.org\/en\/wp-json\/wp\/v2\/posts\/234144\/revisions\/234155"}],"wp:featuredmedia":[{"embeddable":true,"href":"https:\/\/www.fundacionyuste.org\/en\/wp-json\/wp\/v2\/media\/234148"}],"wp:attachment":[{"href":"https:\/\/www.fundacionyuste.org\/en\/wp-json\/wp\/v2\/media?parent=234144"}],"wp:term":[{"taxonomy":"category","embeddable":true,"href":"https:\/\/www.fundacionyuste.org\/en\/wp-json\/wp\/v2\/categories?post=234144"},{"taxonomy":"post_tag","embeddable":true,"href":"https:\/\/www.fundacionyuste.org\/en\/wp-json\/wp\/v2\/tags?post=234144"}],"curies":[{"name":"wp","href":"https:\/\/api.w.org\/{rel}","templated":true}]}}