{"id":234979,"date":"2023-06-27T13:05:00","date_gmt":"2023-06-27T13:05:00","guid":{"rendered":"https:\/\/www.fundacionyuste.org\/?p=234979"},"modified":"2023-06-27T13:05:04","modified_gmt":"2023-06-27T13:05:04","slug":"campuseual2023-2","status":"publish","type":"post","link":"https:\/\/www.fundacionyuste.org\/en\/campuseual2023-2\/","title":{"rendered":"Rosa Balas assures that it is more necessary than ever to strengthen relations between the European Union and Latin America and the Caribbean"},"content":{"rendered":"<p>[et_pb_section fb_built=&#8221;1&#8243; _builder_version=&#8221;4.16&#8243; global_colors_info=&#8221;{}&#8221;][et_pb_row column_structure=&#8221;1_4,3_4&#8243; admin_label=&#8221;ENCABEZADOS&#8221; _builder_version=&#8221;4.16&#8243; background_size=&#8221;initial&#8221; background_position=&#8221;top_left&#8221; background_repeat=&#8221;repeat&#8221; global_colors_info=&#8221;{}&#8221;][et_pb_column type=&#8221;1_4&#8243; _builder_version=&#8221;4.16&#8243; custom_padding=&#8221;|||&#8221; global_colors_info=&#8221;{}&#8221; custom_padding__hover=&#8221;|||&#8221;][et_pb_text admin_label=&#8221;TITULO SECCI\u00d3N&#8221; _builder_version=&#8221;4.19.5&#8243; text_font=&#8221;Muli|600|||||||&#8221; text_text_color=&#8221;#7cda24&#8243; text_font_size=&#8221;33px&#8221; header_font=&#8221;Muli||||||||&#8221; header_font_size=&#8221;31px&#8221; text_orientation=&#8221;right&#8221; module_alignment=&#8221;right&#8221; custom_padding=&#8221;|20px||&#8221; text_text_shadow_style=&#8221;preset3&#8243; text_text_shadow_color=&#8221;rgba(0,0,0,0.28)&#8221; header_text_shadow_style=&#8221;preset3&#8243; global_colors_info=&#8221;{}&#8221;]<\/p>\n<h1>COMMUNICATION<\/h1>\n<p>[\/et_pb_text][\/et_pb_column][et_pb_column type=&#8221;3_4&#8243; _builder_version=&#8221;4.16&#8243; custom_padding=&#8221;|||&#8221; global_colors_info=&#8221;{}&#8221; custom_padding__hover=&#8221;|||&#8221;][et_pb_post_title meta=&#8221;off&#8221; featured_image=&#8221;off&#8221; admin_label=&#8221;T\u00cdTULO DE LA NOTICIA (Autom\u00e1tico)&#8221; _builder_version=&#8221;4.16&#8243; title_level=&#8221;h2&#8243; title_font=&#8221;Muli|700||on|||||&#8221; title_font_size=&#8221;20px&#8221; custom_margin=&#8221;6px|||&#8221; global_colors_info=&#8221;{}&#8221;][\/et_pb_post_title][\/et_pb_column][\/et_pb_row][et_pb_row column_structure=&#8221;1_4,3_4&#8243; _builder_version=&#8221;4.16&#8243; background_size=&#8221;initial&#8221; background_position=&#8221;top_left&#8221; background_repeat=&#8221;repeat&#8221; custom_padding=&#8221;3px|0px|0px|0px&#8221; global_colors_info=&#8221;{}&#8221;][et_pb_column type=&#8221;1_4&#8243; _builder_version=&#8221;4.16&#8243; custom_padding=&#8221;|||&#8221; global_colors_info=&#8221;{}&#8221; custom_padding__hover=&#8221;|||&#8221;][et_pb_sidebar area=&#8221;et_pb_widget_area_6&#8243; admin_label=&#8221;MENU LATERAL&#8221; _builder_version=&#8221;4.16&#8243; global_colors_info=&#8221;{}&#8221;][\/et_pb_sidebar][\/et_pb_column][et_pb_column type=&#8221;3_4&#8243; _builder_version=&#8221;4.16&#8243; custom_padding=&#8221;|||&#8221; global_colors_info=&#8221;{}&#8221; custom_padding__hover=&#8221;|||&#8221;][et_pb_text admin_label=&#8221;CONTENIDO DE LA NOTICIA&#8221; _builder_version=&#8221;4.19.5&#8243; text_font=&#8221;Muli||||||||&#8221; text_text_color=&#8221;#262626&#8243; text_line_height=&#8221;1.4em&#8221; header_font=&#8221;Muli||||||||&#8221; header_font_size=&#8221;22px&#8221; header_2_font=&#8221;Muli||||||||&#8221; header_3_font=&#8221;Muli||||||||&#8221; header_4_font=&#8221;Muli||||||||&#8221; header_5_font=&#8221;Muli||||||||&#8221; header_6_font=&#8221;Muli||||||||&#8221; text_orientation=&#8221;justified&#8221; custom_margin=&#8221;8px|||&#8221; hover_enabled=&#8221;0&#8243; global_colors_info=&#8221;{}&#8221; sticky_enabled=&#8221;0&#8243;]<\/p>\n<p><a  href=\"https:\/\/www.fundacionyuste.org\/wp-content\/uploads\/2023\/06\/familiaueal2023.jpg\" data-rel=\"lightbox-gallery-0\" data-rl_title=\"\" data-rl_caption=\"\" title=\"\"><img decoding=\"async\" loading=\"lazy\" class=\"alignleft wp-image-234982 size-medium\" src=\"https:\/\/www.fundacionyuste.org\/wp-content\/uploads\/2023\/06\/familiaueal2023-300x200.jpg\" alt=\"\" width=\"300\" height=\"200\" srcset=\"https:\/\/www.fundacionyuste.org\/wp-content\/uploads\/2023\/06\/familiaueal2023-300x200.jpg 300w, https:\/\/www.fundacionyuste.org\/wp-content\/uploads\/2023\/06\/familiaueal2023-768x512.jpg 768w, https:\/\/www.fundacionyuste.org\/wp-content\/uploads\/2023\/06\/familiaueal2023-391x260.jpg 391w, https:\/\/www.fundacionyuste.org\/wp-content\/uploads\/2023\/06\/familiaueal2023.jpg 1024w\" sizes=\"(max-width: 300px) 100vw, 300px\" \/><\/a><\/p>\n<p><strong>The acting director general of External Action of the Regional Government of Extremadura and president of Yuste Foundation\u2019s Executive Committee, Rosa Balas, opened the course \u201cEU-Latin America and the Caribbean Relations in the Framework of the Presidencies of the Council of the U.E and the EU-CELAC and Iberoamerican Summits\u201d, to be held until Thursday at the Monastery of San Jer\u00f3nimo de Yuste. <\/strong>(27\/06\/2023)<\/p>\n<p>During her speech, Balas pointed out that this course has become one of the fundamental pillars of Yuste Foundation because it represents its European and Ibero-American spirit. In this regard, she added that this year coincides with Spain\u2019s presidency of the Council of the European Union, a fact that has favoured the holding of the regional summit between the European Union and the Community of Latin American and Caribbean States (CELAC) in July in Brussels, which has not taken place since 2015.<\/p>\n<p>At the opening, the president of the Executive Committee explained that Extremadura is a European region with a strong American link, \u201ca differential fact that our autonomy statute reflects as it indicates that our region is European, American and cross-border and it marks our road map, which is our relationship with Europe and Latin America\u201d.<\/p>\n<p>Rosa Balas affirmed that the New Agenda for relations between the EU and Latin America and the Caribbean adopted a few days ago established the cooperation policies. \u201cIn Extremadura we have one of the most important lithium deposits in Europe, but this is not what\u2019s important, it is the extraction, the transformation, the creation of quality workers, and innovation and technology applied to this process allowing development\u201d. According to Balas, this is a large workspace with Latin America as a whole.<\/p>\n<p>In the opinion of the acting director general, trade relations are fundamental for growth and she expressed her desire for MERCOSUR to be signed as soon as possible. Thus, she pointed out that now more than ever it is necessary for both regions to work firmly in this sense, because \u201cthe geopolitical context not only obliges us, but is making an appeal to these two regions of the world that have more in common\u201d.<\/p>\n<p>In turn, the president of the EU-LAC Foundation, Leire Paj\u00edn, explained that this year they have worked so that \u201cEurope finds the right instruments of cooperation to respond to the great challenges we have in common, because we live in a complex and multipolar world and it is therefore more important than ever to weave strategic alliances such as the European and Latin American and Caribbean one\u201d.<\/p>\n<p>During his speech, the director of the EU-LAC Foundation and co-director of the course, Adri\u00e1n Bonilla, explained that the objective of these sessions is to evaluate what the expectations of the relations between the European Union and Latin America and the Caribbean are now that Spain assumes the presidency of the European Council. \u201cEmpirically, it can be demonstrated that the relations between the two regions in Spain, especially since the constitution of the European Union, have been one of the main meeting hinges between the two regions\u201d. In fact, the Spanish presidency has been particularly important for the reissue of the summit of heads of state that has not been held since 2015. \u201cThe scenarios are different because the institutional forms of distribution of political, economic and military capabilities have changed globally and we, furthermore, currently find ourselves in these times of conflict \u00benot only the military conflict in Ukraine\u00be which account for an obvious transformation of the international order built after World War II\u201d, he concluded.<\/p>\n<p>For three days, international experts and institutional and academic leaders will discuss and analyse the current context in this course, which is directed by the executive director of the EU-LAC Foundation, Adrian Bonilla; the president of Euroam\u00e9rica Foundation and academician of Yuste, Ram\u00f3n J\u00e1uregui, and the member of Yuste Foundation\u2019s Board of Trustees, Mar\u00eda Salvadora Ortiz.<\/p>\n<p>In addition to the students who have attended in person, one hundred and fifty-five people from Argentina, Belgium, Bolivia, Brazil, Colombia, Cuba, Ecuador, Egypt, Spain, France, Italy, Morocco, Mexico, Nicaragua, Peru, Poland and Portugal have enrolled online.<\/p>\n<p>You can follow the course live via the following link: https:\/\/www.youtube.com\/@fundacionyuste\/featured<\/p>\n<p>[\/et_pb_text][et_pb_post_nav in_same_term=&#8221;on&#8221; prev_text=&#8221;VER NOTICIA ANTERIOR&#8221; next_text=&#8221;VER NOTICIA SIGUIENTE&#8221; admin_label=&#8221;\u2190 NAVEGACION POR NOTICIAS \u2192&#8221; _builder_version=&#8221;4.16&#8243; custom_margin=&#8221;||3%|&#8221; global_colors_info=&#8221;{}&#8221;][\/et_pb_post_nav][\/et_pb_column][\/et_pb_row][\/et_pb_section]<\/p>\n","protected":false},"excerpt":{"rendered":"<p>The acting director general of External Action of the Regional Government of Extremadura and president of Yuste Foundation\u2019s Executive Committee, Rosa Balas, opened the course \u201cEU-Latin America and the Caribbean Relations in the Framework of the Presidencies of the Council of the U.E and the EU-CELAC and Iberoamerican Summits\u201d, to be held until Thursday at the Monastery of San Jer\u00f3nimo de Yuste.<\/p>\n","protected":false},"author":2,"featured_media":234982,"comment_status":"closed","ping_status":"closed","sticky":false,"template":"","format":"standard","meta":{"_et_pb_use_builder":"on","_et_pb_old_content":"","_et_gb_content_width":"","_links_to":"","_links_to_target":""},"categories":[190,191],"tags":[298],"_links":{"self":[{"href":"https:\/\/www.fundacionyuste.org\/en\/wp-json\/wp\/v2\/posts\/234979"}],"collection":[{"href":"https:\/\/www.fundacionyuste.org\/en\/wp-json\/wp\/v2\/posts"}],"about":[{"href":"https:\/\/www.fundacionyuste.org\/en\/wp-json\/wp\/v2\/types\/post"}],"author":[{"embeddable":true,"href":"https:\/\/www.fundacionyuste.org\/en\/wp-json\/wp\/v2\/users\/2"}],"replies":[{"embeddable":true,"href":"https:\/\/www.fundacionyuste.org\/en\/wp-json\/wp\/v2\/comments?post=234979"}],"version-history":[{"count":3,"href":"https:\/\/www.fundacionyuste.org\/en\/wp-json\/wp\/v2\/posts\/234979\/revisions"}],"predecessor-version":[{"id":234989,"href":"https:\/\/www.fundacionyuste.org\/en\/wp-json\/wp\/v2\/posts\/234979\/revisions\/234989"}],"wp:featuredmedia":[{"embeddable":true,"href":"https:\/\/www.fundacionyuste.org\/en\/wp-json\/wp\/v2\/media\/234982"}],"wp:attachment":[{"href":"https:\/\/www.fundacionyuste.org\/en\/wp-json\/wp\/v2\/media?parent=234979"}],"wp:term":[{"taxonomy":"category","embeddable":true,"href":"https:\/\/www.fundacionyuste.org\/en\/wp-json\/wp\/v2\/categories?post=234979"},{"taxonomy":"post_tag","embeddable":true,"href":"https:\/\/www.fundacionyuste.org\/en\/wp-json\/wp\/v2\/tags?post=234979"}],"curies":[{"name":"wp","href":"https:\/\/api.w.org\/{rel}","templated":true}]}}