{"id":239346,"date":"2024-11-21T08:39:53","date_gmt":"2024-11-21T08:39:53","guid":{"rendered":"https:\/\/www.fundacionyuste.org\/?p=239346"},"modified":"2024-11-23T08:33:11","modified_gmt":"2024-11-23T08:33:11","slug":"ue-celac-2024","status":"publish","type":"post","link":"https:\/\/www.fundacionyuste.org\/en\/ue-celac-2024\/","title":{"rendered":"Yuste Foundation and the Ministry of Foreign Affairs, European Union, and Cooperation Organise a Meeting to Analyse the Relations Between the EU and CELAC"},"content":{"rendered":"<p>[et_pb_section fb_built=&#8221;1&#8243; _builder_version=&#8221;4.16&#8243; global_colors_info=&#8221;{}&#8221;][et_pb_row column_structure=&#8221;1_4,3_4&#8243; admin_label=&#8221;ENCABEZADOS&#8221; _builder_version=&#8221;4.16&#8243; background_size=&#8221;initial&#8221; background_position=&#8221;top_left&#8221; background_repeat=&#8221;repeat&#8221; global_colors_info=&#8221;{}&#8221;][et_pb_column type=&#8221;1_4&#8243; _builder_version=&#8221;4.16&#8243; custom_padding=&#8221;|||&#8221; global_colors_info=&#8221;{}&#8221; custom_padding__hover=&#8221;|||&#8221;][et_pb_text admin_label=&#8221;TITULO SECCI\u00d3N&#8221; _builder_version=&#8221;4.16&#8243; text_font=&#8221;|600|||||||&#8221; text_text_color=&#8221;#7cda24&#8243; text_font_size=&#8221;33px&#8221; header_font=&#8221;||||||||&#8221; header_font_size=&#8221;31px&#8221; text_orientation=&#8221;right&#8221; module_alignment=&#8221;right&#8221; custom_padding=&#8221;|20px||&#8221; text_text_shadow_style=&#8221;preset3&#8243; text_text_shadow_color=&#8221;rgba(0,0,0,0.28)&#8221; header_text_shadow_style=&#8221;preset3&#8243; global_colors_info=&#8221;{}&#8221;]<\/p>\n<h1>COMUNICACI\u00d3N<\/h1>\n<p>[\/et_pb_text][\/et_pb_column][et_pb_column type=&#8221;3_4&#8243; _builder_version=&#8221;4.16&#8243; custom_padding=&#8221;|||&#8221; global_colors_info=&#8221;{}&#8221; custom_padding__hover=&#8221;|||&#8221;][et_pb_post_title meta=&#8221;off&#8221; featured_image=&#8221;off&#8221; admin_label=&#8221;T\u00cdTULO DE LA NOTICIA (Autom\u00e1tico)&#8221; _builder_version=&#8221;4.16&#8243; title_level=&#8221;h2&#8243; title_font=&#8221;|700||on|||||&#8221; title_font_size=&#8221;20px&#8221; custom_margin=&#8221;6px|||&#8221; global_colors_info=&#8221;{}&#8221;][\/et_pb_post_title][\/et_pb_column][\/et_pb_row][et_pb_row column_structure=&#8221;1_4,3_4&#8243; _builder_version=&#8221;4.16&#8243; background_size=&#8221;initial&#8221; background_position=&#8221;top_left&#8221; background_repeat=&#8221;repeat&#8221; custom_padding=&#8221;3px|0px|0px|0px&#8221; global_colors_info=&#8221;{}&#8221;][et_pb_column type=&#8221;1_4&#8243; _builder_version=&#8221;4.16&#8243; custom_padding=&#8221;|||&#8221; global_colors_info=&#8221;{}&#8221; custom_padding__hover=&#8221;|||&#8221;][et_pb_sidebar area=&#8221;et_pb_widget_area_6&#8243; admin_label=&#8221;MENU LATERAL&#8221; _builder_version=&#8221;4.19.5&#8243; global_colors_info=&#8221;{}&#8221;][\/et_pb_sidebar][\/et_pb_column][et_pb_column type=&#8221;3_4&#8243; _builder_version=&#8221;4.16&#8243; custom_padding=&#8221;|||&#8221; global_colors_info=&#8221;{}&#8221; custom_padding__hover=&#8221;|||&#8221;][et_pb_text admin_label=&#8221;CONTENIDO DE LA NOTICIA&#8221; _builder_version=&#8221;4.19.5&#8243; text_font=&#8221;||||||||&#8221; text_text_color=&#8221;#262626&#8243; text_line_height=&#8221;1.4em&#8221; header_font=&#8221;||||||||&#8221; header_font_size=&#8221;22px&#8221; header_2_font=&#8221;||||||||&#8221; header_3_font=&#8221;||||||||&#8221; header_4_font=&#8221;||||||||&#8221; header_5_font=&#8221;||||||||&#8221; header_6_font=&#8221;||||||||&#8221; text_orientation=&#8221;justified&#8221; custom_margin=&#8221;8px|||&#8221; global_colors_info=&#8221;{}&#8221;]<\/p>\n<p><strong><a  href=\"https:\/\/www.fundacionyuste.org\/wp-content\/uploads\/2024\/11\/20241120-X-Banner-Relaciones-UE-CELAC-scaled.jpg\" data-rel=\"lightbox-gallery-0\" data-rl_title=\"\" data-rl_caption=\"\" title=\"\"><img decoding=\"async\" loading=\"lazy\" class=\"wp-image-239349 size-medium alignleft\" src=\"https:\/\/www.fundacionyuste.org\/wp-content\/uploads\/2024\/11\/20241120-X-Banner-Relaciones-UE-CELAC-133x300.jpg\" alt=\"\" width=\"133\" height=\"300\" srcset=\"https:\/\/www.fundacionyuste.org\/wp-content\/uploads\/2024\/11\/20241120-X-Banner-Relaciones-UE-CELAC-133x300.jpg 133w, https:\/\/www.fundacionyuste.org\/wp-content\/uploads\/2024\/11\/20241120-X-Banner-Relaciones-UE-CELAC-455x1024.jpg 455w, https:\/\/www.fundacionyuste.org\/wp-content\/uploads\/2024\/11\/20241120-X-Banner-Relaciones-UE-CELAC-768x1728.jpg 768w, https:\/\/www.fundacionyuste.org\/wp-content\/uploads\/2024\/11\/20241120-X-Banner-Relaciones-UE-CELAC-683x1536.jpg 683w, https:\/\/www.fundacionyuste.org\/wp-content\/uploads\/2024\/11\/20241120-X-Banner-Relaciones-UE-CELAC-910x2048.jpg 910w, https:\/\/www.fundacionyuste.org\/wp-content\/uploads\/2024\/11\/20241120-X-Banner-Relaciones-UE-CELAC-1080x2430.jpg 1080w, https:\/\/www.fundacionyuste.org\/wp-content\/uploads\/2024\/11\/20241120-X-Banner-Relaciones-UE-CELAC-scaled.jpg 1138w\" sizes=\"(max-width: 133px) 100vw, 133px\" \/><\/a>With the aim of creating spaces for dialogue and reflection, and providing a joint response to the common challenges faced by the countries of the European Union and Latin America and the Caribbean, the European and Ibero-American Academy of Yuste Foundation and the Ministry of Foreign Affairs, European Union, and Cooperation of the Government of Spain, have organised the meeting entitled \u201cEU-CELAC Relations: Creating Certainty in the Face of Common Global Challenges\u201d, which will take place on 21<sup>st<\/sup> and 22<sup>nd<\/sup> November at the Royal Monastery of Santa Mar\u00eda de Guadalupe (C\u00e1ceres). <\/strong>(20\/11\/2024)<strong><br \/><\/strong><\/p>\n<p>This meeting, which brings together politicians, experts, academics, and professionals from Europe, Latin America, and the Caribbean, will analyse, reflect on, and offer various perspectives on the global issues affecting relations between the two regions at large, and individual States in particular. This will be done considering the Final Declaration of the 3<sup>rd<\/sup> EU-CELAC Summit held in Brussels in 2023, under the Spanish Presidency of the Council of the European Union, as well as the outcomes of the 29<sup>th<\/sup> Ibero-American Summit of Heads of State and Government, held from the 12<sup>th<\/sup> to the 15<sup>th<\/sup> November in Cuenca (Ecuador). This meeting will serve as a foundation to help identify current challenges and opportunities in preparation for future high-level events.<\/p>\n<p>The meeting will be formally inaugurated by the Secretary of State for the European Union, Fernando Mariano Sampedro Marcos. Joining him in the opening ceremony will be Juan Carlos Moreno Pi\u00f1ero, Director of the European and Ibero-American Academy of Yuste Foundation; Fray Guillermo Cerrato, Prior of the Royal Monastery of Santa Mar\u00eda de Guadalupe; Isabel Belloso Bueso, Director of the Extremaduran Agency for International Development Cooperation (AEXCID), Regional Government of Extremadura; Marlon Brev\u00e9 Reyes, Ambassador of Honduras to Spain and pro tempore President of CELAC; and Katalin T\u00f3th, Ambassadress of Hungary to Spain, the country currently holding the presidency of the Council of the EU.<\/p>\n<p>Throughout the sessions, other participants will include Annika Lotson, Head of the Latin America and Caribbean Division at the Cabinet of the High Representative for Foreign Affairs and Security Policy of the European Union and Vice-President of the European Commission; \u00c9rika Rodr\u00edguez, Director of the Carolina Foundation; Andr\u00e9s Delich, Deputy Secretary-General of the Organization of Ibero-American States (OEI); Alberto Brunori, Director of the EU-LAC Foundation; Jos\u00e9 Frederico Ludovice, Deputy Secretary-General of the Ibero-American General Secretariat (SEGIB); Juan Mart\u00ednez Moya, representative of the Ibero-American Judicial Summit; Pablo Hurtado, Director-General for External Action of the Regional Government of Extremadura; as well as ambassadors and representatives from the embassies of Honduras, Colombia, Ecuador, Poland, and Hungary, and representatives from the European Commission, the European Parliament, and the vice-presidency of the EU-LAC Parliamentary Assembly (EUROLAT).<\/p>\n<p>The event can be followed in person or online via Yuste Foundation\u2019s YouTube channel. Those interested can access the programme and register via the following link: <a href=\"https:\/\/www.fundacionyuste.org\/las-relaciones-ue-celac-2024\/\">https:\/\/www.fundacionyuste.org\/las-relaciones-ue-celac-2024\/<\/a><\/p>\n<p>[\/et_pb_text][et_pb_post_nav in_same_term=&#8221;on&#8221; prev_text=&#8221;VER NOTICIA ANTERIOR&#8221; next_text=&#8221;VER NOTICIA SIGUIENTE&#8221; admin_label=&#8221;\u2190 NAVEGACION POR NOTICIAS \u2192&#8221; _builder_version=&#8221;4.19.5&#8243; custom_margin=&#8221;||3%|&#8221; global_colors_info=&#8221;{}&#8221;][\/et_pb_post_nav][\/et_pb_column][\/et_pb_row][\/et_pb_section]<\/p>\n","protected":false},"excerpt":{"rendered":"<p>With the aim of creating spaces for dialogue and reflection, and providing a joint response to the common challenges faced by the countries of the European Union and Latin America and the Caribbean, the European and Ibero-American Academy of Yuste Foundation and the Ministry of Foreign Affairs, European Union, and Cooperation of the Government of Spain, have organised the meeting entitled \u201cEU-CELAC Relations: Creating Certainty in the Face of Common Global Challenges\u201d, which will take place on 21st and 22nd November at the Royal Monastery of Santa Mar\u00eda de Guadalupe (C\u00e1ceres). <\/p>\n","protected":false},"author":3,"featured_media":239349,"comment_status":"closed","ping_status":"closed","sticky":false,"template":"","format":"standard","meta":{"_et_pb_use_builder":"on","_et_pb_old_content":"","_et_gb_content_width":"","_links_to":"","_links_to_target":""},"categories":[190,191],"tags":[303],"_links":{"self":[{"href":"https:\/\/www.fundacionyuste.org\/en\/wp-json\/wp\/v2\/posts\/239346"}],"collection":[{"href":"https:\/\/www.fundacionyuste.org\/en\/wp-json\/wp\/v2\/posts"}],"about":[{"href":"https:\/\/www.fundacionyuste.org\/en\/wp-json\/wp\/v2\/types\/post"}],"author":[{"embeddable":true,"href":"https:\/\/www.fundacionyuste.org\/en\/wp-json\/wp\/v2\/users\/3"}],"replies":[{"embeddable":true,"href":"https:\/\/www.fundacionyuste.org\/en\/wp-json\/wp\/v2\/comments?post=239346"}],"version-history":[{"count":6,"href":"https:\/\/www.fundacionyuste.org\/en\/wp-json\/wp\/v2\/posts\/239346\/revisions"}],"predecessor-version":[{"id":239425,"href":"https:\/\/www.fundacionyuste.org\/en\/wp-json\/wp\/v2\/posts\/239346\/revisions\/239425"}],"wp:featuredmedia":[{"embeddable":true,"href":"https:\/\/www.fundacionyuste.org\/en\/wp-json\/wp\/v2\/media\/239349"}],"wp:attachment":[{"href":"https:\/\/www.fundacionyuste.org\/en\/wp-json\/wp\/v2\/media?parent=239346"}],"wp:term":[{"taxonomy":"category","embeddable":true,"href":"https:\/\/www.fundacionyuste.org\/en\/wp-json\/wp\/v2\/categories?post=239346"},{"taxonomy":"post_tag","embeddable":true,"href":"https:\/\/www.fundacionyuste.org\/en\/wp-json\/wp\/v2\/tags?post=239346"}],"curies":[{"name":"wp","href":"https:\/\/api.w.org\/{rel}","templated":true}]}}