{"id":240467,"date":"2025-04-03T13:19:19","date_gmt":"2025-04-03T13:19:19","guid":{"rendered":"https:\/\/www.fundacionyuste.org\/?p=240467"},"modified":"2025-04-03T13:19:30","modified_gmt":"2025-04-03T13:19:30","slug":"premioeuropeocarlosv2025","status":"publish","type":"post","link":"https:\/\/www.fundacionyuste.org\/en\/premioeuropeocarlosv2025\/","title":{"rendered":"Josep Borrell, 18th Carlos V European Award"},"content":{"rendered":"<p>[et_pb_section fb_built=&#8221;1&#8243; _builder_version=&#8221;4.16&#8243; global_colors_info=&#8221;{}&#8221;][et_pb_row column_structure=&#8221;1_4,3_4&#8243; admin_label=&#8221;ENCABEZADOS&#8221; _builder_version=&#8221;4.16&#8243; background_size=&#8221;initial&#8221; background_position=&#8221;top_left&#8221; background_repeat=&#8221;repeat&#8221; global_colors_info=&#8221;{}&#8221;][et_pb_column type=&#8221;1_4&#8243; _builder_version=&#8221;4.16&#8243; custom_padding=&#8221;|||&#8221; global_colors_info=&#8221;{}&#8221; custom_padding__hover=&#8221;|||&#8221;][et_pb_text admin_label=&#8221;TITULO SECCI\u00d3N&#8221; _builder_version=&#8221;4.16&#8243; text_font=&#8221;|600|||||||&#8221; text_text_color=&#8221;#7cda24&#8243; text_font_size=&#8221;33px&#8221; header_font=&#8221;||||||||&#8221; header_font_size=&#8221;31px&#8221; text_orientation=&#8221;right&#8221; module_alignment=&#8221;right&#8221; custom_padding=&#8221;|20px||&#8221; text_text_shadow_style=&#8221;preset3&#8243; text_text_shadow_color=&#8221;rgba(0,0,0,0.28)&#8221; header_text_shadow_style=&#8221;preset3&#8243; global_colors_info=&#8221;{}&#8221;]<\/p>\n<h1>COMUNICACI\u00d3N<\/h1>\n<p>[\/et_pb_text][\/et_pb_column][et_pb_column type=&#8221;3_4&#8243; _builder_version=&#8221;4.16&#8243; custom_padding=&#8221;|||&#8221; global_colors_info=&#8221;{}&#8221; custom_padding__hover=&#8221;|||&#8221;][et_pb_post_title meta=&#8221;off&#8221; featured_image=&#8221;off&#8221; admin_label=&#8221;T\u00cdTULO DE LA NOTICIA (Autom\u00e1tico)&#8221; _builder_version=&#8221;4.16&#8243; title_level=&#8221;h2&#8243; title_font=&#8221;|700||on|||||&#8221; title_font_size=&#8221;20px&#8221; custom_margin=&#8221;6px|||&#8221; global_colors_info=&#8221;{}&#8221;][\/et_pb_post_title][\/et_pb_column][\/et_pb_row][et_pb_row column_structure=&#8221;1_4,3_4&#8243; _builder_version=&#8221;4.16&#8243; background_size=&#8221;initial&#8221; background_position=&#8221;top_left&#8221; background_repeat=&#8221;repeat&#8221; custom_padding=&#8221;3px|0px|0px|0px&#8221; global_colors_info=&#8221;{}&#8221;][et_pb_column type=&#8221;1_4&#8243; _builder_version=&#8221;4.16&#8243; custom_padding=&#8221;|||&#8221; global_colors_info=&#8221;{}&#8221; custom_padding__hover=&#8221;|||&#8221;][et_pb_sidebar area=&#8221;et_pb_widget_area_6&#8243; admin_label=&#8221;MENU LATERAL&#8221; _builder_version=&#8221;4.19.5&#8243; global_colors_info=&#8221;{}&#8221;][\/et_pb_sidebar][\/et_pb_column][et_pb_column type=&#8221;3_4&#8243; _builder_version=&#8221;4.16&#8243; custom_padding=&#8221;|||&#8221; global_colors_info=&#8221;{}&#8221; custom_padding__hover=&#8221;|||&#8221;][et_pb_text admin_label=&#8221;CONTENIDO DE LA NOTICIA&#8221; _builder_version=&#8221;4.19.5&#8243; text_font=&#8221;||||||||&#8221; text_text_color=&#8221;#262626&#8243; text_line_height=&#8221;1.4em&#8221; header_font=&#8221;||||||||&#8221; header_font_size=&#8221;22px&#8221; header_2_font=&#8221;||||||||&#8221; header_3_font=&#8221;||||||||&#8221; header_4_font=&#8221;||||||||&#8221; header_5_font=&#8221;||||||||&#8221; header_6_font=&#8221;||||||||&#8221; text_orientation=&#8221;justified&#8221; custom_margin=&#8221;8px|||&#8221; hover_enabled=&#8221;0&#8243; global_colors_info=&#8221;{}&#8221; sticky_enabled=&#8221;0&#8243;]<\/p>\n<p><strong><a  href=\"https:\/\/www.fundacionyuste.org\/wp-content\/uploads\/2025\/04\/Josep_Borrell_premio.jpg\" data-rel=\"lightbox-gallery-0\" data-rl_title=\"\" data-rl_caption=\"\" title=\"\"><img decoding=\"async\" loading=\"lazy\" class=\"alignleft wp-image-240459 size-medium\" src=\"https:\/\/www.fundacionyuste.org\/wp-content\/uploads\/2025\/04\/Josep_Borrell_premio-200x300.jpg\" alt=\"\" width=\"200\" height=\"300\" srcset=\"https:\/\/www.fundacionyuste.org\/wp-content\/uploads\/2025\/04\/Josep_Borrell_premio-200x300.jpg 200w, https:\/\/www.fundacionyuste.org\/wp-content\/uploads\/2025\/04\/Josep_Borrell_premio.jpg 511w\" sizes=\"(max-width: 200px) 100vw, 200px\" \/><\/a>The jury of the 18th edition of the Carlos V European Award, granted by the European and Ibero-American Academy of Yuste Foundation, decided to confer the award on the Spanish politician Josep Borrell Fontelles, vice-president of the European Commission and High Representative for the Union\u2019s Foreign Affairs and Security Policy (2019\u20132024), and president of the European Parliament (2004\u20132007), \u201cfor his career, defence of peace, democracy, and European values, and his contribution to European integration and the advancement of the European Union\u2019s external action, contributing to strengthening the Union\u2019s role and leadership in the world during particularly delicate times\u201d. <\/strong>(03\/04\/2025)<\/p>\n<p>This was announced by Abel Bautista, regional minister for the Presidency, Interior and Social Dialogue of the Regional Government of Extremadura, who, in his speech, stated that the war in Ukraine has reshaped security priorities, making \u201cunity and solidarity among European countries more necessary than ever\u201d. In his view, the current global situation presents the European Union with an opportunity to \u201cestablish itself as a global actor with its own voice in this new landscape\u201d. For this reason, Bautista stressed that today, more than ever, Europe must work more closely together to speed up decision-making among its twenty-seven Member States and, therefore, that \u201cmore and better Europe\u201d is needed.<\/p>\n<p>For the granting of this award, the jury also took into account Borrell\u2019s leadership during the COVID-19 pandemic and his contribution to the launch of the Strategic Compass, which provides the European Union with an action plan to strengthen security and defence policy until 2030. Furthermore, the jury acknowledged the awardee\u2019s \u201cfirm and proportionate\u201d response to the war that broke out on European soil in 2022 following Russia\u2019s invasion of Ukraine, \u201cunwaveringly defending peace within Europe and strengthening the Union\u2019s cohesion in the face of such challenges\u201d.<\/p>\n<p>Josep Borrell is the fourth Spaniard to be awarded the Carlos V European Award, following Marcelino Oreja, who received the prize in 2017; Javier Solana, in 2011; and Felipe Gonz\u00e1lez, in 2000.\u00a0<\/p>\n<p>The Carlos V European Award ceremony is scheduled to take place on 9 May, Europe Day, at the Monastery of San Jer\u00f3nimo de Yuste.\u00a0<\/p>\n<p>It is also worth noting that the Carlos V European Award marks its 30<sup>th<\/sup> anniversary this year, having been presented for the first time to Jacques Delors on 6 June 1995.\u00a0<\/p>\n<p>The jury, chaired by the president of the Regional Government of Extremadura, Mar\u00eda Guardiola Mart\u00edn, included, among others, the president of the European Parliament, Roberta Metsola; the minister for Foreign Affairs, European Union and Cooperation and first vice-president of Yuste Foundation\u2019s Board of Trustees, Jos\u00e9 Manuel Albares; former prime ministers of Spain, Jos\u00e9 Mar\u00eda Aznar and Mariano Rajoy; the director of the Royal Academy of History of Spain and member of the European and Ibero-American Academy of Yuste, Carmen Iglesias; and the rector of the University of Extremadura, Pedro Fern\u00e1ndez.<\/p>\n<p>Yuste Foundation received 18 proposals from Belgium, Spain, and France. In addition, 215 letters of support have been submitted from 22 countries: Germany, Argentina, Austria, Belgium, Bolivia, Brazil, Colombia, Ecuador, Spain, Finland, France, Greece, Italy, Mexico, the Netherlands, Peru, Poland, Portugal, the United Kingdom, Romania, Tunisia, and Uruguay.<\/p>\n<p><strong>Josep Borrell Fontelles<\/strong><\/p>\n<p>An aeronautical engineer and economist, he held various ministerial positions in the Government of Spain from 1984 to 1996. He later took part in drafting the Constitutional Treaty of the European Union as a member of the Convention. In 2004, after being elected as a member of the European Parliament, he served as its president until 2007. In June 2018, he was appointed minister for Foreign Affairs, European Union and Cooperation of the Government of Spain, and following the 2019 European elections, he was elected High Representative of the European Union for Foreign Affairs and Security Policy.<\/p>\n<p><strong>Carlos V European Award<\/strong><\/p>\n<p><strong>\u00a0<\/strong>Since 1995, the European and Ibero-American Academy of Yuste Foundation awards the Carlos V European Award to recognise individuals, organisations, projects, or initiatives that, through their effort and dedication, have contributed to the advancement of knowledge and the promotion of Europe\u2019s cultural, social, scientific, and historical values, as well as to the process of European integration and construction.\u00a0<\/p>\n<p>During the award ceremony, the Monastery of San Jer\u00f3nimo de Yuste brings together distinguished figures from both Europe and Ibero-America. The Carlos V European Award embodies the spirit of building a united, just, equal, supportive, and free Europe. The solemn award ceremony is a State event, endorsed by His Majesty King Felipe VI, who serves as the honorary president of Yuste Foundation.<\/p>\n<p>[\/et_pb_text][et_pb_post_nav in_same_term=&#8221;on&#8221; prev_text=&#8221;VER NOTICIA ANTERIOR&#8221; next_text=&#8221;VER NOTICIA SIGUIENTE&#8221; admin_label=&#8221;\u2190 NAVEGACION POR NOTICIAS \u2192&#8221; _builder_version=&#8221;4.19.5&#8243; custom_margin=&#8221;||3%|&#8221; global_colors_info=&#8221;{}&#8221;][\/et_pb_post_nav][\/et_pb_column][\/et_pb_row][\/et_pb_section]<\/p>\n","protected":false},"excerpt":{"rendered":"<p>The jury of the 18th edition of the Carlos V European Award, granted by the European and Ibero-American Academy of Yuste Foundation, decided to confer the award on the Spanish politician Josep Borrell Fontelles, vice-president of the European Commission and High Representative for the Union\u2019s Foreign Affairs and Security Policy (2019\u20132024), and president of the European Parliament (2004\u20132007), \u201cfor his career, defence of peace, democracy, and European values, and his contribution to European integration and the advancement of the European Union\u2019s external action, contributing to strengthening the Union\u2019s role and leadership in the world during particularly delicate times\u201d.<\/p>\n","protected":false},"author":2,"featured_media":240470,"comment_status":"closed","ping_status":"closed","sticky":false,"template":"","format":"standard","meta":{"_et_pb_use_builder":"on","_et_pb_old_content":"","_et_gb_content_width":"","_links_to":"","_links_to_target":""},"categories":[190,191],"tags":[309],"_links":{"self":[{"href":"https:\/\/www.fundacionyuste.org\/en\/wp-json\/wp\/v2\/posts\/240467"}],"collection":[{"href":"https:\/\/www.fundacionyuste.org\/en\/wp-json\/wp\/v2\/posts"}],"about":[{"href":"https:\/\/www.fundacionyuste.org\/en\/wp-json\/wp\/v2\/types\/post"}],"author":[{"embeddable":true,"href":"https:\/\/www.fundacionyuste.org\/en\/wp-json\/wp\/v2\/users\/2"}],"replies":[{"embeddable":true,"href":"https:\/\/www.fundacionyuste.org\/en\/wp-json\/wp\/v2\/comments?post=240467"}],"version-history":[{"count":3,"href":"https:\/\/www.fundacionyuste.org\/en\/wp-json\/wp\/v2\/posts\/240467\/revisions"}],"predecessor-version":[{"id":240478,"href":"https:\/\/www.fundacionyuste.org\/en\/wp-json\/wp\/v2\/posts\/240467\/revisions\/240478"}],"wp:featuredmedia":[{"embeddable":true,"href":"https:\/\/www.fundacionyuste.org\/en\/wp-json\/wp\/v2\/media\/240470"}],"wp:attachment":[{"href":"https:\/\/www.fundacionyuste.org\/en\/wp-json\/wp\/v2\/media?parent=240467"}],"wp:term":[{"taxonomy":"category","embeddable":true,"href":"https:\/\/www.fundacionyuste.org\/en\/wp-json\/wp\/v2\/categories?post=240467"},{"taxonomy":"post_tag","embeddable":true,"href":"https:\/\/www.fundacionyuste.org\/en\/wp-json\/wp\/v2\/tags?post=240467"}],"curies":[{"name":"wp","href":"https:\/\/api.w.org\/{rel}","templated":true}]}}