{"id":241698,"date":"2025-07-07T13:35:42","date_gmt":"2025-07-07T13:35:42","guid":{"rendered":"https:\/\/www.fundacionyuste.org\/?p=241698"},"modified":"2025-07-07T13:35:51","modified_gmt":"2025-07-07T13:35:51","slug":"campusyuste2025c2","status":"publish","type":"post","link":"https:\/\/www.fundacionyuste.org\/en\/campusyuste2025c2\/","title":{"rendered":"Campus Yuste Analyses the Beginning of the Political Transition to Democracy in Spain"},"content":{"rendered":"<p>[et_pb_section fb_built=&#8221;1&#8243; _builder_version=&#8221;4.16&#8243; global_colors_info=&#8221;{}&#8221;][et_pb_row column_structure=&#8221;1_4,3_4&#8243; admin_label=&#8221;ENCABEZADOS&#8221; _builder_version=&#8221;4.16&#8243; background_size=&#8221;initial&#8221; background_position=&#8221;top_left&#8221; background_repeat=&#8221;repeat&#8221; global_colors_info=&#8221;{}&#8221;][et_pb_column type=&#8221;1_4&#8243; _builder_version=&#8221;4.16&#8243; custom_padding=&#8221;|||&#8221; global_colors_info=&#8221;{}&#8221; custom_padding__hover=&#8221;|||&#8221;][et_pb_text admin_label=&#8221;TITULO SECCI\u00d3N&#8221; _builder_version=&#8221;4.16&#8243; text_font=&#8221;|600|||||||&#8221; text_text_color=&#8221;#7cda24&#8243; text_font_size=&#8221;33px&#8221; header_font=&#8221;||||||||&#8221; header_font_size=&#8221;31px&#8221; text_orientation=&#8221;right&#8221; module_alignment=&#8221;right&#8221; custom_padding=&#8221;|20px||&#8221; text_text_shadow_style=&#8221;preset3&#8243; text_text_shadow_color=&#8221;rgba(0,0,0,0.28)&#8221; header_text_shadow_style=&#8221;preset3&#8243; global_colors_info=&#8221;{}&#8221;]<\/p>\n<h1>COMUNICACI\u00d3N<\/h1>\n<p>[\/et_pb_text][\/et_pb_column][et_pb_column type=&#8221;3_4&#8243; _builder_version=&#8221;4.16&#8243; custom_padding=&#8221;|||&#8221; global_colors_info=&#8221;{}&#8221; custom_padding__hover=&#8221;|||&#8221;][et_pb_post_title meta=&#8221;off&#8221; featured_image=&#8221;off&#8221; admin_label=&#8221;T\u00cdTULO DE LA NOTICIA (Autom\u00e1tico)&#8221; _builder_version=&#8221;4.16&#8243; title_level=&#8221;h2&#8243; title_font=&#8221;|700||on|||||&#8221; title_font_size=&#8221;20px&#8221; custom_margin=&#8221;6px|||&#8221; global_colors_info=&#8221;{}&#8221;][\/et_pb_post_title][\/et_pb_column][\/et_pb_row][et_pb_row column_structure=&#8221;1_4,3_4&#8243; _builder_version=&#8221;4.16&#8243; background_size=&#8221;initial&#8221; background_position=&#8221;top_left&#8221; background_repeat=&#8221;repeat&#8221; custom_padding=&#8221;3px|0px|0px|0px&#8221; global_colors_info=&#8221;{}&#8221;][et_pb_column type=&#8221;1_4&#8243; _builder_version=&#8221;4.16&#8243; custom_padding=&#8221;|||&#8221; global_colors_info=&#8221;{}&#8221; custom_padding__hover=&#8221;|||&#8221;][et_pb_sidebar area=&#8221;et_pb_widget_area_6&#8243; admin_label=&#8221;MENU LATERAL&#8221; _builder_version=&#8221;4.19.5&#8243; global_colors_info=&#8221;{}&#8221;][\/et_pb_sidebar][\/et_pb_column][et_pb_column type=&#8221;3_4&#8243; _builder_version=&#8221;4.16&#8243; custom_padding=&#8221;|||&#8221; global_colors_info=&#8221;{}&#8221; custom_padding__hover=&#8221;|||&#8221;][et_pb_text admin_label=&#8221;CONTENIDO DE LA NOTICIA&#8221; _builder_version=&#8221;4.19.5&#8243; text_font=&#8221;||||||||&#8221; text_text_color=&#8221;#262626&#8243; text_line_height=&#8221;1.4em&#8221; header_font=&#8221;||||||||&#8221; header_font_size=&#8221;22px&#8221; header_2_font=&#8221;||||||||&#8221; header_3_font=&#8221;||||||||&#8221; header_4_font=&#8221;||||||||&#8221; header_5_font=&#8221;||||||||&#8221; header_6_font=&#8221;||||||||&#8221; text_orientation=&#8221;justified&#8221; custom_margin=&#8221;8px|||&#8221; hover_enabled=&#8221;0&#8243; global_colors_info=&#8221;{}&#8221; sticky_enabled=&#8221;0&#8243;]<\/p>\n<p><a  href=\"https:\/\/www.fundacionyuste.org\/wp-content\/uploads\/2025\/04\/c2-2025.jpg\" data-rel=\"lightbox-gallery-0\" data-rl_title=\"\" data-rl_caption=\"\" title=\"\"><img decoding=\"async\" loading=\"lazy\" class=\"alignleft wp-image-240756 size-medium\" src=\"https:\/\/www.fundacionyuste.org\/wp-content\/uploads\/2025\/04\/c2-2025-212x300.jpg\" alt=\"\" width=\"212\" height=\"300\" srcset=\"https:\/\/www.fundacionyuste.org\/wp-content\/uploads\/2025\/04\/c2-2025-212x300.jpg 212w, https:\/\/www.fundacionyuste.org\/wp-content\/uploads\/2025\/04\/c2-2025-724x1024.jpg 724w, https:\/\/www.fundacionyuste.org\/wp-content\/uploads\/2025\/04\/c2-2025-768x1086.jpg 768w, https:\/\/www.fundacionyuste.org\/wp-content\/uploads\/2025\/04\/c2-2025-1086x1536.jpg 1086w, https:\/\/www.fundacionyuste.org\/wp-content\/uploads\/2025\/04\/c2-2025-1080x1528.jpg 1080w, https:\/\/www.fundacionyuste.org\/wp-content\/uploads\/2025\/04\/c2-2025.jpg 1414w\" sizes=\"(max-width: 212px) 100vw, 212px\" \/><\/a><\/p>\n<p><strong data-wp-editing=\"1\">As the 50th anniversary of the beginning of Spain\u2019s political transition to democracy is commemorated, the European and Ibero-American Academy of Yuste Foundation has organised the course \u201cPreparing Spain\u2019s Transition\u201d, which will take place from 9 to 11 July at the Monastery of San Jer\u00f3nimo de Yuste. This event is part of Campus Yuste, an educational programme included in the 26th edition of the University of Extremadura\u2019s International Summer\/Autumn Courses. <\/strong>(7\/07\/2025)<\/p>\n<p>The course will analyse the background and development of this historic period, featuring professors and first-hand witnesses who will examine various international, political, economic, social, and cultural aspects of that historical juncture, which lies at the origin of our present.<\/p>\n<p>Focusing on the main theme, the sessions will revolve around the transition of the national armies in Spain and Portugal, terrorism and its consequences, the role of the Spanish Church, the economy, and political consensus. These and other topics will be addressed by experts, politicians, and professors such as former socialist MP Eduardo Madina; Madrid MP and president of the Petitions Committee in the Congress of Deputies, Carlos Aragon\u00e9s; national spokesperson and deputy secretary of Culture of the Popular Party, Borja S\u00e9mper; Spanish ambassador Francisco Javier Rup\u00e9rez; and the cardinal archbishop emeritus of Madrid and former president of the Spanish Episcopal Conference (1999\u20132005 and 2008\u20132014), Antonio Mar\u00eda Rouco Varela.<\/p>\n<p>The course will be inaugurated by professor of Contemporary History at the University of Extremadura and member of the European and Ibero-American Academy of Yuste, Enrique Moradiellos; Jes\u00fas Conde, assistant to the Vice-Rectorate for University Extension of the University of Extremadura; and Pablo Hurtado, director general for External Action of the Regional Government of Extremadura and member of Yuste Foundation\u2019s Board of Trustees.<\/p>\n<p>The nationalities of the grant recipients and online registrants include Argentina, Colombia, Ecuador, Spain, the United States, Italy, Mexico, Nicaragua and Portugal.<\/p>\n<p>Yuste Foundation has reserved a number of places for those wishing to attend the courses in person without a grant. Interested individuals should send an email to campusyuste@fundacionyuste.org including their personal data and specifying the title of the course they wish to attend.<\/p>\n<p>The Foundation also offers the possibility of following the courses online. To do so, participants must register via the following form: https:\/\/forms.gle\/iJuoxzgy9SVAxVsv9<\/p>\n<p>For both of these options, Yuste Foundation will issue a certificate of completion.<\/p>\n<p>This educational activity is co-directed by Enrique Moradiellos, professor of Contemporary History at the University of Extremadura and member of the European and Ibero-American Academy of Yuste, and Antonio S\u00e1ez, professor of Iberian Literatures at the University of \u00c9vora and director of the chair in Iberian Studies.<\/p>\n<p>The Campus Yuste course is organised with the support of the Regional Government of Extremadura, the Valhondo Foundation, Patrimonio Nacional, Mafresa, the Provincial Council of C\u00e1ceres, and the Provincial Council of Badajoz.<\/p>\n<p>[\/et_pb_text][et_pb_post_nav in_same_term=&#8221;on&#8221; prev_text=&#8221;VER NOTICIA ANTERIOR&#8221; next_text=&#8221;VER NOTICIA SIGUIENTE&#8221; admin_label=&#8221;\u2190 NAVEGACION POR NOTICIAS \u2192&#8221; _builder_version=&#8221;4.19.5&#8243; custom_margin=&#8221;||3%|&#8221; global_colors_info=&#8221;{}&#8221;][\/et_pb_post_nav][\/et_pb_column][\/et_pb_row][\/et_pb_section]<\/p>\n","protected":false},"excerpt":{"rendered":"<p>As the 50th anniversary of the beginning of Spain\u2019s political transition to democracy is commemorated, the European and Ibero-American Academy of Yuste Foundation has organised the course \u201cPreparing Spain\u2019s Transition\u201d, which will take place from 9 to 11 July at the Monastery of San Jer\u00f3nimo de Yuste. This event is part of Campus Yuste, an educational programme included in the 26th edition of the University of Extremadura\u2019s International Summer\/Autumn Courses.<\/p>\n","protected":false},"author":2,"featured_media":240756,"comment_status":"closed","ping_status":"closed","sticky":false,"template":"","format":"standard","meta":{"_et_pb_use_builder":"on","_et_pb_old_content":"","_et_gb_content_width":"","_links_to":"","_links_to_target":""},"categories":[190,191],"tags":[309],"_links":{"self":[{"href":"https:\/\/www.fundacionyuste.org\/en\/wp-json\/wp\/v2\/posts\/241698"}],"collection":[{"href":"https:\/\/www.fundacionyuste.org\/en\/wp-json\/wp\/v2\/posts"}],"about":[{"href":"https:\/\/www.fundacionyuste.org\/en\/wp-json\/wp\/v2\/types\/post"}],"author":[{"embeddable":true,"href":"https:\/\/www.fundacionyuste.org\/en\/wp-json\/wp\/v2\/users\/2"}],"replies":[{"embeddable":true,"href":"https:\/\/www.fundacionyuste.org\/en\/wp-json\/wp\/v2\/comments?post=241698"}],"version-history":[{"count":2,"href":"https:\/\/www.fundacionyuste.org\/en\/wp-json\/wp\/v2\/posts\/241698\/revisions"}],"predecessor-version":[{"id":241708,"href":"https:\/\/www.fundacionyuste.org\/en\/wp-json\/wp\/v2\/posts\/241698\/revisions\/241708"}],"wp:featuredmedia":[{"embeddable":true,"href":"https:\/\/www.fundacionyuste.org\/en\/wp-json\/wp\/v2\/media\/240756"}],"wp:attachment":[{"href":"https:\/\/www.fundacionyuste.org\/en\/wp-json\/wp\/v2\/media?parent=241698"}],"wp:term":[{"taxonomy":"category","embeddable":true,"href":"https:\/\/www.fundacionyuste.org\/en\/wp-json\/wp\/v2\/categories?post=241698"},{"taxonomy":"post_tag","embeddable":true,"href":"https:\/\/www.fundacionyuste.org\/en\/wp-json\/wp\/v2\/tags?post=241698"}],"curies":[{"name":"wp","href":"https:\/\/api.w.org\/{rel}","templated":true}]}}