{"id":242536,"date":"2025-10-30T12:21:40","date_gmt":"2025-10-30T12:21:40","guid":{"rendered":"https:\/\/www.fundacionyuste.org\/?p=242536"},"modified":"2025-10-30T12:22:01","modified_gmt":"2025-10-30T12:22:01","slug":"viii-congreso-internacional","status":"publish","type":"post","link":"https:\/\/www.fundacionyuste.org\/en\/viii-congreso-internacional\/","title":{"rendered":"Yuste Foundation Holds a Congress in Guatemala on Cultures and Identities in the Ibero-American Space"},"content":{"rendered":"<p>[et_pb_section fb_built=&#8221;1&#8243; _builder_version=&#8221;4.16&#8243; global_colors_info=&#8221;{}&#8221;][et_pb_row column_structure=&#8221;1_4,3_4&#8243; admin_label=&#8221;ENCABEZADOS&#8221; _builder_version=&#8221;4.16&#8243; background_size=&#8221;initial&#8221; background_position=&#8221;top_left&#8221; background_repeat=&#8221;repeat&#8221; global_colors_info=&#8221;{}&#8221;][et_pb_column type=&#8221;1_4&#8243; _builder_version=&#8221;4.16&#8243; custom_padding=&#8221;|||&#8221; global_colors_info=&#8221;{}&#8221; custom_padding__hover=&#8221;|||&#8221;][et_pb_text admin_label=&#8221;TITULO SECCI\u00d3N&#8221; _builder_version=&#8221;4.16&#8243; text_font=&#8221;|600|||||||&#8221; text_text_color=&#8221;#7cda24&#8243; text_font_size=&#8221;33px&#8221; header_font=&#8221;||||||||&#8221; header_font_size=&#8221;31px&#8221; text_orientation=&#8221;right&#8221; module_alignment=&#8221;right&#8221; custom_padding=&#8221;|20px||&#8221; text_text_shadow_style=&#8221;preset3&#8243; text_text_shadow_color=&#8221;rgba(0,0,0,0.28)&#8221; header_text_shadow_style=&#8221;preset3&#8243; global_colors_info=&#8221;{}&#8221;]<\/p>\n<h1>COMUNICACI\u00d3N<\/h1>\n<p>[\/et_pb_text][\/et_pb_column][et_pb_column type=&#8221;3_4&#8243; _builder_version=&#8221;4.16&#8243; custom_padding=&#8221;|||&#8221; global_colors_info=&#8221;{}&#8221; custom_padding__hover=&#8221;|||&#8221;][et_pb_post_title meta=&#8221;off&#8221; featured_image=&#8221;off&#8221; admin_label=&#8221;T\u00cdTULO DE LA NOTICIA (Autom\u00e1tico)&#8221; _builder_version=&#8221;4.16&#8243; title_level=&#8221;h2&#8243; title_font=&#8221;|700||on|||||&#8221; title_font_size=&#8221;20px&#8221; custom_margin=&#8221;6px|||&#8221; global_colors_info=&#8221;{}&#8221;][\/et_pb_post_title][\/et_pb_column][\/et_pb_row][et_pb_row column_structure=&#8221;1_4,3_4&#8243; _builder_version=&#8221;4.16&#8243; background_size=&#8221;initial&#8221; background_position=&#8221;top_left&#8221; background_repeat=&#8221;repeat&#8221; custom_padding=&#8221;3px|0px|0px|0px&#8221; global_colors_info=&#8221;{}&#8221;][et_pb_column type=&#8221;1_4&#8243; _builder_version=&#8221;4.16&#8243; custom_padding=&#8221;|||&#8221; global_colors_info=&#8221;{}&#8221; custom_padding__hover=&#8221;|||&#8221;][et_pb_sidebar area=&#8221;et_pb_widget_area_6&#8243; admin_label=&#8221;MENU LATERAL&#8221; _builder_version=&#8221;4.19.5&#8243; global_colors_info=&#8221;{}&#8221;][\/et_pb_sidebar][\/et_pb_column][et_pb_column type=&#8221;3_4&#8243; _builder_version=&#8221;4.16&#8243; custom_padding=&#8221;|||&#8221; global_colors_info=&#8221;{}&#8221; custom_padding__hover=&#8221;|||&#8221;][et_pb_text admin_label=&#8221;CONTENIDO DE LA NOTICIA&#8221; _builder_version=&#8221;4.19.5&#8243; text_font=&#8221;||||||||&#8221; text_text_color=&#8221;#262626&#8243; text_line_height=&#8221;1.4em&#8221; header_font=&#8221;||||||||&#8221; header_font_size=&#8221;22px&#8221; header_2_font=&#8221;||||||||&#8221; header_3_font=&#8221;||||||||&#8221; header_4_font=&#8221;||||||||&#8221; header_5_font=&#8221;||||||||&#8221; header_6_font=&#8221;||||||||&#8221; text_orientation=&#8221;justified&#8221; custom_margin=&#8221;8px|||&#8221; hover_enabled=&#8221;0&#8243; global_colors_info=&#8221;{}&#8221; sticky_enabled=&#8221;0&#8243;]<\/p>\n<p><strong><a  href=\"https:\/\/www.fundacionyuste.org\/wp-content\/uploads\/2025\/09\/2025_FYUSTE_Cultura-e-identidad-1-scaled.jpg\" data-rel=\"lightbox-gallery-0\" data-rl_title=\"\" data-rl_caption=\"\" title=\"\"><img decoding=\"async\" loading=\"lazy\" class=\"wp-image-242550 size-medium alignleft\" src=\"https:\/\/www.fundacionyuste.org\/wp-content\/uploads\/2025\/09\/2025_FYUSTE_Cultura-e-identidad-1-300x200.jpg\" alt=\"\" width=\"300\" height=\"200\" srcset=\"https:\/\/www.fundacionyuste.org\/wp-content\/uploads\/2025\/09\/2025_FYUSTE_Cultura-e-identidad-1-300x200.jpg 300w, https:\/\/www.fundacionyuste.org\/wp-content\/uploads\/2025\/09\/2025_FYUSTE_Cultura-e-identidad-1-1024x683.jpg 1024w, https:\/\/www.fundacionyuste.org\/wp-content\/uploads\/2025\/09\/2025_FYUSTE_Cultura-e-identidad-1-768x512.jpg 768w, https:\/\/www.fundacionyuste.org\/wp-content\/uploads\/2025\/09\/2025_FYUSTE_Cultura-e-identidad-1-391x260.jpg 391w, https:\/\/www.fundacionyuste.org\/wp-content\/uploads\/2025\/09\/2025_FYUSTE_Cultura-e-identidad-1-1536x1024.jpg 1536w, https:\/\/www.fundacionyuste.org\/wp-content\/uploads\/2025\/09\/2025_FYUSTE_Cultura-e-identidad-1-2048x1365.jpg 2048w, https:\/\/www.fundacionyuste.org\/wp-content\/uploads\/2025\/09\/2025_FYUSTE_Cultura-e-identidad-1-1080x720.jpg 1080w\" sizes=\"(max-width: 300px) 100vw, 300px\" \/><\/a>The European and Ibero-American Academy of Yuste Foundation is organising the 8<sup>th<\/sup> International Congress \u201cRelations between Latin America, the Caribbean and Europe\u201d in La Antigua, Guatemala, which, under the title \u201cCultures and Identities in the Ibero-American Space: Spain\u2019s Contribution\u201d, aims to continue deepening the study of the interaction that has taken place over the past five centuries between Extremadura, Europe and the Americas. <\/strong>(29\/10\/2025)<\/p>\n<p>This congress follows on from others held since 2021 in Guadalupe and in various American cities such as Cartagena de Indias, Colombia, and Lima, Peru.<\/p>\n<p>The event, organised in collaboration with the Rafael Land\u00edvar University of Guatemala and the Research Centre for Ibero-America Studies (CEIB) at Rey Juan Carlos University, has brought together representatives from Guatemalan institutions and academia, as well as the mayor of La Antigua, Juan Manuel Asturias, and the ambassador of the Kingdom of Spain to Guatemala and Belize, Clara Girbau Ronda, who inaugurated the congress alongside the director of Yuste Foundation, Juan Carlos Moreno Pi\u00f1ero; the academic vice-rector of the Rafael Land\u00edvar University, Martha P\u00e9rez de Chen; and the director of the AECID Training Centre in La Antigua, Elena Diego Castellanos.<\/p>\n<p>Topics addressed at the congress include cultural diversity, identities and territory in the Euro-Latin American space; cultural cooperation within the Ibero-American sphere; tangible and intangible cultural heritage and assets; new mechanisms for cultural cooperation in the Ibero-American space; geopolitics and the Ibero-American cultural charter.<\/p>\n<p>The congress, held at the Spanish Cooperation Training Centre in La Antigua and conducted in both in-person and online formats, registered 150 participants from 14 countries: Argentina, Belgium, Bolivia, Brazil, Colombia, Cuba, Spain, the United States, Guatemala, Nicaragua, Paraguay, the Czech Republic, Romania, and Uruguay.<\/p>\n<p>The organising committee of the congress was composed of the director of Yuste Foundation, Juan Carlos Moreno; the dean of the Faculty of Political and Social Sciences at the Rafael Land\u00edvar University, Lourdes Balconi Villase\u00f1or; the full professor of Public International Law and International Relations and director of the Research Centre for Ibero-America Studies (CEIB) at the Rey Juan Carlos University, C\u00e1stor D\u00edaz Barrado; and the full professor of Public International Law and International Relations at the Rey Juan Carlos University, Sagrario Mor\u00e1n Blanco.<\/p>\n<p><strong>\u00a0<\/strong><\/p>\n<p><strong>Memorandum of understanding signed between Yuste Foundation and the Rafael Land\u00edvar University<\/strong><\/p>\n<p>The congress also provided the framework for the signing of a memorandum of understanding between Yuste Foundation and the Rafael Land\u00edvar University, signed by the rector, Miquel Cort\u00e9s Bofill, and by Juan Carlos Moreno.<\/p>\n<p>The purpose of this memorandum is to establish a framework for collaboration in the design, development, implementation and joint delivery of various academic cooperation activities of mutual interest and benefit to both parties. These include exploring avenues for academic and cultural cooperation through the joint organisation of seminars, conferences, courses, research programmes and publications on topics of common interest; promoting the exchange of researchers, lecturers and students; and fostering academic mobility within inter-university cooperation programmes and international networks.<\/p>\n<p>This memorandum seeks to lay the groundwork for a future framework agreement that will govern the legal, academic and financial aspects of the specific actions to be carried out.<\/p>\n<p>[\/et_pb_text][et_pb_post_nav in_same_term=&#8221;on&#8221; prev_text=&#8221;VER NOTICIA ANTERIOR&#8221; next_text=&#8221;VER NOTICIA SIGUIENTE&#8221; admin_label=&#8221;\u2190 NAVEGACION POR NOTICIAS \u2192&#8221; _builder_version=&#8221;4.19.5&#8243; custom_margin=&#8221;||3%|&#8221; hover_enabled=&#8221;0&#8243; global_colors_info=&#8221;{}&#8221; sticky_enabled=&#8221;0&#8243;][\/et_pb_post_nav][\/et_pb_column][\/et_pb_row][\/et_pb_section]<\/p>\n","protected":false},"excerpt":{"rendered":"<p>The Italian educator Sofia Corradi, better known as \u201cMamma Erasmus\u201d and awarded the Carlos V European Award in 2016, has passed away at the age of 91 in Rome. Corradi studied at the Columbia Graduate School of Law, earning a Master in Comparative Law. She graduated with honours in Law from the University of Rome La Sapienza and conducted research on the right to education as a fundamental human right at the UN Human Rights Commission, the Hague Academy of International Law, and the London School of Economics.<\/p>\n","protected":false},"author":3,"featured_media":242539,"comment_status":"closed","ping_status":"closed","sticky":false,"template":"","format":"standard","meta":{"_et_pb_use_builder":"on","_et_pb_old_content":"","_et_gb_content_width":"","_links_to":"","_links_to_target":""},"categories":[190,191],"tags":[309],"_links":{"self":[{"href":"https:\/\/www.fundacionyuste.org\/en\/wp-json\/wp\/v2\/posts\/242536"}],"collection":[{"href":"https:\/\/www.fundacionyuste.org\/en\/wp-json\/wp\/v2\/posts"}],"about":[{"href":"https:\/\/www.fundacionyuste.org\/en\/wp-json\/wp\/v2\/types\/post"}],"author":[{"embeddable":true,"href":"https:\/\/www.fundacionyuste.org\/en\/wp-json\/wp\/v2\/users\/3"}],"replies":[{"embeddable":true,"href":"https:\/\/www.fundacionyuste.org\/en\/wp-json\/wp\/v2\/comments?post=242536"}],"version-history":[{"count":3,"href":"https:\/\/www.fundacionyuste.org\/en\/wp-json\/wp\/v2\/posts\/242536\/revisions"}],"predecessor-version":[{"id":242569,"href":"https:\/\/www.fundacionyuste.org\/en\/wp-json\/wp\/v2\/posts\/242536\/revisions\/242569"}],"wp:featuredmedia":[{"embeddable":true,"href":"https:\/\/www.fundacionyuste.org\/en\/wp-json\/wp\/v2\/media\/242539"}],"wp:attachment":[{"href":"https:\/\/www.fundacionyuste.org\/en\/wp-json\/wp\/v2\/media?parent=242536"}],"wp:term":[{"taxonomy":"category","embeddable":true,"href":"https:\/\/www.fundacionyuste.org\/en\/wp-json\/wp\/v2\/categories?post=242536"},{"taxonomy":"post_tag","embeddable":true,"href":"https:\/\/www.fundacionyuste.org\/en\/wp-json\/wp\/v2\/tags?post=242536"}],"curies":[{"name":"wp","href":"https:\/\/api.w.org\/{rel}","templated":true}]}}