{"id":243329,"date":"2026-03-12T11:29:24","date_gmt":"2026-03-12T11:29:24","guid":{"rendered":"https:\/\/www.fundacionyuste.org\/?p=243329"},"modified":"2026-03-12T11:29:31","modified_gmt":"2026-03-12T11:29:31","slug":"curso-derecho-agrario-y-ganadero-2026","status":"publish","type":"post","link":"https:\/\/www.fundacionyuste.org\/en\/curso-derecho-agrario-y-ganadero-2026\/","title":{"rendered":"The 4th Course on Agrarian and Livestock Law Establishes Itself as a Multidisciplinary Encounter to Address the Challenges of the Primary Sector"},"content":{"rendered":"<p>[et_pb_section fb_built=&#8221;1&#8243; _builder_version=&#8221;4.16&#8243; global_colors_info=&#8221;{}&#8221;][et_pb_row column_structure=&#8221;1_4,3_4&#8243; admin_label=&#8221;ENCABEZADOS&#8221; _builder_version=&#8221;4.16&#8243; background_size=&#8221;initial&#8221; background_position=&#8221;top_left&#8221; background_repeat=&#8221;repeat&#8221; global_colors_info=&#8221;{}&#8221;][et_pb_column type=&#8221;1_4&#8243; _builder_version=&#8221;4.16&#8243; custom_padding=&#8221;|||&#8221; global_colors_info=&#8221;{}&#8221; custom_padding__hover=&#8221;|||&#8221;][et_pb_text admin_label=&#8221;TITULO SECCI\u00d3N&#8221; _builder_version=&#8221;4.16&#8243; text_font=&#8221;|600|||||||&#8221; text_text_color=&#8221;#7cda24&#8243; text_font_size=&#8221;33px&#8221; header_font=&#8221;||||||||&#8221; header_font_size=&#8221;31px&#8221; text_orientation=&#8221;right&#8221; module_alignment=&#8221;right&#8221; custom_padding=&#8221;|20px||&#8221; text_text_shadow_style=&#8221;preset3&#8243; text_text_shadow_color=&#8221;rgba(0,0,0,0.28)&#8221; header_text_shadow_style=&#8221;preset3&#8243; global_colors_info=&#8221;{}&#8221;]<\/p>\n<h1>COMUNICACI\u00d3N<\/h1>\n<p>[\/et_pb_text][\/et_pb_column][et_pb_column type=&#8221;3_4&#8243; _builder_version=&#8221;4.16&#8243; custom_padding=&#8221;|||&#8221; global_colors_info=&#8221;{}&#8221; custom_padding__hover=&#8221;|||&#8221;][et_pb_post_title meta=&#8221;off&#8221; featured_image=&#8221;off&#8221; admin_label=&#8221;T\u00cdTULO DE LA NOTICIA (Autom\u00e1tico)&#8221; _builder_version=&#8221;4.16&#8243; title_level=&#8221;h2&#8243; title_font=&#8221;|700||on|||||&#8221; title_font_size=&#8221;20px&#8221; custom_margin=&#8221;6px|||&#8221; global_colors_info=&#8221;{}&#8221;][\/et_pb_post_title][\/et_pb_column][\/et_pb_row][et_pb_row column_structure=&#8221;1_4,3_4&#8243; _builder_version=&#8221;4.16&#8243; background_size=&#8221;initial&#8221; background_position=&#8221;top_left&#8221; background_repeat=&#8221;repeat&#8221; custom_padding=&#8221;3px|0px|0px|0px&#8221; global_colors_info=&#8221;{}&#8221;][et_pb_column type=&#8221;1_4&#8243; _builder_version=&#8221;4.16&#8243; custom_padding=&#8221;|||&#8221; global_colors_info=&#8221;{}&#8221; custom_padding__hover=&#8221;|||&#8221;][et_pb_sidebar area=&#8221;et_pb_widget_area_6&#8243; admin_label=&#8221;MENU LATERAL&#8221; _builder_version=&#8221;4.19.5&#8243; global_colors_info=&#8221;{}&#8221;][\/et_pb_sidebar][\/et_pb_column][et_pb_column type=&#8221;3_4&#8243; _builder_version=&#8221;4.16&#8243; custom_padding=&#8221;|||&#8221; global_colors_info=&#8221;{}&#8221; custom_padding__hover=&#8221;|||&#8221;][et_pb_text admin_label=&#8221;CONTENIDO DE LA NOTICIA&#8221; _builder_version=&#8221;4.19.5&#8243; text_font=&#8221;||||||||&#8221; text_text_color=&#8221;#262626&#8243; text_line_height=&#8221;1.4em&#8221; header_font=&#8221;||||||||&#8221; header_font_size=&#8221;22px&#8221; header_2_font=&#8221;||||||||&#8221; header_3_font=&#8221;||||||||&#8221; header_4_font=&#8221;||||||||&#8221; header_5_font=&#8221;||||||||&#8221; header_6_font=&#8221;||||||||&#8221; text_orientation=&#8221;justified&#8221; custom_margin=&#8221;8px|||&#8221; hover_enabled=&#8221;0&#8243; global_colors_info=&#8221;{}&#8221; sticky_enabled=&#8221;0&#8243;]<\/p>\n<p><strong>The 4<sup>th<\/sup> Course on Agrarian and Livestock Law Establishes Itself as a Multidisciplinary Encounter to Address the Challenges of the Primary Sector <\/strong>(11\/3\/2026)<\/p>\n<p><a  href=\"https:\/\/www.fundacionyuste.org\/wp-content\/uploads\/2026\/03\/IMG-20260311-WA00412.jpg-scaled.jpeg\" data-rel=\"lightbox-gallery-0\" data-rl_title=\"\" data-rl_caption=\"\" title=\"\"><img decoding=\"async\" loading=\"lazy\" class=\"wp-image-243332 size-medium alignleft\" src=\"https:\/\/www.fundacionyuste.org\/wp-content\/uploads\/2026\/03\/IMG-20260311-WA00412.jpg-300x139.jpeg\" alt=\"\" width=\"300\" height=\"139\" srcset=\"https:\/\/www.fundacionyuste.org\/wp-content\/uploads\/2026\/03\/IMG-20260311-WA00412.jpg-300x139.jpeg 300w, https:\/\/www.fundacionyuste.org\/wp-content\/uploads\/2026\/03\/IMG-20260311-WA00412.jpg-1024x473.jpeg 1024w, https:\/\/www.fundacionyuste.org\/wp-content\/uploads\/2026\/03\/IMG-20260311-WA00412.jpg-768x355.jpeg 768w, https:\/\/www.fundacionyuste.org\/wp-content\/uploads\/2026\/03\/IMG-20260311-WA00412.jpg-1536x710.jpeg 1536w, https:\/\/www.fundacionyuste.org\/wp-content\/uploads\/2026\/03\/IMG-20260311-WA00412.jpg-2048x946.jpeg 2048w, https:\/\/www.fundacionyuste.org\/wp-content\/uploads\/2026\/03\/IMG-20260311-WA00412.jpg-1080x499.jpeg 1080w\" sizes=\"(max-width: 300px) 100vw, 300px\" \/><\/a>Around seventy judges and magistrates, legal scholars, notaries and registrars from across Spain will gather on 11 and 12 March at the Royal Monastery of Santa Mar\u00eda de Guadalupe to participate in the 4<sup>th<\/sup> Course on Agrarian and Livestock Law, held under the agreement signed between the General Council of the Judiciary and Yuste Foundation.<\/p>\n<p>At the course inauguration, the secretary-general for Equality and Work\u2013Life Balance of the Regional Government of Extremadura, Mar\u00eda del Ara S\u00e1nchez, took part, stating that these sessions \u201chave become a space for dialogue and reflection between the legal world and the primary sector\u201d. In this regard, she highlighted the countryside as a fundamental economic activity and a way of life that \u201cshapes the identity of our communities and plays a key role in the social and environmental balance of rural areas\u201d.<\/p>\n<p>For Mar\u00eda del Ara S\u00e1nchez, agricultural and livestock law ensures legal certainty, sustainability, and development in rural areas, adding that thanks to its constant evolution, it allows challenges to be addressed in a cross-cutting manner, such as \u201cthe situation of women in these traditionally male-dominated rural sectors\u201d.<\/p>\n<p>In Spain, nearly 29% of farms are managed by women, a figure that has remained stable in recent years, \u201cconfirming a sustained trend with considerable potential for growth\u201d, the secretary-general stated. In Extremadura, this evolution is particularly evident in education, as in the four Rural Training Centres, 30.24% of enrolled students are women (114 female students out of a total of 377).<\/p>\n<p>To conclude, Mar\u00eda del Ara S\u00e1nchez acknowledged that Extremadura\u2019s agricultural sector is moving towards a more diverse model, in which women play a more prominent role, \u201ctaking firm steps to embark on ventures in the sector\u201d.<\/p>\n<p>The inaugural event also featured a speech by In\u00e9s Herreros, territorial representative of the General Council of the Judiciary, who noted that this course encourages the analysis and debate of innovative and controversial issues specific to the territorial context in which it is held. In this regard, she emphasised the rural world and respect for the environment \u201cas the only way to ensure the sustainable well-being of future generations\u201d.<\/p>\n<p>The guardian and custodian of the Royal Monastery of Santa Mar\u00eda de Guadalupe, friar Vidal Rodr\u00edguez L\u00f3pez, stated that the course addresses the necessity of law as \u201cthe network that binds laws and duties in safeguarding creation, shaping societies, and humanising individuals\u201d.<\/p>\n<p>To close the inaugural session, the president of the High Court of Justice of Extremadura, Mar\u00eda F\u00e9lix Tena Arag\u00f3n, spoke very positively of the \u201cinstitutional loyalty\u201d of the gathering, which brings together a range of professional and social institutions, including notaries, registrars, and legal advisers of the Regional Government of Extremadura, among others. In this context, Tena Arag\u00f3n emphasised, \u201cIn Extremadura we are few, and if we do not work together, we will achieve nothing\u201d.<\/p>\n<p>Tena Arag\u00f3n took the opportunity to announce that one of the topics to be addressed in the next edition will be the challenge of energy and the transformation of rural areas.<\/p>\n<p>The course, part of the national training plan of the General Council of the Judiciary, examines agricultural and livestock law from Ibero-American, European, and regional perspectives. Among the speakers are the vice president of the Supreme Court and judge of the Contentious-Administrative Chamber, Dimitry Berberoff Ayuda; the chair of the United Nations Committee on the Elimination of Discrimination against Women, Ana Pel\u00e1ez Narv\u00e1ez; the Chilean doctor of law Francisca Mar\u00eda Barrientos Camus; and the deputy director-general at the European Union\u2019s Directorate-General for Agriculture, Diego Canga Fano.<\/p>\n<p>This year, following the devastating wildfires that swept through Extremadura last summer, destroying over 50,000 hectares, a roundtable has been included to discuss the legal implications of such disasters, featuring David Jorge Vegas, head of service at Infoex. The course will also examine the situation of people with disabilities in rural areas, with particular focus on women. In addition, attention will be given to the challenges posed by innovation in food engineering and the distribution of agricultural and livestock products, with a session including Matilde Garc\u00eda Duarte, president of the National Association of Large Distribution Companies.<\/p>\n<p>The legal implications of bullfighting will also be debated in a roundtable featuring Jos\u00e9 Luque Teruel, president of the <em>Real Maestranza de Caballer\u00eda de Sevilla <\/em>(Royal Cavalry Armory of Seville) and magistrate, and livestock breeder Victorino Mart\u00edn, moderated by CGPJ member Jos\u00e9 Antonio Montero Fern\u00e1ndez.<\/p>\n<p>The course is co-directed by Rafael Est\u00e9vez Benito, president of the Court of First Instance of C\u00e1ceres, and Juan Carlos Moreno Pi\u00f1ero, director of Yuste Foundation. It also has the support of the Notarial Association of Extremadura and the College of Property, Commercial, and Movable Property Registrars of Spain.<\/p>\n<p>&nbsp;<\/p>\n<p>[\/et_pb_text][et_pb_post_nav in_same_term=&#8221;on&#8221; prev_text=&#8221;VER NOTICIA ANTERIOR&#8221; next_text=&#8221;VER NOTICIA SIGUIENTE&#8221; admin_label=&#8221;\u2190 NAVEGACION POR NOTICIAS \u2192&#8221; _builder_version=&#8221;4.19.5&#8243; custom_margin=&#8221;||3%|&#8221; hover_enabled=&#8221;0&#8243; global_colors_info=&#8221;{}&#8221; sticky_enabled=&#8221;0&#8243;][\/et_pb_post_nav][\/et_pb_column][\/et_pb_row][\/et_pb_section]<\/p>\n","protected":false},"excerpt":{"rendered":"<p>The European and Ibero-American Academy of Yuste Foundation has opened the call for applications for 10 \u201cCarlos V European Award \u2013 Ant\u00f3nio Guterres European Doctoral Research and Mobility Grants for European Studies\u201d, each with a financial endowment of \u20ac2,500.<\/p>\n","protected":false},"author":3,"featured_media":243332,"comment_status":"closed","ping_status":"closed","sticky":false,"template":"","format":"standard","meta":{"_et_pb_use_builder":"on","_et_pb_old_content":"","_et_gb_content_width":"","_links_to":"","_links_to_target":""},"categories":[190,191],"tags":[],"_links":{"self":[{"href":"https:\/\/www.fundacionyuste.org\/en\/wp-json\/wp\/v2\/posts\/243329"}],"collection":[{"href":"https:\/\/www.fundacionyuste.org\/en\/wp-json\/wp\/v2\/posts"}],"about":[{"href":"https:\/\/www.fundacionyuste.org\/en\/wp-json\/wp\/v2\/types\/post"}],"author":[{"embeddable":true,"href":"https:\/\/www.fundacionyuste.org\/en\/wp-json\/wp\/v2\/users\/3"}],"replies":[{"embeddable":true,"href":"https:\/\/www.fundacionyuste.org\/en\/wp-json\/wp\/v2\/comments?post=243329"}],"version-history":[{"count":2,"href":"https:\/\/www.fundacionyuste.org\/en\/wp-json\/wp\/v2\/posts\/243329\/revisions"}],"predecessor-version":[{"id":243339,"href":"https:\/\/www.fundacionyuste.org\/en\/wp-json\/wp\/v2\/posts\/243329\/revisions\/243339"}],"wp:featuredmedia":[{"embeddable":true,"href":"https:\/\/www.fundacionyuste.org\/en\/wp-json\/wp\/v2\/media\/243332"}],"wp:attachment":[{"href":"https:\/\/www.fundacionyuste.org\/en\/wp-json\/wp\/v2\/media?parent=243329"}],"wp:term":[{"taxonomy":"category","embeddable":true,"href":"https:\/\/www.fundacionyuste.org\/en\/wp-json\/wp\/v2\/categories?post=243329"},{"taxonomy":"post_tag","embeddable":true,"href":"https:\/\/www.fundacionyuste.org\/en\/wp-json\/wp\/v2\/tags?post=243329"}],"curies":[{"name":"wp","href":"https:\/\/api.w.org\/{rel}","templated":true}]}}