{"id":4733,"date":"2014-07-14T09:25:19","date_gmt":"2014-07-14T09:25:19","guid":{"rendered":"https:\/\/www.fundacionyuste.org\/?p=4733"},"modified":"2015-01-20T18:32:59","modified_gmt":"2015-01-20T18:32:59","slug":"prospects-and-challenges-for-the-european-union-economy-and-politics-for-a-renewed-european-integration","status":"publish","type":"post","link":"https:\/\/www.fundacionyuste.org\/en\/prospects-and-challenges-for-the-european-union-economy-and-politics-for-a-renewed-european-integration\/","title":{"rendered":"Prospects and challenges for the european union: economy and politics for a renewed european integration"},"content":{"rendered":"<h4><\/h4>\n<h4>Royal Monastery Of Yuste, 14-16 July 2014<\/h4>\n<p>The main aim of the course is to analyze some of the major challenges confronting the European Union today. The conditions affecting the process of European integration following the entry into force of the Lisbon Treaty have been influenced by the protracted financial and economic crisis the leading global economies still find themselves in. Apart from purely internal factors, the EU\u00b4s position in the world has been reshaped by the convergence of new emerging actors on the international scene and by the tensions besetting the continent.<\/p>\n<p>Directors: Dr. Juan Manuel Rodr\u00edguez Barrig\u00f3n \u2013 Associate Professor of International Public Law, University of Extremadura \u2013and Dr. Jorge UrbanejaCill\u00e1n\u00a0 -Coordinator of the Graduate Law Degree, University of Extremadura.<\/p>\n<p>Participants:<\/p>\n<p>&#8211; \u00a0\u00a0 \u00a0Dr. C\u00e1stor Miguel D\u00edaz Barrado \u2013 Full Professor of International Public Law and International Relations at the King Juan Carlos University in Madrid. Director of the Center for Ibero-American Studies<\/p>\n<p>&#8211; \u00a0\u00a0 \u00a0Dr. Jos\u00e9 Antonio Sanahuja\u2013 Associate Professor of International Relations at the Complutense University of Madrid<\/p>\n<p>&#8211; \u00a0\u00a0 \u00a0Mr. Jes\u00fas Mar\u00eda GamalloAller \u2013 Director-General of External Relations with the EU in the Galicia regional government<\/p>\n<p>&#8211; \u00a0\u00a0 \u00a0Mr. Guillermo Mart\u00ednez Su\u00e1rez \u2013 Advisor to the President of the Asturias regional government<\/p>\n<p>&#8211; \u00a0\u00a0 \u00a0Mrs. Mar\u00eda de Diego Dur\u00e1ntez \u2013 Director-General of Institutional Relations and External Actions in the Castile and Le\u00f3n regional government<\/p>\n<p>&#8211; \u00a0\u00a0 \u00a0Dr. Clemente Checa Gonz\u00e1lez \u2013 Full Professor of Financial and Tax Law at the University of Extremadura. Finance and Public AdministrationCounselor in the Extremadura regional government<\/p>\n<p>&#8211; \u00a0\u00a0 \u00a0Dr. Manuel Jes\u00fas Mor\u00e1n Rosado \u2013 Lecturer in International Law, University of Extremadura<\/p>\n<p>&#8211; \u00a0\u00a0 \u00a0Mr. Jes\u00fas Carmona N\u00fa\u00f1ez \u2013 Chef de Cabinet of the President of the Committee of the Regions<\/p>\n<p>&#8211; \u00a0\u00a0 \u00a0Mr. Enrique Barrasa S\u00e1nchez \u2013 Director-General for External Action in the Extremadura regional government. Director of the European Academy of Yuste Foundation<\/p>\n<p>&#8211; \u00a0\u00a0 \u00a0Mr. Mart\u00edn Guillermo Ram\u00edrez \u2013 Secretary-General of the Association of European Border Regions<\/p>\n<p>&nbsp;<\/p>\n<p>&nbsp;<\/p>\n","protected":false},"excerpt":{"rendered":"<p>Royal Monastery Of Yuste, 14-16 July 2014<\/p>\n","protected":false},"author":2,"featured_media":4736,"comment_status":"closed","ping_status":"closed","sticky":false,"template":"","format":"standard","meta":{"_et_pb_use_builder":"","_et_pb_old_content":"","_et_gb_content_width":"","_links_to":"","_links_to_target":""},"categories":[62],"tags":[],"_links":{"self":[{"href":"https:\/\/www.fundacionyuste.org\/en\/wp-json\/wp\/v2\/posts\/4733"}],"collection":[{"href":"https:\/\/www.fundacionyuste.org\/en\/wp-json\/wp\/v2\/posts"}],"about":[{"href":"https:\/\/www.fundacionyuste.org\/en\/wp-json\/wp\/v2\/types\/post"}],"author":[{"embeddable":true,"href":"https:\/\/www.fundacionyuste.org\/en\/wp-json\/wp\/v2\/users\/2"}],"replies":[{"embeddable":true,"href":"https:\/\/www.fundacionyuste.org\/en\/wp-json\/wp\/v2\/comments?post=4733"}],"version-history":[{"count":0,"href":"https:\/\/www.fundacionyuste.org\/en\/wp-json\/wp\/v2\/posts\/4733\/revisions"}],"wp:featuredmedia":[{"embeddable":true,"href":"https:\/\/www.fundacionyuste.org\/en\/wp-json\/wp\/v2\/media\/4736"}],"wp:attachment":[{"href":"https:\/\/www.fundacionyuste.org\/en\/wp-json\/wp\/v2\/media?parent=4733"}],"wp:term":[{"taxonomy":"category","embeddable":true,"href":"https:\/\/www.fundacionyuste.org\/en\/wp-json\/wp\/v2\/categories?post=4733"},{"taxonomy":"post_tag","embeddable":true,"href":"https:\/\/www.fundacionyuste.org\/en\/wp-json\/wp\/v2\/tags?post=4733"}],"curies":[{"name":"wp","href":"https:\/\/api.w.org\/{rel}","templated":true}]}}