{"id":7803,"date":"2015-10-02T18:00:25","date_gmt":"2015-10-02T18:00:25","guid":{"rendered":"https:\/\/www.fundacionyuste.org\/?p=7803"},"modified":"2015-10-27T09:30:31","modified_gmt":"2015-10-27T09:30:31","slug":"routes-of-the-emperor-charles-v-receive-the-mention-of-european-cultural-route-from-the-council-of-europe","status":"publish","type":"post","link":"https:\/\/www.fundacionyuste.org\/en\/routes-of-the-emperor-charles-v-receive-the-mention-of-european-cultural-route-from-the-council-of-europe\/","title":{"rendered":"Routes Of The Emperor Charles V Receive The Mention Of European Cultural Route From The Council Of Europe"},"content":{"rendered":"<p>&nbsp;<\/p>\n<p><strong><img decoding=\"async\" loading=\"lazy\" class=\"alignleft wp-image-7800 size-medium\" src=\"https:\/\/www.fundacionyuste.org\/wp-content\/uploads\/2015\/10\/Foto-de-Familia-oficial-300x199.jpg\" alt=\"Foto de Familia oficial\" width=\"300\" height=\"199\" srcset=\"https:\/\/www.fundacionyuste.org\/wp-content\/uploads\/2015\/10\/Foto-de-Familia-oficial-300x199.jpg 300w, https:\/\/www.fundacionyuste.org\/wp-content\/uploads\/2015\/10\/Foto-de-Familia-oficial-1024x682.jpg 1024w, https:\/\/www.fundacionyuste.org\/wp-content\/uploads\/2015\/10\/Foto-de-Familia-oficial-600x399.jpg 600w, https:\/\/www.fundacionyuste.org\/wp-content\/uploads\/2015\/10\/Foto-de-Familia-oficial-133x88.jpg 133w, https:\/\/www.fundacionyuste.org\/wp-content\/uploads\/2015\/10\/Foto-de-Familia-oficial-1080x719.jpg 1080w, https:\/\/www.fundacionyuste.org\/wp-content\/uploads\/2015\/10\/Foto-de-Familia-oficial.jpg 1280w\" sizes=\"(max-width: 300px) 100vw, 300px\" \/>Cooperation Network of European Routes of Emperor Charles V has received the Certificate of European Cultural Route from the Council of Europe. This mention has been delivered at the Royal Monastery of Yuste in an institutional event attended by various personalities.<\/strong><\/p>\n<p>The ceremony began at 5 p.m. with a reception by the court of Emperor Charles V and a concert of Renaissance music played by the string quartet Mu\u00e9rdago Antiqua.<\/p>\n<p>The following authorities came after the court to begin the mentioning act: the Head of the Government of Extremadura, Guillermo Fern\u00e1ndez Vara; President of the Assembly of Extremadura, Blanca Mart\u00edn Delgado; Mayor of Cuacos de Yuste, Jos\u00e9 Mar\u00eda Hern\u00e1ndez Garc\u00eda; President of the Cooperation Network of European Routes of Emperor Charles V, Jose Antonio Rodriguez; President of the Council of C\u00e1ceres, Mar\u00eda Rosario Cordero Mart\u00edn; Executive President of the European Cultural Routes Program, Pen\u00e9lope Denu; CEO of Tourism, Francisco Mart\u00edn Sim\u00f3n; Managing Director of Foreign Affairs, Rosa Balas Torres; Pilar Barraca, Technical Adviser for the Analysis Unit of the CoE Cultural Routes of the Ministry of Education, Culture and Sports, Culture and Sports; CEO of National Heritage, Ignacio Mu\u00f1oz Llin\u00e1s, and invited authorities.<\/p>\n<p>The presentation of the official ceremony came after a greeting from His Excellency the Bishop of Plasencia. and Reverend Mr. Amadeo Rodr\u00edguez Magro, and also from the Pauline Community of the Monastery,<\/p>\n<p>The Manager of the Cooperation Network of European Routes of Emperor Charles V, Quint\u00edn Correas, conducted the ceremony in which it was exposed an explanatory documentary about the\u00a0 Cooperation Network.<\/p>\n<p>Pilar Barraca, Technical adviser for the Analysis Unit of the CoE Cultural Routes of the Ministry of Education, Culture and Sports. She stressed the importance of European relationships thanks to the emperor Charles V as an important element of social and cultural cohesion.<\/p>\n<p>Jos\u00e9 Antonio Rodr\u00edguez, made his first speech as President of the Cooperation Network of European Routes of Emperor Charles V. He provided information about the objectives for his legislature. Between these objectives we could find \u201cto increase the preservation and promotion of Cultural Heritage, to promote cultural exchanges with special attention to young people, to work on the creation of tourism sustainability products to improve the life quality, and foster the understanding and cohesion among European citizens\u201d.<\/p>\n<p>Penelope Denu, Director of the European Institute of Cultural Routes and Executive Secretary of the Council of Europe Enlarged Partial Agreement on Cultural Routes, said that the organization wants the routes and activities developed democratically. History should not be static but a living element, which is why youth is a key element, in her words &#8220;the youth of today is tomorrow&#8217;s society&#8221;. Tourism is the tool for tourism, but this was already discovered by the Emperor Charles V, and now it is entrenched thanks to this mention.<\/p>\n<p>The President of Extremadura, Guillermo Fern\u00e1ndez Vara, received the Certificate of European Cultural Route from the Council of Europe at the hands of Penelope Denu on behalf of all the people from Extremadura. At the same time, he gave it to the president of the Network of European Routes of Emperor Charles V, Jose Antonio Rodriguez.<br \/>\nGuillermo Fern\u00e1ndez Vara praised the importance of the region because Extremadura was the final destination of Charles V\u2019s journey. Therefore, it is a &#8220;route that is much more than a tourist destination, it is an exchange and enrichment for citizens who can create links between the different countries\u201d in the words of the president.<\/p>\n<p>In 2013 the Cooperation Network presented the draft-report to the European Institute of Cultural Routes, based in Luxembourg, to qualify for the mention. The official definition of the European Cultura Route from the Council of Europe, is a cooperative project aimed to develop and promote one or more touristic routes based on the Cultural Heritage. It must have transnational importance and meaning for understanding and respect for common values in Europe.<br \/>\nCooperation Network Route of Charles V will hold this certificate for three years. The meaning of the mention is the European recognition of its career. Its President confirms that they will apply to the mention again in the years to come.<\/p>\n<p>The event was finished with the interpretation of the solemn song Tedeum by the jaraice\u00f1a coral in collaboration with the Pauline Monastic Community. Tedeum is the first word of this Ambrosian song. This was the song with which the Emperor Charles V was received, at the Royal Monastery of Yuste, on the 3rd of February, 1557. This final performance ended the celebration for obtaining the Mention of European Cultural Route from the Council of Europe to the Cooperation Network of European Routes of Emperor Charles V.<\/p>\n<h2>Photo gallery<\/h2>\n\n\t\t<style type=\"text\/css\">\n\t\t\t#gallery-1 {\n\t\t\t\tmargin: auto;\n\t\t\t}\n\t\t\t#gallery-1 .gallery-item {\n\t\t\t\tfloat: left;\n\t\t\t\tmargin-top: 10px;\n\t\t\t\ttext-align: center;\n\t\t\t\twidth: 25%;\n\t\t\t}\n\t\t\t#gallery-1 img {\n\t\t\t\tborder: 2px solid #cfcfcf;\n\t\t\t}\n\t\t\t#gallery-1 .gallery-caption {\n\t\t\t\tmargin-left: 0;\n\t\t\t}\n\t\t\t\/* see gallery_shortcode() in wp-includes\/media.php *\/\n\t\t<\/style>\n\t\t<div id='gallery-1' class='gallery galleryid-7803 gallery-columns-4 gallery-size-thumbnail'><dl class='gallery-item'>\n\t\t\t<dt class='gallery-icon landscape'>\n\t\t\t\t<a href='https:\/\/www.fundacionyuste.org\/wp-content\/uploads\/2015\/10\/Foto-de-Familia-oficial-1024x682.jpg' title=\"\" data-rl_title=\"\" class=\"rl-gallery-link\" data-rl_caption=\"\" data-rel=\"lightbox-gallery-1\"><img width=\"150\" height=\"150\" src=\"https:\/\/www.fundacionyuste.org\/wp-content\/uploads\/2015\/10\/Foto-de-Familia-oficial-150x150.jpg\" class=\"attachment-thumbnail size-thumbnail\" alt=\"\" decoding=\"async\" loading=\"lazy\" srcset=\"https:\/\/www.fundacionyuste.org\/wp-content\/uploads\/2015\/10\/Foto-de-Familia-oficial-150x150.jpg 150w, https:\/\/www.fundacionyuste.org\/wp-content\/uploads\/2015\/10\/Foto-de-Familia-oficial-36x36.jpg 36w, https:\/\/www.fundacionyuste.org\/wp-content\/uploads\/2015\/10\/Foto-de-Familia-oficial-45x45.jpg 45w\" sizes=\"(max-width: 150px) 100vw, 150px\" \/><\/a>\n\t\t\t<\/dt><\/dl><dl class='gallery-item'>\n\t\t\t<dt class='gallery-icon landscape'>\n\t\t\t\t<a href='https:\/\/www.fundacionyuste.org\/wp-content\/uploads\/2015\/10\/Foto-presi-Junta-presi-RCCV-y-Denu.jpg' title=\"\" data-rl_title=\"\" class=\"rl-gallery-link\" data-rl_caption=\"\" data-rel=\"lightbox-gallery-1\"><img width=\"150\" height=\"150\" src=\"https:\/\/www.fundacionyuste.org\/wp-content\/uploads\/2015\/10\/Foto-presi-Junta-presi-RCCV-y-Denu-150x150.jpg\" class=\"attachment-thumbnail size-thumbnail\" alt=\"\" decoding=\"async\" loading=\"lazy\" srcset=\"https:\/\/www.fundacionyuste.org\/wp-content\/uploads\/2015\/10\/Foto-presi-Junta-presi-RCCV-y-Denu-150x150.jpg 150w, https:\/\/www.fundacionyuste.org\/wp-content\/uploads\/2015\/10\/Foto-presi-Junta-presi-RCCV-y-Denu-36x36.jpg 36w, https:\/\/www.fundacionyuste.org\/wp-content\/uploads\/2015\/10\/Foto-presi-Junta-presi-RCCV-y-Denu-45x45.jpg 45w\" sizes=\"(max-width: 150px) 100vw, 150px\" \/><\/a>\n\t\t\t<\/dt><\/dl><dl class='gallery-item'>\n\t\t\t<dt class='gallery-icon landscape'>\n\t\t\t\t<a href='https:\/\/www.fundacionyuste.org\/wp-content\/uploads\/2015\/10\/Presi-Junta-da-diploma-a-presi-Rutas.jpg' title=\"\" data-rl_title=\"\" class=\"rl-gallery-link\" data-rl_caption=\"\" data-rel=\"lightbox-gallery-1\"><img width=\"150\" height=\"150\" src=\"https:\/\/www.fundacionyuste.org\/wp-content\/uploads\/2015\/10\/Presi-Junta-da-diploma-a-presi-Rutas-150x150.jpg\" class=\"attachment-thumbnail size-thumbnail\" alt=\"\" decoding=\"async\" loading=\"lazy\" srcset=\"https:\/\/www.fundacionyuste.org\/wp-content\/uploads\/2015\/10\/Presi-Junta-da-diploma-a-presi-Rutas-150x150.jpg 150w, https:\/\/www.fundacionyuste.org\/wp-content\/uploads\/2015\/10\/Presi-Junta-da-diploma-a-presi-Rutas-36x36.jpg 36w, https:\/\/www.fundacionyuste.org\/wp-content\/uploads\/2015\/10\/Presi-Junta-da-diploma-a-presi-Rutas-45x45.jpg 45w\" sizes=\"(max-width: 150px) 100vw, 150px\" \/><\/a>\n\t\t\t<\/dt><\/dl><dl class='gallery-item'>\n\t\t\t<dt class='gallery-icon landscape'>\n\t\t\t\t<a href='https:\/\/www.fundacionyuste.org\/wp-content\/uploads\/2015\/10\/Principales-autoridades.jpg' title=\"\" data-rl_title=\"\" class=\"rl-gallery-link\" data-rl_caption=\"\" data-rel=\"lightbox-gallery-1\"><img width=\"150\" height=\"150\" src=\"https:\/\/www.fundacionyuste.org\/wp-content\/uploads\/2015\/10\/Principales-autoridades-150x150.jpg\" class=\"attachment-thumbnail size-thumbnail\" alt=\"\" decoding=\"async\" loading=\"lazy\" srcset=\"https:\/\/www.fundacionyuste.org\/wp-content\/uploads\/2015\/10\/Principales-autoridades-150x150.jpg 150w, https:\/\/www.fundacionyuste.org\/wp-content\/uploads\/2015\/10\/Principales-autoridades-36x36.jpg 36w, https:\/\/www.fundacionyuste.org\/wp-content\/uploads\/2015\/10\/Principales-autoridades-45x45.jpg 45w\" sizes=\"(max-width: 150px) 100vw, 150px\" \/><\/a>\n\t\t\t<\/dt><\/dl><br style=\"clear: both\" \/><dl class='gallery-item'>\n\t\t\t<dt class='gallery-icon landscape'>\n\t\t\t\t<a href='https:\/\/www.fundacionyuste.org\/wp-content\/uploads\/2015\/10\/Foto-autoridades.jpg' title=\"\" data-rl_title=\"\" class=\"rl-gallery-link\" data-rl_caption=\"\" data-rel=\"lightbox-gallery-1\"><img width=\"150\" height=\"150\" src=\"https:\/\/www.fundacionyuste.org\/wp-content\/uploads\/2015\/10\/Foto-autoridades-150x150.jpg\" class=\"attachment-thumbnail size-thumbnail\" alt=\"\" decoding=\"async\" loading=\"lazy\" srcset=\"https:\/\/www.fundacionyuste.org\/wp-content\/uploads\/2015\/10\/Foto-autoridades-150x150.jpg 150w, https:\/\/www.fundacionyuste.org\/wp-content\/uploads\/2015\/10\/Foto-autoridades-36x36.jpg 36w, https:\/\/www.fundacionyuste.org\/wp-content\/uploads\/2015\/10\/Foto-autoridades-45x45.jpg 45w\" sizes=\"(max-width: 150px) 100vw, 150px\" \/><\/a>\n\t\t\t<\/dt><\/dl><dl class='gallery-item'>\n\t\t\t<dt class='gallery-icon landscape'>\n\t\t\t\t<a href='https:\/\/www.fundacionyuste.org\/wp-content\/uploads\/2015\/10\/Panor\u00e1mica-de-la-iglesia.jpg' title=\"\" data-rl_title=\"\" class=\"rl-gallery-link\" data-rl_caption=\"\" data-rel=\"lightbox-gallery-1\"><img width=\"150\" height=\"150\" src=\"https:\/\/www.fundacionyuste.org\/wp-content\/uploads\/2015\/10\/Panor\u00e1mica-de-la-iglesia-150x150.jpg\" class=\"attachment-thumbnail size-thumbnail\" alt=\"\" decoding=\"async\" loading=\"lazy\" srcset=\"https:\/\/www.fundacionyuste.org\/wp-content\/uploads\/2015\/10\/Panor\u00e1mica-de-la-iglesia-150x150.jpg 150w, https:\/\/www.fundacionyuste.org\/wp-content\/uploads\/2015\/10\/Panor\u00e1mica-de-la-iglesia-36x36.jpg 36w, https:\/\/www.fundacionyuste.org\/wp-content\/uploads\/2015\/10\/Panor\u00e1mica-de-la-iglesia-45x45.jpg 45w\" sizes=\"(max-width: 150px) 100vw, 150px\" \/><\/a>\n\t\t\t<\/dt><\/dl>\n\t\t\t<br style='clear: both' \/>\n\t\t<\/div>\n\n<p>&nbsp;<\/p>\n<p>&nbsp;<\/p>\n<p>&nbsp;<\/p>\n","protected":false},"excerpt":{"rendered":"<p>Cooperation Network of European Routes of Emperor Charles V has received the Certificate of European Cultural Route from the Council of Europe. This mention has been delivered at the Royal Monastery of Yuste in an institutional event attended by various personalities.<\/p>\n","protected":false},"author":2,"featured_media":7800,"comment_status":"closed","ping_status":"closed","sticky":false,"template":"","format":"standard","meta":{"_et_pb_use_builder":"","_et_pb_old_content":"","_et_gb_content_width":"","_links_to":"","_links_to_target":""},"categories":[18,16,71],"tags":[],"_links":{"self":[{"href":"https:\/\/www.fundacionyuste.org\/en\/wp-json\/wp\/v2\/posts\/7803"}],"collection":[{"href":"https:\/\/www.fundacionyuste.org\/en\/wp-json\/wp\/v2\/posts"}],"about":[{"href":"https:\/\/www.fundacionyuste.org\/en\/wp-json\/wp\/v2\/types\/post"}],"author":[{"embeddable":true,"href":"https:\/\/www.fundacionyuste.org\/en\/wp-json\/wp\/v2\/users\/2"}],"replies":[{"embeddable":true,"href":"https:\/\/www.fundacionyuste.org\/en\/wp-json\/wp\/v2\/comments?post=7803"}],"version-history":[{"count":0,"href":"https:\/\/www.fundacionyuste.org\/en\/wp-json\/wp\/v2\/posts\/7803\/revisions"}],"wp:featuredmedia":[{"embeddable":true,"href":"https:\/\/www.fundacionyuste.org\/en\/wp-json\/wp\/v2\/media\/7800"}],"wp:attachment":[{"href":"https:\/\/www.fundacionyuste.org\/en\/wp-json\/wp\/v2\/media?parent=7803"}],"wp:term":[{"taxonomy":"category","embeddable":true,"href":"https:\/\/www.fundacionyuste.org\/en\/wp-json\/wp\/v2\/categories?post=7803"},{"taxonomy":"post_tag","embeddable":true,"href":"https:\/\/www.fundacionyuste.org\/en\/wp-json\/wp\/v2\/tags?post=7803"}],"curies":[{"name":"wp","href":"https:\/\/api.w.org\/{rel}","templated":true}]}}