{"id":9681,"date":"2017-02-28T12:05:26","date_gmt":"2017-02-28T12:05:26","guid":{"rendered":"https:\/\/www.fundacionyuste.org\/en\/?p=9681"},"modified":"2017-05-11T11:41:02","modified_gmt":"2017-05-11T11:41:02","slug":"the-8th-yuste-encounters-on-transition-event-opens-the-campus-yuste-programme-analysing-the-period-of-spains-integration-into-the-european-communities-and-other-internation","status":"publish","type":"post","link":"https:\/\/www.fundacionyuste.org\/en\/the-8th-yuste-encounters-on-transition-event-opens-the-campus-yuste-programme-analysing-the-period-of-spains-integration-into-the-european-communities-and-other-internation\/","title":{"rendered":"The \u201c8th Yuste Encounters on Transition\u201d event opens the Campus Yuste programme, analysing the period of Spain\u2019s integration into the European Communities and other international bodies"},"content":{"rendered":"<p>&nbsp;<\/p>\n<div id=\"attachment_8766\" style=\"width: 310px\" class=\"wp-caption alignleft\"><img decoding=\"async\" loading=\"lazy\" aria-describedby=\"caption-attachment-8766\" class=\"wp-image-8766 size-medium\" src=\"https:\/\/www.fundacionyuste.org\/wp-content\/uploads\/2016\/05\/acta_Spain_UE_1975-300x169.jpg\" alt=\"\u00a9 European Commission\" width=\"300\" height=\"169\" srcset=\"https:\/\/www.fundacionyuste.org\/wp-content\/uploads\/2016\/05\/acta_Spain_UE_1975-300x169.jpg 300w, https:\/\/www.fundacionyuste.org\/wp-content\/uploads\/2016\/05\/acta_Spain_UE_1975-768x432.jpg 768w, https:\/\/www.fundacionyuste.org\/wp-content\/uploads\/2016\/05\/acta_Spain_UE_1975-1024x576.jpg 1024w, https:\/\/www.fundacionyuste.org\/wp-content\/uploads\/2016\/05\/acta_Spain_UE_1975-133x75.jpg 133w, https:\/\/www.fundacionyuste.org\/wp-content\/uploads\/2016\/05\/acta_Spain_UE_1975-1080x608.jpg 1080w, https:\/\/www.fundacionyuste.org\/wp-content\/uploads\/2016\/05\/acta_Spain_UE_1975.jpg 1706w\" sizes=\"(max-width: 300px) 100vw, 300px\" \/><p id=\"caption-attachment-8766\" class=\"wp-caption-text\">\u00a9 European Commission<\/p><\/div>\n<p><em>The Encounters event will offer a multi-disciplinary perspective of current transitions in progress, mainly in Ibero-America, and experiences of transitions to democracy in light of new global challenges.<\/em><\/p>\n<p>The European Academy of Yuste Foundation is opening its programme of educational activities with the 8th edition of the \u201cTransition Encounters\u201d with the title \u201cThe lengthy process of European integration (1982-1996). The annual conference held at Yuste aims to take stock of how perceptions of the transition have changed over time to the present day in Spain, Europe, and the world. The course will take place from 30-31 March, with the first day being held at the Royal Monastery of Yuste and the second at the School of Philosophy and Letters at the University of Extremadura, at its C\u00e1ceres campus.<\/p>\n<p>The course will reflect on the decade of the 1980s being one of the most turbulent periods of Spain\u2019s recent history, and from there will analyse the period from a historical and multi-disciplinary perspective. Significant social, economic, cultural, and political milestones took place throughout these years, allowing the consolidation of the democratic process in Spain, which had just approved a new constitution. Some of these events were: growing tensions between the United States and the Soviet Union; the fall of the Berlin wall, and developments in the European Communities which were at the time turning their gaze towards the south. This last development is one of the main themes to be debated in the year commemorating 60 years since the signing of the Treaty of Rome, and 25 years since the signing of the Maastricht Treaty, or the Treaty on European Union.<\/p>\n<p>This will be the first year we will examine not only Spanish transition, but also current transitions in progress, paying particular attention to those in Ibero-America, and to how experiences of transitions to democracy can help us tackle the challenges of an increasingly uncertain future in light of major global challenges.<\/p>\n<p>The Encounters will also examine the process of Spain\u2019s membership to the Council of Europe 40 years ago, which was a key milestone for cultural development and the advancement of human rights in Spain.<\/p>\n<p>Speakers at the event include Anna Bosch, TVE journalist; Juan Carlos Rodr\u00edguez Ibarra, Ex-President of the Regional Government of Extremadura and member of the European Academy of Yuste Foundation; Pilar Barraca, from the Sub-Directorate General for the Protection of Historical Heritage for the Ministry of Education, Culture, and Sport; Alejandro Cercas, Ex-MEP; Susanne Gratius, researcher for the Foundation for International Relations and Foreign Dialogue (FRIDE), and\u00a0 University of Extremadura professors Enrique Moradiellos and Mario D\u00edaz Barrado, with the latter being in charge of managing the Encounters.<\/p>\n<p>There are a limited number of spaces available on the course, and places will be allocated to students on a first come, first served basis. It is free to register and you can sign up on the Foundation\u2019s website: www.fundacionyuste.org<\/p>\n<p>The \u201cTransition Encounters\u201d are organised by the European Academy of Yuste Foundation, the University of Extremadura and the King Juan Carlos University, with additional support from Histipres Research groups, CRINI y FRAMESPA, the Extremaduran Centre for Study and Cooperation with Ibero-America (CEXECI), the European Union\u2019s European Fund for Regional Development, the University of Nantes, the Federal University of Toulouse Midi-Pyr\u00e9n\u00e9es, the University of Almer\u00eda, National Heritage, and the Spanish Government\u2019s Ministry of Education, Culture, and Sport.<\/p>\n<p>&nbsp;<\/p>\n","protected":false},"excerpt":{"rendered":"<p>The European Academy of Yuste Foundation is opening its programme of educational activities with the 8th edition of the \u201cTransition Encounters\u201d with the title \u201cThe lengthy process of European integration (1982-1996). The annual conference held at Yuste aims to take stock of how perceptions of the transition have changed over time to the present day in Spain, Europe, and the world. <\/p>\n","protected":false},"author":2,"featured_media":8766,"comment_status":"closed","ping_status":"closed","sticky":false,"template":"","format":"standard","meta":{"_et_pb_use_builder":"","_et_pb_old_content":"","_et_gb_content_width":"","_links_to":"","_links_to_target":""},"categories":[60,18,71,68],"tags":[],"_links":{"self":[{"href":"https:\/\/www.fundacionyuste.org\/en\/wp-json\/wp\/v2\/posts\/9681"}],"collection":[{"href":"https:\/\/www.fundacionyuste.org\/en\/wp-json\/wp\/v2\/posts"}],"about":[{"href":"https:\/\/www.fundacionyuste.org\/en\/wp-json\/wp\/v2\/types\/post"}],"author":[{"embeddable":true,"href":"https:\/\/www.fundacionyuste.org\/en\/wp-json\/wp\/v2\/users\/2"}],"replies":[{"embeddable":true,"href":"https:\/\/www.fundacionyuste.org\/en\/wp-json\/wp\/v2\/comments?post=9681"}],"version-history":[{"count":0,"href":"https:\/\/www.fundacionyuste.org\/en\/wp-json\/wp\/v2\/posts\/9681\/revisions"}],"wp:featuredmedia":[{"embeddable":true,"href":"https:\/\/www.fundacionyuste.org\/en\/wp-json\/wp\/v2\/media\/8766"}],"wp:attachment":[{"href":"https:\/\/www.fundacionyuste.org\/en\/wp-json\/wp\/v2\/media?parent=9681"}],"wp:term":[{"taxonomy":"category","embeddable":true,"href":"https:\/\/www.fundacionyuste.org\/en\/wp-json\/wp\/v2\/categories?post=9681"},{"taxonomy":"post_tag","embeddable":true,"href":"https:\/\/www.fundacionyuste.org\/en\/wp-json\/wp\/v2\/tags?post=9681"}],"curies":[{"name":"wp","href":"https:\/\/api.w.org\/{rel}","templated":true}]}}