{"id":9903,"date":"2017-05-11T11:16:20","date_gmt":"2017-05-11T11:16:20","guid":{"rendered":"https:\/\/www.fundacionyuste.org\/en\/?p=9903"},"modified":"2017-06-14T09:18:28","modified_gmt":"2017-06-14T09:18:28","slug":"yuste-champions-a-renewal-and-examination-of-the-european-project","status":"publish","type":"post","link":"https:\/\/www.fundacionyuste.org\/en\/yuste-champions-a-renewal-and-examination-of-the-european-project\/","title":{"rendered":"Yuste champions a renewal and examination of the European project"},"content":{"rendered":"<p>&nbsp;<\/p>\n<p><img decoding=\"async\" loading=\"lazy\" class=\"alignleft wp-image-9876 size-medium\" src=\"https:\/\/www.fundacionyuste.org\/wp-content\/uploads\/2016\/05\/marcelinoyuste2017-300x170.jpg\" alt=\"marcelinoyuste2017\" width=\"300\" height=\"170\" srcset=\"https:\/\/www.fundacionyuste.org\/wp-content\/uploads\/2016\/05\/marcelinoyuste2017-300x170.jpg 300w, https:\/\/www.fundacionyuste.org\/wp-content\/uploads\/2016\/05\/marcelinoyuste2017-768x434.jpg 768w, https:\/\/www.fundacionyuste.org\/wp-content\/uploads\/2016\/05\/marcelinoyuste2017-1024x579.jpg 1024w, https:\/\/www.fundacionyuste.org\/wp-content\/uploads\/2016\/05\/marcelinoyuste2017-133x75.jpg 133w, https:\/\/www.fundacionyuste.org\/wp-content\/uploads\/2016\/05\/marcelinoyuste2017-1080x610.jpg 1080w\" sizes=\"(max-width: 300px) 100vw, 300px\" \/>The European Academy of Yuste Foundation presented the Carlos V European Award to former Minister for Foreign Affairs and ex-MEP Marcelino Oreja, in a formal ceremony presided over by Felipe VI. As from this year, the award ceremony will be held annually on 9 May to coincide with Europe Day.<\/p>\n<p>King Felipe VI showed his support for building trust in the European project, \u201cimproving and renewing it in an intelligent manner\u201d, in order to maintain its position as a \u201creference for freedom and progress\u201d. 67 years after Robert Schuman\u2019s historic speech on 9th May, to be celebrated every year, King Felipe praised the fact that \u201cSpain is one of the countries where the notion of feeling European is felt most strongly among its citizens\u201d.<\/p>\n<p>He sees the European Academy of Yuste Foundation\u2019s annual presentation of the Carlos V European Award as a renewal of this commitment, something that will now coincide with Europe Day, from Extremadura and Spain, \u201cwith the Crown\u2019s full support\u201d, and he congratulated the Foundation on its 25th anniversary.<\/p>\n<p>He also recalled how Spain, along with Portugal, has the additional responsibility of facilitating, supporting, and encouraging relations between the European Union (EU) and Ibero-America, and said how fitting the Foundation\u2019s forthcoming conversion to the European and Ibero-American Yuste Foundation was.<\/p>\n<p>The President of the Regional Government of Extremadura and President of the European Academy of Yuste Foundation Board of Trustees, Guillermo Fern\u00e1ndez Vara, also took part in the ceremony. He has contributed to democratic culture and European awareness being an essential component of our policies and projects, in order to attain true progress and well-being through mutual understanding and harmony between nations.<\/p>\n<p>To do so, he has appealed for commitment and responsibility, as politicians and human beings, and has highlighted the importance of investing in communications through advocates who can get close to people and businesses, \u201cespecially in the railways, which are so important in countries such as ours\u201d.<\/p>\n<p>The President of the European Parliament, Antonio Tajani, also took part, who on the 60 anniversary of the signing of the Treaty of Rome, reminded us that \u201cthe European Union is a project for the future\u201d which, in his opinion, includes working towards \u201cEurope being safer, more prosperous, more social, and stronger on the world stage\u201d. To do this, he suggested key points such as coordinating ourselves in the fight against terrorism, joint working at foreign borders and providing shelter with the firm application of the law, among others.<\/p>\n<p>In the same vein, prize-winner Marcelino Oreja supported \u201cdefending peace at any cost, guaranteeing unity and domestic cohesion and encouraging a bigger and better Europe as a unique alternative in the face of inward-looking and divisive risks\u201d. He has recently shown his support for \u201cupdating the European project\u201d which, from his point of view, involves reinforcing the European Union\u2019s social pillar, uniting in defence, calling for globalisation, and moving the European project forward to a different rhythm, from respect to the principle of subsidiarity.<\/p>\n<p>Representing the European Yuste Alumni Network, made up of recipients of Carlos V Award European Research and Mobility Grants for European Study, Delia Manzanero, professor at King Juan Carlos University in Madrid also gave a speech. Manzanero made her case for the power education has to conserve a sense of belonging to Europe as the best way of guaranteeing prosperity and shared European destiny, and preventing a new European civil war.<\/p>\n<p>The Carlos V European Award ceremony organised by the European Academy of Yuste Foundation has institutional backing from the European Parliament, the support of the Regional Government of Extremadura, and collaboration from Extremadura Avante and Canal Extremadura.<\/p>\n<p>Attending the ceremony were Rebeca Grynspan, Iberoamerican Secretary General; \u00cd\u00f1igo M\u00e9ndez de Vigo y Montojo, Minister of Education, Sports and Culture, and government representative; and Alfonso Mar\u00eda Dastis Quecedo, Minister for Foreign Affairs and Cooperation, among others. With the Carlos V European Award the European Academy of Yuste Foundation aims to give recognition to people who stand out for their commitment to the process of European Union construction or their contribution to the enhancement of Europe\u2019s cultural, social, scientific, and historical values. In this way, the Carlos V European Award represents the spirit of the construction of a united Europe.<\/p>\n<p>&nbsp;<\/p>\n","protected":false},"excerpt":{"rendered":"<p>The European Academy of Yuste Foundation presented the Carlos V European Award to former Minister for Foreign Affairs and ex-MEP Marcelino Oreja, in a formal ceremony presided over by Felipe VI. As from this year, the award ceremony will be held annually on 9 May to coincide with Europe Day.<\/p>\n","protected":false},"author":2,"featured_media":9876,"comment_status":"closed","ping_status":"closed","sticky":false,"template":"","format":"standard","meta":{"_et_pb_use_builder":"","_et_pb_old_content":"","_et_gb_content_width":"","_links_to":"","_links_to_target":""},"categories":[18,71],"tags":[],"_links":{"self":[{"href":"https:\/\/www.fundacionyuste.org\/en\/wp-json\/wp\/v2\/posts\/9903"}],"collection":[{"href":"https:\/\/www.fundacionyuste.org\/en\/wp-json\/wp\/v2\/posts"}],"about":[{"href":"https:\/\/www.fundacionyuste.org\/en\/wp-json\/wp\/v2\/types\/post"}],"author":[{"embeddable":true,"href":"https:\/\/www.fundacionyuste.org\/en\/wp-json\/wp\/v2\/users\/2"}],"replies":[{"embeddable":true,"href":"https:\/\/www.fundacionyuste.org\/en\/wp-json\/wp\/v2\/comments?post=9903"}],"version-history":[{"count":0,"href":"https:\/\/www.fundacionyuste.org\/en\/wp-json\/wp\/v2\/posts\/9903\/revisions"}],"wp:featuredmedia":[{"embeddable":true,"href":"https:\/\/www.fundacionyuste.org\/en\/wp-json\/wp\/v2\/media\/9876"}],"wp:attachment":[{"href":"https:\/\/www.fundacionyuste.org\/en\/wp-json\/wp\/v2\/media?parent=9903"}],"wp:term":[{"taxonomy":"category","embeddable":true,"href":"https:\/\/www.fundacionyuste.org\/en\/wp-json\/wp\/v2\/categories?post=9903"},{"taxonomy":"post_tag","embeddable":true,"href":"https:\/\/www.fundacionyuste.org\/en\/wp-json\/wp\/v2\/tags?post=9903"}],"curies":[{"name":"wp","href":"https:\/\/api.w.org\/{rel}","templated":true}]}}